{"id":4768,"date":"2025-09-26T14:23:42","date_gmt":"2025-09-26T14:23:42","guid":{"rendered":"https:\/\/www.aridane.org\/city\/?p=4768"},"modified":"2025-10-02T14:24:17","modified_gmt":"2025-10-02T14:24:17","slug":"los-llanos-de-aridane-da-luz-verde-a-la-oferta-de-dos-nuevas-plazas-de-policia-local","status":"publish","type":"post","link":"https:\/\/www.aridane.org\/city\/2025\/09\/26\/los-llanos-de-aridane-da-luz-verde-a-la-oferta-de-dos-nuevas-plazas-de-policia-local\/","title":{"rendered":"Los Llanos de Aridane da luz verde a la oferta de dos nuevas plazas de Polic\u00eda Local"},"content":{"rendered":"<p><em>La medida se aprueba tras un proceso de negociaci\u00f3n con las organizaciones sindicales m\u00e1s representativas<\/em><!--more--><\/p>\n<div id=\"v1forwardbody1\">\n<p>El Ayuntamiento de Los Llanos de Aridane aprueba la Oferta de Empleo P\u00fablico (OEP) para el ejercicio 2025, que contempla la incorporaci\u00f3n de dos plazas de Polic\u00eda Local mediante oposici\u00f3n libre.<\/p>\n<p>El alcalde, Javier Llamas, explica que la aprobaci\u00f3n de esta Oferta de Empleo P\u00fablico refuerza el compromiso de la corporaci\u00f3n con la seguridad ciudadana y garantiza que Los Llanos de Aridane cuente con una Polic\u00eda Local dimensionada a las necesidades del municipio.<\/p>\n<p>\u201cIncorporar nuevos efectivos significa ofrecer un mejor servicio a nuestros vecinos y vecinas, reforzando la cercan\u00eda y la atenci\u00f3n en todos los barrios\u201d, se\u00f1ala.<\/p>\n<p>Por su parte, la concejala de Recursos Humanos, Teresa Acosta, se\u00f1ala que la oferta se aprueba tras un proceso de negociaci\u00f3n con las organizaciones sindicales m\u00e1s representativas y supone un paso m\u00e1s en la consolidaci\u00f3n de la plantilla municipal.<\/p>\n<p>\u201cNuestro objetivo es planificar con responsabilidad el relevo generacional y asegurar la estabilidad de los servicios p\u00fablicos en el futuro inmediato\u201d, agrega.<\/p>\n<p>La Oferta de Empleo P\u00fablico se aprueba tras haberse registrado bajas en la plantilla durante el ejercicio anterior y quedar\u00e1 condicionada a su incorporaci\u00f3n en el presupuesto municipal de 2026. Una vez convocado el proceso selectivo, los aspirantes podr\u00e1n concurrir en igualdad de condiciones. La medida est\u00e1 publicada en la sede electr\u00f3nica municipal y en el Bolet\u00edn Oficial de la Provincia de Santa Cruz de Tenerife este mi\u00e9rcoles, 24 de septiembre.<\/p>\n<\/div>\n","protected":false},"excerpt":{"rendered":"<p>La medida se aprueba tras un proceso de negociaci\u00f3n con las organizaciones sindicales m\u00e1s representativas<\/p>\n","protected":false},"author":4,"featured_media":4117,"comment_status":"open","ping_status":"open","sticky":false,"template":"","format":"standard","meta":{"footnotes":""},"categories":[1],"tags":[],"class_list":["post-4768","post","type-post","status-publish","format-standard","has-post-thumbnail","hentry","category-sin-categoria"],"yoast_head":"<!-- This site is optimized with the Yoast SEO plugin v22.7 - https:\/\/yoast.com\/wordpress\/plugins\/seo\/ -->\n<title>Los Llanos de Aridane da luz verde a la oferta de dos nuevas plazas de Polic\u00eda Local - Ayuntamiento de Los Llanos de Aridane<\/title>\n<meta name=\"robots\" content=\"index, follow, max-snippet:-1, max-image-preview:large, max-video-preview:-1\" \/>\n<link rel=\"canonical\" href=\"https:\/\/www.aridane.org\/city\/2025\/09\/26\/los-llanos-de-aridane-da-luz-verde-a-la-oferta-de-dos-nuevas-plazas-de-policia-local\/\" \/>\n<meta property=\"og:locale\" content=\"es_ES\" \/>\n<meta property=\"og:type\" content=\"article\" \/>\n<meta property=\"og:title\" content=\"Los Llanos de Aridane da luz verde a la oferta de dos nuevas plazas de Polic\u00eda Local - Ayuntamiento de Los Llanos de Aridane\" \/>\n<meta property=\"og:description\" content=\"La medida se aprueba tras un proceso de negociaci\u00f3n con las organizaciones sindicales m\u00e1s representativas\" \/>\n<meta property=\"og:url\" content=\"https:\/\/www.aridane.org\/city\/2025\/09\/26\/los-llanos-de-aridane-da-luz-verde-a-la-oferta-de-dos-nuevas-plazas-de-policia-local\/\" \/>\n<meta property=\"og:site_name\" content=\"Ayuntamiento de Los Llanos de Aridane\" \/>\n<meta property=\"article:published_time\" content=\"2025-09-26T14:23:42+00:00\" \/>\n<meta property=\"article:modified_time\" content=\"2025-10-02T14:24:17+00:00\" \/>\n<meta property=\"og:image\" content=\"https:\/\/www.aridane.org\/city\/wp-content\/uploads\/2024\/10\/Ayuntamiento-de-Los-Llanos-de-Aridane.png\" \/>\n\t<meta property=\"og:image:width\" content=\"1200\" \/>\n\t<meta property=\"og:image:height\" content=\"675\" \/>\n\t<meta property=\"og:image:type\" content=\"image\/png\" \/>\n<meta name=\"author\" content=\"Corresponsal\" \/>\n<meta name=\"twitter:card\" content=\"summary_large_image\" \/>\n<meta name=\"twitter:label1\" content=\"Escrito por\" \/>\n\t<meta name=\"twitter:data1\" content=\"Corresponsal\" \/>\n\t<meta name=\"twitter:label2\" content=\"Tiempo de lectura\" \/>\n\t<meta name=\"twitter:data2\" content=\"2 minutos\" \/>\n<script type=\"application\/ld+json\" class=\"yoast-schema-graph\">{\"@context\":\"https:\/\/schema.org\",\"@graph\":[{\"@type\":\"WebPage\",\"@id\":\"https:\/\/www.aridane.org\/city\/2025\/09\/26\/los-llanos-de-aridane-da-luz-verde-a-la-oferta-de-dos-nuevas-plazas-de-policia-local\/\",\"url\":\"https:\/\/www.aridane.org\/city\/2025\/09\/26\/los-llanos-de-aridane-da-luz-verde-a-la-oferta-de-dos-nuevas-plazas-de-policia-local\/\",\"name\":\"Los Llanos de Aridane da luz verde a la oferta de dos nuevas plazas de Polic\u00eda Local - Ayuntamiento de Los Llanos de Aridane\",\"isPartOf\":{\"@id\":\"https:\/\/www.aridane.org\/city\/#website\"},\"primaryImageOfPage\":{\"@id\":\"https:\/\/www.aridane.org\/city\/2025\/09\/26\/los-llanos-de-aridane-da-luz-verde-a-la-oferta-de-dos-nuevas-plazas-de-policia-local\/#primaryimage\"},\"image\":{\"@id\":\"https:\/\/www.aridane.org\/city\/2025\/09\/26\/los-llanos-de-aridane-da-luz-verde-a-la-oferta-de-dos-nuevas-plazas-de-policia-local\/#primaryimage\"},\"thumbnailUrl\":\"https:\/\/www.aridane.org\/city\/wp-content\/uploads\/2024\/10\/Ayuntamiento-de-Los-Llanos-de-Aridane.png\",\"datePublished\":\"2025-09-26T14:23:42+00:00\",\"dateModified\":\"2025-10-02T14:24:17+00:00\",\"author\":{\"@id\":\"https:\/\/www.aridane.org\/city\/#\/schema\/person\/89ebd376b223dc94cc1dbcf200c8e6da\"},\"breadcrumb\":{\"@id\":\"https:\/\/www.aridane.org\/city\/2025\/09\/26\/los-llanos-de-aridane-da-luz-verde-a-la-oferta-de-dos-nuevas-plazas-de-policia-local\/#breadcrumb\"},\"inLanguage\":\"es\",\"potentialAction\":[{\"@type\":\"ReadAction\",\"target\":[\"https:\/\/www.aridane.org\/city\/2025\/09\/26\/los-llanos-de-aridane-da-luz-verde-a-la-oferta-de-dos-nuevas-plazas-de-policia-local\/\"]}]},{\"@type\":\"ImageObject\",\"inLanguage\":\"es\",\"@id\":\"https:\/\/www.aridane.org\/city\/2025\/09\/26\/los-llanos-de-aridane-da-luz-verde-a-la-oferta-de-dos-nuevas-plazas-de-policia-local\/#primaryimage\",\"url\":\"https:\/\/www.aridane.org\/city\/wp-content\/uploads\/2024\/10\/Ayuntamiento-de-Los-Llanos-de-Aridane.png\",\"contentUrl\":\"https:\/\/www.aridane.org\/city\/wp-content\/uploads\/2024\/10\/Ayuntamiento-de-Los-Llanos-de-Aridane.png\",\"width\":1200,\"height\":675},{\"@type\":\"BreadcrumbList\",\"@id\":\"https:\/\/www.aridane.org\/city\/2025\/09\/26\/los-llanos-de-aridane-da-luz-verde-a-la-oferta-de-dos-nuevas-plazas-de-policia-local\/#breadcrumb\",\"itemListElement\":[{\"@type\":\"ListItem\",\"position\":1,\"name\":\"Portada\",\"item\":\"https:\/\/www.aridane.org\/city\/\"},{\"@type\":\"ListItem\",\"position\":2,\"name\":\"Los Llanos de Aridane da luz verde a la oferta de dos nuevas plazas de Polic\u00eda Local\"}]},{\"@type\":\"WebSite\",\"@id\":\"https:\/\/www.aridane.org\/city\/#website\",\"url\":\"https:\/\/www.aridane.org\/city\/\",\"name\":\"Ayuntamiento de Los Llanos de Aridane\",\"description\":\"\",\"potentialAction\":[{\"@type\":\"SearchAction\",\"target\":{\"@type\":\"EntryPoint\",\"urlTemplate\":\"https:\/\/www.aridane.org\/city\/?s={search_term_string}\"},\"query-input\":\"required name=search_term_string\"}],\"inLanguage\":\"es\"},{\"@type\":\"Person\",\"@id\":\"https:\/\/www.aridane.org\/city\/#\/schema\/person\/89ebd376b223dc94cc1dbcf200c8e6da\",\"name\":\"Corresponsal\",\"image\":{\"@type\":\"ImageObject\",\"inLanguage\":\"es\",\"@id\":\"https:\/\/www.aridane.org\/city\/#\/schema\/person\/image\/\",\"url\":\"https:\/\/secure.gravatar.com\/avatar\/1c476992411e4ccf153da63b2b2f5ea0bb4cb1c85f3ceab8512f04325ad5579c?s=96&d=mm&r=g\",\"contentUrl\":\"https:\/\/secure.gravatar.com\/avatar\/1c476992411e4ccf153da63b2b2f5ea0bb4cb1c85f3ceab8512f04325ad5579c?s=96&d=mm&r=g\",\"caption\":\"Corresponsal\"},\"url\":\"https:\/\/www.aridane.org\/city\/author\/corresponsal\/\"}]}<\/script>\n<!-- \/ Yoast SEO plugin. -->","yoast_head_json":{"title":"Los Llanos de Aridane da luz verde a la oferta de dos nuevas plazas de Polic\u00eda Local - Ayuntamiento de Los Llanos de Aridane","robots":{"index":"index","follow":"follow","max-snippet":"max-snippet:-1","max-image-preview":"max-image-preview:large","max-video-preview":"max-video-preview:-1"},"canonical":"https:\/\/www.aridane.org\/city\/2025\/09\/26\/los-llanos-de-aridane-da-luz-verde-a-la-oferta-de-dos-nuevas-plazas-de-policia-local\/","og_locale":"es_ES","og_type":"article","og_title":"Los Llanos de Aridane da luz verde a la oferta de dos nuevas plazas de Polic\u00eda Local - Ayuntamiento de Los Llanos de Aridane","og_description":"La medida se aprueba tras un proceso de negociaci\u00f3n con las organizaciones sindicales m\u00e1s representativas","og_url":"https:\/\/www.aridane.org\/city\/2025\/09\/26\/los-llanos-de-aridane-da-luz-verde-a-la-oferta-de-dos-nuevas-plazas-de-policia-local\/","og_site_name":"Ayuntamiento de Los Llanos de Aridane","article_published_time":"2025-09-26T14:23:42+00:00","article_modified_time":"2025-10-02T14:24:17+00:00","og_image":[{"width":1200,"height":675,"url":"https:\/\/www.aridane.org\/city\/wp-content\/uploads\/2024\/10\/Ayuntamiento-de-Los-Llanos-de-Aridane.png","type":"image\/png"}],"author":"Corresponsal","twitter_card":"summary_large_image","twitter_misc":{"Escrito por":"Corresponsal","Tiempo de lectura":"2 minutos"},"schema":{"@context":"https:\/\/schema.org","@graph":[{"@type":"WebPage","@id":"https:\/\/www.aridane.org\/city\/2025\/09\/26\/los-llanos-de-aridane-da-luz-verde-a-la-oferta-de-dos-nuevas-plazas-de-policia-local\/","url":"https:\/\/www.aridane.org\/city\/2025\/09\/26\/los-llanos-de-aridane-da-luz-verde-a-la-oferta-de-dos-nuevas-plazas-de-policia-local\/","name":"Los Llanos de Aridane da luz verde a la oferta de dos nuevas plazas de Polic\u00eda Local - Ayuntamiento de Los Llanos de Aridane","isPartOf":{"@id":"https:\/\/www.aridane.org\/city\/#website"},"primaryImageOfPage":{"@id":"https:\/\/www.aridane.org\/city\/2025\/09\/26\/los-llanos-de-aridane-da-luz-verde-a-la-oferta-de-dos-nuevas-plazas-de-policia-local\/#primaryimage"},"image":{"@id":"https:\/\/www.aridane.org\/city\/2025\/09\/26\/los-llanos-de-aridane-da-luz-verde-a-la-oferta-de-dos-nuevas-plazas-de-policia-local\/#primaryimage"},"thumbnailUrl":"https:\/\/www.aridane.org\/city\/wp-content\/uploads\/2024\/10\/Ayuntamiento-de-Los-Llanos-de-Aridane.png","datePublished":"2025-09-26T14:23:42+00:00","dateModified":"2025-10-02T14:24:17+00:00","author":{"@id":"https:\/\/www.aridane.org\/city\/#\/schema\/person\/89ebd376b223dc94cc1dbcf200c8e6da"},"breadcrumb":{"@id":"https:\/\/www.aridane.org\/city\/2025\/09\/26\/los-llanos-de-aridane-da-luz-verde-a-la-oferta-de-dos-nuevas-plazas-de-policia-local\/#breadcrumb"},"inLanguage":"es","potentialAction":[{"@type":"ReadAction","target":["https:\/\/www.aridane.org\/city\/2025\/09\/26\/los-llanos-de-aridane-da-luz-verde-a-la-oferta-de-dos-nuevas-plazas-de-policia-local\/"]}]},{"@type":"ImageObject","inLanguage":"es","@id":"https:\/\/www.aridane.org\/city\/2025\/09\/26\/los-llanos-de-aridane-da-luz-verde-a-la-oferta-de-dos-nuevas-plazas-de-policia-local\/#primaryimage","url":"https:\/\/www.aridane.org\/city\/wp-content\/uploads\/2024\/10\/Ayuntamiento-de-Los-Llanos-de-Aridane.png","contentUrl":"https:\/\/www.aridane.org\/city\/wp-content\/uploads\/2024\/10\/Ayuntamiento-de-Los-Llanos-de-Aridane.png","width":1200,"height":675},{"@type":"BreadcrumbList","@id":"https:\/\/www.aridane.org\/city\/2025\/09\/26\/los-llanos-de-aridane-da-luz-verde-a-la-oferta-de-dos-nuevas-plazas-de-policia-local\/#breadcrumb","itemListElement":[{"@type":"ListItem","position":1,"name":"Portada","item":"https:\/\/www.aridane.org\/city\/"},{"@type":"ListItem","position":2,"name":"Los Llanos de Aridane da luz verde a la oferta de dos nuevas plazas de Polic\u00eda Local"}]},{"@type":"WebSite","@id":"https:\/\/www.aridane.org\/city\/#website","url":"https:\/\/www.aridane.org\/city\/","name":"Ayuntamiento de Los Llanos de Aridane","description":"","potentialAction":[{"@type":"SearchAction","target":{"@type":"EntryPoint","urlTemplate":"https:\/\/www.aridane.org\/city\/?s={search_term_string}"},"query-input":"required name=search_term_string"}],"inLanguage":"es"},{"@type":"Person","@id":"https:\/\/www.aridane.org\/city\/#\/schema\/person\/89ebd376b223dc94cc1dbcf200c8e6da","name":"Corresponsal","image":{"@type":"ImageObject","inLanguage":"es","@id":"https:\/\/www.aridane.org\/city\/#\/schema\/person\/image\/","url":"https:\/\/secure.gravatar.com\/avatar\/1c476992411e4ccf153da63b2b2f5ea0bb4cb1c85f3ceab8512f04325ad5579c?s=96&d=mm&r=g","contentUrl":"https:\/\/secure.gravatar.com\/avatar\/1c476992411e4ccf153da63b2b2f5ea0bb4cb1c85f3ceab8512f04325ad5579c?s=96&d=mm&r=g","caption":"Corresponsal"},"url":"https:\/\/www.aridane.org\/city\/author\/corresponsal\/"}]}},"_links":{"self":[{"href":"https:\/\/www.aridane.org\/city\/wp-json\/wp\/v2\/posts\/4768","targetHints":{"allow":["GET"]}}],"collection":[{"href":"https:\/\/www.aridane.org\/city\/wp-json\/wp\/v2\/posts"}],"about":[{"href":"https:\/\/www.aridane.org\/city\/wp-json\/wp\/v2\/types\/post"}],"author":[{"embeddable":true,"href":"https:\/\/www.aridane.org\/city\/wp-json\/wp\/v2\/users\/4"}],"replies":[{"embeddable":true,"href":"https:\/\/www.aridane.org\/city\/wp-json\/wp\/v2\/comments?post=4768"}],"version-history":[{"count":1,"href":"https:\/\/www.aridane.org\/city\/wp-json\/wp\/v2\/posts\/4768\/revisions"}],"predecessor-version":[{"id":4769,"href":"https:\/\/www.aridane.org\/city\/wp-json\/wp\/v2\/posts\/4768\/revisions\/4769"}],"wp:featuredmedia":[{"embeddable":true,"href":"https:\/\/www.aridane.org\/city\/wp-json\/wp\/v2\/media\/4117"}],"wp:attachment":[{"href":"https:\/\/www.aridane.org\/city\/wp-json\/wp\/v2\/media?parent=4768"}],"wp:term":[{"taxonomy":"category","embeddable":true,"href":"https:\/\/www.aridane.org\/city\/wp-json\/wp\/v2\/categories?post=4768"},{"taxonomy":"post_tag","embeddable":true,"href":"https:\/\/www.aridane.org\/city\/wp-json\/wp\/v2\/tags?post=4768"}],"curies":[{"name":"wp","href":"https:\/\/api.w.org\/{rel}","templated":true}]}}