{"id":4770,"date":"2025-09-25T14:24:24","date_gmt":"2025-09-25T14:24:24","guid":{"rendered":"https:\/\/www.aridane.org\/city\/?p=4770"},"modified":"2025-10-02T14:25:47","modified_gmt":"2025-10-02T14:25:47","slug":"los-llanos-de-aridane-une-emprendimiento-y-educacion-en-el-emprendefest","status":"publish","type":"post","link":"https:\/\/www.aridane.org\/city\/2025\/09\/25\/los-llanos-de-aridane-une-emprendimiento-y-educacion-en-el-emprendefest\/","title":{"rendered":"Los Llanos de Aridane une emprendimiento y educaci\u00f3n en el EmprendeFEST"},"content":{"rendered":"<p><em>Con el lema \u201cAcepta el reto, crea el cambio\u201d, la plaza de Triana ser\u00e1 el escenario el pr\u00f3ximo 3 de octubre de esta feria itinerante dedicada al emprendimiento<\/em><!--more--><\/p>\n<div id=\"v1forwardbody1\">\n<p>El Ayuntamiento de Los Llanos de Aridane une emprendimiento y educaci\u00f3n en la segunda edici\u00f3n de EmprendeFEST, una feria itinerante que se celebra en la plaza de Triana el pr\u00f3ximo viernes 3 de octubre, con el objetivo de acercar al alumnado al mundo laboral y fomentar el emprendimiento como opci\u00f3n de futuro.<\/p>\n<p>La concejala de Comercio, Ver\u00f3nica Gonz\u00e1lez, destaca la importancia de que la juventud del municipio tome conciencia y defina sus planes de vida. La edil subraya que este evento permite al alumnado conocer de primera mano c\u00f3mo ser\u00e1 su incorporaci\u00f3n al mercado laboral una vez finalizados sus estudios, descubriendo por s\u00ed mismos sus posibilidades y preferencias.<\/p>\n<p>Asimismo, Gonz\u00e1lez recuerda que esta feria tambi\u00e9n resulta enriquecedora para las entidades participantes, ya que supone una oportunidad de captar futuros talentos en distintos \u00e1mbitos profesionales.<\/p>\n<p>EmprendeFEST, que este a\u00f1o lleva como lema \u201cAcepta el reto, crea el cambio\u201d conecta al alumnado con el mundo laboral a trav\u00e9s de retos reales del sector comercial, explorando sus capacidades y motivaciones en un entorno pr\u00e1ctico.<\/p>\n<p>Los j\u00f3venes de los centros educativos de Los Llanos de Aridane pondr\u00e1n a prueba su creatividad, trabajo en equipo y capacidad de decisi\u00f3n, contribuyendo activamente al desarrollo econ\u00f3mico de su comunidad.<\/p>\n<h2><strong>CaixaBank y la C\u00e1mara de Comercio, colaboradoras<\/strong><\/h2>\n<p>La delegaci\u00f3n palmera de la C\u00e1mara de Comercio de Santa Cruz de Tenerife se suma nuevamente a esta iniciativa, reforzando su compromiso con el emprendimiento y el desarrollo empresarial en la isla. Para ello, pone a disposici\u00f3n su cat\u00e1logo de servicios, orientados tanto a la captaci\u00f3n de proyectos como al impulso del tejido empresarial.<\/p>\n<p>Por su parte, CaixaBank repite como colaborador y patrocinador del evento, con la finalidad de fortalecer el esp\u00edritu emprendedor en la juventud. Adem\u00e1s de su aportaci\u00f3n econ\u00f3mica, la entidad mantiene su apoyo activo a emprendedores locales mediante orientaci\u00f3n y asesoramiento, con el prop\u00f3sito de impulsar iniciativas que contribuyan a dinamizar el sector comercial.<\/p>\n<\/div>\n","protected":false},"excerpt":{"rendered":"<p>Con el lema \u201cAcepta el reto, crea el cambio\u201d, la plaza de Triana ser\u00e1 el escenario el pr\u00f3ximo 3 de octubre de esta feria itinerante dedicada al emprendimiento<\/p>\n","protected":false},"author":4,"featured_media":4771,"comment_status":"open","ping_status":"open","sticky":false,"template":"","format":"standard","meta":{"footnotes":""},"categories":[1],"tags":[],"class_list":["post-4770","post","type-post","status-publish","format-standard","has-post-thumbnail","hentry","category-sin-categoria"],"yoast_head":"<!-- This site is optimized with the Yoast SEO plugin v22.7 - https:\/\/yoast.com\/wordpress\/plugins\/seo\/ -->\n<title>Los Llanos de Aridane une emprendimiento y educaci\u00f3n en el EmprendeFEST - Ayuntamiento de Los Llanos de Aridane<\/title>\n<meta name=\"robots\" content=\"index, follow, max-snippet:-1, max-image-preview:large, max-video-preview:-1\" \/>\n<link rel=\"canonical\" href=\"https:\/\/www.aridane.org\/city\/2025\/09\/25\/los-llanos-de-aridane-une-emprendimiento-y-educacion-en-el-emprendefest\/\" \/>\n<meta property=\"og:locale\" content=\"es_ES\" \/>\n<meta property=\"og:type\" content=\"article\" \/>\n<meta property=\"og:title\" content=\"Los Llanos de Aridane une emprendimiento y educaci\u00f3n en el EmprendeFEST - Ayuntamiento de Los Llanos de Aridane\" \/>\n<meta property=\"og:description\" content=\"Con el lema \u201cAcepta el reto, crea el cambio\u201d, la plaza de Triana ser\u00e1 el escenario el pr\u00f3ximo 3 de octubre de esta feria itinerante dedicada al emprendimiento\" \/>\n<meta property=\"og:url\" content=\"https:\/\/www.aridane.org\/city\/2025\/09\/25\/los-llanos-de-aridane-une-emprendimiento-y-educacion-en-el-emprendefest\/\" \/>\n<meta property=\"og:site_name\" content=\"Ayuntamiento de Los Llanos de Aridane\" \/>\n<meta property=\"article:published_time\" content=\"2025-09-25T14:24:24+00:00\" \/>\n<meta property=\"article:modified_time\" content=\"2025-10-02T14:25:47+00:00\" \/>\n<meta property=\"og:image\" content=\"https:\/\/www.aridane.org\/city\/wp-content\/uploads\/2025\/10\/Emprendefest.jpeg\" \/>\n\t<meta property=\"og:image:width\" content=\"2000\" \/>\n\t<meta property=\"og:image:height\" content=\"1500\" \/>\n\t<meta property=\"og:image:type\" content=\"image\/jpeg\" \/>\n<meta name=\"author\" content=\"Corresponsal\" \/>\n<meta name=\"twitter:card\" content=\"summary_large_image\" \/>\n<meta name=\"twitter:label1\" content=\"Escrito por\" \/>\n\t<meta name=\"twitter:data1\" content=\"Corresponsal\" \/>\n\t<meta name=\"twitter:label2\" content=\"Tiempo de lectura\" \/>\n\t<meta name=\"twitter:data2\" content=\"2 minutos\" \/>\n<script type=\"application\/ld+json\" class=\"yoast-schema-graph\">{\"@context\":\"https:\/\/schema.org\",\"@graph\":[{\"@type\":\"WebPage\",\"@id\":\"https:\/\/www.aridane.org\/city\/2025\/09\/25\/los-llanos-de-aridane-une-emprendimiento-y-educacion-en-el-emprendefest\/\",\"url\":\"https:\/\/www.aridane.org\/city\/2025\/09\/25\/los-llanos-de-aridane-une-emprendimiento-y-educacion-en-el-emprendefest\/\",\"name\":\"Los Llanos de Aridane une emprendimiento y educaci\u00f3n en el EmprendeFEST - Ayuntamiento de Los Llanos de Aridane\",\"isPartOf\":{\"@id\":\"https:\/\/www.aridane.org\/city\/#website\"},\"primaryImageOfPage\":{\"@id\":\"https:\/\/www.aridane.org\/city\/2025\/09\/25\/los-llanos-de-aridane-une-emprendimiento-y-educacion-en-el-emprendefest\/#primaryimage\"},\"image\":{\"@id\":\"https:\/\/www.aridane.org\/city\/2025\/09\/25\/los-llanos-de-aridane-une-emprendimiento-y-educacion-en-el-emprendefest\/#primaryimage\"},\"thumbnailUrl\":\"https:\/\/www.aridane.org\/city\/wp-content\/uploads\/2025\/10\/Emprendefest.jpeg\",\"datePublished\":\"2025-09-25T14:24:24+00:00\",\"dateModified\":\"2025-10-02T14:25:47+00:00\",\"author\":{\"@id\":\"https:\/\/www.aridane.org\/city\/#\/schema\/person\/89ebd376b223dc94cc1dbcf200c8e6da\"},\"breadcrumb\":{\"@id\":\"https:\/\/www.aridane.org\/city\/2025\/09\/25\/los-llanos-de-aridane-une-emprendimiento-y-educacion-en-el-emprendefest\/#breadcrumb\"},\"inLanguage\":\"es\",\"potentialAction\":[{\"@type\":\"ReadAction\",\"target\":[\"https:\/\/www.aridane.org\/city\/2025\/09\/25\/los-llanos-de-aridane-une-emprendimiento-y-educacion-en-el-emprendefest\/\"]}]},{\"@type\":\"ImageObject\",\"inLanguage\":\"es\",\"@id\":\"https:\/\/www.aridane.org\/city\/2025\/09\/25\/los-llanos-de-aridane-une-emprendimiento-y-educacion-en-el-emprendefest\/#primaryimage\",\"url\":\"https:\/\/www.aridane.org\/city\/wp-content\/uploads\/2025\/10\/Emprendefest.jpeg\",\"contentUrl\":\"https:\/\/www.aridane.org\/city\/wp-content\/uploads\/2025\/10\/Emprendefest.jpeg\",\"width\":2000,\"height\":1500},{\"@type\":\"BreadcrumbList\",\"@id\":\"https:\/\/www.aridane.org\/city\/2025\/09\/25\/los-llanos-de-aridane-une-emprendimiento-y-educacion-en-el-emprendefest\/#breadcrumb\",\"itemListElement\":[{\"@type\":\"ListItem\",\"position\":1,\"name\":\"Portada\",\"item\":\"https:\/\/www.aridane.org\/city\/\"},{\"@type\":\"ListItem\",\"position\":2,\"name\":\"Los Llanos de Aridane une emprendimiento y educaci\u00f3n en el EmprendeFEST\"}]},{\"@type\":\"WebSite\",\"@id\":\"https:\/\/www.aridane.org\/city\/#website\",\"url\":\"https:\/\/www.aridane.org\/city\/\",\"name\":\"Ayuntamiento de Los Llanos de Aridane\",\"description\":\"\",\"potentialAction\":[{\"@type\":\"SearchAction\",\"target\":{\"@type\":\"EntryPoint\",\"urlTemplate\":\"https:\/\/www.aridane.org\/city\/?s={search_term_string}\"},\"query-input\":\"required name=search_term_string\"}],\"inLanguage\":\"es\"},{\"@type\":\"Person\",\"@id\":\"https:\/\/www.aridane.org\/city\/#\/schema\/person\/89ebd376b223dc94cc1dbcf200c8e6da\",\"name\":\"Corresponsal\",\"image\":{\"@type\":\"ImageObject\",\"inLanguage\":\"es\",\"@id\":\"https:\/\/www.aridane.org\/city\/#\/schema\/person\/image\/\",\"url\":\"https:\/\/secure.gravatar.com\/avatar\/1c476992411e4ccf153da63b2b2f5ea0bb4cb1c85f3ceab8512f04325ad5579c?s=96&d=mm&r=g\",\"contentUrl\":\"https:\/\/secure.gravatar.com\/avatar\/1c476992411e4ccf153da63b2b2f5ea0bb4cb1c85f3ceab8512f04325ad5579c?s=96&d=mm&r=g\",\"caption\":\"Corresponsal\"},\"url\":\"https:\/\/www.aridane.org\/city\/author\/corresponsal\/\"}]}<\/script>\n<!-- \/ Yoast SEO plugin. -->","yoast_head_json":{"title":"Los Llanos de Aridane une emprendimiento y educaci\u00f3n en el EmprendeFEST - Ayuntamiento de Los Llanos de Aridane","robots":{"index":"index","follow":"follow","max-snippet":"max-snippet:-1","max-image-preview":"max-image-preview:large","max-video-preview":"max-video-preview:-1"},"canonical":"https:\/\/www.aridane.org\/city\/2025\/09\/25\/los-llanos-de-aridane-une-emprendimiento-y-educacion-en-el-emprendefest\/","og_locale":"es_ES","og_type":"article","og_title":"Los Llanos de Aridane une emprendimiento y educaci\u00f3n en el EmprendeFEST - Ayuntamiento de Los Llanos de Aridane","og_description":"Con el lema \u201cAcepta el reto, crea el cambio\u201d, la plaza de Triana ser\u00e1 el escenario el pr\u00f3ximo 3 de octubre de esta feria itinerante dedicada al emprendimiento","og_url":"https:\/\/www.aridane.org\/city\/2025\/09\/25\/los-llanos-de-aridane-une-emprendimiento-y-educacion-en-el-emprendefest\/","og_site_name":"Ayuntamiento de Los Llanos de Aridane","article_published_time":"2025-09-25T14:24:24+00:00","article_modified_time":"2025-10-02T14:25:47+00:00","og_image":[{"width":2000,"height":1500,"url":"https:\/\/www.aridane.org\/city\/wp-content\/uploads\/2025\/10\/Emprendefest.jpeg","type":"image\/jpeg"}],"author":"Corresponsal","twitter_card":"summary_large_image","twitter_misc":{"Escrito por":"Corresponsal","Tiempo de lectura":"2 minutos"},"schema":{"@context":"https:\/\/schema.org","@graph":[{"@type":"WebPage","@id":"https:\/\/www.aridane.org\/city\/2025\/09\/25\/los-llanos-de-aridane-une-emprendimiento-y-educacion-en-el-emprendefest\/","url":"https:\/\/www.aridane.org\/city\/2025\/09\/25\/los-llanos-de-aridane-une-emprendimiento-y-educacion-en-el-emprendefest\/","name":"Los Llanos de Aridane une emprendimiento y educaci\u00f3n en el EmprendeFEST - Ayuntamiento de Los Llanos de Aridane","isPartOf":{"@id":"https:\/\/www.aridane.org\/city\/#website"},"primaryImageOfPage":{"@id":"https:\/\/www.aridane.org\/city\/2025\/09\/25\/los-llanos-de-aridane-une-emprendimiento-y-educacion-en-el-emprendefest\/#primaryimage"},"image":{"@id":"https:\/\/www.aridane.org\/city\/2025\/09\/25\/los-llanos-de-aridane-une-emprendimiento-y-educacion-en-el-emprendefest\/#primaryimage"},"thumbnailUrl":"https:\/\/www.aridane.org\/city\/wp-content\/uploads\/2025\/10\/Emprendefest.jpeg","datePublished":"2025-09-25T14:24:24+00:00","dateModified":"2025-10-02T14:25:47+00:00","author":{"@id":"https:\/\/www.aridane.org\/city\/#\/schema\/person\/89ebd376b223dc94cc1dbcf200c8e6da"},"breadcrumb":{"@id":"https:\/\/www.aridane.org\/city\/2025\/09\/25\/los-llanos-de-aridane-une-emprendimiento-y-educacion-en-el-emprendefest\/#breadcrumb"},"inLanguage":"es","potentialAction":[{"@type":"ReadAction","target":["https:\/\/www.aridane.org\/city\/2025\/09\/25\/los-llanos-de-aridane-une-emprendimiento-y-educacion-en-el-emprendefest\/"]}]},{"@type":"ImageObject","inLanguage":"es","@id":"https:\/\/www.aridane.org\/city\/2025\/09\/25\/los-llanos-de-aridane-une-emprendimiento-y-educacion-en-el-emprendefest\/#primaryimage","url":"https:\/\/www.aridane.org\/city\/wp-content\/uploads\/2025\/10\/Emprendefest.jpeg","contentUrl":"https:\/\/www.aridane.org\/city\/wp-content\/uploads\/2025\/10\/Emprendefest.jpeg","width":2000,"height":1500},{"@type":"BreadcrumbList","@id":"https:\/\/www.aridane.org\/city\/2025\/09\/25\/los-llanos-de-aridane-une-emprendimiento-y-educacion-en-el-emprendefest\/#breadcrumb","itemListElement":[{"@type":"ListItem","position":1,"name":"Portada","item":"https:\/\/www.aridane.org\/city\/"},{"@type":"ListItem","position":2,"name":"Los Llanos de Aridane une emprendimiento y educaci\u00f3n en el EmprendeFEST"}]},{"@type":"WebSite","@id":"https:\/\/www.aridane.org\/city\/#website","url":"https:\/\/www.aridane.org\/city\/","name":"Ayuntamiento de Los Llanos de Aridane","description":"","potentialAction":[{"@type":"SearchAction","target":{"@type":"EntryPoint","urlTemplate":"https:\/\/www.aridane.org\/city\/?s={search_term_string}"},"query-input":"required name=search_term_string"}],"inLanguage":"es"},{"@type":"Person","@id":"https:\/\/www.aridane.org\/city\/#\/schema\/person\/89ebd376b223dc94cc1dbcf200c8e6da","name":"Corresponsal","image":{"@type":"ImageObject","inLanguage":"es","@id":"https:\/\/www.aridane.org\/city\/#\/schema\/person\/image\/","url":"https:\/\/secure.gravatar.com\/avatar\/1c476992411e4ccf153da63b2b2f5ea0bb4cb1c85f3ceab8512f04325ad5579c?s=96&d=mm&r=g","contentUrl":"https:\/\/secure.gravatar.com\/avatar\/1c476992411e4ccf153da63b2b2f5ea0bb4cb1c85f3ceab8512f04325ad5579c?s=96&d=mm&r=g","caption":"Corresponsal"},"url":"https:\/\/www.aridane.org\/city\/author\/corresponsal\/"}]}},"_links":{"self":[{"href":"https:\/\/www.aridane.org\/city\/wp-json\/wp\/v2\/posts\/4770","targetHints":{"allow":["GET"]}}],"collection":[{"href":"https:\/\/www.aridane.org\/city\/wp-json\/wp\/v2\/posts"}],"about":[{"href":"https:\/\/www.aridane.org\/city\/wp-json\/wp\/v2\/types\/post"}],"author":[{"embeddable":true,"href":"https:\/\/www.aridane.org\/city\/wp-json\/wp\/v2\/users\/4"}],"replies":[{"embeddable":true,"href":"https:\/\/www.aridane.org\/city\/wp-json\/wp\/v2\/comments?post=4770"}],"version-history":[{"count":1,"href":"https:\/\/www.aridane.org\/city\/wp-json\/wp\/v2\/posts\/4770\/revisions"}],"predecessor-version":[{"id":4772,"href":"https:\/\/www.aridane.org\/city\/wp-json\/wp\/v2\/posts\/4770\/revisions\/4772"}],"wp:featuredmedia":[{"embeddable":true,"href":"https:\/\/www.aridane.org\/city\/wp-json\/wp\/v2\/media\/4771"}],"wp:attachment":[{"href":"https:\/\/www.aridane.org\/city\/wp-json\/wp\/v2\/media?parent=4770"}],"wp:term":[{"taxonomy":"category","embeddable":true,"href":"https:\/\/www.aridane.org\/city\/wp-json\/wp\/v2\/categories?post=4770"},{"taxonomy":"post_tag","embeddable":true,"href":"https:\/\/www.aridane.org\/city\/wp-json\/wp\/v2\/tags?post=4770"}],"curies":[{"name":"wp","href":"https:\/\/api.w.org\/{rel}","templated":true}]}}