{"id":4774,"date":"2025-09-19T14:28:17","date_gmt":"2025-09-19T14:28:17","guid":{"rendered":"https:\/\/www.aridane.org\/city\/?p=4774"},"modified":"2025-10-02T14:30:16","modified_gmt":"2025-10-02T14:30:16","slug":"javier-llamas-valora-la-aprobacion-en-comision-de-la-ley-de-volcanes-como-un-hito-historico-para-canarias","status":"publish","type":"post","link":"https:\/\/www.aridane.org\/city\/2025\/09\/19\/javier-llamas-valora-la-aprobacion-en-comision-de-la-ley-de-volcanes-como-un-hito-historico-para-canarias\/","title":{"rendered":"Javier Llamas valora la aprobaci\u00f3n en comisi\u00f3n de la Ley de Volcanes como \u201cun hito hist\u00f3rico para Canarias\u201d"},"content":{"rendered":"<p><em>\u201dHonramos el esfuerzo de la sociedad civil, que ha transformado el dolor vivido en una herramienta \u00fatil para proteger a las generaciones futuras\u201d, asegura el alcalde<\/em><!--more--><\/p>\n<div id=\"v1forwardbody1\">\n<p>El alcalde de Los Llanos de Aridane y diputado auton\u00f3mico, Javier Llamas, valora la aprobaci\u00f3n en comisi\u00f3n parlamentaria de la Ley de Volcanes. \u201cEs un hito hist\u00f3rico para Canarias ya que convertir\u00e1 en norma las demandas sociales surgidas tras la erupci\u00f3n de 2021\u201d, destaca.<\/p>\n<p>Llamas explica que este paso consolida un marco legal que garantiza previsi\u00f3n, rapidez, coordinaci\u00f3n y justicia ante futuras emergencias volc\u00e1nicas.<\/p>\n<p>\u201cComo alcalde del municipio m\u00e1s afectado por el volc\u00e1n, s\u00e9 lo que significa afrontar una cat\u00e1strofe sin instrumentos suficientes; esta ley viene a dar respuesta a esa necesidad. Estamos ante una victoria ciudadana. Un triunfo de nuestros vecinos y vecinas que mejorar\u00e1 la vida de todos los canarios y las canarias\u201d, afirma.<\/p>\n<p>En este sentido, el alcalde recuerda que la iniciativa cuenta con el respaldo de m\u00e1s de 19.000 firmas y subraya que \u201cel 19 de septiembre de 2025 se honra el esfuerzo de la sociedad civil, que ha transformado el dolor vivido en una herramienta \u00fatil para proteger a las generaciones futuras\u201d.<\/p>\n<p>Con este respaldo en comisi\u00f3n, la Ley de Volcanes queda lista para su aprobaci\u00f3n definitiva en el pleno del Parlamento de Canarias el pr\u00f3ximo mi\u00e9rcoles, 24 de septiembre.<\/p>\n<\/div>\n","protected":false},"excerpt":{"rendered":"<p>\u201dHonramos el esfuerzo de la sociedad civil, que ha transformado el dolor vivido en una herramienta \u00fatil para proteger a las generaciones futuras\u201d, asegura el alcalde<\/p>\n","protected":false},"author":4,"featured_media":4080,"comment_status":"open","ping_status":"open","sticky":false,"template":"","format":"standard","meta":{"footnotes":""},"categories":[1],"tags":[],"class_list":["post-4774","post","type-post","status-publish","format-standard","has-post-thumbnail","hentry","category-sin-categoria"],"yoast_head":"<!-- This site is optimized with the Yoast SEO plugin v22.7 - https:\/\/yoast.com\/wordpress\/plugins\/seo\/ -->\n<title>Javier Llamas valora la aprobaci\u00f3n en comisi\u00f3n de la Ley de Volcanes como \u201cun hito hist\u00f3rico para Canarias\u201d - Ayuntamiento de Los Llanos de Aridane<\/title>\n<meta name=\"robots\" content=\"index, follow, max-snippet:-1, max-image-preview:large, max-video-preview:-1\" \/>\n<link rel=\"canonical\" href=\"https:\/\/www.aridane.org\/city\/2025\/09\/19\/javier-llamas-valora-la-aprobacion-en-comision-de-la-ley-de-volcanes-como-un-hito-historico-para-canarias\/\" \/>\n<meta property=\"og:locale\" content=\"es_ES\" \/>\n<meta property=\"og:type\" content=\"article\" \/>\n<meta property=\"og:title\" content=\"Javier Llamas valora la aprobaci\u00f3n en comisi\u00f3n de la Ley de Volcanes como \u201cun hito hist\u00f3rico para Canarias\u201d - Ayuntamiento de Los Llanos de Aridane\" \/>\n<meta property=\"og:description\" content=\"\u201dHonramos el esfuerzo de la sociedad civil, que ha transformado el dolor vivido en una herramienta \u00fatil para proteger a las generaciones futuras\u201d, asegura el alcalde\" \/>\n<meta property=\"og:url\" content=\"https:\/\/www.aridane.org\/city\/2025\/09\/19\/javier-llamas-valora-la-aprobacion-en-comision-de-la-ley-de-volcanes-como-un-hito-historico-para-canarias\/\" \/>\n<meta property=\"og:site_name\" content=\"Ayuntamiento de Los Llanos de Aridane\" \/>\n<meta property=\"article:published_time\" content=\"2025-09-19T14:28:17+00:00\" \/>\n<meta property=\"article:modified_time\" content=\"2025-10-02T14:30:16+00:00\" \/>\n<meta property=\"og:image\" content=\"https:\/\/www.aridane.org\/city\/wp-content\/uploads\/2024\/09\/Javier-Llamas.jpeg\" \/>\n\t<meta property=\"og:image:width\" content=\"1024\" \/>\n\t<meta property=\"og:image:height\" content=\"683\" \/>\n\t<meta property=\"og:image:type\" content=\"image\/jpeg\" \/>\n<meta name=\"author\" content=\"Corresponsal\" \/>\n<meta name=\"twitter:card\" content=\"summary_large_image\" \/>\n<meta name=\"twitter:label1\" content=\"Escrito por\" \/>\n\t<meta name=\"twitter:data1\" content=\"Corresponsal\" \/>\n\t<meta name=\"twitter:label2\" content=\"Tiempo de lectura\" \/>\n\t<meta name=\"twitter:data2\" content=\"2 minutos\" \/>\n<script type=\"application\/ld+json\" class=\"yoast-schema-graph\">{\"@context\":\"https:\/\/schema.org\",\"@graph\":[{\"@type\":\"WebPage\",\"@id\":\"https:\/\/www.aridane.org\/city\/2025\/09\/19\/javier-llamas-valora-la-aprobacion-en-comision-de-la-ley-de-volcanes-como-un-hito-historico-para-canarias\/\",\"url\":\"https:\/\/www.aridane.org\/city\/2025\/09\/19\/javier-llamas-valora-la-aprobacion-en-comision-de-la-ley-de-volcanes-como-un-hito-historico-para-canarias\/\",\"name\":\"Javier Llamas valora la aprobaci\u00f3n en comisi\u00f3n de la Ley de Volcanes como \u201cun hito hist\u00f3rico para Canarias\u201d - Ayuntamiento de Los Llanos de Aridane\",\"isPartOf\":{\"@id\":\"https:\/\/www.aridane.org\/city\/#website\"},\"primaryImageOfPage\":{\"@id\":\"https:\/\/www.aridane.org\/city\/2025\/09\/19\/javier-llamas-valora-la-aprobacion-en-comision-de-la-ley-de-volcanes-como-un-hito-historico-para-canarias\/#primaryimage\"},\"image\":{\"@id\":\"https:\/\/www.aridane.org\/city\/2025\/09\/19\/javier-llamas-valora-la-aprobacion-en-comision-de-la-ley-de-volcanes-como-un-hito-historico-para-canarias\/#primaryimage\"},\"thumbnailUrl\":\"https:\/\/www.aridane.org\/city\/wp-content\/uploads\/2024\/09\/Javier-Llamas.jpeg\",\"datePublished\":\"2025-09-19T14:28:17+00:00\",\"dateModified\":\"2025-10-02T14:30:16+00:00\",\"author\":{\"@id\":\"https:\/\/www.aridane.org\/city\/#\/schema\/person\/89ebd376b223dc94cc1dbcf200c8e6da\"},\"breadcrumb\":{\"@id\":\"https:\/\/www.aridane.org\/city\/2025\/09\/19\/javier-llamas-valora-la-aprobacion-en-comision-de-la-ley-de-volcanes-como-un-hito-historico-para-canarias\/#breadcrumb\"},\"inLanguage\":\"es\",\"potentialAction\":[{\"@type\":\"ReadAction\",\"target\":[\"https:\/\/www.aridane.org\/city\/2025\/09\/19\/javier-llamas-valora-la-aprobacion-en-comision-de-la-ley-de-volcanes-como-un-hito-historico-para-canarias\/\"]}]},{\"@type\":\"ImageObject\",\"inLanguage\":\"es\",\"@id\":\"https:\/\/www.aridane.org\/city\/2025\/09\/19\/javier-llamas-valora-la-aprobacion-en-comision-de-la-ley-de-volcanes-como-un-hito-historico-para-canarias\/#primaryimage\",\"url\":\"https:\/\/www.aridane.org\/city\/wp-content\/uploads\/2024\/09\/Javier-Llamas.jpeg\",\"contentUrl\":\"https:\/\/www.aridane.org\/city\/wp-content\/uploads\/2024\/09\/Javier-Llamas.jpeg\",\"width\":1024,\"height\":683},{\"@type\":\"BreadcrumbList\",\"@id\":\"https:\/\/www.aridane.org\/city\/2025\/09\/19\/javier-llamas-valora-la-aprobacion-en-comision-de-la-ley-de-volcanes-como-un-hito-historico-para-canarias\/#breadcrumb\",\"itemListElement\":[{\"@type\":\"ListItem\",\"position\":1,\"name\":\"Portada\",\"item\":\"https:\/\/www.aridane.org\/city\/\"},{\"@type\":\"ListItem\",\"position\":2,\"name\":\"Javier Llamas valora la aprobaci\u00f3n en comisi\u00f3n de la Ley de Volcanes como \u201cun hito hist\u00f3rico para Canarias\u201d\"}]},{\"@type\":\"WebSite\",\"@id\":\"https:\/\/www.aridane.org\/city\/#website\",\"url\":\"https:\/\/www.aridane.org\/city\/\",\"name\":\"Ayuntamiento de Los Llanos de Aridane\",\"description\":\"\",\"potentialAction\":[{\"@type\":\"SearchAction\",\"target\":{\"@type\":\"EntryPoint\",\"urlTemplate\":\"https:\/\/www.aridane.org\/city\/?s={search_term_string}\"},\"query-input\":\"required name=search_term_string\"}],\"inLanguage\":\"es\"},{\"@type\":\"Person\",\"@id\":\"https:\/\/www.aridane.org\/city\/#\/schema\/person\/89ebd376b223dc94cc1dbcf200c8e6da\",\"name\":\"Corresponsal\",\"image\":{\"@type\":\"ImageObject\",\"inLanguage\":\"es\",\"@id\":\"https:\/\/www.aridane.org\/city\/#\/schema\/person\/image\/\",\"url\":\"https:\/\/secure.gravatar.com\/avatar\/1c476992411e4ccf153da63b2b2f5ea0bb4cb1c85f3ceab8512f04325ad5579c?s=96&d=mm&r=g\",\"contentUrl\":\"https:\/\/secure.gravatar.com\/avatar\/1c476992411e4ccf153da63b2b2f5ea0bb4cb1c85f3ceab8512f04325ad5579c?s=96&d=mm&r=g\",\"caption\":\"Corresponsal\"},\"url\":\"https:\/\/www.aridane.org\/city\/author\/corresponsal\/\"}]}<\/script>\n<!-- \/ Yoast SEO plugin. -->","yoast_head_json":{"title":"Javier Llamas valora la aprobaci\u00f3n en comisi\u00f3n de la Ley de Volcanes como \u201cun hito hist\u00f3rico para Canarias\u201d - Ayuntamiento de Los Llanos de Aridane","robots":{"index":"index","follow":"follow","max-snippet":"max-snippet:-1","max-image-preview":"max-image-preview:large","max-video-preview":"max-video-preview:-1"},"canonical":"https:\/\/www.aridane.org\/city\/2025\/09\/19\/javier-llamas-valora-la-aprobacion-en-comision-de-la-ley-de-volcanes-como-un-hito-historico-para-canarias\/","og_locale":"es_ES","og_type":"article","og_title":"Javier Llamas valora la aprobaci\u00f3n en comisi\u00f3n de la Ley de Volcanes como \u201cun hito hist\u00f3rico para Canarias\u201d - Ayuntamiento de Los Llanos de Aridane","og_description":"\u201dHonramos el esfuerzo de la sociedad civil, que ha transformado el dolor vivido en una herramienta \u00fatil para proteger a las generaciones futuras\u201d, asegura el alcalde","og_url":"https:\/\/www.aridane.org\/city\/2025\/09\/19\/javier-llamas-valora-la-aprobacion-en-comision-de-la-ley-de-volcanes-como-un-hito-historico-para-canarias\/","og_site_name":"Ayuntamiento de Los Llanos de Aridane","article_published_time":"2025-09-19T14:28:17+00:00","article_modified_time":"2025-10-02T14:30:16+00:00","og_image":[{"width":1024,"height":683,"url":"https:\/\/www.aridane.org\/city\/wp-content\/uploads\/2024\/09\/Javier-Llamas.jpeg","type":"image\/jpeg"}],"author":"Corresponsal","twitter_card":"summary_large_image","twitter_misc":{"Escrito por":"Corresponsal","Tiempo de lectura":"2 minutos"},"schema":{"@context":"https:\/\/schema.org","@graph":[{"@type":"WebPage","@id":"https:\/\/www.aridane.org\/city\/2025\/09\/19\/javier-llamas-valora-la-aprobacion-en-comision-de-la-ley-de-volcanes-como-un-hito-historico-para-canarias\/","url":"https:\/\/www.aridane.org\/city\/2025\/09\/19\/javier-llamas-valora-la-aprobacion-en-comision-de-la-ley-de-volcanes-como-un-hito-historico-para-canarias\/","name":"Javier Llamas valora la aprobaci\u00f3n en comisi\u00f3n de la Ley de Volcanes como \u201cun hito hist\u00f3rico para Canarias\u201d - Ayuntamiento de Los Llanos de Aridane","isPartOf":{"@id":"https:\/\/www.aridane.org\/city\/#website"},"primaryImageOfPage":{"@id":"https:\/\/www.aridane.org\/city\/2025\/09\/19\/javier-llamas-valora-la-aprobacion-en-comision-de-la-ley-de-volcanes-como-un-hito-historico-para-canarias\/#primaryimage"},"image":{"@id":"https:\/\/www.aridane.org\/city\/2025\/09\/19\/javier-llamas-valora-la-aprobacion-en-comision-de-la-ley-de-volcanes-como-un-hito-historico-para-canarias\/#primaryimage"},"thumbnailUrl":"https:\/\/www.aridane.org\/city\/wp-content\/uploads\/2024\/09\/Javier-Llamas.jpeg","datePublished":"2025-09-19T14:28:17+00:00","dateModified":"2025-10-02T14:30:16+00:00","author":{"@id":"https:\/\/www.aridane.org\/city\/#\/schema\/person\/89ebd376b223dc94cc1dbcf200c8e6da"},"breadcrumb":{"@id":"https:\/\/www.aridane.org\/city\/2025\/09\/19\/javier-llamas-valora-la-aprobacion-en-comision-de-la-ley-de-volcanes-como-un-hito-historico-para-canarias\/#breadcrumb"},"inLanguage":"es","potentialAction":[{"@type":"ReadAction","target":["https:\/\/www.aridane.org\/city\/2025\/09\/19\/javier-llamas-valora-la-aprobacion-en-comision-de-la-ley-de-volcanes-como-un-hito-historico-para-canarias\/"]}]},{"@type":"ImageObject","inLanguage":"es","@id":"https:\/\/www.aridane.org\/city\/2025\/09\/19\/javier-llamas-valora-la-aprobacion-en-comision-de-la-ley-de-volcanes-como-un-hito-historico-para-canarias\/#primaryimage","url":"https:\/\/www.aridane.org\/city\/wp-content\/uploads\/2024\/09\/Javier-Llamas.jpeg","contentUrl":"https:\/\/www.aridane.org\/city\/wp-content\/uploads\/2024\/09\/Javier-Llamas.jpeg","width":1024,"height":683},{"@type":"BreadcrumbList","@id":"https:\/\/www.aridane.org\/city\/2025\/09\/19\/javier-llamas-valora-la-aprobacion-en-comision-de-la-ley-de-volcanes-como-un-hito-historico-para-canarias\/#breadcrumb","itemListElement":[{"@type":"ListItem","position":1,"name":"Portada","item":"https:\/\/www.aridane.org\/city\/"},{"@type":"ListItem","position":2,"name":"Javier Llamas valora la aprobaci\u00f3n en comisi\u00f3n de la Ley de Volcanes como \u201cun hito hist\u00f3rico para Canarias\u201d"}]},{"@type":"WebSite","@id":"https:\/\/www.aridane.org\/city\/#website","url":"https:\/\/www.aridane.org\/city\/","name":"Ayuntamiento de Los Llanos de Aridane","description":"","potentialAction":[{"@type":"SearchAction","target":{"@type":"EntryPoint","urlTemplate":"https:\/\/www.aridane.org\/city\/?s={search_term_string}"},"query-input":"required name=search_term_string"}],"inLanguage":"es"},{"@type":"Person","@id":"https:\/\/www.aridane.org\/city\/#\/schema\/person\/89ebd376b223dc94cc1dbcf200c8e6da","name":"Corresponsal","image":{"@type":"ImageObject","inLanguage":"es","@id":"https:\/\/www.aridane.org\/city\/#\/schema\/person\/image\/","url":"https:\/\/secure.gravatar.com\/avatar\/1c476992411e4ccf153da63b2b2f5ea0bb4cb1c85f3ceab8512f04325ad5579c?s=96&d=mm&r=g","contentUrl":"https:\/\/secure.gravatar.com\/avatar\/1c476992411e4ccf153da63b2b2f5ea0bb4cb1c85f3ceab8512f04325ad5579c?s=96&d=mm&r=g","caption":"Corresponsal"},"url":"https:\/\/www.aridane.org\/city\/author\/corresponsal\/"}]}},"_links":{"self":[{"href":"https:\/\/www.aridane.org\/city\/wp-json\/wp\/v2\/posts\/4774","targetHints":{"allow":["GET"]}}],"collection":[{"href":"https:\/\/www.aridane.org\/city\/wp-json\/wp\/v2\/posts"}],"about":[{"href":"https:\/\/www.aridane.org\/city\/wp-json\/wp\/v2\/types\/post"}],"author":[{"embeddable":true,"href":"https:\/\/www.aridane.org\/city\/wp-json\/wp\/v2\/users\/4"}],"replies":[{"embeddable":true,"href":"https:\/\/www.aridane.org\/city\/wp-json\/wp\/v2\/comments?post=4774"}],"version-history":[{"count":1,"href":"https:\/\/www.aridane.org\/city\/wp-json\/wp\/v2\/posts\/4774\/revisions"}],"predecessor-version":[{"id":4775,"href":"https:\/\/www.aridane.org\/city\/wp-json\/wp\/v2\/posts\/4774\/revisions\/4775"}],"wp:featuredmedia":[{"embeddable":true,"href":"https:\/\/www.aridane.org\/city\/wp-json\/wp\/v2\/media\/4080"}],"wp:attachment":[{"href":"https:\/\/www.aridane.org\/city\/wp-json\/wp\/v2\/media?parent=4774"}],"wp:term":[{"taxonomy":"category","embeddable":true,"href":"https:\/\/www.aridane.org\/city\/wp-json\/wp\/v2\/categories?post=4774"},{"taxonomy":"post_tag","embeddable":true,"href":"https:\/\/www.aridane.org\/city\/wp-json\/wp\/v2\/tags?post=4774"}],"curies":[{"name":"wp","href":"https:\/\/api.w.org\/{rel}","templated":true}]}}