{"id":4776,"date":"2025-10-02T18:52:38","date_gmt":"2025-10-02T18:52:38","guid":{"rendered":"https:\/\/www.aridane.org\/city\/?p=4776"},"modified":"2025-10-02T18:52:38","modified_gmt":"2025-10-02T18:52:38","slug":"javier-llamas-solicita-que-los-llanos-de-aridane-sea-segunda-sede-de-la-pau-en-la-palma","status":"publish","type":"post","link":"https:\/\/www.aridane.org\/city\/2025\/10\/02\/javier-llamas-solicita-que-los-llanos-de-aridane-sea-segunda-sede-de-la-pau-en-la-palma\/","title":{"rendered":"Javier Llamas solicita que Los Llanos de Aridane sea segunda sede de la PAU en La Palma"},"content":{"rendered":"<p><em>El alcalde recuerda que recientemente se han dado pasos en esta direcci\u00f3n en otras islas, como Fuerteventura<\/em><!--more--><\/p>\n<p>El alcalde de Los Llanos de Aridane, Javier Llamas, pide al consejero de Educaci\u00f3n del Gobierno de Canarias, Poli Su\u00e1rez, que el municipio se convierta en sede de las Pruebas de Acceso a la Universidad (PAU) en La Palma, junto a la ya existente en Santa Cruz de La Palma.<\/p>\n<p>\u201cSolicitamos esta medida con responsabilidad y con visi\u00f3n de futuro\u201d, sostiene el alcalde. \u201cQueremos que los estudiantes de La Palma tengan las mismas oportunidades que en otras islas, reduciendo la presi\u00f3n log\u00edstica en un momento tan decisivo de sus vidas acad\u00e9micas\u201d, a\u00f1ade el tambi\u00e9n diputado del Parlamento de Canarias.<\/p>\n<p>Javier Llamas recuerda que Los Llanos de Aridane es el n\u00facleo urbano m\u00e1s poblado de la isla y centro de referencia para toda la comarca oeste. En esta regi\u00f3n de la isla, a\u00f1ade, se concentran los institutos IES Eusebio Barreto Lorenzo e IES Jos\u00e9 Mar\u00eda P\u00e9rez Pulido, ambos en Los Llanos de Aridane; as\u00ed como el IES El Paso y el IES Puntagorda, adem\u00e1s del alumnado de municipios como Tazacorte, Tijarafe, Garaf\u00eda y Fuencaliente, quienes cursan bachillerato o formaci\u00f3n profesional en los centros mencionados con anterioridad.<\/p>\n<p>\u201cSon cientos de j\u00f3venes los que cada a\u00f1o se desplazan hasta Santa Cruz para examinarse, en trayectos que atraviesan la cumbre y que no siempre se realizan en condiciones \u00f3ptimas\u201d, se\u00f1ala Llamas.<\/p>\n<h2><strong>Ejemplo de Fuerteventura<\/strong><\/h2>\n<p>El alcalde recuerda que recientemente se han dado pasos en esta direcci\u00f3n en otras islas, como Fuerteventura, donde el propio consejero Poli Su\u00e1rez ha confirmado la puesta en marcha de una nueva sede en el CIFP de Morro Jable, permitiendo que el alumnado del sur de la isla pueda realizar all\u00ed la prueba por primera vez.<\/p>\n<p>\u201cSi en Fuerteventura se reconoce la necesidad de acercar la PAU a la realidad de sus municipios, en La Palma no podemos seguir con un \u00fanico punto de examen cuando tenemos dos grandes n\u00facleos urbanos claramente definidos\u201d, a\u00f1ade Llamas.<\/p>\n<p>El Ayuntamiento de Los Llanos de Aridane se ofrece a colaborar con la Consejer\u00eda de Educaci\u00f3n y con la Universidad de La Laguna para habilitar las instalaciones necesarias, garantizando que el alumnado del oeste de la isla pueda examinarse en igualdad de condiciones.<\/p>\n","protected":false},"excerpt":{"rendered":"<p>El alcalde recuerda que recientemente se han dado pasos en esta direcci\u00f3n en otras islas, como Fuerteventura<\/p>\n","protected":false},"author":4,"featured_media":2787,"comment_status":"open","ping_status":"open","sticky":false,"template":"","format":"standard","meta":{"footnotes":""},"categories":[1],"tags":[],"class_list":["post-4776","post","type-post","status-publish","format-standard","has-post-thumbnail","hentry","category-sin-categoria"],"yoast_head":"<!-- This site is optimized with the Yoast SEO plugin v22.7 - https:\/\/yoast.com\/wordpress\/plugins\/seo\/ -->\n<title>Javier Llamas solicita que Los Llanos de Aridane sea segunda sede de la PAU en La Palma - Ayuntamiento de Los Llanos de Aridane<\/title>\n<meta name=\"robots\" content=\"index, follow, max-snippet:-1, max-image-preview:large, max-video-preview:-1\" \/>\n<link rel=\"canonical\" href=\"https:\/\/www.aridane.org\/city\/2025\/10\/02\/javier-llamas-solicita-que-los-llanos-de-aridane-sea-segunda-sede-de-la-pau-en-la-palma\/\" \/>\n<meta property=\"og:locale\" content=\"es_ES\" \/>\n<meta property=\"og:type\" content=\"article\" \/>\n<meta property=\"og:title\" content=\"Javier Llamas solicita que Los Llanos de Aridane sea segunda sede de la PAU en La Palma - Ayuntamiento de Los Llanos de Aridane\" \/>\n<meta property=\"og:description\" content=\"El alcalde recuerda que recientemente se han dado pasos en esta direcci\u00f3n en otras islas, como Fuerteventura\" \/>\n<meta property=\"og:url\" content=\"https:\/\/www.aridane.org\/city\/2025\/10\/02\/javier-llamas-solicita-que-los-llanos-de-aridane-sea-segunda-sede-de-la-pau-en-la-palma\/\" \/>\n<meta property=\"og:site_name\" content=\"Ayuntamiento de Los Llanos de Aridane\" \/>\n<meta property=\"article:published_time\" content=\"2025-10-02T18:52:38+00:00\" \/>\n<meta property=\"og:image\" content=\"https:\/\/www.aridane.org\/city\/wp-content\/uploads\/2023\/09\/Javier-Llamas.jpeg\" \/>\n\t<meta property=\"og:image:width\" content=\"1024\" \/>\n\t<meta property=\"og:image:height\" content=\"683\" \/>\n\t<meta property=\"og:image:type\" content=\"image\/jpeg\" \/>\n<meta name=\"author\" content=\"Corresponsal\" \/>\n<meta name=\"twitter:card\" content=\"summary_large_image\" \/>\n<meta name=\"twitter:label1\" content=\"Escrito por\" \/>\n\t<meta name=\"twitter:data1\" content=\"Corresponsal\" \/>\n\t<meta name=\"twitter:label2\" content=\"Tiempo de lectura\" \/>\n\t<meta name=\"twitter:data2\" content=\"2 minutos\" \/>\n<script type=\"application\/ld+json\" class=\"yoast-schema-graph\">{\"@context\":\"https:\/\/schema.org\",\"@graph\":[{\"@type\":\"WebPage\",\"@id\":\"https:\/\/www.aridane.org\/city\/2025\/10\/02\/javier-llamas-solicita-que-los-llanos-de-aridane-sea-segunda-sede-de-la-pau-en-la-palma\/\",\"url\":\"https:\/\/www.aridane.org\/city\/2025\/10\/02\/javier-llamas-solicita-que-los-llanos-de-aridane-sea-segunda-sede-de-la-pau-en-la-palma\/\",\"name\":\"Javier Llamas solicita que Los Llanos de Aridane sea segunda sede de la PAU en La Palma - Ayuntamiento de Los Llanos de Aridane\",\"isPartOf\":{\"@id\":\"https:\/\/www.aridane.org\/city\/#website\"},\"primaryImageOfPage\":{\"@id\":\"https:\/\/www.aridane.org\/city\/2025\/10\/02\/javier-llamas-solicita-que-los-llanos-de-aridane-sea-segunda-sede-de-la-pau-en-la-palma\/#primaryimage\"},\"image\":{\"@id\":\"https:\/\/www.aridane.org\/city\/2025\/10\/02\/javier-llamas-solicita-que-los-llanos-de-aridane-sea-segunda-sede-de-la-pau-en-la-palma\/#primaryimage\"},\"thumbnailUrl\":\"https:\/\/www.aridane.org\/city\/wp-content\/uploads\/2023\/09\/Javier-Llamas.jpeg\",\"datePublished\":\"2025-10-02T18:52:38+00:00\",\"dateModified\":\"2025-10-02T18:52:38+00:00\",\"author\":{\"@id\":\"https:\/\/www.aridane.org\/city\/#\/schema\/person\/89ebd376b223dc94cc1dbcf200c8e6da\"},\"breadcrumb\":{\"@id\":\"https:\/\/www.aridane.org\/city\/2025\/10\/02\/javier-llamas-solicita-que-los-llanos-de-aridane-sea-segunda-sede-de-la-pau-en-la-palma\/#breadcrumb\"},\"inLanguage\":\"es\",\"potentialAction\":[{\"@type\":\"ReadAction\",\"target\":[\"https:\/\/www.aridane.org\/city\/2025\/10\/02\/javier-llamas-solicita-que-los-llanos-de-aridane-sea-segunda-sede-de-la-pau-en-la-palma\/\"]}]},{\"@type\":\"ImageObject\",\"inLanguage\":\"es\",\"@id\":\"https:\/\/www.aridane.org\/city\/2025\/10\/02\/javier-llamas-solicita-que-los-llanos-de-aridane-sea-segunda-sede-de-la-pau-en-la-palma\/#primaryimage\",\"url\":\"https:\/\/www.aridane.org\/city\/wp-content\/uploads\/2023\/09\/Javier-Llamas.jpeg\",\"contentUrl\":\"https:\/\/www.aridane.org\/city\/wp-content\/uploads\/2023\/09\/Javier-Llamas.jpeg\",\"width\":1024,\"height\":683},{\"@type\":\"BreadcrumbList\",\"@id\":\"https:\/\/www.aridane.org\/city\/2025\/10\/02\/javier-llamas-solicita-que-los-llanos-de-aridane-sea-segunda-sede-de-la-pau-en-la-palma\/#breadcrumb\",\"itemListElement\":[{\"@type\":\"ListItem\",\"position\":1,\"name\":\"Portada\",\"item\":\"https:\/\/www.aridane.org\/city\/\"},{\"@type\":\"ListItem\",\"position\":2,\"name\":\"Javier Llamas solicita que Los Llanos de Aridane sea segunda sede de la PAU en La Palma\"}]},{\"@type\":\"WebSite\",\"@id\":\"https:\/\/www.aridane.org\/city\/#website\",\"url\":\"https:\/\/www.aridane.org\/city\/\",\"name\":\"Ayuntamiento de Los Llanos de Aridane\",\"description\":\"\",\"potentialAction\":[{\"@type\":\"SearchAction\",\"target\":{\"@type\":\"EntryPoint\",\"urlTemplate\":\"https:\/\/www.aridane.org\/city\/?s={search_term_string}\"},\"query-input\":\"required name=search_term_string\"}],\"inLanguage\":\"es\"},{\"@type\":\"Person\",\"@id\":\"https:\/\/www.aridane.org\/city\/#\/schema\/person\/89ebd376b223dc94cc1dbcf200c8e6da\",\"name\":\"Corresponsal\",\"image\":{\"@type\":\"ImageObject\",\"inLanguage\":\"es\",\"@id\":\"https:\/\/www.aridane.org\/city\/#\/schema\/person\/image\/\",\"url\":\"https:\/\/secure.gravatar.com\/avatar\/1c476992411e4ccf153da63b2b2f5ea0bb4cb1c85f3ceab8512f04325ad5579c?s=96&d=mm&r=g\",\"contentUrl\":\"https:\/\/secure.gravatar.com\/avatar\/1c476992411e4ccf153da63b2b2f5ea0bb4cb1c85f3ceab8512f04325ad5579c?s=96&d=mm&r=g\",\"caption\":\"Corresponsal\"},\"url\":\"https:\/\/www.aridane.org\/city\/author\/corresponsal\/\"}]}<\/script>\n<!-- \/ Yoast SEO plugin. -->","yoast_head_json":{"title":"Javier Llamas solicita que Los Llanos de Aridane sea segunda sede de la PAU en La Palma - Ayuntamiento de Los Llanos de Aridane","robots":{"index":"index","follow":"follow","max-snippet":"max-snippet:-1","max-image-preview":"max-image-preview:large","max-video-preview":"max-video-preview:-1"},"canonical":"https:\/\/www.aridane.org\/city\/2025\/10\/02\/javier-llamas-solicita-que-los-llanos-de-aridane-sea-segunda-sede-de-la-pau-en-la-palma\/","og_locale":"es_ES","og_type":"article","og_title":"Javier Llamas solicita que Los Llanos de Aridane sea segunda sede de la PAU en La Palma - Ayuntamiento de Los Llanos de Aridane","og_description":"El alcalde recuerda que recientemente se han dado pasos en esta direcci\u00f3n en otras islas, como Fuerteventura","og_url":"https:\/\/www.aridane.org\/city\/2025\/10\/02\/javier-llamas-solicita-que-los-llanos-de-aridane-sea-segunda-sede-de-la-pau-en-la-palma\/","og_site_name":"Ayuntamiento de Los Llanos de Aridane","article_published_time":"2025-10-02T18:52:38+00:00","og_image":[{"width":1024,"height":683,"url":"https:\/\/www.aridane.org\/city\/wp-content\/uploads\/2023\/09\/Javier-Llamas.jpeg","type":"image\/jpeg"}],"author":"Corresponsal","twitter_card":"summary_large_image","twitter_misc":{"Escrito por":"Corresponsal","Tiempo de lectura":"2 minutos"},"schema":{"@context":"https:\/\/schema.org","@graph":[{"@type":"WebPage","@id":"https:\/\/www.aridane.org\/city\/2025\/10\/02\/javier-llamas-solicita-que-los-llanos-de-aridane-sea-segunda-sede-de-la-pau-en-la-palma\/","url":"https:\/\/www.aridane.org\/city\/2025\/10\/02\/javier-llamas-solicita-que-los-llanos-de-aridane-sea-segunda-sede-de-la-pau-en-la-palma\/","name":"Javier Llamas solicita que Los Llanos de Aridane sea segunda sede de la PAU en La Palma - Ayuntamiento de Los Llanos de Aridane","isPartOf":{"@id":"https:\/\/www.aridane.org\/city\/#website"},"primaryImageOfPage":{"@id":"https:\/\/www.aridane.org\/city\/2025\/10\/02\/javier-llamas-solicita-que-los-llanos-de-aridane-sea-segunda-sede-de-la-pau-en-la-palma\/#primaryimage"},"image":{"@id":"https:\/\/www.aridane.org\/city\/2025\/10\/02\/javier-llamas-solicita-que-los-llanos-de-aridane-sea-segunda-sede-de-la-pau-en-la-palma\/#primaryimage"},"thumbnailUrl":"https:\/\/www.aridane.org\/city\/wp-content\/uploads\/2023\/09\/Javier-Llamas.jpeg","datePublished":"2025-10-02T18:52:38+00:00","dateModified":"2025-10-02T18:52:38+00:00","author":{"@id":"https:\/\/www.aridane.org\/city\/#\/schema\/person\/89ebd376b223dc94cc1dbcf200c8e6da"},"breadcrumb":{"@id":"https:\/\/www.aridane.org\/city\/2025\/10\/02\/javier-llamas-solicita-que-los-llanos-de-aridane-sea-segunda-sede-de-la-pau-en-la-palma\/#breadcrumb"},"inLanguage":"es","potentialAction":[{"@type":"ReadAction","target":["https:\/\/www.aridane.org\/city\/2025\/10\/02\/javier-llamas-solicita-que-los-llanos-de-aridane-sea-segunda-sede-de-la-pau-en-la-palma\/"]}]},{"@type":"ImageObject","inLanguage":"es","@id":"https:\/\/www.aridane.org\/city\/2025\/10\/02\/javier-llamas-solicita-que-los-llanos-de-aridane-sea-segunda-sede-de-la-pau-en-la-palma\/#primaryimage","url":"https:\/\/www.aridane.org\/city\/wp-content\/uploads\/2023\/09\/Javier-Llamas.jpeg","contentUrl":"https:\/\/www.aridane.org\/city\/wp-content\/uploads\/2023\/09\/Javier-Llamas.jpeg","width":1024,"height":683},{"@type":"BreadcrumbList","@id":"https:\/\/www.aridane.org\/city\/2025\/10\/02\/javier-llamas-solicita-que-los-llanos-de-aridane-sea-segunda-sede-de-la-pau-en-la-palma\/#breadcrumb","itemListElement":[{"@type":"ListItem","position":1,"name":"Portada","item":"https:\/\/www.aridane.org\/city\/"},{"@type":"ListItem","position":2,"name":"Javier Llamas solicita que Los Llanos de Aridane sea segunda sede de la PAU en La Palma"}]},{"@type":"WebSite","@id":"https:\/\/www.aridane.org\/city\/#website","url":"https:\/\/www.aridane.org\/city\/","name":"Ayuntamiento de Los Llanos de Aridane","description":"","potentialAction":[{"@type":"SearchAction","target":{"@type":"EntryPoint","urlTemplate":"https:\/\/www.aridane.org\/city\/?s={search_term_string}"},"query-input":"required name=search_term_string"}],"inLanguage":"es"},{"@type":"Person","@id":"https:\/\/www.aridane.org\/city\/#\/schema\/person\/89ebd376b223dc94cc1dbcf200c8e6da","name":"Corresponsal","image":{"@type":"ImageObject","inLanguage":"es","@id":"https:\/\/www.aridane.org\/city\/#\/schema\/person\/image\/","url":"https:\/\/secure.gravatar.com\/avatar\/1c476992411e4ccf153da63b2b2f5ea0bb4cb1c85f3ceab8512f04325ad5579c?s=96&d=mm&r=g","contentUrl":"https:\/\/secure.gravatar.com\/avatar\/1c476992411e4ccf153da63b2b2f5ea0bb4cb1c85f3ceab8512f04325ad5579c?s=96&d=mm&r=g","caption":"Corresponsal"},"url":"https:\/\/www.aridane.org\/city\/author\/corresponsal\/"}]}},"_links":{"self":[{"href":"https:\/\/www.aridane.org\/city\/wp-json\/wp\/v2\/posts\/4776","targetHints":{"allow":["GET"]}}],"collection":[{"href":"https:\/\/www.aridane.org\/city\/wp-json\/wp\/v2\/posts"}],"about":[{"href":"https:\/\/www.aridane.org\/city\/wp-json\/wp\/v2\/types\/post"}],"author":[{"embeddable":true,"href":"https:\/\/www.aridane.org\/city\/wp-json\/wp\/v2\/users\/4"}],"replies":[{"embeddable":true,"href":"https:\/\/www.aridane.org\/city\/wp-json\/wp\/v2\/comments?post=4776"}],"version-history":[{"count":1,"href":"https:\/\/www.aridane.org\/city\/wp-json\/wp\/v2\/posts\/4776\/revisions"}],"predecessor-version":[{"id":4777,"href":"https:\/\/www.aridane.org\/city\/wp-json\/wp\/v2\/posts\/4776\/revisions\/4777"}],"wp:featuredmedia":[{"embeddable":true,"href":"https:\/\/www.aridane.org\/city\/wp-json\/wp\/v2\/media\/2787"}],"wp:attachment":[{"href":"https:\/\/www.aridane.org\/city\/wp-json\/wp\/v2\/media?parent=4776"}],"wp:term":[{"taxonomy":"category","embeddable":true,"href":"https:\/\/www.aridane.org\/city\/wp-json\/wp\/v2\/categories?post=4776"},{"taxonomy":"post_tag","embeddable":true,"href":"https:\/\/www.aridane.org\/city\/wp-json\/wp\/v2\/tags?post=4776"}],"curies":[{"name":"wp","href":"https:\/\/api.w.org\/{rel}","templated":true}]}}