{"id":4780,"date":"2025-10-09T14:46:24","date_gmt":"2025-10-09T14:46:24","guid":{"rendered":"https:\/\/www.aridane.org\/city\/?p=4780"},"modified":"2025-10-09T14:46:24","modified_gmt":"2025-10-09T14:46:24","slug":"el-ayuntamiento-de-los-llanos-de-aridane-continua-renovando-el-parque-movil-municipal","status":"publish","type":"post","link":"https:\/\/www.aridane.org\/city\/2025\/10\/09\/el-ayuntamiento-de-los-llanos-de-aridane-continua-renovando-el-parque-movil-municipal\/","title":{"rendered":"El Ayuntamiento de Los Llanos de Aridane contin\u00faa renovando el parque m\u00f3vil municipal"},"content":{"rendered":"<p><i><span style=\"font-weight: 400;\">Se suman dos nuevos veh\u00edculos para ampliar los recursos del \u00e1rea de Obras<\/span><\/i><!--more--><\/p>\n<p><span style=\"font-weight: 400;\">El Ayuntamiento de Los Llanos de Aridane recibe un nuevo lote de veh\u00edculos como parte del renting de renovaci\u00f3n del parque m\u00f3vil municipal. En este caso, se trata de dos nuevos camiones volquete que ir\u00e1n destinados al \u00e1rea de Obras, en especial al servicio de se\u00f1alizaci\u00f3n.<\/span><\/p>\n<p><span style=\"font-weight: 400;\">El concejal de Transportes, Rubens D\u00edaz, apunta que esta entrega \u201csupone el tercer lote de veh\u00edculos que se han entregado para su uso, siendo cinco las colecciones restantes que se encuentran en fase de licitaci\u00f3n y entrega\u201d.<\/span><\/p>\n<p><span style=\"font-weight: 400;\">Asimismo, D\u00edaz recuerda que \u201cesto es solo un paso m\u00e1s en la materializaci\u00f3n del compromiso que este grupo de gobierno ha tenido desde el primer momento con la renovaci\u00f3n de estos veh\u00edculos, que permitir\u00e1 al personal del Ayuntamiento trabajar con mayor comodidad y de forma m\u00e1s eficaz y efectiva\u201d.<\/span><\/p>\n<p><span style=\"font-weight: 400;\">La entrega de estos recursos materiales ha sido realizada por la empresa Archipi\u00e9lago Renting, que de esta forma contribuye directamente al desarrollo de esta renovaci\u00f3n integral de la flota.\u00a0<\/span><\/p>\n<p><span style=\"font-weight: 400;\">Se trata de dos camiones con caja o volquete de 3.500 kilogramos de MMA y un motor de 150 caballos de potencia. Se caracterizan por su versatilidad y maniobrabilidad, pudiendo emplearse para distintas tareas del \u00e1rea de Obras.<\/span><\/p>\n<p><span style=\"font-weight: 400;\">Adem\u00e1s, estos veh\u00edculos cuentan con tecnolog\u00eda avanzada que permite una movilidad m\u00e1s sostenible. De esta forma, el Ayuntamiento contin\u00faa su compromiso con la protecci\u00f3n del medioambiente y la reducci\u00f3n de la huella de carbono a trav\u00e9s de pr\u00e1cticas responsables.<\/span><\/p>\n","protected":false},"excerpt":{"rendered":"<p>Se suman dos nuevos veh\u00edculos para ampliar los recursos del \u00e1rea de Obras<\/p>\n","protected":false},"author":4,"featured_media":4781,"comment_status":"open","ping_status":"open","sticky":false,"template":"","format":"standard","meta":{"footnotes":""},"categories":[1],"tags":[],"class_list":["post-4780","post","type-post","status-publish","format-standard","has-post-thumbnail","hentry","category-sin-categoria"],"yoast_head":"<!-- This site is optimized with the Yoast SEO plugin v22.7 - https:\/\/yoast.com\/wordpress\/plugins\/seo\/ -->\n<title>El Ayuntamiento de Los Llanos de Aridane contin\u00faa renovando el parque m\u00f3vil municipal - Ayuntamiento de Los Llanos de Aridane<\/title>\n<meta name=\"robots\" content=\"index, follow, max-snippet:-1, max-image-preview:large, max-video-preview:-1\" \/>\n<link rel=\"canonical\" href=\"https:\/\/www.aridane.org\/city\/2025\/10\/09\/el-ayuntamiento-de-los-llanos-de-aridane-continua-renovando-el-parque-movil-municipal\/\" \/>\n<meta property=\"og:locale\" content=\"es_ES\" \/>\n<meta property=\"og:type\" content=\"article\" \/>\n<meta property=\"og:title\" content=\"El Ayuntamiento de Los Llanos de Aridane contin\u00faa renovando el parque m\u00f3vil municipal - Ayuntamiento de Los Llanos de Aridane\" \/>\n<meta property=\"og:description\" content=\"Se suman dos nuevos veh\u00edculos para ampliar los recursos del \u00e1rea de Obras\" \/>\n<meta property=\"og:url\" content=\"https:\/\/www.aridane.org\/city\/2025\/10\/09\/el-ayuntamiento-de-los-llanos-de-aridane-continua-renovando-el-parque-movil-municipal\/\" \/>\n<meta property=\"og:site_name\" content=\"Ayuntamiento de Los Llanos de Aridane\" \/>\n<meta property=\"article:published_time\" content=\"2025-10-09T14:46:24+00:00\" \/>\n<meta property=\"og:image\" content=\"https:\/\/www.aridane.org\/city\/wp-content\/uploads\/2025\/10\/NP-Entrega-vehiculos-renting-scaled.jpeg\" \/>\n\t<meta property=\"og:image:width\" content=\"2560\" \/>\n\t<meta property=\"og:image:height\" content=\"1920\" \/>\n\t<meta property=\"og:image:type\" content=\"image\/jpeg\" \/>\n<meta name=\"author\" content=\"Corresponsal\" \/>\n<meta name=\"twitter:card\" content=\"summary_large_image\" \/>\n<meta name=\"twitter:label1\" content=\"Escrito por\" \/>\n\t<meta name=\"twitter:data1\" content=\"Corresponsal\" \/>\n\t<meta name=\"twitter:label2\" content=\"Tiempo de lectura\" \/>\n\t<meta name=\"twitter:data2\" content=\"2 minutos\" \/>\n<script type=\"application\/ld+json\" class=\"yoast-schema-graph\">{\"@context\":\"https:\/\/schema.org\",\"@graph\":[{\"@type\":\"WebPage\",\"@id\":\"https:\/\/www.aridane.org\/city\/2025\/10\/09\/el-ayuntamiento-de-los-llanos-de-aridane-continua-renovando-el-parque-movil-municipal\/\",\"url\":\"https:\/\/www.aridane.org\/city\/2025\/10\/09\/el-ayuntamiento-de-los-llanos-de-aridane-continua-renovando-el-parque-movil-municipal\/\",\"name\":\"El Ayuntamiento de Los Llanos de Aridane contin\u00faa renovando el parque m\u00f3vil municipal - Ayuntamiento de Los Llanos de Aridane\",\"isPartOf\":{\"@id\":\"https:\/\/www.aridane.org\/city\/#website\"},\"primaryImageOfPage\":{\"@id\":\"https:\/\/www.aridane.org\/city\/2025\/10\/09\/el-ayuntamiento-de-los-llanos-de-aridane-continua-renovando-el-parque-movil-municipal\/#primaryimage\"},\"image\":{\"@id\":\"https:\/\/www.aridane.org\/city\/2025\/10\/09\/el-ayuntamiento-de-los-llanos-de-aridane-continua-renovando-el-parque-movil-municipal\/#primaryimage\"},\"thumbnailUrl\":\"https:\/\/www.aridane.org\/city\/wp-content\/uploads\/2025\/10\/NP-Entrega-vehiculos-renting-scaled.jpeg\",\"datePublished\":\"2025-10-09T14:46:24+00:00\",\"dateModified\":\"2025-10-09T14:46:24+00:00\",\"author\":{\"@id\":\"https:\/\/www.aridane.org\/city\/#\/schema\/person\/89ebd376b223dc94cc1dbcf200c8e6da\"},\"breadcrumb\":{\"@id\":\"https:\/\/www.aridane.org\/city\/2025\/10\/09\/el-ayuntamiento-de-los-llanos-de-aridane-continua-renovando-el-parque-movil-municipal\/#breadcrumb\"},\"inLanguage\":\"es\",\"potentialAction\":[{\"@type\":\"ReadAction\",\"target\":[\"https:\/\/www.aridane.org\/city\/2025\/10\/09\/el-ayuntamiento-de-los-llanos-de-aridane-continua-renovando-el-parque-movil-municipal\/\"]}]},{\"@type\":\"ImageObject\",\"inLanguage\":\"es\",\"@id\":\"https:\/\/www.aridane.org\/city\/2025\/10\/09\/el-ayuntamiento-de-los-llanos-de-aridane-continua-renovando-el-parque-movil-municipal\/#primaryimage\",\"url\":\"https:\/\/www.aridane.org\/city\/wp-content\/uploads\/2025\/10\/NP-Entrega-vehiculos-renting-scaled.jpeg\",\"contentUrl\":\"https:\/\/www.aridane.org\/city\/wp-content\/uploads\/2025\/10\/NP-Entrega-vehiculos-renting-scaled.jpeg\",\"width\":2560,\"height\":1920},{\"@type\":\"BreadcrumbList\",\"@id\":\"https:\/\/www.aridane.org\/city\/2025\/10\/09\/el-ayuntamiento-de-los-llanos-de-aridane-continua-renovando-el-parque-movil-municipal\/#breadcrumb\",\"itemListElement\":[{\"@type\":\"ListItem\",\"position\":1,\"name\":\"Portada\",\"item\":\"https:\/\/www.aridane.org\/city\/\"},{\"@type\":\"ListItem\",\"position\":2,\"name\":\"El Ayuntamiento de Los Llanos de Aridane contin\u00faa renovando el parque m\u00f3vil municipal\"}]},{\"@type\":\"WebSite\",\"@id\":\"https:\/\/www.aridane.org\/city\/#website\",\"url\":\"https:\/\/www.aridane.org\/city\/\",\"name\":\"Ayuntamiento de Los Llanos de Aridane\",\"description\":\"\",\"potentialAction\":[{\"@type\":\"SearchAction\",\"target\":{\"@type\":\"EntryPoint\",\"urlTemplate\":\"https:\/\/www.aridane.org\/city\/?s={search_term_string}\"},\"query-input\":\"required name=search_term_string\"}],\"inLanguage\":\"es\"},{\"@type\":\"Person\",\"@id\":\"https:\/\/www.aridane.org\/city\/#\/schema\/person\/89ebd376b223dc94cc1dbcf200c8e6da\",\"name\":\"Corresponsal\",\"image\":{\"@type\":\"ImageObject\",\"inLanguage\":\"es\",\"@id\":\"https:\/\/www.aridane.org\/city\/#\/schema\/person\/image\/\",\"url\":\"https:\/\/secure.gravatar.com\/avatar\/1c476992411e4ccf153da63b2b2f5ea0bb4cb1c85f3ceab8512f04325ad5579c?s=96&d=mm&r=g\",\"contentUrl\":\"https:\/\/secure.gravatar.com\/avatar\/1c476992411e4ccf153da63b2b2f5ea0bb4cb1c85f3ceab8512f04325ad5579c?s=96&d=mm&r=g\",\"caption\":\"Corresponsal\"},\"url\":\"https:\/\/www.aridane.org\/city\/author\/corresponsal\/\"}]}<\/script>\n<!-- \/ Yoast SEO plugin. -->","yoast_head_json":{"title":"El Ayuntamiento de Los Llanos de Aridane contin\u00faa renovando el parque m\u00f3vil municipal - Ayuntamiento de Los Llanos de Aridane","robots":{"index":"index","follow":"follow","max-snippet":"max-snippet:-1","max-image-preview":"max-image-preview:large","max-video-preview":"max-video-preview:-1"},"canonical":"https:\/\/www.aridane.org\/city\/2025\/10\/09\/el-ayuntamiento-de-los-llanos-de-aridane-continua-renovando-el-parque-movil-municipal\/","og_locale":"es_ES","og_type":"article","og_title":"El Ayuntamiento de Los Llanos de Aridane contin\u00faa renovando el parque m\u00f3vil municipal - Ayuntamiento de Los Llanos de Aridane","og_description":"Se suman dos nuevos veh\u00edculos para ampliar los recursos del \u00e1rea de Obras","og_url":"https:\/\/www.aridane.org\/city\/2025\/10\/09\/el-ayuntamiento-de-los-llanos-de-aridane-continua-renovando-el-parque-movil-municipal\/","og_site_name":"Ayuntamiento de Los Llanos de Aridane","article_published_time":"2025-10-09T14:46:24+00:00","og_image":[{"width":2560,"height":1920,"url":"https:\/\/www.aridane.org\/city\/wp-content\/uploads\/2025\/10\/NP-Entrega-vehiculos-renting-scaled.jpeg","type":"image\/jpeg"}],"author":"Corresponsal","twitter_card":"summary_large_image","twitter_misc":{"Escrito por":"Corresponsal","Tiempo de lectura":"2 minutos"},"schema":{"@context":"https:\/\/schema.org","@graph":[{"@type":"WebPage","@id":"https:\/\/www.aridane.org\/city\/2025\/10\/09\/el-ayuntamiento-de-los-llanos-de-aridane-continua-renovando-el-parque-movil-municipal\/","url":"https:\/\/www.aridane.org\/city\/2025\/10\/09\/el-ayuntamiento-de-los-llanos-de-aridane-continua-renovando-el-parque-movil-municipal\/","name":"El Ayuntamiento de Los Llanos de Aridane contin\u00faa renovando el parque m\u00f3vil municipal - Ayuntamiento de Los Llanos de Aridane","isPartOf":{"@id":"https:\/\/www.aridane.org\/city\/#website"},"primaryImageOfPage":{"@id":"https:\/\/www.aridane.org\/city\/2025\/10\/09\/el-ayuntamiento-de-los-llanos-de-aridane-continua-renovando-el-parque-movil-municipal\/#primaryimage"},"image":{"@id":"https:\/\/www.aridane.org\/city\/2025\/10\/09\/el-ayuntamiento-de-los-llanos-de-aridane-continua-renovando-el-parque-movil-municipal\/#primaryimage"},"thumbnailUrl":"https:\/\/www.aridane.org\/city\/wp-content\/uploads\/2025\/10\/NP-Entrega-vehiculos-renting-scaled.jpeg","datePublished":"2025-10-09T14:46:24+00:00","dateModified":"2025-10-09T14:46:24+00:00","author":{"@id":"https:\/\/www.aridane.org\/city\/#\/schema\/person\/89ebd376b223dc94cc1dbcf200c8e6da"},"breadcrumb":{"@id":"https:\/\/www.aridane.org\/city\/2025\/10\/09\/el-ayuntamiento-de-los-llanos-de-aridane-continua-renovando-el-parque-movil-municipal\/#breadcrumb"},"inLanguage":"es","potentialAction":[{"@type":"ReadAction","target":["https:\/\/www.aridane.org\/city\/2025\/10\/09\/el-ayuntamiento-de-los-llanos-de-aridane-continua-renovando-el-parque-movil-municipal\/"]}]},{"@type":"ImageObject","inLanguage":"es","@id":"https:\/\/www.aridane.org\/city\/2025\/10\/09\/el-ayuntamiento-de-los-llanos-de-aridane-continua-renovando-el-parque-movil-municipal\/#primaryimage","url":"https:\/\/www.aridane.org\/city\/wp-content\/uploads\/2025\/10\/NP-Entrega-vehiculos-renting-scaled.jpeg","contentUrl":"https:\/\/www.aridane.org\/city\/wp-content\/uploads\/2025\/10\/NP-Entrega-vehiculos-renting-scaled.jpeg","width":2560,"height":1920},{"@type":"BreadcrumbList","@id":"https:\/\/www.aridane.org\/city\/2025\/10\/09\/el-ayuntamiento-de-los-llanos-de-aridane-continua-renovando-el-parque-movil-municipal\/#breadcrumb","itemListElement":[{"@type":"ListItem","position":1,"name":"Portada","item":"https:\/\/www.aridane.org\/city\/"},{"@type":"ListItem","position":2,"name":"El Ayuntamiento de Los Llanos de Aridane contin\u00faa renovando el parque m\u00f3vil municipal"}]},{"@type":"WebSite","@id":"https:\/\/www.aridane.org\/city\/#website","url":"https:\/\/www.aridane.org\/city\/","name":"Ayuntamiento de Los Llanos de Aridane","description":"","potentialAction":[{"@type":"SearchAction","target":{"@type":"EntryPoint","urlTemplate":"https:\/\/www.aridane.org\/city\/?s={search_term_string}"},"query-input":"required name=search_term_string"}],"inLanguage":"es"},{"@type":"Person","@id":"https:\/\/www.aridane.org\/city\/#\/schema\/person\/89ebd376b223dc94cc1dbcf200c8e6da","name":"Corresponsal","image":{"@type":"ImageObject","inLanguage":"es","@id":"https:\/\/www.aridane.org\/city\/#\/schema\/person\/image\/","url":"https:\/\/secure.gravatar.com\/avatar\/1c476992411e4ccf153da63b2b2f5ea0bb4cb1c85f3ceab8512f04325ad5579c?s=96&d=mm&r=g","contentUrl":"https:\/\/secure.gravatar.com\/avatar\/1c476992411e4ccf153da63b2b2f5ea0bb4cb1c85f3ceab8512f04325ad5579c?s=96&d=mm&r=g","caption":"Corresponsal"},"url":"https:\/\/www.aridane.org\/city\/author\/corresponsal\/"}]}},"_links":{"self":[{"href":"https:\/\/www.aridane.org\/city\/wp-json\/wp\/v2\/posts\/4780","targetHints":{"allow":["GET"]}}],"collection":[{"href":"https:\/\/www.aridane.org\/city\/wp-json\/wp\/v2\/posts"}],"about":[{"href":"https:\/\/www.aridane.org\/city\/wp-json\/wp\/v2\/types\/post"}],"author":[{"embeddable":true,"href":"https:\/\/www.aridane.org\/city\/wp-json\/wp\/v2\/users\/4"}],"replies":[{"embeddable":true,"href":"https:\/\/www.aridane.org\/city\/wp-json\/wp\/v2\/comments?post=4780"}],"version-history":[{"count":1,"href":"https:\/\/www.aridane.org\/city\/wp-json\/wp\/v2\/posts\/4780\/revisions"}],"predecessor-version":[{"id":4782,"href":"https:\/\/www.aridane.org\/city\/wp-json\/wp\/v2\/posts\/4780\/revisions\/4782"}],"wp:featuredmedia":[{"embeddable":true,"href":"https:\/\/www.aridane.org\/city\/wp-json\/wp\/v2\/media\/4781"}],"wp:attachment":[{"href":"https:\/\/www.aridane.org\/city\/wp-json\/wp\/v2\/media?parent=4780"}],"wp:term":[{"taxonomy":"category","embeddable":true,"href":"https:\/\/www.aridane.org\/city\/wp-json\/wp\/v2\/categories?post=4780"},{"taxonomy":"post_tag","embeddable":true,"href":"https:\/\/www.aridane.org\/city\/wp-json\/wp\/v2\/tags?post=4780"}],"curies":[{"name":"wp","href":"https:\/\/api.w.org\/{rel}","templated":true}]}}