{"id":4784,"date":"2025-10-03T12:45:29","date_gmt":"2025-10-03T12:45:29","guid":{"rendered":"https:\/\/www.aridane.org\/city\/?p=4784"},"modified":"2025-10-13T12:46:52","modified_gmt":"2025-10-13T12:46:52","slug":"los-llanos-de-aridane-activa-un-plan-de-asfaltado-para-transformar-la-red-viaria-del-municipio","status":"publish","type":"post","link":"https:\/\/www.aridane.org\/city\/2025\/10\/03\/los-llanos-de-aridane-activa-un-plan-de-asfaltado-para-transformar-la-red-viaria-del-municipio\/","title":{"rendered":"Los Llanos de Aridane activa un Plan de Asfaltado para transformar la red viaria del municipio"},"content":{"rendered":"<p><em>Entre las actuaciones previstas para 2025 se encuentran los caminos Sargento, de Faria, Las Piteras, Rodrigo, Arocha y A Torres<\/em><!--more--><\/p>\n<p>El Ayuntamiento de Los Llanos de Aridane presenta el Plan de Asfaltado Municipal, una hoja de ruta que marca un antes y un despu\u00e9s en la mejora de la red viaria del municipio. Se trata de una actuaci\u00f3n que responde a una de las principales demandas vecinales y que busca garantizar unas calles y caminos en mejores condiciones de accesibilidad, seguridad y calidad de vida.<\/p>\n<p>El alcalde, Javier Llamas, explica que el plan incluye m\u00e1s de 30 v\u00edas con necesidades de intervenci\u00f3n y m\u00e1s de 10 proyectos que ya est\u00e1n redactados o en redacci\u00f3n.<\/p>\n<p>\u201cPor primera vez enfocamos uno de los temas m\u00e1s sensibles del municipio con planificaci\u00f3n y estrategia. Lo incluimos en el presupuesto de este a\u00f1o, nos pusimos manos a la obra y hoy anunciamos un plan de trabajo que ser\u00e1 sostenido en el tiempo y que contar\u00e1 con licitaciones inmediatas para arrancar las primeras obras de manera \u00e1gil y con garant\u00edas \u201d, se\u00f1ala.<\/p>\n<p>Entre las actuaciones previstas para 2025 se encuentran los caminos Sargento, de Faria, Las Piteras, Rodrigo, Arocha y A Torres.<\/p>\n<p>Por su parte, la concejala de Urbanismo, Tamara Acosta, destaca el trabajo de la Oficina T\u00e9cnica en la redacci\u00f3n de proyectos, as\u00ed como el apoyo de empresas locales que tambi\u00e9n est\u00e1n elaborando propuestas dentro de esta fase.<\/p>\n<p>\u201cEs un esfuerzo conjunto que agiliza los plazos y nos permite tener una base s\u00f3lida para que las licitaciones se activen cuanto antes. La implicaci\u00f3n del sector local es fundamental para que el plan avance con la rapidez que demandan los vecinos\u201d, se\u00f1ala.<\/p>\n<p>Por \u00faltimo, el alcalde agradece el trabajo conjunto del personal municipal y de las \u00e1reas del Ayuntamiento involucradas (Urbanismo, Obras y Contrataci\u00f3n) para detectar las necesidades, activar las licitaciones y emprender el Plan de Asfaltado Municipal.<\/p>\n","protected":false},"excerpt":{"rendered":"<p>Entre las actuaciones previstas para 2025 se encuentran los caminos Sargento, de Faria, Las Piteras, Rodrigo, Arocha y A Torres<\/p>\n","protected":false},"author":4,"featured_media":4785,"comment_status":"open","ping_status":"open","sticky":false,"template":"","format":"standard","meta":{"footnotes":""},"categories":[1],"tags":[],"class_list":["post-4784","post","type-post","status-publish","format-standard","has-post-thumbnail","hentry","category-sin-categoria"],"yoast_head":"<!-- This site is optimized with the Yoast SEO plugin v22.7 - https:\/\/yoast.com\/wordpress\/plugins\/seo\/ -->\n<title>Los Llanos de Aridane activa un Plan de Asfaltado para transformar la red viaria del municipio - Ayuntamiento de Los Llanos de Aridane<\/title>\n<meta name=\"robots\" content=\"index, follow, max-snippet:-1, max-image-preview:large, max-video-preview:-1\" \/>\n<link rel=\"canonical\" href=\"https:\/\/www.aridane.org\/city\/2025\/10\/03\/los-llanos-de-aridane-activa-un-plan-de-asfaltado-para-transformar-la-red-viaria-del-municipio\/\" \/>\n<meta property=\"og:locale\" content=\"es_ES\" \/>\n<meta property=\"og:type\" content=\"article\" \/>\n<meta property=\"og:title\" content=\"Los Llanos de Aridane activa un Plan de Asfaltado para transformar la red viaria del municipio - Ayuntamiento de Los Llanos de Aridane\" \/>\n<meta property=\"og:description\" content=\"Entre las actuaciones previstas para 2025 se encuentran los caminos Sargento, de Faria, Las Piteras, Rodrigo, Arocha y A Torres\" \/>\n<meta property=\"og:url\" content=\"https:\/\/www.aridane.org\/city\/2025\/10\/03\/los-llanos-de-aridane-activa-un-plan-de-asfaltado-para-transformar-la-red-viaria-del-municipio\/\" \/>\n<meta property=\"og:site_name\" content=\"Ayuntamiento de Los Llanos de Aridane\" \/>\n<meta property=\"article:published_time\" content=\"2025-10-03T12:45:29+00:00\" \/>\n<meta property=\"article:modified_time\" content=\"2025-10-13T12:46:52+00:00\" \/>\n<meta property=\"og:image\" content=\"https:\/\/www.aridane.org\/city\/wp-content\/uploads\/2025\/10\/NP-Plan-de-Asfaltado-scaled.jpeg\" \/>\n\t<meta property=\"og:image:width\" content=\"2560\" \/>\n\t<meta property=\"og:image:height\" content=\"1920\" \/>\n\t<meta property=\"og:image:type\" content=\"image\/jpeg\" \/>\n<meta name=\"author\" content=\"Corresponsal\" \/>\n<meta name=\"twitter:card\" content=\"summary_large_image\" \/>\n<meta name=\"twitter:label1\" content=\"Escrito por\" \/>\n\t<meta name=\"twitter:data1\" content=\"Corresponsal\" \/>\n\t<meta name=\"twitter:label2\" content=\"Tiempo de lectura\" \/>\n\t<meta name=\"twitter:data2\" content=\"2 minutos\" \/>\n<script type=\"application\/ld+json\" class=\"yoast-schema-graph\">{\"@context\":\"https:\/\/schema.org\",\"@graph\":[{\"@type\":\"WebPage\",\"@id\":\"https:\/\/www.aridane.org\/city\/2025\/10\/03\/los-llanos-de-aridane-activa-un-plan-de-asfaltado-para-transformar-la-red-viaria-del-municipio\/\",\"url\":\"https:\/\/www.aridane.org\/city\/2025\/10\/03\/los-llanos-de-aridane-activa-un-plan-de-asfaltado-para-transformar-la-red-viaria-del-municipio\/\",\"name\":\"Los Llanos de Aridane activa un Plan de Asfaltado para transformar la red viaria del municipio - Ayuntamiento de Los Llanos de Aridane\",\"isPartOf\":{\"@id\":\"https:\/\/www.aridane.org\/city\/#website\"},\"primaryImageOfPage\":{\"@id\":\"https:\/\/www.aridane.org\/city\/2025\/10\/03\/los-llanos-de-aridane-activa-un-plan-de-asfaltado-para-transformar-la-red-viaria-del-municipio\/#primaryimage\"},\"image\":{\"@id\":\"https:\/\/www.aridane.org\/city\/2025\/10\/03\/los-llanos-de-aridane-activa-un-plan-de-asfaltado-para-transformar-la-red-viaria-del-municipio\/#primaryimage\"},\"thumbnailUrl\":\"https:\/\/www.aridane.org\/city\/wp-content\/uploads\/2025\/10\/NP-Plan-de-Asfaltado-scaled.jpeg\",\"datePublished\":\"2025-10-03T12:45:29+00:00\",\"dateModified\":\"2025-10-13T12:46:52+00:00\",\"author\":{\"@id\":\"https:\/\/www.aridane.org\/city\/#\/schema\/person\/89ebd376b223dc94cc1dbcf200c8e6da\"},\"breadcrumb\":{\"@id\":\"https:\/\/www.aridane.org\/city\/2025\/10\/03\/los-llanos-de-aridane-activa-un-plan-de-asfaltado-para-transformar-la-red-viaria-del-municipio\/#breadcrumb\"},\"inLanguage\":\"es\",\"potentialAction\":[{\"@type\":\"ReadAction\",\"target\":[\"https:\/\/www.aridane.org\/city\/2025\/10\/03\/los-llanos-de-aridane-activa-un-plan-de-asfaltado-para-transformar-la-red-viaria-del-municipio\/\"]}]},{\"@type\":\"ImageObject\",\"inLanguage\":\"es\",\"@id\":\"https:\/\/www.aridane.org\/city\/2025\/10\/03\/los-llanos-de-aridane-activa-un-plan-de-asfaltado-para-transformar-la-red-viaria-del-municipio\/#primaryimage\",\"url\":\"https:\/\/www.aridane.org\/city\/wp-content\/uploads\/2025\/10\/NP-Plan-de-Asfaltado-scaled.jpeg\",\"contentUrl\":\"https:\/\/www.aridane.org\/city\/wp-content\/uploads\/2025\/10\/NP-Plan-de-Asfaltado-scaled.jpeg\",\"width\":2560,\"height\":1920},{\"@type\":\"BreadcrumbList\",\"@id\":\"https:\/\/www.aridane.org\/city\/2025\/10\/03\/los-llanos-de-aridane-activa-un-plan-de-asfaltado-para-transformar-la-red-viaria-del-municipio\/#breadcrumb\",\"itemListElement\":[{\"@type\":\"ListItem\",\"position\":1,\"name\":\"Portada\",\"item\":\"https:\/\/www.aridane.org\/city\/\"},{\"@type\":\"ListItem\",\"position\":2,\"name\":\"Los Llanos de Aridane activa un Plan de Asfaltado para transformar la red viaria del municipio\"}]},{\"@type\":\"WebSite\",\"@id\":\"https:\/\/www.aridane.org\/city\/#website\",\"url\":\"https:\/\/www.aridane.org\/city\/\",\"name\":\"Ayuntamiento de Los Llanos de Aridane\",\"description\":\"\",\"potentialAction\":[{\"@type\":\"SearchAction\",\"target\":{\"@type\":\"EntryPoint\",\"urlTemplate\":\"https:\/\/www.aridane.org\/city\/?s={search_term_string}\"},\"query-input\":\"required name=search_term_string\"}],\"inLanguage\":\"es\"},{\"@type\":\"Person\",\"@id\":\"https:\/\/www.aridane.org\/city\/#\/schema\/person\/89ebd376b223dc94cc1dbcf200c8e6da\",\"name\":\"Corresponsal\",\"image\":{\"@type\":\"ImageObject\",\"inLanguage\":\"es\",\"@id\":\"https:\/\/www.aridane.org\/city\/#\/schema\/person\/image\/\",\"url\":\"https:\/\/secure.gravatar.com\/avatar\/1c476992411e4ccf153da63b2b2f5ea0bb4cb1c85f3ceab8512f04325ad5579c?s=96&d=mm&r=g\",\"contentUrl\":\"https:\/\/secure.gravatar.com\/avatar\/1c476992411e4ccf153da63b2b2f5ea0bb4cb1c85f3ceab8512f04325ad5579c?s=96&d=mm&r=g\",\"caption\":\"Corresponsal\"},\"url\":\"https:\/\/www.aridane.org\/city\/author\/corresponsal\/\"}]}<\/script>\n<!-- \/ Yoast SEO plugin. -->","yoast_head_json":{"title":"Los Llanos de Aridane activa un Plan de Asfaltado para transformar la red viaria del municipio - Ayuntamiento de Los Llanos de Aridane","robots":{"index":"index","follow":"follow","max-snippet":"max-snippet:-1","max-image-preview":"max-image-preview:large","max-video-preview":"max-video-preview:-1"},"canonical":"https:\/\/www.aridane.org\/city\/2025\/10\/03\/los-llanos-de-aridane-activa-un-plan-de-asfaltado-para-transformar-la-red-viaria-del-municipio\/","og_locale":"es_ES","og_type":"article","og_title":"Los Llanos de Aridane activa un Plan de Asfaltado para transformar la red viaria del municipio - Ayuntamiento de Los Llanos de Aridane","og_description":"Entre las actuaciones previstas para 2025 se encuentran los caminos Sargento, de Faria, Las Piteras, Rodrigo, Arocha y A Torres","og_url":"https:\/\/www.aridane.org\/city\/2025\/10\/03\/los-llanos-de-aridane-activa-un-plan-de-asfaltado-para-transformar-la-red-viaria-del-municipio\/","og_site_name":"Ayuntamiento de Los Llanos de Aridane","article_published_time":"2025-10-03T12:45:29+00:00","article_modified_time":"2025-10-13T12:46:52+00:00","og_image":[{"width":2560,"height":1920,"url":"https:\/\/www.aridane.org\/city\/wp-content\/uploads\/2025\/10\/NP-Plan-de-Asfaltado-scaled.jpeg","type":"image\/jpeg"}],"author":"Corresponsal","twitter_card":"summary_large_image","twitter_misc":{"Escrito por":"Corresponsal","Tiempo de lectura":"2 minutos"},"schema":{"@context":"https:\/\/schema.org","@graph":[{"@type":"WebPage","@id":"https:\/\/www.aridane.org\/city\/2025\/10\/03\/los-llanos-de-aridane-activa-un-plan-de-asfaltado-para-transformar-la-red-viaria-del-municipio\/","url":"https:\/\/www.aridane.org\/city\/2025\/10\/03\/los-llanos-de-aridane-activa-un-plan-de-asfaltado-para-transformar-la-red-viaria-del-municipio\/","name":"Los Llanos de Aridane activa un Plan de Asfaltado para transformar la red viaria del municipio - Ayuntamiento de Los Llanos de Aridane","isPartOf":{"@id":"https:\/\/www.aridane.org\/city\/#website"},"primaryImageOfPage":{"@id":"https:\/\/www.aridane.org\/city\/2025\/10\/03\/los-llanos-de-aridane-activa-un-plan-de-asfaltado-para-transformar-la-red-viaria-del-municipio\/#primaryimage"},"image":{"@id":"https:\/\/www.aridane.org\/city\/2025\/10\/03\/los-llanos-de-aridane-activa-un-plan-de-asfaltado-para-transformar-la-red-viaria-del-municipio\/#primaryimage"},"thumbnailUrl":"https:\/\/www.aridane.org\/city\/wp-content\/uploads\/2025\/10\/NP-Plan-de-Asfaltado-scaled.jpeg","datePublished":"2025-10-03T12:45:29+00:00","dateModified":"2025-10-13T12:46:52+00:00","author":{"@id":"https:\/\/www.aridane.org\/city\/#\/schema\/person\/89ebd376b223dc94cc1dbcf200c8e6da"},"breadcrumb":{"@id":"https:\/\/www.aridane.org\/city\/2025\/10\/03\/los-llanos-de-aridane-activa-un-plan-de-asfaltado-para-transformar-la-red-viaria-del-municipio\/#breadcrumb"},"inLanguage":"es","potentialAction":[{"@type":"ReadAction","target":["https:\/\/www.aridane.org\/city\/2025\/10\/03\/los-llanos-de-aridane-activa-un-plan-de-asfaltado-para-transformar-la-red-viaria-del-municipio\/"]}]},{"@type":"ImageObject","inLanguage":"es","@id":"https:\/\/www.aridane.org\/city\/2025\/10\/03\/los-llanos-de-aridane-activa-un-plan-de-asfaltado-para-transformar-la-red-viaria-del-municipio\/#primaryimage","url":"https:\/\/www.aridane.org\/city\/wp-content\/uploads\/2025\/10\/NP-Plan-de-Asfaltado-scaled.jpeg","contentUrl":"https:\/\/www.aridane.org\/city\/wp-content\/uploads\/2025\/10\/NP-Plan-de-Asfaltado-scaled.jpeg","width":2560,"height":1920},{"@type":"BreadcrumbList","@id":"https:\/\/www.aridane.org\/city\/2025\/10\/03\/los-llanos-de-aridane-activa-un-plan-de-asfaltado-para-transformar-la-red-viaria-del-municipio\/#breadcrumb","itemListElement":[{"@type":"ListItem","position":1,"name":"Portada","item":"https:\/\/www.aridane.org\/city\/"},{"@type":"ListItem","position":2,"name":"Los Llanos de Aridane activa un Plan de Asfaltado para transformar la red viaria del municipio"}]},{"@type":"WebSite","@id":"https:\/\/www.aridane.org\/city\/#website","url":"https:\/\/www.aridane.org\/city\/","name":"Ayuntamiento de Los Llanos de Aridane","description":"","potentialAction":[{"@type":"SearchAction","target":{"@type":"EntryPoint","urlTemplate":"https:\/\/www.aridane.org\/city\/?s={search_term_string}"},"query-input":"required name=search_term_string"}],"inLanguage":"es"},{"@type":"Person","@id":"https:\/\/www.aridane.org\/city\/#\/schema\/person\/89ebd376b223dc94cc1dbcf200c8e6da","name":"Corresponsal","image":{"@type":"ImageObject","inLanguage":"es","@id":"https:\/\/www.aridane.org\/city\/#\/schema\/person\/image\/","url":"https:\/\/secure.gravatar.com\/avatar\/1c476992411e4ccf153da63b2b2f5ea0bb4cb1c85f3ceab8512f04325ad5579c?s=96&d=mm&r=g","contentUrl":"https:\/\/secure.gravatar.com\/avatar\/1c476992411e4ccf153da63b2b2f5ea0bb4cb1c85f3ceab8512f04325ad5579c?s=96&d=mm&r=g","caption":"Corresponsal"},"url":"https:\/\/www.aridane.org\/city\/author\/corresponsal\/"}]}},"_links":{"self":[{"href":"https:\/\/www.aridane.org\/city\/wp-json\/wp\/v2\/posts\/4784","targetHints":{"allow":["GET"]}}],"collection":[{"href":"https:\/\/www.aridane.org\/city\/wp-json\/wp\/v2\/posts"}],"about":[{"href":"https:\/\/www.aridane.org\/city\/wp-json\/wp\/v2\/types\/post"}],"author":[{"embeddable":true,"href":"https:\/\/www.aridane.org\/city\/wp-json\/wp\/v2\/users\/4"}],"replies":[{"embeddable":true,"href":"https:\/\/www.aridane.org\/city\/wp-json\/wp\/v2\/comments?post=4784"}],"version-history":[{"count":1,"href":"https:\/\/www.aridane.org\/city\/wp-json\/wp\/v2\/posts\/4784\/revisions"}],"predecessor-version":[{"id":4786,"href":"https:\/\/www.aridane.org\/city\/wp-json\/wp\/v2\/posts\/4784\/revisions\/4786"}],"wp:featuredmedia":[{"embeddable":true,"href":"https:\/\/www.aridane.org\/city\/wp-json\/wp\/v2\/media\/4785"}],"wp:attachment":[{"href":"https:\/\/www.aridane.org\/city\/wp-json\/wp\/v2\/media?parent=4784"}],"wp:term":[{"taxonomy":"category","embeddable":true,"href":"https:\/\/www.aridane.org\/city\/wp-json\/wp\/v2\/categories?post=4784"},{"taxonomy":"post_tag","embeddable":true,"href":"https:\/\/www.aridane.org\/city\/wp-json\/wp\/v2\/tags?post=4784"}],"curies":[{"name":"wp","href":"https:\/\/api.w.org\/{rel}","templated":true}]}}