{"id":4787,"date":"2025-10-08T12:48:23","date_gmt":"2025-10-08T12:48:23","guid":{"rendered":"https:\/\/www.aridane.org\/city\/?p=4787"},"modified":"2025-10-13T12:49:30","modified_gmt":"2025-10-13T12:49:30","slug":"los-llanos-de-aridane-activa-las-tres-primeras-licitaciones-del-plan-de-asfaltado","status":"publish","type":"post","link":"https:\/\/www.aridane.org\/city\/2025\/10\/08\/los-llanos-de-aridane-activa-las-tres-primeras-licitaciones-del-plan-de-asfaltado\/","title":{"rendered":"Los Llanos de Aridane activa las tres primeras licitaciones del Plan de Asfaltado"},"content":{"rendered":"<p><em>El Ayuntamiento har\u00e1 una inversi\u00f3n superior a los 400.000 euros en la primera fase de esta estrategia<\/em><!--more--><\/p>\n<div id=\"v1forwardbody1\">\n<p>El Ayuntamiento de Los Llanos de Aridane avanza en la ejecuci\u00f3n de su Plan de Asfaltado Municipal con la publicaci\u00f3n de las tres primeras licitaciones para la repavimentaci\u00f3n de los caminos del Barranco de los Hombres, Sargento y Far\u00eda. Actuaciones que permitir\u00e1n mejorar la movilidad, la seguridad vial y el acceso en distintas zonas del municipio.<\/p>\n<p>El alcalde, Javier Llamas, se\u00f1ala que estas licitaciones dan continuidad al trabajo planificado para responder a \u201cuna de las principales demandas vecinales: mejorar el estado de los caminos municipales con actuaciones que no se improvisan, sino que forman parte de una hoja de ruta clara y coordinada\u201d.<\/p>\n<p>En conjunto, estas obras suponen una inversi\u00f3n superior a los 400.000 euros y se tramitan mediante procedimiento abierto simplificado, con adjudicaci\u00f3n por la mejor relaci\u00f3n calidad-precio. Los proyectos incluyen la rehabilitaci\u00f3n del pavimento, la mejora del drenaje y, en el caso de Sargento y Far\u00eda, tambi\u00e9n la renovaci\u00f3n de servicios e instalaci\u00f3n de alumbrado p\u00fablico.<\/p>\n<p>Por su parte, la concejala de Urbanismo, Tamara Acosta, explica que \u201clas obras en los caminos del Barranco de los Hombres, Sargento y Far\u00eda se enmarcan en el esfuerzo por atender de forma equilibrada las necesidades de todos los barrios, con prioridad en aquellas v\u00edas que presentan mayor deterioro o que son esenciales para la comunicaci\u00f3n vecinal y agr\u00edcola\u201d.<\/p>\n<p>El proyecto del camino del Barranco de Los Hombres, ubicado en el barrio de Las Manchas, cuenta con un presupuesto base de licitaci\u00f3n de 71.749,77 euros y un plazo de ejecuci\u00f3n de un mes, mientras que el proyecto conjunto de Sargento y Far\u00eda alcanza un valor estimado de 346.100,02 euros. Las empresas interesadas podr\u00e1n presentar sus ofertas hasta el 20 de octubre a trav\u00e9s de la Plataforma de Contrataci\u00f3n del Sector P\u00fablico.<\/p>\n<p>Con estas actuaciones, el Ayuntamiento contin\u00faa avanzando en una planificaci\u00f3n integral que contempla la intervenci\u00f3n en m\u00e1s de 30 v\u00edas municipales, marcando un antes y un despu\u00e9s en la mejora de la red viaria de Los Llanos de Aridane.<\/p>\n<\/div>\n","protected":false},"excerpt":{"rendered":"<p>El Ayuntamiento har\u00e1 una inversi\u00f3n superior a los 400.000 euros en la primera fase de esta estrategia<\/p>\n","protected":false},"author":4,"featured_media":4788,"comment_status":"open","ping_status":"open","sticky":false,"template":"","format":"standard","meta":{"footnotes":""},"categories":[1],"tags":[],"class_list":["post-4787","post","type-post","status-publish","format-standard","has-post-thumbnail","hentry","category-sin-categoria"],"yoast_head":"<!-- This site is optimized with the Yoast SEO plugin v22.7 - https:\/\/yoast.com\/wordpress\/plugins\/seo\/ -->\n<title>Los Llanos de Aridane activa las tres primeras licitaciones del Plan de Asfaltado - Ayuntamiento de Los Llanos de Aridane<\/title>\n<meta name=\"robots\" content=\"index, follow, max-snippet:-1, max-image-preview:large, max-video-preview:-1\" \/>\n<link rel=\"canonical\" href=\"https:\/\/www.aridane.org\/city\/2025\/10\/08\/los-llanos-de-aridane-activa-las-tres-primeras-licitaciones-del-plan-de-asfaltado\/\" \/>\n<meta property=\"og:locale\" content=\"es_ES\" \/>\n<meta property=\"og:type\" content=\"article\" \/>\n<meta property=\"og:title\" content=\"Los Llanos de Aridane activa las tres primeras licitaciones del Plan de Asfaltado - Ayuntamiento de Los Llanos de Aridane\" \/>\n<meta property=\"og:description\" content=\"El Ayuntamiento har\u00e1 una inversi\u00f3n superior a los 400.000 euros en la primera fase de esta estrategia\" \/>\n<meta property=\"og:url\" content=\"https:\/\/www.aridane.org\/city\/2025\/10\/08\/los-llanos-de-aridane-activa-las-tres-primeras-licitaciones-del-plan-de-asfaltado\/\" \/>\n<meta property=\"og:site_name\" content=\"Ayuntamiento de Los Llanos de Aridane\" \/>\n<meta property=\"article:published_time\" content=\"2025-10-08T12:48:23+00:00\" \/>\n<meta property=\"article:modified_time\" content=\"2025-10-13T12:49:30+00:00\" \/>\n<meta property=\"og:image\" content=\"https:\/\/www.aridane.org\/city\/wp-content\/uploads\/2025\/10\/Sargento-y-Faria-scaled.jpeg\" \/>\n\t<meta property=\"og:image:width\" content=\"2560\" \/>\n\t<meta property=\"og:image:height\" content=\"1920\" \/>\n\t<meta property=\"og:image:type\" content=\"image\/jpeg\" \/>\n<meta name=\"author\" content=\"Corresponsal\" \/>\n<meta name=\"twitter:card\" content=\"summary_large_image\" \/>\n<meta name=\"twitter:label1\" content=\"Escrito por\" \/>\n\t<meta name=\"twitter:data1\" content=\"Corresponsal\" \/>\n\t<meta name=\"twitter:label2\" content=\"Tiempo de lectura\" \/>\n\t<meta name=\"twitter:data2\" content=\"2 minutos\" \/>\n<script type=\"application\/ld+json\" class=\"yoast-schema-graph\">{\"@context\":\"https:\/\/schema.org\",\"@graph\":[{\"@type\":\"WebPage\",\"@id\":\"https:\/\/www.aridane.org\/city\/2025\/10\/08\/los-llanos-de-aridane-activa-las-tres-primeras-licitaciones-del-plan-de-asfaltado\/\",\"url\":\"https:\/\/www.aridane.org\/city\/2025\/10\/08\/los-llanos-de-aridane-activa-las-tres-primeras-licitaciones-del-plan-de-asfaltado\/\",\"name\":\"Los Llanos de Aridane activa las tres primeras licitaciones del Plan de Asfaltado - Ayuntamiento de Los Llanos de Aridane\",\"isPartOf\":{\"@id\":\"https:\/\/www.aridane.org\/city\/#website\"},\"primaryImageOfPage\":{\"@id\":\"https:\/\/www.aridane.org\/city\/2025\/10\/08\/los-llanos-de-aridane-activa-las-tres-primeras-licitaciones-del-plan-de-asfaltado\/#primaryimage\"},\"image\":{\"@id\":\"https:\/\/www.aridane.org\/city\/2025\/10\/08\/los-llanos-de-aridane-activa-las-tres-primeras-licitaciones-del-plan-de-asfaltado\/#primaryimage\"},\"thumbnailUrl\":\"https:\/\/www.aridane.org\/city\/wp-content\/uploads\/2025\/10\/Sargento-y-Faria-scaled.jpeg\",\"datePublished\":\"2025-10-08T12:48:23+00:00\",\"dateModified\":\"2025-10-13T12:49:30+00:00\",\"author\":{\"@id\":\"https:\/\/www.aridane.org\/city\/#\/schema\/person\/89ebd376b223dc94cc1dbcf200c8e6da\"},\"breadcrumb\":{\"@id\":\"https:\/\/www.aridane.org\/city\/2025\/10\/08\/los-llanos-de-aridane-activa-las-tres-primeras-licitaciones-del-plan-de-asfaltado\/#breadcrumb\"},\"inLanguage\":\"es\",\"potentialAction\":[{\"@type\":\"ReadAction\",\"target\":[\"https:\/\/www.aridane.org\/city\/2025\/10\/08\/los-llanos-de-aridane-activa-las-tres-primeras-licitaciones-del-plan-de-asfaltado\/\"]}]},{\"@type\":\"ImageObject\",\"inLanguage\":\"es\",\"@id\":\"https:\/\/www.aridane.org\/city\/2025\/10\/08\/los-llanos-de-aridane-activa-las-tres-primeras-licitaciones-del-plan-de-asfaltado\/#primaryimage\",\"url\":\"https:\/\/www.aridane.org\/city\/wp-content\/uploads\/2025\/10\/Sargento-y-Faria-scaled.jpeg\",\"contentUrl\":\"https:\/\/www.aridane.org\/city\/wp-content\/uploads\/2025\/10\/Sargento-y-Faria-scaled.jpeg\",\"width\":2560,\"height\":1920},{\"@type\":\"BreadcrumbList\",\"@id\":\"https:\/\/www.aridane.org\/city\/2025\/10\/08\/los-llanos-de-aridane-activa-las-tres-primeras-licitaciones-del-plan-de-asfaltado\/#breadcrumb\",\"itemListElement\":[{\"@type\":\"ListItem\",\"position\":1,\"name\":\"Portada\",\"item\":\"https:\/\/www.aridane.org\/city\/\"},{\"@type\":\"ListItem\",\"position\":2,\"name\":\"Los Llanos de Aridane activa las tres primeras licitaciones del Plan de Asfaltado\"}]},{\"@type\":\"WebSite\",\"@id\":\"https:\/\/www.aridane.org\/city\/#website\",\"url\":\"https:\/\/www.aridane.org\/city\/\",\"name\":\"Ayuntamiento de Los Llanos de Aridane\",\"description\":\"\",\"potentialAction\":[{\"@type\":\"SearchAction\",\"target\":{\"@type\":\"EntryPoint\",\"urlTemplate\":\"https:\/\/www.aridane.org\/city\/?s={search_term_string}\"},\"query-input\":\"required name=search_term_string\"}],\"inLanguage\":\"es\"},{\"@type\":\"Person\",\"@id\":\"https:\/\/www.aridane.org\/city\/#\/schema\/person\/89ebd376b223dc94cc1dbcf200c8e6da\",\"name\":\"Corresponsal\",\"image\":{\"@type\":\"ImageObject\",\"inLanguage\":\"es\",\"@id\":\"https:\/\/www.aridane.org\/city\/#\/schema\/person\/image\/\",\"url\":\"https:\/\/secure.gravatar.com\/avatar\/1c476992411e4ccf153da63b2b2f5ea0bb4cb1c85f3ceab8512f04325ad5579c?s=96&d=mm&r=g\",\"contentUrl\":\"https:\/\/secure.gravatar.com\/avatar\/1c476992411e4ccf153da63b2b2f5ea0bb4cb1c85f3ceab8512f04325ad5579c?s=96&d=mm&r=g\",\"caption\":\"Corresponsal\"},\"url\":\"https:\/\/www.aridane.org\/city\/author\/corresponsal\/\"}]}<\/script>\n<!-- \/ Yoast SEO plugin. -->","yoast_head_json":{"title":"Los Llanos de Aridane activa las tres primeras licitaciones del Plan de Asfaltado - Ayuntamiento de Los Llanos de Aridane","robots":{"index":"index","follow":"follow","max-snippet":"max-snippet:-1","max-image-preview":"max-image-preview:large","max-video-preview":"max-video-preview:-1"},"canonical":"https:\/\/www.aridane.org\/city\/2025\/10\/08\/los-llanos-de-aridane-activa-las-tres-primeras-licitaciones-del-plan-de-asfaltado\/","og_locale":"es_ES","og_type":"article","og_title":"Los Llanos de Aridane activa las tres primeras licitaciones del Plan de Asfaltado - Ayuntamiento de Los Llanos de Aridane","og_description":"El Ayuntamiento har\u00e1 una inversi\u00f3n superior a los 400.000 euros en la primera fase de esta estrategia","og_url":"https:\/\/www.aridane.org\/city\/2025\/10\/08\/los-llanos-de-aridane-activa-las-tres-primeras-licitaciones-del-plan-de-asfaltado\/","og_site_name":"Ayuntamiento de Los Llanos de Aridane","article_published_time":"2025-10-08T12:48:23+00:00","article_modified_time":"2025-10-13T12:49:30+00:00","og_image":[{"width":2560,"height":1920,"url":"https:\/\/www.aridane.org\/city\/wp-content\/uploads\/2025\/10\/Sargento-y-Faria-scaled.jpeg","type":"image\/jpeg"}],"author":"Corresponsal","twitter_card":"summary_large_image","twitter_misc":{"Escrito por":"Corresponsal","Tiempo de lectura":"2 minutos"},"schema":{"@context":"https:\/\/schema.org","@graph":[{"@type":"WebPage","@id":"https:\/\/www.aridane.org\/city\/2025\/10\/08\/los-llanos-de-aridane-activa-las-tres-primeras-licitaciones-del-plan-de-asfaltado\/","url":"https:\/\/www.aridane.org\/city\/2025\/10\/08\/los-llanos-de-aridane-activa-las-tres-primeras-licitaciones-del-plan-de-asfaltado\/","name":"Los Llanos de Aridane activa las tres primeras licitaciones del Plan de Asfaltado - Ayuntamiento de Los Llanos de Aridane","isPartOf":{"@id":"https:\/\/www.aridane.org\/city\/#website"},"primaryImageOfPage":{"@id":"https:\/\/www.aridane.org\/city\/2025\/10\/08\/los-llanos-de-aridane-activa-las-tres-primeras-licitaciones-del-plan-de-asfaltado\/#primaryimage"},"image":{"@id":"https:\/\/www.aridane.org\/city\/2025\/10\/08\/los-llanos-de-aridane-activa-las-tres-primeras-licitaciones-del-plan-de-asfaltado\/#primaryimage"},"thumbnailUrl":"https:\/\/www.aridane.org\/city\/wp-content\/uploads\/2025\/10\/Sargento-y-Faria-scaled.jpeg","datePublished":"2025-10-08T12:48:23+00:00","dateModified":"2025-10-13T12:49:30+00:00","author":{"@id":"https:\/\/www.aridane.org\/city\/#\/schema\/person\/89ebd376b223dc94cc1dbcf200c8e6da"},"breadcrumb":{"@id":"https:\/\/www.aridane.org\/city\/2025\/10\/08\/los-llanos-de-aridane-activa-las-tres-primeras-licitaciones-del-plan-de-asfaltado\/#breadcrumb"},"inLanguage":"es","potentialAction":[{"@type":"ReadAction","target":["https:\/\/www.aridane.org\/city\/2025\/10\/08\/los-llanos-de-aridane-activa-las-tres-primeras-licitaciones-del-plan-de-asfaltado\/"]}]},{"@type":"ImageObject","inLanguage":"es","@id":"https:\/\/www.aridane.org\/city\/2025\/10\/08\/los-llanos-de-aridane-activa-las-tres-primeras-licitaciones-del-plan-de-asfaltado\/#primaryimage","url":"https:\/\/www.aridane.org\/city\/wp-content\/uploads\/2025\/10\/Sargento-y-Faria-scaled.jpeg","contentUrl":"https:\/\/www.aridane.org\/city\/wp-content\/uploads\/2025\/10\/Sargento-y-Faria-scaled.jpeg","width":2560,"height":1920},{"@type":"BreadcrumbList","@id":"https:\/\/www.aridane.org\/city\/2025\/10\/08\/los-llanos-de-aridane-activa-las-tres-primeras-licitaciones-del-plan-de-asfaltado\/#breadcrumb","itemListElement":[{"@type":"ListItem","position":1,"name":"Portada","item":"https:\/\/www.aridane.org\/city\/"},{"@type":"ListItem","position":2,"name":"Los Llanos de Aridane activa las tres primeras licitaciones del Plan de Asfaltado"}]},{"@type":"WebSite","@id":"https:\/\/www.aridane.org\/city\/#website","url":"https:\/\/www.aridane.org\/city\/","name":"Ayuntamiento de Los Llanos de Aridane","description":"","potentialAction":[{"@type":"SearchAction","target":{"@type":"EntryPoint","urlTemplate":"https:\/\/www.aridane.org\/city\/?s={search_term_string}"},"query-input":"required name=search_term_string"}],"inLanguage":"es"},{"@type":"Person","@id":"https:\/\/www.aridane.org\/city\/#\/schema\/person\/89ebd376b223dc94cc1dbcf200c8e6da","name":"Corresponsal","image":{"@type":"ImageObject","inLanguage":"es","@id":"https:\/\/www.aridane.org\/city\/#\/schema\/person\/image\/","url":"https:\/\/secure.gravatar.com\/avatar\/1c476992411e4ccf153da63b2b2f5ea0bb4cb1c85f3ceab8512f04325ad5579c?s=96&d=mm&r=g","contentUrl":"https:\/\/secure.gravatar.com\/avatar\/1c476992411e4ccf153da63b2b2f5ea0bb4cb1c85f3ceab8512f04325ad5579c?s=96&d=mm&r=g","caption":"Corresponsal"},"url":"https:\/\/www.aridane.org\/city\/author\/corresponsal\/"}]}},"_links":{"self":[{"href":"https:\/\/www.aridane.org\/city\/wp-json\/wp\/v2\/posts\/4787","targetHints":{"allow":["GET"]}}],"collection":[{"href":"https:\/\/www.aridane.org\/city\/wp-json\/wp\/v2\/posts"}],"about":[{"href":"https:\/\/www.aridane.org\/city\/wp-json\/wp\/v2\/types\/post"}],"author":[{"embeddable":true,"href":"https:\/\/www.aridane.org\/city\/wp-json\/wp\/v2\/users\/4"}],"replies":[{"embeddable":true,"href":"https:\/\/www.aridane.org\/city\/wp-json\/wp\/v2\/comments?post=4787"}],"version-history":[{"count":1,"href":"https:\/\/www.aridane.org\/city\/wp-json\/wp\/v2\/posts\/4787\/revisions"}],"predecessor-version":[{"id":4789,"href":"https:\/\/www.aridane.org\/city\/wp-json\/wp\/v2\/posts\/4787\/revisions\/4789"}],"wp:featuredmedia":[{"embeddable":true,"href":"https:\/\/www.aridane.org\/city\/wp-json\/wp\/v2\/media\/4788"}],"wp:attachment":[{"href":"https:\/\/www.aridane.org\/city\/wp-json\/wp\/v2\/media?parent=4787"}],"wp:term":[{"taxonomy":"category","embeddable":true,"href":"https:\/\/www.aridane.org\/city\/wp-json\/wp\/v2\/categories?post=4787"},{"taxonomy":"post_tag","embeddable":true,"href":"https:\/\/www.aridane.org\/city\/wp-json\/wp\/v2\/tags?post=4787"}],"curies":[{"name":"wp","href":"https:\/\/api.w.org\/{rel}","templated":true}]}}