{"id":4794,"date":"2025-10-13T12:52:34","date_gmt":"2025-10-13T12:52:34","guid":{"rendered":"https:\/\/www.aridane.org\/city\/?p=4794"},"modified":"2025-10-13T12:52:34","modified_gmt":"2025-10-13T12:52:34","slug":"los-llanos-de-aridane-promueve-su-producto-local-con-la-feria-mesa-de-sabores","status":"publish","type":"post","link":"https:\/\/www.aridane.org\/city\/2025\/10\/13\/los-llanos-de-aridane-promueve-su-producto-local-con-la-feria-mesa-de-sabores\/","title":{"rendered":"Los Llanos de Aridane promueve su producto local con la feria Mesa de Sabores"},"content":{"rendered":"<p><em>El evento tendr\u00e1 lugar el s\u00e1bado, 18 de octubre en la Plaza de Espa\u00f1a<\/em><!--more--><\/p>\n<div id=\"v1forwardbody1\">\n<p>El Ayuntamiento de Los Llanos de Aridane celebra el s\u00e1bado, 18 de octubre en la plaza de Espa\u00f1a la primera edici\u00f3n de Mesa de Sabores, una feria gastron\u00f3mica dedicada al producto local y de cercan\u00eda.<\/p>\n<p>La iniciativa, enmarcada dentro de las acciones del Plan de Sostenibilidad Tur\u00edstica en Destino, busca poner en valor la calidad y diversidad de los productos que se cultivan, elaboran y transforman en el municipio, as\u00ed como apoyar al sector primario y a la restauraci\u00f3n local.<\/p>\n<p>La concejala de Turismo, Inmaculada Fern\u00e1ndez, explica que esta feria \u201cpondr\u00e1 en valor el producto kil\u00f3metro cero, dinamizando la econom\u00eda local y favoreciendo el turismo gastron\u00f3mico en el municipio\u201d.<\/p>\n<p>En este sentido, Fern\u00e1ndez invita a toda la ciudadan\u00eda a participar en esta iniciativa, \u201cdonde los asistentes podr\u00e1n disfrutar de una amplia oferta gastron\u00f3mica, degustaciones, talleres culinarios y actuaciones musicales en vivo\u201d.<\/p>\n<p>Esta feria tendr\u00e1 varias zonas destinadas a las distintas actividades presentes, contando con una zona de degustaci\u00f3n, puestos de productores y zona de m\u00fasica en vivo, todo esto en un ambiente familiar con acceso para todos los p\u00fablicos.<\/p>\n<p>Enmarcada dentro del Plan de Sostenibilidad Tur\u00edstica en Destino, fundamentado en fortalecer el modelo tur\u00edstico del municipio desde la sostenibilidad, la identidad local y la promoci\u00f3n del producto aridanense, Mesa de Sabores reafirma su apuesta por un turismo m\u00e1s aut\u00e9ntico, conectado con su territorio y su gente, donde la gastronom\u00eda se convierte en un motor de desarrollo econ\u00f3mico, social y cultural.<\/p>\n<\/div>\n","protected":false},"excerpt":{"rendered":"<p>El evento tendr\u00e1 lugar el s\u00e1bado, 18 de octubre en la Plaza de Espa\u00f1a<\/p>\n","protected":false},"author":4,"featured_media":4795,"comment_status":"open","ping_status":"open","sticky":false,"template":"","format":"standard","meta":{"footnotes":""},"categories":[1],"tags":[],"class_list":["post-4794","post","type-post","status-publish","format-standard","has-post-thumbnail","hentry","category-sin-categoria"],"yoast_head":"<!-- This site is optimized with the Yoast SEO plugin v22.7 - https:\/\/yoast.com\/wordpress\/plugins\/seo\/ -->\n<title>Los Llanos de Aridane promueve su producto local con la feria Mesa de Sabores - Ayuntamiento de Los Llanos de Aridane<\/title>\n<meta name=\"robots\" content=\"index, follow, max-snippet:-1, max-image-preview:large, max-video-preview:-1\" \/>\n<link rel=\"canonical\" href=\"https:\/\/www.aridane.org\/city\/2025\/10\/13\/los-llanos-de-aridane-promueve-su-producto-local-con-la-feria-mesa-de-sabores\/\" \/>\n<meta property=\"og:locale\" content=\"es_ES\" \/>\n<meta property=\"og:type\" content=\"article\" \/>\n<meta property=\"og:title\" content=\"Los Llanos de Aridane promueve su producto local con la feria Mesa de Sabores - Ayuntamiento de Los Llanos de Aridane\" \/>\n<meta property=\"og:description\" content=\"El evento tendr\u00e1 lugar el s\u00e1bado, 18 de octubre en la Plaza de Espa\u00f1a\" \/>\n<meta property=\"og:url\" content=\"https:\/\/www.aridane.org\/city\/2025\/10\/13\/los-llanos-de-aridane-promueve-su-producto-local-con-la-feria-mesa-de-sabores\/\" \/>\n<meta property=\"og:site_name\" content=\"Ayuntamiento de Los Llanos de Aridane\" \/>\n<meta property=\"article:published_time\" content=\"2025-10-13T12:52:34+00:00\" \/>\n<meta property=\"og:image\" content=\"https:\/\/www.aridane.org\/city\/wp-content\/uploads\/2025\/10\/MEsa-de-Sabores.jpeg\" \/>\n\t<meta property=\"og:image:width\" content=\"1154\" \/>\n\t<meta property=\"og:image:height\" content=\"1600\" \/>\n\t<meta property=\"og:image:type\" content=\"image\/jpeg\" \/>\n<meta name=\"author\" content=\"Corresponsal\" \/>\n<meta name=\"twitter:card\" content=\"summary_large_image\" \/>\n<meta name=\"twitter:label1\" content=\"Escrito por\" \/>\n\t<meta name=\"twitter:data1\" content=\"Corresponsal\" \/>\n\t<meta name=\"twitter:label2\" content=\"Tiempo de lectura\" \/>\n\t<meta name=\"twitter:data2\" content=\"2 minutos\" \/>\n<script type=\"application\/ld+json\" class=\"yoast-schema-graph\">{\"@context\":\"https:\/\/schema.org\",\"@graph\":[{\"@type\":\"WebPage\",\"@id\":\"https:\/\/www.aridane.org\/city\/2025\/10\/13\/los-llanos-de-aridane-promueve-su-producto-local-con-la-feria-mesa-de-sabores\/\",\"url\":\"https:\/\/www.aridane.org\/city\/2025\/10\/13\/los-llanos-de-aridane-promueve-su-producto-local-con-la-feria-mesa-de-sabores\/\",\"name\":\"Los Llanos de Aridane promueve su producto local con la feria Mesa de Sabores - Ayuntamiento de Los Llanos de Aridane\",\"isPartOf\":{\"@id\":\"https:\/\/www.aridane.org\/city\/#website\"},\"primaryImageOfPage\":{\"@id\":\"https:\/\/www.aridane.org\/city\/2025\/10\/13\/los-llanos-de-aridane-promueve-su-producto-local-con-la-feria-mesa-de-sabores\/#primaryimage\"},\"image\":{\"@id\":\"https:\/\/www.aridane.org\/city\/2025\/10\/13\/los-llanos-de-aridane-promueve-su-producto-local-con-la-feria-mesa-de-sabores\/#primaryimage\"},\"thumbnailUrl\":\"https:\/\/www.aridane.org\/city\/wp-content\/uploads\/2025\/10\/MEsa-de-Sabores.jpeg\",\"datePublished\":\"2025-10-13T12:52:34+00:00\",\"dateModified\":\"2025-10-13T12:52:34+00:00\",\"author\":{\"@id\":\"https:\/\/www.aridane.org\/city\/#\/schema\/person\/89ebd376b223dc94cc1dbcf200c8e6da\"},\"breadcrumb\":{\"@id\":\"https:\/\/www.aridane.org\/city\/2025\/10\/13\/los-llanos-de-aridane-promueve-su-producto-local-con-la-feria-mesa-de-sabores\/#breadcrumb\"},\"inLanguage\":\"es\",\"potentialAction\":[{\"@type\":\"ReadAction\",\"target\":[\"https:\/\/www.aridane.org\/city\/2025\/10\/13\/los-llanos-de-aridane-promueve-su-producto-local-con-la-feria-mesa-de-sabores\/\"]}]},{\"@type\":\"ImageObject\",\"inLanguage\":\"es\",\"@id\":\"https:\/\/www.aridane.org\/city\/2025\/10\/13\/los-llanos-de-aridane-promueve-su-producto-local-con-la-feria-mesa-de-sabores\/#primaryimage\",\"url\":\"https:\/\/www.aridane.org\/city\/wp-content\/uploads\/2025\/10\/MEsa-de-Sabores.jpeg\",\"contentUrl\":\"https:\/\/www.aridane.org\/city\/wp-content\/uploads\/2025\/10\/MEsa-de-Sabores.jpeg\",\"width\":1154,\"height\":1600},{\"@type\":\"BreadcrumbList\",\"@id\":\"https:\/\/www.aridane.org\/city\/2025\/10\/13\/los-llanos-de-aridane-promueve-su-producto-local-con-la-feria-mesa-de-sabores\/#breadcrumb\",\"itemListElement\":[{\"@type\":\"ListItem\",\"position\":1,\"name\":\"Portada\",\"item\":\"https:\/\/www.aridane.org\/city\/\"},{\"@type\":\"ListItem\",\"position\":2,\"name\":\"Los Llanos de Aridane promueve su producto local con la feria Mesa de Sabores\"}]},{\"@type\":\"WebSite\",\"@id\":\"https:\/\/www.aridane.org\/city\/#website\",\"url\":\"https:\/\/www.aridane.org\/city\/\",\"name\":\"Ayuntamiento de Los Llanos de Aridane\",\"description\":\"\",\"potentialAction\":[{\"@type\":\"SearchAction\",\"target\":{\"@type\":\"EntryPoint\",\"urlTemplate\":\"https:\/\/www.aridane.org\/city\/?s={search_term_string}\"},\"query-input\":\"required name=search_term_string\"}],\"inLanguage\":\"es\"},{\"@type\":\"Person\",\"@id\":\"https:\/\/www.aridane.org\/city\/#\/schema\/person\/89ebd376b223dc94cc1dbcf200c8e6da\",\"name\":\"Corresponsal\",\"image\":{\"@type\":\"ImageObject\",\"inLanguage\":\"es\",\"@id\":\"https:\/\/www.aridane.org\/city\/#\/schema\/person\/image\/\",\"url\":\"https:\/\/secure.gravatar.com\/avatar\/1c476992411e4ccf153da63b2b2f5ea0bb4cb1c85f3ceab8512f04325ad5579c?s=96&d=mm&r=g\",\"contentUrl\":\"https:\/\/secure.gravatar.com\/avatar\/1c476992411e4ccf153da63b2b2f5ea0bb4cb1c85f3ceab8512f04325ad5579c?s=96&d=mm&r=g\",\"caption\":\"Corresponsal\"},\"url\":\"https:\/\/www.aridane.org\/city\/author\/corresponsal\/\"}]}<\/script>\n<!-- \/ Yoast SEO plugin. -->","yoast_head_json":{"title":"Los Llanos de Aridane promueve su producto local con la feria Mesa de Sabores - Ayuntamiento de Los Llanos de Aridane","robots":{"index":"index","follow":"follow","max-snippet":"max-snippet:-1","max-image-preview":"max-image-preview:large","max-video-preview":"max-video-preview:-1"},"canonical":"https:\/\/www.aridane.org\/city\/2025\/10\/13\/los-llanos-de-aridane-promueve-su-producto-local-con-la-feria-mesa-de-sabores\/","og_locale":"es_ES","og_type":"article","og_title":"Los Llanos de Aridane promueve su producto local con la feria Mesa de Sabores - Ayuntamiento de Los Llanos de Aridane","og_description":"El evento tendr\u00e1 lugar el s\u00e1bado, 18 de octubre en la Plaza de Espa\u00f1a","og_url":"https:\/\/www.aridane.org\/city\/2025\/10\/13\/los-llanos-de-aridane-promueve-su-producto-local-con-la-feria-mesa-de-sabores\/","og_site_name":"Ayuntamiento de Los Llanos de Aridane","article_published_time":"2025-10-13T12:52:34+00:00","og_image":[{"width":1154,"height":1600,"url":"https:\/\/www.aridane.org\/city\/wp-content\/uploads\/2025\/10\/MEsa-de-Sabores.jpeg","type":"image\/jpeg"}],"author":"Corresponsal","twitter_card":"summary_large_image","twitter_misc":{"Escrito por":"Corresponsal","Tiempo de lectura":"2 minutos"},"schema":{"@context":"https:\/\/schema.org","@graph":[{"@type":"WebPage","@id":"https:\/\/www.aridane.org\/city\/2025\/10\/13\/los-llanos-de-aridane-promueve-su-producto-local-con-la-feria-mesa-de-sabores\/","url":"https:\/\/www.aridane.org\/city\/2025\/10\/13\/los-llanos-de-aridane-promueve-su-producto-local-con-la-feria-mesa-de-sabores\/","name":"Los Llanos de Aridane promueve su producto local con la feria Mesa de Sabores - Ayuntamiento de Los Llanos de Aridane","isPartOf":{"@id":"https:\/\/www.aridane.org\/city\/#website"},"primaryImageOfPage":{"@id":"https:\/\/www.aridane.org\/city\/2025\/10\/13\/los-llanos-de-aridane-promueve-su-producto-local-con-la-feria-mesa-de-sabores\/#primaryimage"},"image":{"@id":"https:\/\/www.aridane.org\/city\/2025\/10\/13\/los-llanos-de-aridane-promueve-su-producto-local-con-la-feria-mesa-de-sabores\/#primaryimage"},"thumbnailUrl":"https:\/\/www.aridane.org\/city\/wp-content\/uploads\/2025\/10\/MEsa-de-Sabores.jpeg","datePublished":"2025-10-13T12:52:34+00:00","dateModified":"2025-10-13T12:52:34+00:00","author":{"@id":"https:\/\/www.aridane.org\/city\/#\/schema\/person\/89ebd376b223dc94cc1dbcf200c8e6da"},"breadcrumb":{"@id":"https:\/\/www.aridane.org\/city\/2025\/10\/13\/los-llanos-de-aridane-promueve-su-producto-local-con-la-feria-mesa-de-sabores\/#breadcrumb"},"inLanguage":"es","potentialAction":[{"@type":"ReadAction","target":["https:\/\/www.aridane.org\/city\/2025\/10\/13\/los-llanos-de-aridane-promueve-su-producto-local-con-la-feria-mesa-de-sabores\/"]}]},{"@type":"ImageObject","inLanguage":"es","@id":"https:\/\/www.aridane.org\/city\/2025\/10\/13\/los-llanos-de-aridane-promueve-su-producto-local-con-la-feria-mesa-de-sabores\/#primaryimage","url":"https:\/\/www.aridane.org\/city\/wp-content\/uploads\/2025\/10\/MEsa-de-Sabores.jpeg","contentUrl":"https:\/\/www.aridane.org\/city\/wp-content\/uploads\/2025\/10\/MEsa-de-Sabores.jpeg","width":1154,"height":1600},{"@type":"BreadcrumbList","@id":"https:\/\/www.aridane.org\/city\/2025\/10\/13\/los-llanos-de-aridane-promueve-su-producto-local-con-la-feria-mesa-de-sabores\/#breadcrumb","itemListElement":[{"@type":"ListItem","position":1,"name":"Portada","item":"https:\/\/www.aridane.org\/city\/"},{"@type":"ListItem","position":2,"name":"Los Llanos de Aridane promueve su producto local con la feria Mesa de Sabores"}]},{"@type":"WebSite","@id":"https:\/\/www.aridane.org\/city\/#website","url":"https:\/\/www.aridane.org\/city\/","name":"Ayuntamiento de Los Llanos de Aridane","description":"","potentialAction":[{"@type":"SearchAction","target":{"@type":"EntryPoint","urlTemplate":"https:\/\/www.aridane.org\/city\/?s={search_term_string}"},"query-input":"required name=search_term_string"}],"inLanguage":"es"},{"@type":"Person","@id":"https:\/\/www.aridane.org\/city\/#\/schema\/person\/89ebd376b223dc94cc1dbcf200c8e6da","name":"Corresponsal","image":{"@type":"ImageObject","inLanguage":"es","@id":"https:\/\/www.aridane.org\/city\/#\/schema\/person\/image\/","url":"https:\/\/secure.gravatar.com\/avatar\/1c476992411e4ccf153da63b2b2f5ea0bb4cb1c85f3ceab8512f04325ad5579c?s=96&d=mm&r=g","contentUrl":"https:\/\/secure.gravatar.com\/avatar\/1c476992411e4ccf153da63b2b2f5ea0bb4cb1c85f3ceab8512f04325ad5579c?s=96&d=mm&r=g","caption":"Corresponsal"},"url":"https:\/\/www.aridane.org\/city\/author\/corresponsal\/"}]}},"_links":{"self":[{"href":"https:\/\/www.aridane.org\/city\/wp-json\/wp\/v2\/posts\/4794","targetHints":{"allow":["GET"]}}],"collection":[{"href":"https:\/\/www.aridane.org\/city\/wp-json\/wp\/v2\/posts"}],"about":[{"href":"https:\/\/www.aridane.org\/city\/wp-json\/wp\/v2\/types\/post"}],"author":[{"embeddable":true,"href":"https:\/\/www.aridane.org\/city\/wp-json\/wp\/v2\/users\/4"}],"replies":[{"embeddable":true,"href":"https:\/\/www.aridane.org\/city\/wp-json\/wp\/v2\/comments?post=4794"}],"version-history":[{"count":1,"href":"https:\/\/www.aridane.org\/city\/wp-json\/wp\/v2\/posts\/4794\/revisions"}],"predecessor-version":[{"id":4796,"href":"https:\/\/www.aridane.org\/city\/wp-json\/wp\/v2\/posts\/4794\/revisions\/4796"}],"wp:featuredmedia":[{"embeddable":true,"href":"https:\/\/www.aridane.org\/city\/wp-json\/wp\/v2\/media\/4795"}],"wp:attachment":[{"href":"https:\/\/www.aridane.org\/city\/wp-json\/wp\/v2\/media?parent=4794"}],"wp:term":[{"taxonomy":"category","embeddable":true,"href":"https:\/\/www.aridane.org\/city\/wp-json\/wp\/v2\/categories?post=4794"},{"taxonomy":"post_tag","embeddable":true,"href":"https:\/\/www.aridane.org\/city\/wp-json\/wp\/v2\/tags?post=4794"}],"curies":[{"name":"wp","href":"https:\/\/api.w.org\/{rel}","templated":true}]}}