{"id":4797,"date":"2025-10-16T11:51:40","date_gmt":"2025-10-16T11:51:40","guid":{"rendered":"https:\/\/www.aridane.org\/city\/?p=4797"},"modified":"2025-10-16T11:51:40","modified_gmt":"2025-10-16T11:51:40","slug":"la-banda-municipal-de-musica-de-los-llanos-de-aridane-celebra-su-167-aniversario","status":"publish","type":"post","link":"https:\/\/www.aridane.org\/city\/2025\/10\/16\/la-banda-municipal-de-musica-de-los-llanos-de-aridane-celebra-su-167-aniversario\/","title":{"rendered":"La Banda Municipal de M\u00fasica de Los Llanos de Aridane celebra su 167 aniversario"},"content":{"rendered":"<p><i><span style=\"font-weight: 400;\">Esta longeva agrupaci\u00f3n, creada en 1858, dar\u00e1 un concierto\u00a0<\/span><\/i><i><span style=\"font-weight: 400;\">el pr\u00f3ximo viernes, 24 de octubre, en la Plaza de Espa\u00f1a<\/span><\/i><!--more--><\/p>\n<p><span style=\"font-weight: 400;\">La Banda Municipal de M\u00fasica de Los Llanos de Aridane cumple 167 a\u00f1os y lo celebrar\u00e1 con un concierto que tendr\u00e1 lugar el pr\u00f3ximo viernes, 24 de octubre, en la Plaza de Espa\u00f1a. Bajo el nombre de \u2018La F\u00e1brica de Los Sonidos\u2019, este recital busca transportar al p\u00fablico a un universo creativo en el que los sonidos, los instrumentos y la imaginaci\u00f3n se combinan para dar vida a una verdadera f\u00e1brica musical.<\/span><\/p>\n<p><span style=\"font-weight: 400;\">La concejala de Cultura, Marlene Gonz\u00e1lez, destaca la trayectoria de la banda municipal, siendo un s\u00edmbolo del patrimonio cultural del municipio. \u201cHa sido banda sonora de innumerables actos institucionales durante varias generaciones, estando siempre en constante evoluci\u00f3n a lo largo de los a\u00f1os en lo que a integrantes y repertorio se refiere\u201d, a\u00f1ade.<\/span><\/p>\n<p><span style=\"font-weight: 400;\">En este sentido, Gonz\u00e1lez invita a toda la ciudadan\u00eda a disfrutar de esta velada cargada de nostalgia, emoci\u00f3n y mucha m\u00fasica. \u201cLes invitamos a asistir a este recorrido por la historia de esta agrupaci\u00f3n, apreciar su crecimiento y recordar a todas aquellas personas y momentos que forman parte de la cultura de Los Llanos de Aridane\u201d, comenta la concejala.<\/span><\/p>\n<p><span style=\"font-weight: 400;\">Bajo una original propuesta esc\u00e9nica y musical, este concierto busca transportar al p\u00fablico a un universo creativo en el que los sonidos, los instrumentos y la imaginaci\u00f3n se combinan para dar vida a una verdadera \u201cf\u00e1brica\u201d musical.\u00a0<\/span><\/p>\n<p><span style=\"font-weight: 400;\">El evento contar\u00e1 con la participaci\u00f3n del narrador Mois\u00e9s \u00c9vora quien nos ofrecer\u00e1 una experiencia que combina m\u00fasica, relato y emoci\u00f3n, invitando al p\u00fablico a redescubrir la magia de los sonidos.<\/span><\/p>\n<p><span style=\"font-weight: 400;\">Con esta cita, la Banda Municipal de M\u00fasica de Los Llanos de Aridane reafirma su papel como uno de los pilares culturales del municipio, manteniendo viva una tradici\u00f3n musical de m\u00e1s de siglo y medio y consolidando su compromiso con la formaci\u00f3n, la difusi\u00f3n cultural y la m\u00fasica en vivo.<\/span><\/p>\n<p><b>167 a\u00f1os de m\u00fasica<\/b><\/p>\n<p><span style=\"font-weight: 400;\">La Banda Municipal de M\u00fasica de Los Llanos de Aridane nace el 17 de octubre de 1858, bajo la direcci\u00f3n de Leocadio P\u00e9rez Lorenzo y con el apoyo de la sociedad cultural La Filarm\u00f3nica.<\/span><\/p>\n<p><span style=\"font-weight: 400;\">Actualmente, la Banda, como es conocida com\u00fanmente, es la agrupaci\u00f3n musical m\u00e1s longeva de La Palma y una de las m\u00e1s antiguas del archipi\u00e9lago canario, contando con actividad en el panorama musical llanense en tres siglos diferentes.<\/span><\/p>\n<p><span style=\"font-weight: 400;\">En el a\u00f1o 2009 recibe la Medalla de Oro del Ayuntamiento de Los Llanos de Aridane, en reconocimiento a su indudable contribuci\u00f3n a la cultura musical no solo del municipio, sino tambi\u00e9n de la isla.<\/span><\/p>\n<p><span style=\"font-weight: 400;\">Hoy en d\u00eda, la banda de m\u00fasica cuenta con un grupo que mezcla juventud, experiencia y mucho talento, todo ello bajo la direcci\u00f3n Antonio Ramos, antiguo fagotista de la agrupaci\u00f3n. Adem\u00e1s, la banda cuenta desde hace ya varios a\u00f1os con su propia academia musical, donde forman en dicha materia a ni\u00f1os y ni\u00f1as desde edades tempranas en busca de futuros talentos.<\/span><\/p>\n","protected":false},"excerpt":{"rendered":"<p>Esta longeva agrupaci\u00f3n, creada en 1858, dar\u00e1 un concierto\u00a0el pr\u00f3ximo viernes, 24 de octubre, en la Plaza de Espa\u00f1a<\/p>\n","protected":false},"author":4,"featured_media":4798,"comment_status":"open","ping_status":"open","sticky":false,"template":"","format":"standard","meta":{"footnotes":""},"categories":[1],"tags":[],"class_list":["post-4797","post","type-post","status-publish","format-standard","has-post-thumbnail","hentry","category-sin-categoria"],"yoast_head":"<!-- This site is optimized with the Yoast SEO plugin v22.7 - https:\/\/yoast.com\/wordpress\/plugins\/seo\/ -->\n<title>La Banda Municipal de M\u00fasica de Los Llanos de Aridane celebra su 167 aniversario - Ayuntamiento de Los Llanos de Aridane<\/title>\n<meta name=\"robots\" content=\"index, follow, max-snippet:-1, max-image-preview:large, max-video-preview:-1\" \/>\n<link rel=\"canonical\" href=\"https:\/\/www.aridane.org\/city\/2025\/10\/16\/la-banda-municipal-de-musica-de-los-llanos-de-aridane-celebra-su-167-aniversario\/\" \/>\n<meta property=\"og:locale\" content=\"es_ES\" \/>\n<meta property=\"og:type\" content=\"article\" \/>\n<meta property=\"og:title\" content=\"La Banda Municipal de M\u00fasica de Los Llanos de Aridane celebra su 167 aniversario - Ayuntamiento de Los Llanos de Aridane\" \/>\n<meta property=\"og:description\" content=\"Esta longeva agrupaci\u00f3n, creada en 1858, dar\u00e1 un concierto\u00a0el pr\u00f3ximo viernes, 24 de octubre, en la Plaza de Espa\u00f1a\" \/>\n<meta property=\"og:url\" content=\"https:\/\/www.aridane.org\/city\/2025\/10\/16\/la-banda-municipal-de-musica-de-los-llanos-de-aridane-celebra-su-167-aniversario\/\" \/>\n<meta property=\"og:site_name\" content=\"Ayuntamiento de Los Llanos de Aridane\" \/>\n<meta property=\"article:published_time\" content=\"2025-10-16T11:51:40+00:00\" \/>\n<meta property=\"og:image\" content=\"https:\/\/www.aridane.org\/city\/wp-content\/uploads\/2025\/10\/NP-Aniversario-Banda-Municipal-2.jpeg\" \/>\n\t<meta property=\"og:image:width\" content=\"2048\" \/>\n\t<meta property=\"og:image:height\" content=\"1536\" \/>\n\t<meta property=\"og:image:type\" content=\"image\/jpeg\" \/>\n<meta name=\"author\" content=\"Corresponsal\" \/>\n<meta name=\"twitter:card\" content=\"summary_large_image\" \/>\n<meta name=\"twitter:label1\" content=\"Escrito por\" \/>\n\t<meta name=\"twitter:data1\" content=\"Corresponsal\" \/>\n\t<meta name=\"twitter:label2\" content=\"Tiempo de lectura\" \/>\n\t<meta name=\"twitter:data2\" content=\"3 minutos\" \/>\n<script type=\"application\/ld+json\" class=\"yoast-schema-graph\">{\"@context\":\"https:\/\/schema.org\",\"@graph\":[{\"@type\":\"WebPage\",\"@id\":\"https:\/\/www.aridane.org\/city\/2025\/10\/16\/la-banda-municipal-de-musica-de-los-llanos-de-aridane-celebra-su-167-aniversario\/\",\"url\":\"https:\/\/www.aridane.org\/city\/2025\/10\/16\/la-banda-municipal-de-musica-de-los-llanos-de-aridane-celebra-su-167-aniversario\/\",\"name\":\"La Banda Municipal de M\u00fasica de Los Llanos de Aridane celebra su 167 aniversario - Ayuntamiento de Los Llanos de Aridane\",\"isPartOf\":{\"@id\":\"https:\/\/www.aridane.org\/city\/#website\"},\"primaryImageOfPage\":{\"@id\":\"https:\/\/www.aridane.org\/city\/2025\/10\/16\/la-banda-municipal-de-musica-de-los-llanos-de-aridane-celebra-su-167-aniversario\/#primaryimage\"},\"image\":{\"@id\":\"https:\/\/www.aridane.org\/city\/2025\/10\/16\/la-banda-municipal-de-musica-de-los-llanos-de-aridane-celebra-su-167-aniversario\/#primaryimage\"},\"thumbnailUrl\":\"https:\/\/www.aridane.org\/city\/wp-content\/uploads\/2025\/10\/NP-Aniversario-Banda-Municipal-2.jpeg\",\"datePublished\":\"2025-10-16T11:51:40+00:00\",\"dateModified\":\"2025-10-16T11:51:40+00:00\",\"author\":{\"@id\":\"https:\/\/www.aridane.org\/city\/#\/schema\/person\/89ebd376b223dc94cc1dbcf200c8e6da\"},\"breadcrumb\":{\"@id\":\"https:\/\/www.aridane.org\/city\/2025\/10\/16\/la-banda-municipal-de-musica-de-los-llanos-de-aridane-celebra-su-167-aniversario\/#breadcrumb\"},\"inLanguage\":\"es\",\"potentialAction\":[{\"@type\":\"ReadAction\",\"target\":[\"https:\/\/www.aridane.org\/city\/2025\/10\/16\/la-banda-municipal-de-musica-de-los-llanos-de-aridane-celebra-su-167-aniversario\/\"]}]},{\"@type\":\"ImageObject\",\"inLanguage\":\"es\",\"@id\":\"https:\/\/www.aridane.org\/city\/2025\/10\/16\/la-banda-municipal-de-musica-de-los-llanos-de-aridane-celebra-su-167-aniversario\/#primaryimage\",\"url\":\"https:\/\/www.aridane.org\/city\/wp-content\/uploads\/2025\/10\/NP-Aniversario-Banda-Municipal-2.jpeg\",\"contentUrl\":\"https:\/\/www.aridane.org\/city\/wp-content\/uploads\/2025\/10\/NP-Aniversario-Banda-Municipal-2.jpeg\",\"width\":2048,\"height\":1536},{\"@type\":\"BreadcrumbList\",\"@id\":\"https:\/\/www.aridane.org\/city\/2025\/10\/16\/la-banda-municipal-de-musica-de-los-llanos-de-aridane-celebra-su-167-aniversario\/#breadcrumb\",\"itemListElement\":[{\"@type\":\"ListItem\",\"position\":1,\"name\":\"Portada\",\"item\":\"https:\/\/www.aridane.org\/city\/\"},{\"@type\":\"ListItem\",\"position\":2,\"name\":\"La Banda Municipal de M\u00fasica de Los Llanos de Aridane celebra su 167 aniversario\"}]},{\"@type\":\"WebSite\",\"@id\":\"https:\/\/www.aridane.org\/city\/#website\",\"url\":\"https:\/\/www.aridane.org\/city\/\",\"name\":\"Ayuntamiento de Los Llanos de Aridane\",\"description\":\"\",\"potentialAction\":[{\"@type\":\"SearchAction\",\"target\":{\"@type\":\"EntryPoint\",\"urlTemplate\":\"https:\/\/www.aridane.org\/city\/?s={search_term_string}\"},\"query-input\":\"required name=search_term_string\"}],\"inLanguage\":\"es\"},{\"@type\":\"Person\",\"@id\":\"https:\/\/www.aridane.org\/city\/#\/schema\/person\/89ebd376b223dc94cc1dbcf200c8e6da\",\"name\":\"Corresponsal\",\"image\":{\"@type\":\"ImageObject\",\"inLanguage\":\"es\",\"@id\":\"https:\/\/www.aridane.org\/city\/#\/schema\/person\/image\/\",\"url\":\"https:\/\/secure.gravatar.com\/avatar\/1c476992411e4ccf153da63b2b2f5ea0bb4cb1c85f3ceab8512f04325ad5579c?s=96&d=mm&r=g\",\"contentUrl\":\"https:\/\/secure.gravatar.com\/avatar\/1c476992411e4ccf153da63b2b2f5ea0bb4cb1c85f3ceab8512f04325ad5579c?s=96&d=mm&r=g\",\"caption\":\"Corresponsal\"},\"url\":\"https:\/\/www.aridane.org\/city\/author\/corresponsal\/\"}]}<\/script>\n<!-- \/ Yoast SEO plugin. -->","yoast_head_json":{"title":"La Banda Municipal de M\u00fasica de Los Llanos de Aridane celebra su 167 aniversario - Ayuntamiento de Los Llanos de Aridane","robots":{"index":"index","follow":"follow","max-snippet":"max-snippet:-1","max-image-preview":"max-image-preview:large","max-video-preview":"max-video-preview:-1"},"canonical":"https:\/\/www.aridane.org\/city\/2025\/10\/16\/la-banda-municipal-de-musica-de-los-llanos-de-aridane-celebra-su-167-aniversario\/","og_locale":"es_ES","og_type":"article","og_title":"La Banda Municipal de M\u00fasica de Los Llanos de Aridane celebra su 167 aniversario - Ayuntamiento de Los Llanos de Aridane","og_description":"Esta longeva agrupaci\u00f3n, creada en 1858, dar\u00e1 un concierto\u00a0el pr\u00f3ximo viernes, 24 de octubre, en la Plaza de Espa\u00f1a","og_url":"https:\/\/www.aridane.org\/city\/2025\/10\/16\/la-banda-municipal-de-musica-de-los-llanos-de-aridane-celebra-su-167-aniversario\/","og_site_name":"Ayuntamiento de Los Llanos de Aridane","article_published_time":"2025-10-16T11:51:40+00:00","og_image":[{"width":2048,"height":1536,"url":"https:\/\/www.aridane.org\/city\/wp-content\/uploads\/2025\/10\/NP-Aniversario-Banda-Municipal-2.jpeg","type":"image\/jpeg"}],"author":"Corresponsal","twitter_card":"summary_large_image","twitter_misc":{"Escrito por":"Corresponsal","Tiempo de lectura":"3 minutos"},"schema":{"@context":"https:\/\/schema.org","@graph":[{"@type":"WebPage","@id":"https:\/\/www.aridane.org\/city\/2025\/10\/16\/la-banda-municipal-de-musica-de-los-llanos-de-aridane-celebra-su-167-aniversario\/","url":"https:\/\/www.aridane.org\/city\/2025\/10\/16\/la-banda-municipal-de-musica-de-los-llanos-de-aridane-celebra-su-167-aniversario\/","name":"La Banda Municipal de M\u00fasica de Los Llanos de Aridane celebra su 167 aniversario - Ayuntamiento de Los Llanos de Aridane","isPartOf":{"@id":"https:\/\/www.aridane.org\/city\/#website"},"primaryImageOfPage":{"@id":"https:\/\/www.aridane.org\/city\/2025\/10\/16\/la-banda-municipal-de-musica-de-los-llanos-de-aridane-celebra-su-167-aniversario\/#primaryimage"},"image":{"@id":"https:\/\/www.aridane.org\/city\/2025\/10\/16\/la-banda-municipal-de-musica-de-los-llanos-de-aridane-celebra-su-167-aniversario\/#primaryimage"},"thumbnailUrl":"https:\/\/www.aridane.org\/city\/wp-content\/uploads\/2025\/10\/NP-Aniversario-Banda-Municipal-2.jpeg","datePublished":"2025-10-16T11:51:40+00:00","dateModified":"2025-10-16T11:51:40+00:00","author":{"@id":"https:\/\/www.aridane.org\/city\/#\/schema\/person\/89ebd376b223dc94cc1dbcf200c8e6da"},"breadcrumb":{"@id":"https:\/\/www.aridane.org\/city\/2025\/10\/16\/la-banda-municipal-de-musica-de-los-llanos-de-aridane-celebra-su-167-aniversario\/#breadcrumb"},"inLanguage":"es","potentialAction":[{"@type":"ReadAction","target":["https:\/\/www.aridane.org\/city\/2025\/10\/16\/la-banda-municipal-de-musica-de-los-llanos-de-aridane-celebra-su-167-aniversario\/"]}]},{"@type":"ImageObject","inLanguage":"es","@id":"https:\/\/www.aridane.org\/city\/2025\/10\/16\/la-banda-municipal-de-musica-de-los-llanos-de-aridane-celebra-su-167-aniversario\/#primaryimage","url":"https:\/\/www.aridane.org\/city\/wp-content\/uploads\/2025\/10\/NP-Aniversario-Banda-Municipal-2.jpeg","contentUrl":"https:\/\/www.aridane.org\/city\/wp-content\/uploads\/2025\/10\/NP-Aniversario-Banda-Municipal-2.jpeg","width":2048,"height":1536},{"@type":"BreadcrumbList","@id":"https:\/\/www.aridane.org\/city\/2025\/10\/16\/la-banda-municipal-de-musica-de-los-llanos-de-aridane-celebra-su-167-aniversario\/#breadcrumb","itemListElement":[{"@type":"ListItem","position":1,"name":"Portada","item":"https:\/\/www.aridane.org\/city\/"},{"@type":"ListItem","position":2,"name":"La Banda Municipal de M\u00fasica de Los Llanos de Aridane celebra su 167 aniversario"}]},{"@type":"WebSite","@id":"https:\/\/www.aridane.org\/city\/#website","url":"https:\/\/www.aridane.org\/city\/","name":"Ayuntamiento de Los Llanos de Aridane","description":"","potentialAction":[{"@type":"SearchAction","target":{"@type":"EntryPoint","urlTemplate":"https:\/\/www.aridane.org\/city\/?s={search_term_string}"},"query-input":"required name=search_term_string"}],"inLanguage":"es"},{"@type":"Person","@id":"https:\/\/www.aridane.org\/city\/#\/schema\/person\/89ebd376b223dc94cc1dbcf200c8e6da","name":"Corresponsal","image":{"@type":"ImageObject","inLanguage":"es","@id":"https:\/\/www.aridane.org\/city\/#\/schema\/person\/image\/","url":"https:\/\/secure.gravatar.com\/avatar\/1c476992411e4ccf153da63b2b2f5ea0bb4cb1c85f3ceab8512f04325ad5579c?s=96&d=mm&r=g","contentUrl":"https:\/\/secure.gravatar.com\/avatar\/1c476992411e4ccf153da63b2b2f5ea0bb4cb1c85f3ceab8512f04325ad5579c?s=96&d=mm&r=g","caption":"Corresponsal"},"url":"https:\/\/www.aridane.org\/city\/author\/corresponsal\/"}]}},"_links":{"self":[{"href":"https:\/\/www.aridane.org\/city\/wp-json\/wp\/v2\/posts\/4797","targetHints":{"allow":["GET"]}}],"collection":[{"href":"https:\/\/www.aridane.org\/city\/wp-json\/wp\/v2\/posts"}],"about":[{"href":"https:\/\/www.aridane.org\/city\/wp-json\/wp\/v2\/types\/post"}],"author":[{"embeddable":true,"href":"https:\/\/www.aridane.org\/city\/wp-json\/wp\/v2\/users\/4"}],"replies":[{"embeddable":true,"href":"https:\/\/www.aridane.org\/city\/wp-json\/wp\/v2\/comments?post=4797"}],"version-history":[{"count":1,"href":"https:\/\/www.aridane.org\/city\/wp-json\/wp\/v2\/posts\/4797\/revisions"}],"predecessor-version":[{"id":4799,"href":"https:\/\/www.aridane.org\/city\/wp-json\/wp\/v2\/posts\/4797\/revisions\/4799"}],"wp:featuredmedia":[{"embeddable":true,"href":"https:\/\/www.aridane.org\/city\/wp-json\/wp\/v2\/media\/4798"}],"wp:attachment":[{"href":"https:\/\/www.aridane.org\/city\/wp-json\/wp\/v2\/media?parent=4797"}],"wp:term":[{"taxonomy":"category","embeddable":true,"href":"https:\/\/www.aridane.org\/city\/wp-json\/wp\/v2\/categories?post=4797"},{"taxonomy":"post_tag","embeddable":true,"href":"https:\/\/www.aridane.org\/city\/wp-json\/wp\/v2\/tags?post=4797"}],"curies":[{"name":"wp","href":"https:\/\/api.w.org\/{rel}","templated":true}]}}