{"id":4801,"date":"2025-10-16T10:53:21","date_gmt":"2025-10-16T10:53:21","guid":{"rendered":"https:\/\/www.aridane.org\/city\/?p=4801"},"modified":"2025-10-20T10:55:13","modified_gmt":"2025-10-20T10:55:13","slug":"el-ayuntamiento-lanza-un-programa-para-potenciar-a-los-comercios-y-pymes-de-los-llanos-de-aridane","status":"publish","type":"post","link":"https:\/\/www.aridane.org\/city\/2025\/10\/16\/el-ayuntamiento-lanza-un-programa-para-potenciar-a-los-comercios-y-pymes-de-los-llanos-de-aridane\/","title":{"rendered":"El Ayuntamiento lanza un programa para potenciar a los comercios y pymes de Los Llanos de Aridane"},"content":{"rendered":"<p><em>La participaci\u00f3n es gratuita y est\u00e1 dirigida a comerciantes, aut\u00f3nomos y profesionales del municipio interesados en mejorar su desempe\u00f1o<\/em><!--more--><\/p>\n<p>El Ayuntamiento de Los Llanos de Aridane pone en marcha el programa \u2018P\u00edldoras de Felicidad\u201d, una iniciativa presencial dirigida a comercios y pymes del municipio que busca fortalecer sus capacidades en comunicaci\u00f3n, ventas y gesti\u00f3n emocional.<\/p>\n<p>La concejala de Comercio y Desarrollo Local, Ver\u00f3nica Gonz\u00e1lez, destaca que este programa \u201cpretende ofrecer un espacio para crecer e interactuar desde el recorrido empresarial singular, aportando herramientas que mejoren la competitividad y bienestar de los negocios locales\u201d.<\/p>\n<p>El programa, que se desarrollar\u00e1 en la Real Sociedad Aridane (Casino), ofrecer\u00e1 talleres interactivos desde el 16 de octubre hasta el 13 de noviembre, en horario de 20:30 a 22:30 horas. Cada sesi\u00f3n estar\u00e1 enfocada en un aspecto clave para el desarrollo empresarial, combinando estrategias pr\u00e1cticas con herramientas de crecimiento personal y profesional.<\/p>\n<p>Las sesiones abordar\u00e1n temas como marca personal y valor diferencial (23 de octubre), imagen comercial del negocio y del equipo (30 de octubre), vitaminas en la venta (6 de noviembre) y competencias digitales desde el marketing vivencial (13 de noviembre). El programa comenzar\u00e1 este jueves, 16 de octubre, con una presentaci\u00f3n introductoria.<\/p>\n<p>Los talleres ser\u00e1n impartidos por Jos\u00e9 Carlos P\u00e9rez, especialista en marca personal e inteligencia social, quien guiar\u00e1 a las personas participantes en un recorrido por los aspectos m\u00e1s humanos y comunicativos de la empresa moderna.<\/p>\n<p>La participaci\u00f3n es gratuita y est\u00e1 dirigida a comerciantes, aut\u00f3nomos y profesionales del municipio interesados en mejorar su desempe\u00f1o y generar entornos laborales m\u00e1s productivos y positivos.<\/p>\n","protected":false},"excerpt":{"rendered":"<p>La participaci\u00f3n es gratuita y est\u00e1 dirigida a comerciantes, aut\u00f3nomos y profesionales del municipio interesados en mejorar su desempe\u00f1o<\/p>\n","protected":false},"author":4,"featured_media":4802,"comment_status":"open","ping_status":"open","sticky":false,"template":"","format":"standard","meta":{"footnotes":""},"categories":[1],"tags":[],"class_list":["post-4801","post","type-post","status-publish","format-standard","has-post-thumbnail","hentry","category-sin-categoria"],"yoast_head":"<!-- This site is optimized with the Yoast SEO plugin v22.7 - https:\/\/yoast.com\/wordpress\/plugins\/seo\/ -->\n<title>El Ayuntamiento lanza un programa para potenciar a los comercios y pymes de Los Llanos de Aridane - Ayuntamiento de Los Llanos de Aridane<\/title>\n<meta name=\"robots\" content=\"index, follow, max-snippet:-1, max-image-preview:large, max-video-preview:-1\" \/>\n<link rel=\"canonical\" href=\"https:\/\/www.aridane.org\/city\/2025\/10\/16\/el-ayuntamiento-lanza-un-programa-para-potenciar-a-los-comercios-y-pymes-de-los-llanos-de-aridane\/\" \/>\n<meta property=\"og:locale\" content=\"es_ES\" \/>\n<meta property=\"og:type\" content=\"article\" \/>\n<meta property=\"og:title\" content=\"El Ayuntamiento lanza un programa para potenciar a los comercios y pymes de Los Llanos de Aridane - Ayuntamiento de Los Llanos de Aridane\" \/>\n<meta property=\"og:description\" content=\"La participaci\u00f3n es gratuita y est\u00e1 dirigida a comerciantes, aut\u00f3nomos y profesionales del municipio interesados en mejorar su desempe\u00f1o\" \/>\n<meta property=\"og:url\" content=\"https:\/\/www.aridane.org\/city\/2025\/10\/16\/el-ayuntamiento-lanza-un-programa-para-potenciar-a-los-comercios-y-pymes-de-los-llanos-de-aridane\/\" \/>\n<meta property=\"og:site_name\" content=\"Ayuntamiento de Los Llanos de Aridane\" \/>\n<meta property=\"article:published_time\" content=\"2025-10-16T10:53:21+00:00\" \/>\n<meta property=\"article:modified_time\" content=\"2025-10-20T10:55:13+00:00\" \/>\n<meta property=\"og:image\" content=\"https:\/\/www.aridane.org\/city\/wp-content\/uploads\/2025\/10\/Veronica-Gonzalez-ok-1.jpeg\" \/>\n\t<meta property=\"og:image:width\" content=\"989\" \/>\n\t<meta property=\"og:image:height\" content=\"804\" \/>\n\t<meta property=\"og:image:type\" content=\"image\/jpeg\" \/>\n<meta name=\"author\" content=\"Corresponsal\" \/>\n<meta name=\"twitter:card\" content=\"summary_large_image\" \/>\n<meta name=\"twitter:label1\" content=\"Escrito por\" \/>\n\t<meta name=\"twitter:data1\" content=\"Corresponsal\" \/>\n\t<meta name=\"twitter:label2\" content=\"Tiempo de lectura\" \/>\n\t<meta name=\"twitter:data2\" content=\"2 minutos\" \/>\n<script type=\"application\/ld+json\" class=\"yoast-schema-graph\">{\"@context\":\"https:\/\/schema.org\",\"@graph\":[{\"@type\":\"WebPage\",\"@id\":\"https:\/\/www.aridane.org\/city\/2025\/10\/16\/el-ayuntamiento-lanza-un-programa-para-potenciar-a-los-comercios-y-pymes-de-los-llanos-de-aridane\/\",\"url\":\"https:\/\/www.aridane.org\/city\/2025\/10\/16\/el-ayuntamiento-lanza-un-programa-para-potenciar-a-los-comercios-y-pymes-de-los-llanos-de-aridane\/\",\"name\":\"El Ayuntamiento lanza un programa para potenciar a los comercios y pymes de Los Llanos de Aridane - Ayuntamiento de Los Llanos de Aridane\",\"isPartOf\":{\"@id\":\"https:\/\/www.aridane.org\/city\/#website\"},\"primaryImageOfPage\":{\"@id\":\"https:\/\/www.aridane.org\/city\/2025\/10\/16\/el-ayuntamiento-lanza-un-programa-para-potenciar-a-los-comercios-y-pymes-de-los-llanos-de-aridane\/#primaryimage\"},\"image\":{\"@id\":\"https:\/\/www.aridane.org\/city\/2025\/10\/16\/el-ayuntamiento-lanza-un-programa-para-potenciar-a-los-comercios-y-pymes-de-los-llanos-de-aridane\/#primaryimage\"},\"thumbnailUrl\":\"https:\/\/www.aridane.org\/city\/wp-content\/uploads\/2025\/10\/Veronica-Gonzalez-ok-1.jpeg\",\"datePublished\":\"2025-10-16T10:53:21+00:00\",\"dateModified\":\"2025-10-20T10:55:13+00:00\",\"author\":{\"@id\":\"https:\/\/www.aridane.org\/city\/#\/schema\/person\/89ebd376b223dc94cc1dbcf200c8e6da\"},\"breadcrumb\":{\"@id\":\"https:\/\/www.aridane.org\/city\/2025\/10\/16\/el-ayuntamiento-lanza-un-programa-para-potenciar-a-los-comercios-y-pymes-de-los-llanos-de-aridane\/#breadcrumb\"},\"inLanguage\":\"es\",\"potentialAction\":[{\"@type\":\"ReadAction\",\"target\":[\"https:\/\/www.aridane.org\/city\/2025\/10\/16\/el-ayuntamiento-lanza-un-programa-para-potenciar-a-los-comercios-y-pymes-de-los-llanos-de-aridane\/\"]}]},{\"@type\":\"ImageObject\",\"inLanguage\":\"es\",\"@id\":\"https:\/\/www.aridane.org\/city\/2025\/10\/16\/el-ayuntamiento-lanza-un-programa-para-potenciar-a-los-comercios-y-pymes-de-los-llanos-de-aridane\/#primaryimage\",\"url\":\"https:\/\/www.aridane.org\/city\/wp-content\/uploads\/2025\/10\/Veronica-Gonzalez-ok-1.jpeg\",\"contentUrl\":\"https:\/\/www.aridane.org\/city\/wp-content\/uploads\/2025\/10\/Veronica-Gonzalez-ok-1.jpeg\",\"width\":989,\"height\":804},{\"@type\":\"BreadcrumbList\",\"@id\":\"https:\/\/www.aridane.org\/city\/2025\/10\/16\/el-ayuntamiento-lanza-un-programa-para-potenciar-a-los-comercios-y-pymes-de-los-llanos-de-aridane\/#breadcrumb\",\"itemListElement\":[{\"@type\":\"ListItem\",\"position\":1,\"name\":\"Portada\",\"item\":\"https:\/\/www.aridane.org\/city\/\"},{\"@type\":\"ListItem\",\"position\":2,\"name\":\"El Ayuntamiento lanza un programa para potenciar a los comercios y pymes de Los Llanos de Aridane\"}]},{\"@type\":\"WebSite\",\"@id\":\"https:\/\/www.aridane.org\/city\/#website\",\"url\":\"https:\/\/www.aridane.org\/city\/\",\"name\":\"Ayuntamiento de Los Llanos de Aridane\",\"description\":\"\",\"potentialAction\":[{\"@type\":\"SearchAction\",\"target\":{\"@type\":\"EntryPoint\",\"urlTemplate\":\"https:\/\/www.aridane.org\/city\/?s={search_term_string}\"},\"query-input\":\"required name=search_term_string\"}],\"inLanguage\":\"es\"},{\"@type\":\"Person\",\"@id\":\"https:\/\/www.aridane.org\/city\/#\/schema\/person\/89ebd376b223dc94cc1dbcf200c8e6da\",\"name\":\"Corresponsal\",\"image\":{\"@type\":\"ImageObject\",\"inLanguage\":\"es\",\"@id\":\"https:\/\/www.aridane.org\/city\/#\/schema\/person\/image\/\",\"url\":\"https:\/\/secure.gravatar.com\/avatar\/1c476992411e4ccf153da63b2b2f5ea0bb4cb1c85f3ceab8512f04325ad5579c?s=96&d=mm&r=g\",\"contentUrl\":\"https:\/\/secure.gravatar.com\/avatar\/1c476992411e4ccf153da63b2b2f5ea0bb4cb1c85f3ceab8512f04325ad5579c?s=96&d=mm&r=g\",\"caption\":\"Corresponsal\"},\"url\":\"https:\/\/www.aridane.org\/city\/author\/corresponsal\/\"}]}<\/script>\n<!-- \/ Yoast SEO plugin. -->","yoast_head_json":{"title":"El Ayuntamiento lanza un programa para potenciar a los comercios y pymes de Los Llanos de Aridane - Ayuntamiento de Los Llanos de Aridane","robots":{"index":"index","follow":"follow","max-snippet":"max-snippet:-1","max-image-preview":"max-image-preview:large","max-video-preview":"max-video-preview:-1"},"canonical":"https:\/\/www.aridane.org\/city\/2025\/10\/16\/el-ayuntamiento-lanza-un-programa-para-potenciar-a-los-comercios-y-pymes-de-los-llanos-de-aridane\/","og_locale":"es_ES","og_type":"article","og_title":"El Ayuntamiento lanza un programa para potenciar a los comercios y pymes de Los Llanos de Aridane - Ayuntamiento de Los Llanos de Aridane","og_description":"La participaci\u00f3n es gratuita y est\u00e1 dirigida a comerciantes, aut\u00f3nomos y profesionales del municipio interesados en mejorar su desempe\u00f1o","og_url":"https:\/\/www.aridane.org\/city\/2025\/10\/16\/el-ayuntamiento-lanza-un-programa-para-potenciar-a-los-comercios-y-pymes-de-los-llanos-de-aridane\/","og_site_name":"Ayuntamiento de Los Llanos de Aridane","article_published_time":"2025-10-16T10:53:21+00:00","article_modified_time":"2025-10-20T10:55:13+00:00","og_image":[{"width":989,"height":804,"url":"https:\/\/www.aridane.org\/city\/wp-content\/uploads\/2025\/10\/Veronica-Gonzalez-ok-1.jpeg","type":"image\/jpeg"}],"author":"Corresponsal","twitter_card":"summary_large_image","twitter_misc":{"Escrito por":"Corresponsal","Tiempo de lectura":"2 minutos"},"schema":{"@context":"https:\/\/schema.org","@graph":[{"@type":"WebPage","@id":"https:\/\/www.aridane.org\/city\/2025\/10\/16\/el-ayuntamiento-lanza-un-programa-para-potenciar-a-los-comercios-y-pymes-de-los-llanos-de-aridane\/","url":"https:\/\/www.aridane.org\/city\/2025\/10\/16\/el-ayuntamiento-lanza-un-programa-para-potenciar-a-los-comercios-y-pymes-de-los-llanos-de-aridane\/","name":"El Ayuntamiento lanza un programa para potenciar a los comercios y pymes de Los Llanos de Aridane - Ayuntamiento de Los Llanos de Aridane","isPartOf":{"@id":"https:\/\/www.aridane.org\/city\/#website"},"primaryImageOfPage":{"@id":"https:\/\/www.aridane.org\/city\/2025\/10\/16\/el-ayuntamiento-lanza-un-programa-para-potenciar-a-los-comercios-y-pymes-de-los-llanos-de-aridane\/#primaryimage"},"image":{"@id":"https:\/\/www.aridane.org\/city\/2025\/10\/16\/el-ayuntamiento-lanza-un-programa-para-potenciar-a-los-comercios-y-pymes-de-los-llanos-de-aridane\/#primaryimage"},"thumbnailUrl":"https:\/\/www.aridane.org\/city\/wp-content\/uploads\/2025\/10\/Veronica-Gonzalez-ok-1.jpeg","datePublished":"2025-10-16T10:53:21+00:00","dateModified":"2025-10-20T10:55:13+00:00","author":{"@id":"https:\/\/www.aridane.org\/city\/#\/schema\/person\/89ebd376b223dc94cc1dbcf200c8e6da"},"breadcrumb":{"@id":"https:\/\/www.aridane.org\/city\/2025\/10\/16\/el-ayuntamiento-lanza-un-programa-para-potenciar-a-los-comercios-y-pymes-de-los-llanos-de-aridane\/#breadcrumb"},"inLanguage":"es","potentialAction":[{"@type":"ReadAction","target":["https:\/\/www.aridane.org\/city\/2025\/10\/16\/el-ayuntamiento-lanza-un-programa-para-potenciar-a-los-comercios-y-pymes-de-los-llanos-de-aridane\/"]}]},{"@type":"ImageObject","inLanguage":"es","@id":"https:\/\/www.aridane.org\/city\/2025\/10\/16\/el-ayuntamiento-lanza-un-programa-para-potenciar-a-los-comercios-y-pymes-de-los-llanos-de-aridane\/#primaryimage","url":"https:\/\/www.aridane.org\/city\/wp-content\/uploads\/2025\/10\/Veronica-Gonzalez-ok-1.jpeg","contentUrl":"https:\/\/www.aridane.org\/city\/wp-content\/uploads\/2025\/10\/Veronica-Gonzalez-ok-1.jpeg","width":989,"height":804},{"@type":"BreadcrumbList","@id":"https:\/\/www.aridane.org\/city\/2025\/10\/16\/el-ayuntamiento-lanza-un-programa-para-potenciar-a-los-comercios-y-pymes-de-los-llanos-de-aridane\/#breadcrumb","itemListElement":[{"@type":"ListItem","position":1,"name":"Portada","item":"https:\/\/www.aridane.org\/city\/"},{"@type":"ListItem","position":2,"name":"El Ayuntamiento lanza un programa para potenciar a los comercios y pymes de Los Llanos de Aridane"}]},{"@type":"WebSite","@id":"https:\/\/www.aridane.org\/city\/#website","url":"https:\/\/www.aridane.org\/city\/","name":"Ayuntamiento de Los Llanos de Aridane","description":"","potentialAction":[{"@type":"SearchAction","target":{"@type":"EntryPoint","urlTemplate":"https:\/\/www.aridane.org\/city\/?s={search_term_string}"},"query-input":"required name=search_term_string"}],"inLanguage":"es"},{"@type":"Person","@id":"https:\/\/www.aridane.org\/city\/#\/schema\/person\/89ebd376b223dc94cc1dbcf200c8e6da","name":"Corresponsal","image":{"@type":"ImageObject","inLanguage":"es","@id":"https:\/\/www.aridane.org\/city\/#\/schema\/person\/image\/","url":"https:\/\/secure.gravatar.com\/avatar\/1c476992411e4ccf153da63b2b2f5ea0bb4cb1c85f3ceab8512f04325ad5579c?s=96&d=mm&r=g","contentUrl":"https:\/\/secure.gravatar.com\/avatar\/1c476992411e4ccf153da63b2b2f5ea0bb4cb1c85f3ceab8512f04325ad5579c?s=96&d=mm&r=g","caption":"Corresponsal"},"url":"https:\/\/www.aridane.org\/city\/author\/corresponsal\/"}]}},"_links":{"self":[{"href":"https:\/\/www.aridane.org\/city\/wp-json\/wp\/v2\/posts\/4801","targetHints":{"allow":["GET"]}}],"collection":[{"href":"https:\/\/www.aridane.org\/city\/wp-json\/wp\/v2\/posts"}],"about":[{"href":"https:\/\/www.aridane.org\/city\/wp-json\/wp\/v2\/types\/post"}],"author":[{"embeddable":true,"href":"https:\/\/www.aridane.org\/city\/wp-json\/wp\/v2\/users\/4"}],"replies":[{"embeddable":true,"href":"https:\/\/www.aridane.org\/city\/wp-json\/wp\/v2\/comments?post=4801"}],"version-history":[{"count":1,"href":"https:\/\/www.aridane.org\/city\/wp-json\/wp\/v2\/posts\/4801\/revisions"}],"predecessor-version":[{"id":4803,"href":"https:\/\/www.aridane.org\/city\/wp-json\/wp\/v2\/posts\/4801\/revisions\/4803"}],"wp:featuredmedia":[{"embeddable":true,"href":"https:\/\/www.aridane.org\/city\/wp-json\/wp\/v2\/media\/4802"}],"wp:attachment":[{"href":"https:\/\/www.aridane.org\/city\/wp-json\/wp\/v2\/media?parent=4801"}],"wp:term":[{"taxonomy":"category","embeddable":true,"href":"https:\/\/www.aridane.org\/city\/wp-json\/wp\/v2\/categories?post=4801"},{"taxonomy":"post_tag","embeddable":true,"href":"https:\/\/www.aridane.org\/city\/wp-json\/wp\/v2\/tags?post=4801"}],"curies":[{"name":"wp","href":"https:\/\/api.w.org\/{rel}","templated":true}]}}