{"id":4804,"date":"2025-10-17T10:57:17","date_gmt":"2025-10-17T10:57:17","guid":{"rendered":"https:\/\/www.aridane.org\/city\/?p=4804"},"modified":"2025-10-20T11:02:29","modified_gmt":"2025-10-20T11:02:29","slug":"llamas-valora-los-resultados-de-la-comision-mixta-para-la-reconstruccion-deben-celebrarse-con-mas-frecuencia","status":"publish","type":"post","link":"https:\/\/www.aridane.org\/city\/2025\/10\/17\/llamas-valora-los-resultados-de-la-comision-mixta-para-la-reconstruccion-deben-celebrarse-con-mas-frecuencia\/","title":{"rendered":"Llamas valora los resultados de la Comisi\u00f3n Mixta para la reconstrucci\u00f3n: \u201cDeben celebrarse con m\u00e1s frecuencia\u201d"},"content":{"rendered":"<p><em>La Comisi\u00f3n acord\u00f3 mantener la v\u00eda de emergencia, reforzar la seguridad jur\u00eddica y avanzar en la actualizaci\u00f3n de los convenios, entre ellos el segundo de Los Llanos de Aridane<\/em><!--more--><\/p>\n<p>El alcalde de Los Llanos de Aridane, Javier Llamas, valor\u00f3 la celebraci\u00f3n de la segunda Comisi\u00f3n Mixta de Seguimiento de la Reconstrucci\u00f3n, la primera que tiene lugar desde febrero de 2024.<\/p>\n<p>\u201cLos resultados de esta sesi\u00f3n demuestran que estas comisiones deben celebrarse con mayor frecuencia. Cuando nos sentamos todas las administraciones -Gobierno de Espa\u00f1a, Gobierno de Canarias, Cabildo y ayuntamientos- en la misma mesa, se logran avances reales\u201d, se\u00f1al\u00f3.<\/p>\n<p>Entre los asuntos pactados se incluyen la necesidad de seguir actuando por la v\u00eda de emergencia para recuperar infraestructuras, ofrecer seguridad jur\u00eddica a los t\u00e9cnicos e interventores municipales y establecer un marco claro para el uso de las bolsas econ\u00f3micas vinculadas al 50% de los fondos transferidos por el Estado, de modo que los ayuntamientos puedan ejecutar los pagos con agilidad.<\/p>\n<p>Durante la reuni\u00f3n se insisti\u00f3 especialmente en la importancia de actualizar los convenios de colaboraci\u00f3n. En el caso de Los Llanos de Aridane, el segundo convenio ya ha sido remitido al Ministerio de Pol\u00edtica Territorial y asciende a 66 millones de euros. \u201cEs un paso esencial para el municipio m\u00e1s afectado por la erupci\u00f3n. Buscamos certezas para seguir avanzando\u201d, afirm\u00f3 el alcalde.<\/p>\n<p>Llamas valor\u00f3 tambi\u00e9n otros compromisos asumidos en la Comisi\u00f3n Mixta, como la bonificaci\u00f3n del 60% del IRPF y los 100 millones de euros comprometidos para La Palma, que, seg\u00fan anunci\u00f3 el ministro \u00c1ngel V\u00edctor Torres, se incorporar\u00e1n en el decreto ley que el Gobierno de Espa\u00f1a prev\u00e9 llevar pr\u00f3ximamente al Congreso.<\/p>\n<p>El texto incluir\u00e1 adem\u00e1s una moratoria para los agricultores afectados por la emergencia volc\u00e1nica. \u201cEllos siguen asumiendo gastos y, en muchos casos, todav\u00eda no han recibido el valor de lo perdido\u201d, a\u00f1adi\u00f3 el alcalde.<\/p>\n","protected":false},"excerpt":{"rendered":"<p>La Comisi\u00f3n acord\u00f3 mantener la v\u00eda de emergencia, reforzar la seguridad jur\u00eddica y avanzar en la actualizaci\u00f3n de los convenios, entre ellos el segundo de Los Llanos de Aridane<\/p>\n","protected":false},"author":4,"featured_media":4805,"comment_status":"open","ping_status":"open","sticky":false,"template":"","format":"standard","meta":{"footnotes":""},"categories":[1],"tags":[],"class_list":["post-4804","post","type-post","status-publish","format-standard","has-post-thumbnail","hentry","category-sin-categoria"],"yoast_head":"<!-- This site is optimized with the Yoast SEO plugin v22.7 - https:\/\/yoast.com\/wordpress\/plugins\/seo\/ -->\n<title>Llamas valora los resultados de la Comisi\u00f3n Mixta para la reconstrucci\u00f3n: \u201cDeben celebrarse con m\u00e1s frecuencia\u201d - Ayuntamiento de Los Llanos de Aridane<\/title>\n<meta name=\"robots\" content=\"index, follow, max-snippet:-1, max-image-preview:large, max-video-preview:-1\" \/>\n<link rel=\"canonical\" href=\"https:\/\/www.aridane.org\/city\/2025\/10\/17\/llamas-valora-los-resultados-de-la-comision-mixta-para-la-reconstruccion-deben-celebrarse-con-mas-frecuencia\/\" \/>\n<meta property=\"og:locale\" content=\"es_ES\" \/>\n<meta property=\"og:type\" content=\"article\" \/>\n<meta property=\"og:title\" content=\"Llamas valora los resultados de la Comisi\u00f3n Mixta para la reconstrucci\u00f3n: \u201cDeben celebrarse con m\u00e1s frecuencia\u201d - Ayuntamiento de Los Llanos de Aridane\" \/>\n<meta property=\"og:description\" content=\"La Comisi\u00f3n acord\u00f3 mantener la v\u00eda de emergencia, reforzar la seguridad jur\u00eddica y avanzar en la actualizaci\u00f3n de los convenios, entre ellos el segundo de Los Llanos de Aridane\" \/>\n<meta property=\"og:url\" content=\"https:\/\/www.aridane.org\/city\/2025\/10\/17\/llamas-valora-los-resultados-de-la-comision-mixta-para-la-reconstruccion-deben-celebrarse-con-mas-frecuencia\/\" \/>\n<meta property=\"og:site_name\" content=\"Ayuntamiento de Los Llanos de Aridane\" \/>\n<meta property=\"article:published_time\" content=\"2025-10-17T10:57:17+00:00\" \/>\n<meta property=\"article:modified_time\" content=\"2025-10-20T11:02:29+00:00\" \/>\n<meta property=\"og:image\" content=\"https:\/\/www.aridane.org\/city\/wp-content\/uploads\/2025\/10\/Comision-Mixta-Javier-Llamas-scaled.jpeg\" \/>\n\t<meta property=\"og:image:width\" content=\"2560\" \/>\n\t<meta property=\"og:image:height\" content=\"1902\" \/>\n\t<meta property=\"og:image:type\" content=\"image\/jpeg\" \/>\n<meta name=\"author\" content=\"Corresponsal\" \/>\n<meta name=\"twitter:card\" content=\"summary_large_image\" \/>\n<meta name=\"twitter:label1\" content=\"Escrito por\" \/>\n\t<meta name=\"twitter:data1\" content=\"Corresponsal\" \/>\n\t<meta name=\"twitter:label2\" content=\"Tiempo de lectura\" \/>\n\t<meta name=\"twitter:data2\" content=\"2 minutos\" \/>\n<script type=\"application\/ld+json\" class=\"yoast-schema-graph\">{\"@context\":\"https:\/\/schema.org\",\"@graph\":[{\"@type\":\"WebPage\",\"@id\":\"https:\/\/www.aridane.org\/city\/2025\/10\/17\/llamas-valora-los-resultados-de-la-comision-mixta-para-la-reconstruccion-deben-celebrarse-con-mas-frecuencia\/\",\"url\":\"https:\/\/www.aridane.org\/city\/2025\/10\/17\/llamas-valora-los-resultados-de-la-comision-mixta-para-la-reconstruccion-deben-celebrarse-con-mas-frecuencia\/\",\"name\":\"Llamas valora los resultados de la Comisi\u00f3n Mixta para la reconstrucci\u00f3n: \u201cDeben celebrarse con m\u00e1s frecuencia\u201d - Ayuntamiento de Los Llanos de Aridane\",\"isPartOf\":{\"@id\":\"https:\/\/www.aridane.org\/city\/#website\"},\"primaryImageOfPage\":{\"@id\":\"https:\/\/www.aridane.org\/city\/2025\/10\/17\/llamas-valora-los-resultados-de-la-comision-mixta-para-la-reconstruccion-deben-celebrarse-con-mas-frecuencia\/#primaryimage\"},\"image\":{\"@id\":\"https:\/\/www.aridane.org\/city\/2025\/10\/17\/llamas-valora-los-resultados-de-la-comision-mixta-para-la-reconstruccion-deben-celebrarse-con-mas-frecuencia\/#primaryimage\"},\"thumbnailUrl\":\"https:\/\/www.aridane.org\/city\/wp-content\/uploads\/2025\/10\/Comision-Mixta-Javier-Llamas-scaled.jpeg\",\"datePublished\":\"2025-10-17T10:57:17+00:00\",\"dateModified\":\"2025-10-20T11:02:29+00:00\",\"author\":{\"@id\":\"https:\/\/www.aridane.org\/city\/#\/schema\/person\/89ebd376b223dc94cc1dbcf200c8e6da\"},\"breadcrumb\":{\"@id\":\"https:\/\/www.aridane.org\/city\/2025\/10\/17\/llamas-valora-los-resultados-de-la-comision-mixta-para-la-reconstruccion-deben-celebrarse-con-mas-frecuencia\/#breadcrumb\"},\"inLanguage\":\"es\",\"potentialAction\":[{\"@type\":\"ReadAction\",\"target\":[\"https:\/\/www.aridane.org\/city\/2025\/10\/17\/llamas-valora-los-resultados-de-la-comision-mixta-para-la-reconstruccion-deben-celebrarse-con-mas-frecuencia\/\"]}]},{\"@type\":\"ImageObject\",\"inLanguage\":\"es\",\"@id\":\"https:\/\/www.aridane.org\/city\/2025\/10\/17\/llamas-valora-los-resultados-de-la-comision-mixta-para-la-reconstruccion-deben-celebrarse-con-mas-frecuencia\/#primaryimage\",\"url\":\"https:\/\/www.aridane.org\/city\/wp-content\/uploads\/2025\/10\/Comision-Mixta-Javier-Llamas-scaled.jpeg\",\"contentUrl\":\"https:\/\/www.aridane.org\/city\/wp-content\/uploads\/2025\/10\/Comision-Mixta-Javier-Llamas-scaled.jpeg\",\"width\":2560,\"height\":1902},{\"@type\":\"BreadcrumbList\",\"@id\":\"https:\/\/www.aridane.org\/city\/2025\/10\/17\/llamas-valora-los-resultados-de-la-comision-mixta-para-la-reconstruccion-deben-celebrarse-con-mas-frecuencia\/#breadcrumb\",\"itemListElement\":[{\"@type\":\"ListItem\",\"position\":1,\"name\":\"Portada\",\"item\":\"https:\/\/www.aridane.org\/city\/\"},{\"@type\":\"ListItem\",\"position\":2,\"name\":\"Llamas valora los resultados de la Comisi\u00f3n Mixta para la reconstrucci\u00f3n: \u201cDeben celebrarse con m\u00e1s frecuencia\u201d\"}]},{\"@type\":\"WebSite\",\"@id\":\"https:\/\/www.aridane.org\/city\/#website\",\"url\":\"https:\/\/www.aridane.org\/city\/\",\"name\":\"Ayuntamiento de Los Llanos de Aridane\",\"description\":\"\",\"potentialAction\":[{\"@type\":\"SearchAction\",\"target\":{\"@type\":\"EntryPoint\",\"urlTemplate\":\"https:\/\/www.aridane.org\/city\/?s={search_term_string}\"},\"query-input\":\"required name=search_term_string\"}],\"inLanguage\":\"es\"},{\"@type\":\"Person\",\"@id\":\"https:\/\/www.aridane.org\/city\/#\/schema\/person\/89ebd376b223dc94cc1dbcf200c8e6da\",\"name\":\"Corresponsal\",\"image\":{\"@type\":\"ImageObject\",\"inLanguage\":\"es\",\"@id\":\"https:\/\/www.aridane.org\/city\/#\/schema\/person\/image\/\",\"url\":\"https:\/\/secure.gravatar.com\/avatar\/1c476992411e4ccf153da63b2b2f5ea0bb4cb1c85f3ceab8512f04325ad5579c?s=96&d=mm&r=g\",\"contentUrl\":\"https:\/\/secure.gravatar.com\/avatar\/1c476992411e4ccf153da63b2b2f5ea0bb4cb1c85f3ceab8512f04325ad5579c?s=96&d=mm&r=g\",\"caption\":\"Corresponsal\"},\"url\":\"https:\/\/www.aridane.org\/city\/author\/corresponsal\/\"}]}<\/script>\n<!-- \/ Yoast SEO plugin. -->","yoast_head_json":{"title":"Llamas valora los resultados de la Comisi\u00f3n Mixta para la reconstrucci\u00f3n: \u201cDeben celebrarse con m\u00e1s frecuencia\u201d - Ayuntamiento de Los Llanos de Aridane","robots":{"index":"index","follow":"follow","max-snippet":"max-snippet:-1","max-image-preview":"max-image-preview:large","max-video-preview":"max-video-preview:-1"},"canonical":"https:\/\/www.aridane.org\/city\/2025\/10\/17\/llamas-valora-los-resultados-de-la-comision-mixta-para-la-reconstruccion-deben-celebrarse-con-mas-frecuencia\/","og_locale":"es_ES","og_type":"article","og_title":"Llamas valora los resultados de la Comisi\u00f3n Mixta para la reconstrucci\u00f3n: \u201cDeben celebrarse con m\u00e1s frecuencia\u201d - Ayuntamiento de Los Llanos de Aridane","og_description":"La Comisi\u00f3n acord\u00f3 mantener la v\u00eda de emergencia, reforzar la seguridad jur\u00eddica y avanzar en la actualizaci\u00f3n de los convenios, entre ellos el segundo de Los Llanos de Aridane","og_url":"https:\/\/www.aridane.org\/city\/2025\/10\/17\/llamas-valora-los-resultados-de-la-comision-mixta-para-la-reconstruccion-deben-celebrarse-con-mas-frecuencia\/","og_site_name":"Ayuntamiento de Los Llanos de Aridane","article_published_time":"2025-10-17T10:57:17+00:00","article_modified_time":"2025-10-20T11:02:29+00:00","og_image":[{"width":2560,"height":1902,"url":"https:\/\/www.aridane.org\/city\/wp-content\/uploads\/2025\/10\/Comision-Mixta-Javier-Llamas-scaled.jpeg","type":"image\/jpeg"}],"author":"Corresponsal","twitter_card":"summary_large_image","twitter_misc":{"Escrito por":"Corresponsal","Tiempo de lectura":"2 minutos"},"schema":{"@context":"https:\/\/schema.org","@graph":[{"@type":"WebPage","@id":"https:\/\/www.aridane.org\/city\/2025\/10\/17\/llamas-valora-los-resultados-de-la-comision-mixta-para-la-reconstruccion-deben-celebrarse-con-mas-frecuencia\/","url":"https:\/\/www.aridane.org\/city\/2025\/10\/17\/llamas-valora-los-resultados-de-la-comision-mixta-para-la-reconstruccion-deben-celebrarse-con-mas-frecuencia\/","name":"Llamas valora los resultados de la Comisi\u00f3n Mixta para la reconstrucci\u00f3n: \u201cDeben celebrarse con m\u00e1s frecuencia\u201d - Ayuntamiento de Los Llanos de Aridane","isPartOf":{"@id":"https:\/\/www.aridane.org\/city\/#website"},"primaryImageOfPage":{"@id":"https:\/\/www.aridane.org\/city\/2025\/10\/17\/llamas-valora-los-resultados-de-la-comision-mixta-para-la-reconstruccion-deben-celebrarse-con-mas-frecuencia\/#primaryimage"},"image":{"@id":"https:\/\/www.aridane.org\/city\/2025\/10\/17\/llamas-valora-los-resultados-de-la-comision-mixta-para-la-reconstruccion-deben-celebrarse-con-mas-frecuencia\/#primaryimage"},"thumbnailUrl":"https:\/\/www.aridane.org\/city\/wp-content\/uploads\/2025\/10\/Comision-Mixta-Javier-Llamas-scaled.jpeg","datePublished":"2025-10-17T10:57:17+00:00","dateModified":"2025-10-20T11:02:29+00:00","author":{"@id":"https:\/\/www.aridane.org\/city\/#\/schema\/person\/89ebd376b223dc94cc1dbcf200c8e6da"},"breadcrumb":{"@id":"https:\/\/www.aridane.org\/city\/2025\/10\/17\/llamas-valora-los-resultados-de-la-comision-mixta-para-la-reconstruccion-deben-celebrarse-con-mas-frecuencia\/#breadcrumb"},"inLanguage":"es","potentialAction":[{"@type":"ReadAction","target":["https:\/\/www.aridane.org\/city\/2025\/10\/17\/llamas-valora-los-resultados-de-la-comision-mixta-para-la-reconstruccion-deben-celebrarse-con-mas-frecuencia\/"]}]},{"@type":"ImageObject","inLanguage":"es","@id":"https:\/\/www.aridane.org\/city\/2025\/10\/17\/llamas-valora-los-resultados-de-la-comision-mixta-para-la-reconstruccion-deben-celebrarse-con-mas-frecuencia\/#primaryimage","url":"https:\/\/www.aridane.org\/city\/wp-content\/uploads\/2025\/10\/Comision-Mixta-Javier-Llamas-scaled.jpeg","contentUrl":"https:\/\/www.aridane.org\/city\/wp-content\/uploads\/2025\/10\/Comision-Mixta-Javier-Llamas-scaled.jpeg","width":2560,"height":1902},{"@type":"BreadcrumbList","@id":"https:\/\/www.aridane.org\/city\/2025\/10\/17\/llamas-valora-los-resultados-de-la-comision-mixta-para-la-reconstruccion-deben-celebrarse-con-mas-frecuencia\/#breadcrumb","itemListElement":[{"@type":"ListItem","position":1,"name":"Portada","item":"https:\/\/www.aridane.org\/city\/"},{"@type":"ListItem","position":2,"name":"Llamas valora los resultados de la Comisi\u00f3n Mixta para la reconstrucci\u00f3n: \u201cDeben celebrarse con m\u00e1s frecuencia\u201d"}]},{"@type":"WebSite","@id":"https:\/\/www.aridane.org\/city\/#website","url":"https:\/\/www.aridane.org\/city\/","name":"Ayuntamiento de Los Llanos de Aridane","description":"","potentialAction":[{"@type":"SearchAction","target":{"@type":"EntryPoint","urlTemplate":"https:\/\/www.aridane.org\/city\/?s={search_term_string}"},"query-input":"required name=search_term_string"}],"inLanguage":"es"},{"@type":"Person","@id":"https:\/\/www.aridane.org\/city\/#\/schema\/person\/89ebd376b223dc94cc1dbcf200c8e6da","name":"Corresponsal","image":{"@type":"ImageObject","inLanguage":"es","@id":"https:\/\/www.aridane.org\/city\/#\/schema\/person\/image\/","url":"https:\/\/secure.gravatar.com\/avatar\/1c476992411e4ccf153da63b2b2f5ea0bb4cb1c85f3ceab8512f04325ad5579c?s=96&d=mm&r=g","contentUrl":"https:\/\/secure.gravatar.com\/avatar\/1c476992411e4ccf153da63b2b2f5ea0bb4cb1c85f3ceab8512f04325ad5579c?s=96&d=mm&r=g","caption":"Corresponsal"},"url":"https:\/\/www.aridane.org\/city\/author\/corresponsal\/"}]}},"_links":{"self":[{"href":"https:\/\/www.aridane.org\/city\/wp-json\/wp\/v2\/posts\/4804","targetHints":{"allow":["GET"]}}],"collection":[{"href":"https:\/\/www.aridane.org\/city\/wp-json\/wp\/v2\/posts"}],"about":[{"href":"https:\/\/www.aridane.org\/city\/wp-json\/wp\/v2\/types\/post"}],"author":[{"embeddable":true,"href":"https:\/\/www.aridane.org\/city\/wp-json\/wp\/v2\/users\/4"}],"replies":[{"embeddable":true,"href":"https:\/\/www.aridane.org\/city\/wp-json\/wp\/v2\/comments?post=4804"}],"version-history":[{"count":1,"href":"https:\/\/www.aridane.org\/city\/wp-json\/wp\/v2\/posts\/4804\/revisions"}],"predecessor-version":[{"id":4806,"href":"https:\/\/www.aridane.org\/city\/wp-json\/wp\/v2\/posts\/4804\/revisions\/4806"}],"wp:featuredmedia":[{"embeddable":true,"href":"https:\/\/www.aridane.org\/city\/wp-json\/wp\/v2\/media\/4805"}],"wp:attachment":[{"href":"https:\/\/www.aridane.org\/city\/wp-json\/wp\/v2\/media?parent=4804"}],"wp:term":[{"taxonomy":"category","embeddable":true,"href":"https:\/\/www.aridane.org\/city\/wp-json\/wp\/v2\/categories?post=4804"},{"taxonomy":"post_tag","embeddable":true,"href":"https:\/\/www.aridane.org\/city\/wp-json\/wp\/v2\/tags?post=4804"}],"curies":[{"name":"wp","href":"https:\/\/api.w.org\/{rel}","templated":true}]}}