{"id":4807,"date":"2025-10-20T11:03:54","date_gmt":"2025-10-20T11:03:54","guid":{"rendered":"https:\/\/www.aridane.org\/city\/?p=4807"},"modified":"2025-10-20T11:04:34","modified_gmt":"2025-10-20T11:04:34","slug":"el-ayuntamiento-y-la-reserva-de-la-biosfera-impulsan-la-renovacion-de-la-red-de-agua-en-la-avenida-enrique-mederos","status":"publish","type":"post","link":"https:\/\/www.aridane.org\/city\/2025\/10\/20\/el-ayuntamiento-y-la-reserva-de-la-biosfera-impulsan-la-renovacion-de-la-red-de-agua-en-la-avenida-enrique-mederos\/","title":{"rendered":"El Ayuntamiento y la Reserva de la Biosfera impulsan la renovaci\u00f3n de la red de agua en la avenida Enrique Mederos"},"content":{"rendered":"<p><em>El proyecto, valorado en 135.761,81 euros, contempla la sustituci\u00f3n y modernizaci\u00f3n de las tuber\u00edas principales para optimizar el suministro y reducir p\u00e9rdidas<\/em><!--more--><\/p>\n<p>El Ayuntamiento de Los Llanos de Aridane y la Fundaci\u00f3n Canaria Reserva Mundial de la Biosfera La Palma firman el convenio de colaboraci\u00f3n para ejecutar la obra de mejora de la red de agua potable en la avenida Enrique Mederos. Se trata de una demanda vecinal hist\u00f3rica que permitir\u00e1 modernizar una infraestructura esencial del municipio y garantizar un suministro de agua m\u00e1s eficiente, seguro y sostenible.<\/p>\n<p>El alcalde, Javier Llamas, se\u00f1ala que esta actuaci\u00f3n responde a una petici\u00f3n que los vecinos y las vecinas han trasladado al Ayuntamiento en numerosas ocasiones.<\/p>\n<p>\u201cEscucharles y buscar soluciones a sus necesidades es una de nuestras prioridades\u201d, asegura Llamas. \u201cCon esta obra, trabajando de la mano con la Fundaci\u00f3n, damos un paso m\u00e1s para mejorar el d\u00eda a d\u00eda de la ciudadan\u00eda y seguir construyendo un municipio con servicios m\u00e1s modernos y eficaces. Son obras poco vistosa, pero fundamentales, con un impacto enorme en el bienestar de la ciudadan\u00eda\u201d, agrega.<\/p>\n<p>En este sentido, el concejal responsable de la Reserva Mundial de la Biosfera, V\u00edctor Gonz\u00e1lez, destaca que la coordinaci\u00f3n entre el Ayuntamiento y la Fundaci\u00f3n permite canalizar fondos estatales hacia proyectos que fortalezcan el municipio y mejoren la calidad de vida de la ciudadan\u00eda.<\/p>\n<p>\u201cLa avenida Enrique Mederos es una de las zonas m\u00e1s transitadas del municipio y su renovaci\u00f3n supone un paso m\u00e1s hacia un municipio moderno y sostenible\u201d, a\u00f1ade.<\/p>\n<h2><strong>Sobre la actuaci\u00f3n<\/strong><\/h2>\n<p>El proyecto, valorado en 135.761,81 euros, contempla la sustituci\u00f3n y modernizaci\u00f3n de las tuber\u00edas principales para optimizar el suministro y reducir p\u00e9rdidas en uno de los principales ejes urbanos del municipio. Las obras se desarrollar\u00e1n durante tres meses a partir de la firma del acta de replanteo y ser\u00e1n licitadas mediante procedimiento abierto simplificado.<\/p>\n<p>La actuaci\u00f3n se financia con cargo a la aplicaci\u00f3n presupuestaria del programa \u2018Restauraci\u00f3n del entorno socioecon\u00f3mico y ambiental\u2019 del presupuesto general de la Fundaci\u00f3n Canaria Reserva Mundial de la Biosfera La Palma para el ejercicio 2025, en el marco del Real Decreto-ley 20\/2021, de 5 de octubre, por el que se adoptan medidas urgentes de apoyo a La Palma.<\/p>\n<p>La actuaci\u00f3n se enmarca dentro del Programa de Actuaciones del Organismo Aut\u00f3nomo de Parques Nacionales (OAPN), destinado a la restauraci\u00f3n del entorno socioecon\u00f3mico y ambiental de la isla tras las erupciones volc\u00e1nicas.<\/p>\n","protected":false},"excerpt":{"rendered":"<p>El proyecto, valorado en 135.761,81 euros, contempla la sustituci\u00f3n y modernizaci\u00f3n de las tuber\u00edas principales para optimizar el suministro y reducir p\u00e9rdidas<\/p>\n","protected":false},"author":4,"featured_media":4808,"comment_status":"open","ping_status":"open","sticky":false,"template":"","format":"standard","meta":{"footnotes":""},"categories":[1],"tags":[],"class_list":["post-4807","post","type-post","status-publish","format-standard","has-post-thumbnail","hentry","category-sin-categoria"],"yoast_head":"<!-- This site is optimized with the Yoast SEO plugin v22.7 - https:\/\/yoast.com\/wordpress\/plugins\/seo\/ -->\n<title>El Ayuntamiento y la Reserva de la Biosfera impulsan la renovaci\u00f3n de la red de agua en la avenida Enrique Mederos - Ayuntamiento de Los Llanos de Aridane<\/title>\n<meta name=\"robots\" content=\"index, follow, max-snippet:-1, max-image-preview:large, max-video-preview:-1\" \/>\n<link rel=\"canonical\" href=\"https:\/\/www.aridane.org\/city\/2025\/10\/20\/el-ayuntamiento-y-la-reserva-de-la-biosfera-impulsan-la-renovacion-de-la-red-de-agua-en-la-avenida-enrique-mederos\/\" \/>\n<meta property=\"og:locale\" content=\"es_ES\" \/>\n<meta property=\"og:type\" content=\"article\" \/>\n<meta property=\"og:title\" content=\"El Ayuntamiento y la Reserva de la Biosfera impulsan la renovaci\u00f3n de la red de agua en la avenida Enrique Mederos - Ayuntamiento de Los Llanos de Aridane\" \/>\n<meta property=\"og:description\" content=\"El proyecto, valorado en 135.761,81 euros, contempla la sustituci\u00f3n y modernizaci\u00f3n de las tuber\u00edas principales para optimizar el suministro y reducir p\u00e9rdidas\" \/>\n<meta property=\"og:url\" content=\"https:\/\/www.aridane.org\/city\/2025\/10\/20\/el-ayuntamiento-y-la-reserva-de-la-biosfera-impulsan-la-renovacion-de-la-red-de-agua-en-la-avenida-enrique-mederos\/\" \/>\n<meta property=\"og:site_name\" content=\"Ayuntamiento de Los Llanos de Aridane\" \/>\n<meta property=\"article:published_time\" content=\"2025-10-20T11:03:54+00:00\" \/>\n<meta property=\"article:modified_time\" content=\"2025-10-20T11:04:34+00:00\" \/>\n<meta property=\"og:image\" content=\"https:\/\/www.aridane.org\/city\/wp-content\/uploads\/2025\/10\/avenida-enrique-mederos-scaled.jpeg\" \/>\n\t<meta property=\"og:image:width\" content=\"2560\" \/>\n\t<meta property=\"og:image:height\" content=\"1948\" \/>\n\t<meta property=\"og:image:type\" content=\"image\/jpeg\" \/>\n<meta name=\"author\" content=\"Corresponsal\" \/>\n<meta name=\"twitter:card\" content=\"summary_large_image\" \/>\n<meta name=\"twitter:label1\" content=\"Escrito por\" \/>\n\t<meta name=\"twitter:data1\" content=\"Corresponsal\" \/>\n\t<meta name=\"twitter:label2\" content=\"Tiempo de lectura\" \/>\n\t<meta name=\"twitter:data2\" content=\"3 minutos\" \/>\n<script type=\"application\/ld+json\" class=\"yoast-schema-graph\">{\"@context\":\"https:\/\/schema.org\",\"@graph\":[{\"@type\":\"WebPage\",\"@id\":\"https:\/\/www.aridane.org\/city\/2025\/10\/20\/el-ayuntamiento-y-la-reserva-de-la-biosfera-impulsan-la-renovacion-de-la-red-de-agua-en-la-avenida-enrique-mederos\/\",\"url\":\"https:\/\/www.aridane.org\/city\/2025\/10\/20\/el-ayuntamiento-y-la-reserva-de-la-biosfera-impulsan-la-renovacion-de-la-red-de-agua-en-la-avenida-enrique-mederos\/\",\"name\":\"El Ayuntamiento y la Reserva de la Biosfera impulsan la renovaci\u00f3n de la red de agua en la avenida Enrique Mederos - Ayuntamiento de Los Llanos de Aridane\",\"isPartOf\":{\"@id\":\"https:\/\/www.aridane.org\/city\/#website\"},\"primaryImageOfPage\":{\"@id\":\"https:\/\/www.aridane.org\/city\/2025\/10\/20\/el-ayuntamiento-y-la-reserva-de-la-biosfera-impulsan-la-renovacion-de-la-red-de-agua-en-la-avenida-enrique-mederos\/#primaryimage\"},\"image\":{\"@id\":\"https:\/\/www.aridane.org\/city\/2025\/10\/20\/el-ayuntamiento-y-la-reserva-de-la-biosfera-impulsan-la-renovacion-de-la-red-de-agua-en-la-avenida-enrique-mederos\/#primaryimage\"},\"thumbnailUrl\":\"https:\/\/www.aridane.org\/city\/wp-content\/uploads\/2025\/10\/avenida-enrique-mederos-scaled.jpeg\",\"datePublished\":\"2025-10-20T11:03:54+00:00\",\"dateModified\":\"2025-10-20T11:04:34+00:00\",\"author\":{\"@id\":\"https:\/\/www.aridane.org\/city\/#\/schema\/person\/89ebd376b223dc94cc1dbcf200c8e6da\"},\"breadcrumb\":{\"@id\":\"https:\/\/www.aridane.org\/city\/2025\/10\/20\/el-ayuntamiento-y-la-reserva-de-la-biosfera-impulsan-la-renovacion-de-la-red-de-agua-en-la-avenida-enrique-mederos\/#breadcrumb\"},\"inLanguage\":\"es\",\"potentialAction\":[{\"@type\":\"ReadAction\",\"target\":[\"https:\/\/www.aridane.org\/city\/2025\/10\/20\/el-ayuntamiento-y-la-reserva-de-la-biosfera-impulsan-la-renovacion-de-la-red-de-agua-en-la-avenida-enrique-mederos\/\"]}]},{\"@type\":\"ImageObject\",\"inLanguage\":\"es\",\"@id\":\"https:\/\/www.aridane.org\/city\/2025\/10\/20\/el-ayuntamiento-y-la-reserva-de-la-biosfera-impulsan-la-renovacion-de-la-red-de-agua-en-la-avenida-enrique-mederos\/#primaryimage\",\"url\":\"https:\/\/www.aridane.org\/city\/wp-content\/uploads\/2025\/10\/avenida-enrique-mederos-scaled.jpeg\",\"contentUrl\":\"https:\/\/www.aridane.org\/city\/wp-content\/uploads\/2025\/10\/avenida-enrique-mederos-scaled.jpeg\",\"width\":2560,\"height\":1948},{\"@type\":\"BreadcrumbList\",\"@id\":\"https:\/\/www.aridane.org\/city\/2025\/10\/20\/el-ayuntamiento-y-la-reserva-de-la-biosfera-impulsan-la-renovacion-de-la-red-de-agua-en-la-avenida-enrique-mederos\/#breadcrumb\",\"itemListElement\":[{\"@type\":\"ListItem\",\"position\":1,\"name\":\"Portada\",\"item\":\"https:\/\/www.aridane.org\/city\/\"},{\"@type\":\"ListItem\",\"position\":2,\"name\":\"El Ayuntamiento y la Reserva de la Biosfera impulsan la renovaci\u00f3n de la red de agua en la avenida Enrique Mederos\"}]},{\"@type\":\"WebSite\",\"@id\":\"https:\/\/www.aridane.org\/city\/#website\",\"url\":\"https:\/\/www.aridane.org\/city\/\",\"name\":\"Ayuntamiento de Los Llanos de Aridane\",\"description\":\"\",\"potentialAction\":[{\"@type\":\"SearchAction\",\"target\":{\"@type\":\"EntryPoint\",\"urlTemplate\":\"https:\/\/www.aridane.org\/city\/?s={search_term_string}\"},\"query-input\":\"required name=search_term_string\"}],\"inLanguage\":\"es\"},{\"@type\":\"Person\",\"@id\":\"https:\/\/www.aridane.org\/city\/#\/schema\/person\/89ebd376b223dc94cc1dbcf200c8e6da\",\"name\":\"Corresponsal\",\"image\":{\"@type\":\"ImageObject\",\"inLanguage\":\"es\",\"@id\":\"https:\/\/www.aridane.org\/city\/#\/schema\/person\/image\/\",\"url\":\"https:\/\/secure.gravatar.com\/avatar\/1c476992411e4ccf153da63b2b2f5ea0bb4cb1c85f3ceab8512f04325ad5579c?s=96&d=mm&r=g\",\"contentUrl\":\"https:\/\/secure.gravatar.com\/avatar\/1c476992411e4ccf153da63b2b2f5ea0bb4cb1c85f3ceab8512f04325ad5579c?s=96&d=mm&r=g\",\"caption\":\"Corresponsal\"},\"url\":\"https:\/\/www.aridane.org\/city\/author\/corresponsal\/\"}]}<\/script>\n<!-- \/ Yoast SEO plugin. -->","yoast_head_json":{"title":"El Ayuntamiento y la Reserva de la Biosfera impulsan la renovaci\u00f3n de la red de agua en la avenida Enrique Mederos - Ayuntamiento de Los Llanos de Aridane","robots":{"index":"index","follow":"follow","max-snippet":"max-snippet:-1","max-image-preview":"max-image-preview:large","max-video-preview":"max-video-preview:-1"},"canonical":"https:\/\/www.aridane.org\/city\/2025\/10\/20\/el-ayuntamiento-y-la-reserva-de-la-biosfera-impulsan-la-renovacion-de-la-red-de-agua-en-la-avenida-enrique-mederos\/","og_locale":"es_ES","og_type":"article","og_title":"El Ayuntamiento y la Reserva de la Biosfera impulsan la renovaci\u00f3n de la red de agua en la avenida Enrique Mederos - Ayuntamiento de Los Llanos de Aridane","og_description":"El proyecto, valorado en 135.761,81 euros, contempla la sustituci\u00f3n y modernizaci\u00f3n de las tuber\u00edas principales para optimizar el suministro y reducir p\u00e9rdidas","og_url":"https:\/\/www.aridane.org\/city\/2025\/10\/20\/el-ayuntamiento-y-la-reserva-de-la-biosfera-impulsan-la-renovacion-de-la-red-de-agua-en-la-avenida-enrique-mederos\/","og_site_name":"Ayuntamiento de Los Llanos de Aridane","article_published_time":"2025-10-20T11:03:54+00:00","article_modified_time":"2025-10-20T11:04:34+00:00","og_image":[{"width":2560,"height":1948,"url":"https:\/\/www.aridane.org\/city\/wp-content\/uploads\/2025\/10\/avenida-enrique-mederos-scaled.jpeg","type":"image\/jpeg"}],"author":"Corresponsal","twitter_card":"summary_large_image","twitter_misc":{"Escrito por":"Corresponsal","Tiempo de lectura":"3 minutos"},"schema":{"@context":"https:\/\/schema.org","@graph":[{"@type":"WebPage","@id":"https:\/\/www.aridane.org\/city\/2025\/10\/20\/el-ayuntamiento-y-la-reserva-de-la-biosfera-impulsan-la-renovacion-de-la-red-de-agua-en-la-avenida-enrique-mederos\/","url":"https:\/\/www.aridane.org\/city\/2025\/10\/20\/el-ayuntamiento-y-la-reserva-de-la-biosfera-impulsan-la-renovacion-de-la-red-de-agua-en-la-avenida-enrique-mederos\/","name":"El Ayuntamiento y la Reserva de la Biosfera impulsan la renovaci\u00f3n de la red de agua en la avenida Enrique Mederos - Ayuntamiento de Los Llanos de Aridane","isPartOf":{"@id":"https:\/\/www.aridane.org\/city\/#website"},"primaryImageOfPage":{"@id":"https:\/\/www.aridane.org\/city\/2025\/10\/20\/el-ayuntamiento-y-la-reserva-de-la-biosfera-impulsan-la-renovacion-de-la-red-de-agua-en-la-avenida-enrique-mederos\/#primaryimage"},"image":{"@id":"https:\/\/www.aridane.org\/city\/2025\/10\/20\/el-ayuntamiento-y-la-reserva-de-la-biosfera-impulsan-la-renovacion-de-la-red-de-agua-en-la-avenida-enrique-mederos\/#primaryimage"},"thumbnailUrl":"https:\/\/www.aridane.org\/city\/wp-content\/uploads\/2025\/10\/avenida-enrique-mederos-scaled.jpeg","datePublished":"2025-10-20T11:03:54+00:00","dateModified":"2025-10-20T11:04:34+00:00","author":{"@id":"https:\/\/www.aridane.org\/city\/#\/schema\/person\/89ebd376b223dc94cc1dbcf200c8e6da"},"breadcrumb":{"@id":"https:\/\/www.aridane.org\/city\/2025\/10\/20\/el-ayuntamiento-y-la-reserva-de-la-biosfera-impulsan-la-renovacion-de-la-red-de-agua-en-la-avenida-enrique-mederos\/#breadcrumb"},"inLanguage":"es","potentialAction":[{"@type":"ReadAction","target":["https:\/\/www.aridane.org\/city\/2025\/10\/20\/el-ayuntamiento-y-la-reserva-de-la-biosfera-impulsan-la-renovacion-de-la-red-de-agua-en-la-avenida-enrique-mederos\/"]}]},{"@type":"ImageObject","inLanguage":"es","@id":"https:\/\/www.aridane.org\/city\/2025\/10\/20\/el-ayuntamiento-y-la-reserva-de-la-biosfera-impulsan-la-renovacion-de-la-red-de-agua-en-la-avenida-enrique-mederos\/#primaryimage","url":"https:\/\/www.aridane.org\/city\/wp-content\/uploads\/2025\/10\/avenida-enrique-mederos-scaled.jpeg","contentUrl":"https:\/\/www.aridane.org\/city\/wp-content\/uploads\/2025\/10\/avenida-enrique-mederos-scaled.jpeg","width":2560,"height":1948},{"@type":"BreadcrumbList","@id":"https:\/\/www.aridane.org\/city\/2025\/10\/20\/el-ayuntamiento-y-la-reserva-de-la-biosfera-impulsan-la-renovacion-de-la-red-de-agua-en-la-avenida-enrique-mederos\/#breadcrumb","itemListElement":[{"@type":"ListItem","position":1,"name":"Portada","item":"https:\/\/www.aridane.org\/city\/"},{"@type":"ListItem","position":2,"name":"El Ayuntamiento y la Reserva de la Biosfera impulsan la renovaci\u00f3n de la red de agua en la avenida Enrique Mederos"}]},{"@type":"WebSite","@id":"https:\/\/www.aridane.org\/city\/#website","url":"https:\/\/www.aridane.org\/city\/","name":"Ayuntamiento de Los Llanos de Aridane","description":"","potentialAction":[{"@type":"SearchAction","target":{"@type":"EntryPoint","urlTemplate":"https:\/\/www.aridane.org\/city\/?s={search_term_string}"},"query-input":"required name=search_term_string"}],"inLanguage":"es"},{"@type":"Person","@id":"https:\/\/www.aridane.org\/city\/#\/schema\/person\/89ebd376b223dc94cc1dbcf200c8e6da","name":"Corresponsal","image":{"@type":"ImageObject","inLanguage":"es","@id":"https:\/\/www.aridane.org\/city\/#\/schema\/person\/image\/","url":"https:\/\/secure.gravatar.com\/avatar\/1c476992411e4ccf153da63b2b2f5ea0bb4cb1c85f3ceab8512f04325ad5579c?s=96&d=mm&r=g","contentUrl":"https:\/\/secure.gravatar.com\/avatar\/1c476992411e4ccf153da63b2b2f5ea0bb4cb1c85f3ceab8512f04325ad5579c?s=96&d=mm&r=g","caption":"Corresponsal"},"url":"https:\/\/www.aridane.org\/city\/author\/corresponsal\/"}]}},"_links":{"self":[{"href":"https:\/\/www.aridane.org\/city\/wp-json\/wp\/v2\/posts\/4807","targetHints":{"allow":["GET"]}}],"collection":[{"href":"https:\/\/www.aridane.org\/city\/wp-json\/wp\/v2\/posts"}],"about":[{"href":"https:\/\/www.aridane.org\/city\/wp-json\/wp\/v2\/types\/post"}],"author":[{"embeddable":true,"href":"https:\/\/www.aridane.org\/city\/wp-json\/wp\/v2\/users\/4"}],"replies":[{"embeddable":true,"href":"https:\/\/www.aridane.org\/city\/wp-json\/wp\/v2\/comments?post=4807"}],"version-history":[{"count":1,"href":"https:\/\/www.aridane.org\/city\/wp-json\/wp\/v2\/posts\/4807\/revisions"}],"predecessor-version":[{"id":4809,"href":"https:\/\/www.aridane.org\/city\/wp-json\/wp\/v2\/posts\/4807\/revisions\/4809"}],"wp:featuredmedia":[{"embeddable":true,"href":"https:\/\/www.aridane.org\/city\/wp-json\/wp\/v2\/media\/4808"}],"wp:attachment":[{"href":"https:\/\/www.aridane.org\/city\/wp-json\/wp\/v2\/media?parent=4807"}],"wp:term":[{"taxonomy":"category","embeddable":true,"href":"https:\/\/www.aridane.org\/city\/wp-json\/wp\/v2\/categories?post=4807"},{"taxonomy":"post_tag","embeddable":true,"href":"https:\/\/www.aridane.org\/city\/wp-json\/wp\/v2\/tags?post=4807"}],"curies":[{"name":"wp","href":"https:\/\/api.w.org\/{rel}","templated":true}]}}