{"id":4811,"date":"2025-10-22T08:50:01","date_gmt":"2025-10-22T08:50:01","guid":{"rendered":"https:\/\/www.aridane.org\/city\/?p=4811"},"modified":"2025-10-22T08:50:01","modified_gmt":"2025-10-22T08:50:01","slug":"the-mahoney-soul-band-protagonizara-este-sabado-el-152o-concierto-de-contigo-almediodia","status":"publish","type":"post","link":"https:\/\/www.aridane.org\/city\/2025\/10\/22\/the-mahoney-soul-band-protagonizara-este-sabado-el-152o-concierto-de-contigo-almediodia\/","title":{"rendered":"The Mahoney Soul Band protagonizar\u00e1 este s\u00e1bado el 152\u00ba concierto de Contigo Almediod\u00eda"},"content":{"rendered":"<p><i><span style=\"font-weight: 400;\">Esta edici\u00f3n contar\u00e1 nuevamente con un \u2018Contigo Antes del Mediod\u00eda\u2019, con sorteos entre quienes realicen compras superiores a 50 euros el mismo d\u00eda del concierto<\/span><\/i><!--more--><\/p>\n<p><span style=\"font-weight: 400;\">El Ayuntamiento de Los Llanos de Aridane celebra una nueva edici\u00f3n del Contigo Almediod\u00eda este s\u00e1bado, 25 de octubre. A partir de las 13:00 horas, la plaza de Espa\u00f1a acoger\u00e1 el espect\u00e1culo de The Mahoney Soul Band, el grupo n\u00famero 152 en participar en los casi veinte a\u00f1os de historia de este ciclo musical.\u00a0<\/span><\/p>\n<p><span style=\"font-weight: 400;\">La concejala de Cultura, Marlene Gonz\u00e1lez, destaca que Contigo Almediod\u00eda \u201cse ha consolidado como una cita cultural imprescindible en La Palma\u201d. \u201cUn evento que acerca la m\u00fasica en directo al coraz\u00f3n del municipio, creando un espacio de encuentro y disfrute para toda la ciudadan\u00eda\u201d, se\u00f1ala.<\/span><\/p>\n<p><span style=\"font-weight: 400;\">The Mahoney Soul Band es una formaci\u00f3n canaria que har\u00e1 vibrar al p\u00fablico con un repertorio cargado de ritmo y energ\u00eda, rindiendo homenaje a los grandes cl\u00e1sicos del soul.\u00a0<\/span><\/p>\n<p><span style=\"font-weight: 400;\">Durante el concierto, los asistentes disfrutar\u00e1n de un viaje musical por las voces inmortales de James Brown, Ray Charles, Otis Redding, Aretha Franklin o Wilson Pickett, interpretadas por una potente banda de nueve m\u00fasicos. Un espect\u00e1culo lleno de dinamismo, melod\u00edas inolvidables y la fuerza caracter\u00edstica de un g\u00e9nero que marc\u00f3 \u00e9poca al combinar elementos del blues, el g\u00f3spel y el rhythm and blues (R&amp;B).<\/span><\/p>\n<h2><b>Contigo Antes del Mediod\u00eda<\/b><\/h2>\n<p><span style=\"font-weight: 400;\">Adem\u00e1s, esta edici\u00f3n contar\u00e1 nuevamente con la iniciativa &#8216;Contigo Antes del Mediod\u00eda\u2019, promovida por el \u00e1rea de Comercio que dirige la concejala Ver\u00f3nica Gonz\u00e1lez.<\/span><\/p>\n<p><span style=\"font-weight: 400;\">Esta \u00faltima iniciativa premia las compras realizadas el mismo d\u00eda del concierto en los comercios del municipio (excepto farmacias, supermercados, gasolineras y franquicias).\u00a0<\/span><\/p>\n<p><span style=\"font-weight: 400;\">Las personas que muestren tickets de compra superiores a 50 euros antes de las 14:00 horas podr\u00e1n participar en el sorteo de premios que se celebrar\u00e1 sobre el escenario al finalizar el concierto. Tambi\u00e9n podr\u00e1n disfrutar del guardacompras habilitado en el casino Real Sociedad Aridane.<\/span><\/p>\n<p>&nbsp;<\/p>\n","protected":false},"excerpt":{"rendered":"<p>Esta edici\u00f3n contar\u00e1 nuevamente con un \u2018Contigo Antes del Mediod\u00eda\u2019, con sorteos entre quienes realicen compras superiores a 50 euros el mismo d\u00eda del concierto<\/p>\n","protected":false},"author":4,"featured_media":4812,"comment_status":"open","ping_status":"open","sticky":false,"template":"","format":"standard","meta":{"footnotes":""},"categories":[1],"tags":[],"class_list":["post-4811","post","type-post","status-publish","format-standard","has-post-thumbnail","hentry","category-sin-categoria"],"yoast_head":"<!-- This site is optimized with the Yoast SEO plugin v22.7 - https:\/\/yoast.com\/wordpress\/plugins\/seo\/ -->\n<title>The Mahoney Soul Band protagonizar\u00e1 este s\u00e1bado el 152\u00ba concierto de Contigo Almediod\u00eda - Ayuntamiento de Los Llanos de Aridane<\/title>\n<meta name=\"robots\" content=\"index, follow, max-snippet:-1, max-image-preview:large, max-video-preview:-1\" \/>\n<link rel=\"canonical\" href=\"https:\/\/www.aridane.org\/city\/2025\/10\/22\/the-mahoney-soul-band-protagonizara-este-sabado-el-152o-concierto-de-contigo-almediodia\/\" \/>\n<meta property=\"og:locale\" content=\"es_ES\" \/>\n<meta property=\"og:type\" content=\"article\" \/>\n<meta property=\"og:title\" content=\"The Mahoney Soul Band protagonizar\u00e1 este s\u00e1bado el 152\u00ba concierto de Contigo Almediod\u00eda - Ayuntamiento de Los Llanos de Aridane\" \/>\n<meta property=\"og:description\" content=\"Esta edici\u00f3n contar\u00e1 nuevamente con un \u2018Contigo Antes del Mediod\u00eda\u2019, con sorteos entre quienes realicen compras superiores a 50 euros el mismo d\u00eda del concierto\" \/>\n<meta property=\"og:url\" content=\"https:\/\/www.aridane.org\/city\/2025\/10\/22\/the-mahoney-soul-band-protagonizara-este-sabado-el-152o-concierto-de-contigo-almediodia\/\" \/>\n<meta property=\"og:site_name\" content=\"Ayuntamiento de Los Llanos de Aridane\" \/>\n<meta property=\"article:published_time\" content=\"2025-10-22T08:50:01+00:00\" \/>\n<meta property=\"og:image\" content=\"https:\/\/www.aridane.org\/city\/wp-content\/uploads\/2025\/10\/Mahoney-Soul-Band-Contigo-Al-Mediodia.jpg\" \/>\n\t<meta property=\"og:image:width\" content=\"960\" \/>\n\t<meta property=\"og:image:height\" content=\"960\" \/>\n\t<meta property=\"og:image:type\" content=\"image\/jpeg\" \/>\n<meta name=\"author\" content=\"Corresponsal\" \/>\n<meta name=\"twitter:card\" content=\"summary_large_image\" \/>\n<meta name=\"twitter:label1\" content=\"Escrito por\" \/>\n\t<meta name=\"twitter:data1\" content=\"Corresponsal\" \/>\n\t<meta name=\"twitter:label2\" content=\"Tiempo de lectura\" \/>\n\t<meta name=\"twitter:data2\" content=\"2 minutos\" \/>\n<script type=\"application\/ld+json\" class=\"yoast-schema-graph\">{\"@context\":\"https:\/\/schema.org\",\"@graph\":[{\"@type\":\"WebPage\",\"@id\":\"https:\/\/www.aridane.org\/city\/2025\/10\/22\/the-mahoney-soul-band-protagonizara-este-sabado-el-152o-concierto-de-contigo-almediodia\/\",\"url\":\"https:\/\/www.aridane.org\/city\/2025\/10\/22\/the-mahoney-soul-band-protagonizara-este-sabado-el-152o-concierto-de-contigo-almediodia\/\",\"name\":\"The Mahoney Soul Band protagonizar\u00e1 este s\u00e1bado el 152\u00ba concierto de Contigo Almediod\u00eda - Ayuntamiento de Los Llanos de Aridane\",\"isPartOf\":{\"@id\":\"https:\/\/www.aridane.org\/city\/#website\"},\"primaryImageOfPage\":{\"@id\":\"https:\/\/www.aridane.org\/city\/2025\/10\/22\/the-mahoney-soul-band-protagonizara-este-sabado-el-152o-concierto-de-contigo-almediodia\/#primaryimage\"},\"image\":{\"@id\":\"https:\/\/www.aridane.org\/city\/2025\/10\/22\/the-mahoney-soul-band-protagonizara-este-sabado-el-152o-concierto-de-contigo-almediodia\/#primaryimage\"},\"thumbnailUrl\":\"https:\/\/www.aridane.org\/city\/wp-content\/uploads\/2025\/10\/Mahoney-Soul-Band-Contigo-Al-Mediodia.jpg\",\"datePublished\":\"2025-10-22T08:50:01+00:00\",\"dateModified\":\"2025-10-22T08:50:01+00:00\",\"author\":{\"@id\":\"https:\/\/www.aridane.org\/city\/#\/schema\/person\/89ebd376b223dc94cc1dbcf200c8e6da\"},\"breadcrumb\":{\"@id\":\"https:\/\/www.aridane.org\/city\/2025\/10\/22\/the-mahoney-soul-band-protagonizara-este-sabado-el-152o-concierto-de-contigo-almediodia\/#breadcrumb\"},\"inLanguage\":\"es\",\"potentialAction\":[{\"@type\":\"ReadAction\",\"target\":[\"https:\/\/www.aridane.org\/city\/2025\/10\/22\/the-mahoney-soul-band-protagonizara-este-sabado-el-152o-concierto-de-contigo-almediodia\/\"]}]},{\"@type\":\"ImageObject\",\"inLanguage\":\"es\",\"@id\":\"https:\/\/www.aridane.org\/city\/2025\/10\/22\/the-mahoney-soul-band-protagonizara-este-sabado-el-152o-concierto-de-contigo-almediodia\/#primaryimage\",\"url\":\"https:\/\/www.aridane.org\/city\/wp-content\/uploads\/2025\/10\/Mahoney-Soul-Band-Contigo-Al-Mediodia.jpg\",\"contentUrl\":\"https:\/\/www.aridane.org\/city\/wp-content\/uploads\/2025\/10\/Mahoney-Soul-Band-Contigo-Al-Mediodia.jpg\",\"width\":960,\"height\":960},{\"@type\":\"BreadcrumbList\",\"@id\":\"https:\/\/www.aridane.org\/city\/2025\/10\/22\/the-mahoney-soul-band-protagonizara-este-sabado-el-152o-concierto-de-contigo-almediodia\/#breadcrumb\",\"itemListElement\":[{\"@type\":\"ListItem\",\"position\":1,\"name\":\"Portada\",\"item\":\"https:\/\/www.aridane.org\/city\/\"},{\"@type\":\"ListItem\",\"position\":2,\"name\":\"The Mahoney Soul Band protagonizar\u00e1 este s\u00e1bado el 152\u00ba concierto de Contigo Almediod\u00eda\"}]},{\"@type\":\"WebSite\",\"@id\":\"https:\/\/www.aridane.org\/city\/#website\",\"url\":\"https:\/\/www.aridane.org\/city\/\",\"name\":\"Ayuntamiento de Los Llanos de Aridane\",\"description\":\"\",\"potentialAction\":[{\"@type\":\"SearchAction\",\"target\":{\"@type\":\"EntryPoint\",\"urlTemplate\":\"https:\/\/www.aridane.org\/city\/?s={search_term_string}\"},\"query-input\":\"required name=search_term_string\"}],\"inLanguage\":\"es\"},{\"@type\":\"Person\",\"@id\":\"https:\/\/www.aridane.org\/city\/#\/schema\/person\/89ebd376b223dc94cc1dbcf200c8e6da\",\"name\":\"Corresponsal\",\"image\":{\"@type\":\"ImageObject\",\"inLanguage\":\"es\",\"@id\":\"https:\/\/www.aridane.org\/city\/#\/schema\/person\/image\/\",\"url\":\"https:\/\/secure.gravatar.com\/avatar\/1c476992411e4ccf153da63b2b2f5ea0bb4cb1c85f3ceab8512f04325ad5579c?s=96&d=mm&r=g\",\"contentUrl\":\"https:\/\/secure.gravatar.com\/avatar\/1c476992411e4ccf153da63b2b2f5ea0bb4cb1c85f3ceab8512f04325ad5579c?s=96&d=mm&r=g\",\"caption\":\"Corresponsal\"},\"url\":\"https:\/\/www.aridane.org\/city\/author\/corresponsal\/\"}]}<\/script>\n<!-- \/ Yoast SEO plugin. -->","yoast_head_json":{"title":"The Mahoney Soul Band protagonizar\u00e1 este s\u00e1bado el 152\u00ba concierto de Contigo Almediod\u00eda - Ayuntamiento de Los Llanos de Aridane","robots":{"index":"index","follow":"follow","max-snippet":"max-snippet:-1","max-image-preview":"max-image-preview:large","max-video-preview":"max-video-preview:-1"},"canonical":"https:\/\/www.aridane.org\/city\/2025\/10\/22\/the-mahoney-soul-band-protagonizara-este-sabado-el-152o-concierto-de-contigo-almediodia\/","og_locale":"es_ES","og_type":"article","og_title":"The Mahoney Soul Band protagonizar\u00e1 este s\u00e1bado el 152\u00ba concierto de Contigo Almediod\u00eda - Ayuntamiento de Los Llanos de Aridane","og_description":"Esta edici\u00f3n contar\u00e1 nuevamente con un \u2018Contigo Antes del Mediod\u00eda\u2019, con sorteos entre quienes realicen compras superiores a 50 euros el mismo d\u00eda del concierto","og_url":"https:\/\/www.aridane.org\/city\/2025\/10\/22\/the-mahoney-soul-band-protagonizara-este-sabado-el-152o-concierto-de-contigo-almediodia\/","og_site_name":"Ayuntamiento de Los Llanos de Aridane","article_published_time":"2025-10-22T08:50:01+00:00","og_image":[{"width":960,"height":960,"url":"https:\/\/www.aridane.org\/city\/wp-content\/uploads\/2025\/10\/Mahoney-Soul-Band-Contigo-Al-Mediodia.jpg","type":"image\/jpeg"}],"author":"Corresponsal","twitter_card":"summary_large_image","twitter_misc":{"Escrito por":"Corresponsal","Tiempo de lectura":"2 minutos"},"schema":{"@context":"https:\/\/schema.org","@graph":[{"@type":"WebPage","@id":"https:\/\/www.aridane.org\/city\/2025\/10\/22\/the-mahoney-soul-band-protagonizara-este-sabado-el-152o-concierto-de-contigo-almediodia\/","url":"https:\/\/www.aridane.org\/city\/2025\/10\/22\/the-mahoney-soul-band-protagonizara-este-sabado-el-152o-concierto-de-contigo-almediodia\/","name":"The Mahoney Soul Band protagonizar\u00e1 este s\u00e1bado el 152\u00ba concierto de Contigo Almediod\u00eda - Ayuntamiento de Los Llanos de Aridane","isPartOf":{"@id":"https:\/\/www.aridane.org\/city\/#website"},"primaryImageOfPage":{"@id":"https:\/\/www.aridane.org\/city\/2025\/10\/22\/the-mahoney-soul-band-protagonizara-este-sabado-el-152o-concierto-de-contigo-almediodia\/#primaryimage"},"image":{"@id":"https:\/\/www.aridane.org\/city\/2025\/10\/22\/the-mahoney-soul-band-protagonizara-este-sabado-el-152o-concierto-de-contigo-almediodia\/#primaryimage"},"thumbnailUrl":"https:\/\/www.aridane.org\/city\/wp-content\/uploads\/2025\/10\/Mahoney-Soul-Band-Contigo-Al-Mediodia.jpg","datePublished":"2025-10-22T08:50:01+00:00","dateModified":"2025-10-22T08:50:01+00:00","author":{"@id":"https:\/\/www.aridane.org\/city\/#\/schema\/person\/89ebd376b223dc94cc1dbcf200c8e6da"},"breadcrumb":{"@id":"https:\/\/www.aridane.org\/city\/2025\/10\/22\/the-mahoney-soul-band-protagonizara-este-sabado-el-152o-concierto-de-contigo-almediodia\/#breadcrumb"},"inLanguage":"es","potentialAction":[{"@type":"ReadAction","target":["https:\/\/www.aridane.org\/city\/2025\/10\/22\/the-mahoney-soul-band-protagonizara-este-sabado-el-152o-concierto-de-contigo-almediodia\/"]}]},{"@type":"ImageObject","inLanguage":"es","@id":"https:\/\/www.aridane.org\/city\/2025\/10\/22\/the-mahoney-soul-band-protagonizara-este-sabado-el-152o-concierto-de-contigo-almediodia\/#primaryimage","url":"https:\/\/www.aridane.org\/city\/wp-content\/uploads\/2025\/10\/Mahoney-Soul-Band-Contigo-Al-Mediodia.jpg","contentUrl":"https:\/\/www.aridane.org\/city\/wp-content\/uploads\/2025\/10\/Mahoney-Soul-Band-Contigo-Al-Mediodia.jpg","width":960,"height":960},{"@type":"BreadcrumbList","@id":"https:\/\/www.aridane.org\/city\/2025\/10\/22\/the-mahoney-soul-band-protagonizara-este-sabado-el-152o-concierto-de-contigo-almediodia\/#breadcrumb","itemListElement":[{"@type":"ListItem","position":1,"name":"Portada","item":"https:\/\/www.aridane.org\/city\/"},{"@type":"ListItem","position":2,"name":"The Mahoney Soul Band protagonizar\u00e1 este s\u00e1bado el 152\u00ba concierto de Contigo Almediod\u00eda"}]},{"@type":"WebSite","@id":"https:\/\/www.aridane.org\/city\/#website","url":"https:\/\/www.aridane.org\/city\/","name":"Ayuntamiento de Los Llanos de Aridane","description":"","potentialAction":[{"@type":"SearchAction","target":{"@type":"EntryPoint","urlTemplate":"https:\/\/www.aridane.org\/city\/?s={search_term_string}"},"query-input":"required name=search_term_string"}],"inLanguage":"es"},{"@type":"Person","@id":"https:\/\/www.aridane.org\/city\/#\/schema\/person\/89ebd376b223dc94cc1dbcf200c8e6da","name":"Corresponsal","image":{"@type":"ImageObject","inLanguage":"es","@id":"https:\/\/www.aridane.org\/city\/#\/schema\/person\/image\/","url":"https:\/\/secure.gravatar.com\/avatar\/1c476992411e4ccf153da63b2b2f5ea0bb4cb1c85f3ceab8512f04325ad5579c?s=96&d=mm&r=g","contentUrl":"https:\/\/secure.gravatar.com\/avatar\/1c476992411e4ccf153da63b2b2f5ea0bb4cb1c85f3ceab8512f04325ad5579c?s=96&d=mm&r=g","caption":"Corresponsal"},"url":"https:\/\/www.aridane.org\/city\/author\/corresponsal\/"}]}},"_links":{"self":[{"href":"https:\/\/www.aridane.org\/city\/wp-json\/wp\/v2\/posts\/4811","targetHints":{"allow":["GET"]}}],"collection":[{"href":"https:\/\/www.aridane.org\/city\/wp-json\/wp\/v2\/posts"}],"about":[{"href":"https:\/\/www.aridane.org\/city\/wp-json\/wp\/v2\/types\/post"}],"author":[{"embeddable":true,"href":"https:\/\/www.aridane.org\/city\/wp-json\/wp\/v2\/users\/4"}],"replies":[{"embeddable":true,"href":"https:\/\/www.aridane.org\/city\/wp-json\/wp\/v2\/comments?post=4811"}],"version-history":[{"count":1,"href":"https:\/\/www.aridane.org\/city\/wp-json\/wp\/v2\/posts\/4811\/revisions"}],"predecessor-version":[{"id":4813,"href":"https:\/\/www.aridane.org\/city\/wp-json\/wp\/v2\/posts\/4811\/revisions\/4813"}],"wp:featuredmedia":[{"embeddable":true,"href":"https:\/\/www.aridane.org\/city\/wp-json\/wp\/v2\/media\/4812"}],"wp:attachment":[{"href":"https:\/\/www.aridane.org\/city\/wp-json\/wp\/v2\/media?parent=4811"}],"wp:term":[{"taxonomy":"category","embeddable":true,"href":"https:\/\/www.aridane.org\/city\/wp-json\/wp\/v2\/categories?post=4811"},{"taxonomy":"post_tag","embeddable":true,"href":"https:\/\/www.aridane.org\/city\/wp-json\/wp\/v2\/tags?post=4811"}],"curies":[{"name":"wp","href":"https:\/\/api.w.org\/{rel}","templated":true}]}}