{"id":4814,"date":"2025-10-23T13:29:38","date_gmt":"2025-10-23T13:29:38","guid":{"rendered":"https:\/\/www.aridane.org\/city\/?p=4814"},"modified":"2025-10-23T13:29:38","modified_gmt":"2025-10-23T13:29:38","slug":"los-llanos-de-aridane-se-prepara-para-la-visita-de-nuestra-senora-la-virgen-de-las-nieves","status":"publish","type":"post","link":"https:\/\/www.aridane.org\/city\/2025\/10\/23\/los-llanos-de-aridane-se-prepara-para-la-visita-de-nuestra-senora-la-virgen-de-las-nieves\/","title":{"rendered":"Los Llanos de Aridane se prepara para la visita de Nuestra Se\u00f1ora la Virgen de Las Nieves"},"content":{"rendered":"<p><em>Para garantizar el buen desarrollo de la jornada del d\u00eda 26, el Ayuntamiento, junto a la Polic\u00eda Local, Protecci\u00f3n Civil y resto de cuerpos, ha dispuesto un dispositivo especial de seguridad<\/em><!--more--><\/p>\n<div id=\"v1forwardbody1\">\n<p>El Ayuntamiento de Los Llanos de Aridane se prepara para recibir a Nuestra Se\u00f1ora la Virgen de Las Nieves este domingo, 26 de octubre, dentro del recorrido que la Patrona de La Palma realiza por los catorce municipios.<\/p>\n<p>El alcalde, Javier Llamas, destaca que la llegada de la Virgen de Las Nieves es un acontecimiento que se vive con mucha emoci\u00f3n y respeto en Los Llanos de Aridane.<\/p>\n<p>\u201cDesde el Ayuntamiento estamos trabajando para que todo transcurra con la mayor organizaci\u00f3n posible\u201d, se\u00f1ala el alcalde. \u201cLos d\u00edas que la Patrona permanezca en el municipio ser\u00e1n de encuentro, fe y convivencia. Estamos en permanente contacto con la Iglesia, el p\u00e1rroco don Rub\u00e9n, las asociaciones de vecinos y vecinas, as\u00ed como la Polic\u00eda Local, Protecci\u00f3n Civil y resto de autoridades para que todo transcurra con normalidad\u201d, a\u00f1ade.<\/p>\n<h2><strong>Itinerario del domingo<\/strong><\/h2>\n<p>El programa previsto para el d\u00eda 26 comenzar\u00e1 a las 17:30 horas con la bienvenida a la venerada imagen en la Ermita de San Pedro, en el Llano de Argual.<\/p>\n<p>Continuar\u00e1 a las 18:00 horas con el rezo del \u00c1ngelus y el Canto a Mar\u00eda en la Parroquia de los Santos M\u00e1rtires, frente al Monumento al Calabazo, y a las 18:45 horas tendr\u00e1 lugar la procesi\u00f3n por la Placeta, en la Calle Real, avenida Venezuela, avenida Carlos Francisco Lorenzo Navarro y calle D\u00edaz Pimienta.<\/p>\n<p>El acto institucional de recibimiento se celebrar\u00e1 a las 20:00 horas en el atrio del Ayuntamiento, seguido de la Solemne Eucarist\u00eda a las 20:30 horas en la Parroquia Matriz de Los Remedios.<\/p>\n<h2><strong>Dispositivo especial<\/strong><\/h2>\n<p>El alcalde explica que para garantizar que la jornada de bienvenida y los traslados se desarrollen con normalidad, el Ayuntamiento, de la mano con la Polic\u00eda Local, Protecci\u00f3n Civil y el resto de cuerpos y fuerza de seguridad del Estado, ha activado un dispositivo especial que contempla restricciones temporales de tr\u00e1fico y estacionamiento en distintas v\u00edas del casco urbano.<\/p>\n<p>Las limitaciones en el tr\u00e1nsito de veh\u00edculos afectar\u00e1n a las calles Los Molinos, Manuel de Falla, Avenida Tanaus\u00fa, Avenida Carlos Francisco Lorenzo Navarro, Retamar y Calvario.<\/p>\n<p>Asimismo, se establece la prohibici\u00f3n de estacionamiento en la avenida Venezuela y en el tramo de la avenida Carlos Francisco Lorenzo Navarro comprendido entre la Venezuela y la calle D\u00edaz Pimienta, desde las 17:30 horas del domingo, 26 de octubre, y hasta la finalizaci\u00f3n de los actos programados.<\/p>\n<p>Con todo, el concejal de Seguridad, Francisco Acosta, solicita la colaboraci\u00f3n de la ciudadan\u00eda \u201cpara respetar las se\u00f1ales, evitar el estacionamiento en las v\u00edas afectadas y atender las indicaciones de los agentes y del personal de organizaci\u00f3n\u201d.<\/p>\n<h2><strong>La Virgen en el Valle de Aridane<\/strong><\/h2>\n<p>La Virgen de Las Nieves permanecer\u00e1 en la Parroquia Matriz de Nuestra Se\u00f1ora de Los Remedios desde su llegada el domingo 26 de octubre, donde se celebrar\u00e1n distintos actos religiosos y encuentros vecinales durante los d\u00edas siguientes.<\/p>\n<p>El jueves 30, la imagen ser\u00e1 trasladada hacia el municipio de El Paso, continuando su recorrido por la comarca oeste de la isla. Sin embargo, la Patrona regresar\u00e1 al municipio el viernes, d\u00eda 31, visitando la Parroquia de San Isidro Labrador, en el barrio de La Laguna, uno de los n\u00facleos m\u00e1s afectados por la erupci\u00f3n del volc\u00e1n Tajogaite, en un gesto de especial cercan\u00eda con las familias que sufrieron directamente las consecuencias de la erupci\u00f3n.<\/p>\n<p>Asimismo, el 1 de noviembre, con motivo del D\u00eda de Todos los Santos, tendr\u00e1 lugar una celebraci\u00f3n especial en el cementerio de Las Manchas, al tiempo que habr\u00e1 un homenaje en el antiguo asentamiento de la parroquia de San Pio X de Todoque. Actos de profundo simbolismo para toda la poblaci\u00f3n palmera, en recuerdo y homenaje a quienes descansan all\u00ed y a las comunidades que vivieron el impacto del volc\u00e1n.<\/p>\n<\/div>\n","protected":false},"excerpt":{"rendered":"<p>Para garantizar el buen desarrollo de la jornada del d\u00eda 26, el Ayuntamiento, junto a la Polic\u00eda Local, Protecci\u00f3n Civil y resto de cuerpos, ha dispuesto un dispositivo especial de seguridad<\/p>\n","protected":false},"author":4,"featured_media":4815,"comment_status":"open","ping_status":"open","sticky":false,"template":"","format":"standard","meta":{"footnotes":""},"categories":[1],"tags":[],"class_list":["post-4814","post","type-post","status-publish","format-standard","has-post-thumbnail","hentry","category-sin-categoria"],"yoast_head":"<!-- This site is optimized with the Yoast SEO plugin v22.7 - https:\/\/yoast.com\/wordpress\/plugins\/seo\/ -->\n<title>Los Llanos de Aridane se prepara para la visita de Nuestra Se\u00f1ora la Virgen de Las Nieves - Ayuntamiento de Los Llanos de Aridane<\/title>\n<meta name=\"robots\" content=\"index, follow, max-snippet:-1, max-image-preview:large, max-video-preview:-1\" \/>\n<link rel=\"canonical\" href=\"https:\/\/www.aridane.org\/city\/2025\/10\/23\/los-llanos-de-aridane-se-prepara-para-la-visita-de-nuestra-senora-la-virgen-de-las-nieves\/\" \/>\n<meta property=\"og:locale\" content=\"es_ES\" \/>\n<meta property=\"og:type\" content=\"article\" \/>\n<meta property=\"og:title\" content=\"Los Llanos de Aridane se prepara para la visita de Nuestra Se\u00f1ora la Virgen de Las Nieves - Ayuntamiento de Los Llanos de Aridane\" \/>\n<meta property=\"og:description\" content=\"Para garantizar el buen desarrollo de la jornada del d\u00eda 26, el Ayuntamiento, junto a la Polic\u00eda Local, Protecci\u00f3n Civil y resto de cuerpos, ha dispuesto un dispositivo especial de seguridad\" \/>\n<meta property=\"og:url\" content=\"https:\/\/www.aridane.org\/city\/2025\/10\/23\/los-llanos-de-aridane-se-prepara-para-la-visita-de-nuestra-senora-la-virgen-de-las-nieves\/\" \/>\n<meta property=\"og:site_name\" content=\"Ayuntamiento de Los Llanos de Aridane\" \/>\n<meta property=\"article:published_time\" content=\"2025-10-23T13:29:38+00:00\" \/>\n<meta property=\"og:image\" content=\"https:\/\/www.aridane.org\/city\/wp-content\/uploads\/2025\/10\/Javier-Llamas-Virgen-de-Las-Nieves-scaled.jpeg\" \/>\n\t<meta property=\"og:image:width\" content=\"2560\" \/>\n\t<meta property=\"og:image:height\" content=\"1920\" \/>\n\t<meta property=\"og:image:type\" content=\"image\/jpeg\" \/>\n<meta name=\"author\" content=\"Corresponsal\" \/>\n<meta name=\"twitter:card\" content=\"summary_large_image\" \/>\n<meta name=\"twitter:label1\" content=\"Escrito por\" \/>\n\t<meta name=\"twitter:data1\" content=\"Corresponsal\" \/>\n\t<meta name=\"twitter:label2\" content=\"Tiempo de lectura\" \/>\n\t<meta name=\"twitter:data2\" content=\"4 minutos\" \/>\n<script type=\"application\/ld+json\" class=\"yoast-schema-graph\">{\"@context\":\"https:\/\/schema.org\",\"@graph\":[{\"@type\":\"WebPage\",\"@id\":\"https:\/\/www.aridane.org\/city\/2025\/10\/23\/los-llanos-de-aridane-se-prepara-para-la-visita-de-nuestra-senora-la-virgen-de-las-nieves\/\",\"url\":\"https:\/\/www.aridane.org\/city\/2025\/10\/23\/los-llanos-de-aridane-se-prepara-para-la-visita-de-nuestra-senora-la-virgen-de-las-nieves\/\",\"name\":\"Los Llanos de Aridane se prepara para la visita de Nuestra Se\u00f1ora la Virgen de Las Nieves - Ayuntamiento de Los Llanos de Aridane\",\"isPartOf\":{\"@id\":\"https:\/\/www.aridane.org\/city\/#website\"},\"primaryImageOfPage\":{\"@id\":\"https:\/\/www.aridane.org\/city\/2025\/10\/23\/los-llanos-de-aridane-se-prepara-para-la-visita-de-nuestra-senora-la-virgen-de-las-nieves\/#primaryimage\"},\"image\":{\"@id\":\"https:\/\/www.aridane.org\/city\/2025\/10\/23\/los-llanos-de-aridane-se-prepara-para-la-visita-de-nuestra-senora-la-virgen-de-las-nieves\/#primaryimage\"},\"thumbnailUrl\":\"https:\/\/www.aridane.org\/city\/wp-content\/uploads\/2025\/10\/Javier-Llamas-Virgen-de-Las-Nieves-scaled.jpeg\",\"datePublished\":\"2025-10-23T13:29:38+00:00\",\"dateModified\":\"2025-10-23T13:29:38+00:00\",\"author\":{\"@id\":\"https:\/\/www.aridane.org\/city\/#\/schema\/person\/89ebd376b223dc94cc1dbcf200c8e6da\"},\"breadcrumb\":{\"@id\":\"https:\/\/www.aridane.org\/city\/2025\/10\/23\/los-llanos-de-aridane-se-prepara-para-la-visita-de-nuestra-senora-la-virgen-de-las-nieves\/#breadcrumb\"},\"inLanguage\":\"es\",\"potentialAction\":[{\"@type\":\"ReadAction\",\"target\":[\"https:\/\/www.aridane.org\/city\/2025\/10\/23\/los-llanos-de-aridane-se-prepara-para-la-visita-de-nuestra-senora-la-virgen-de-las-nieves\/\"]}]},{\"@type\":\"ImageObject\",\"inLanguage\":\"es\",\"@id\":\"https:\/\/www.aridane.org\/city\/2025\/10\/23\/los-llanos-de-aridane-se-prepara-para-la-visita-de-nuestra-senora-la-virgen-de-las-nieves\/#primaryimage\",\"url\":\"https:\/\/www.aridane.org\/city\/wp-content\/uploads\/2025\/10\/Javier-Llamas-Virgen-de-Las-Nieves-scaled.jpeg\",\"contentUrl\":\"https:\/\/www.aridane.org\/city\/wp-content\/uploads\/2025\/10\/Javier-Llamas-Virgen-de-Las-Nieves-scaled.jpeg\",\"width\":2560,\"height\":1920},{\"@type\":\"BreadcrumbList\",\"@id\":\"https:\/\/www.aridane.org\/city\/2025\/10\/23\/los-llanos-de-aridane-se-prepara-para-la-visita-de-nuestra-senora-la-virgen-de-las-nieves\/#breadcrumb\",\"itemListElement\":[{\"@type\":\"ListItem\",\"position\":1,\"name\":\"Portada\",\"item\":\"https:\/\/www.aridane.org\/city\/\"},{\"@type\":\"ListItem\",\"position\":2,\"name\":\"Los Llanos de Aridane se prepara para la visita de Nuestra Se\u00f1ora la Virgen de Las Nieves\"}]},{\"@type\":\"WebSite\",\"@id\":\"https:\/\/www.aridane.org\/city\/#website\",\"url\":\"https:\/\/www.aridane.org\/city\/\",\"name\":\"Ayuntamiento de Los Llanos de Aridane\",\"description\":\"\",\"potentialAction\":[{\"@type\":\"SearchAction\",\"target\":{\"@type\":\"EntryPoint\",\"urlTemplate\":\"https:\/\/www.aridane.org\/city\/?s={search_term_string}\"},\"query-input\":\"required name=search_term_string\"}],\"inLanguage\":\"es\"},{\"@type\":\"Person\",\"@id\":\"https:\/\/www.aridane.org\/city\/#\/schema\/person\/89ebd376b223dc94cc1dbcf200c8e6da\",\"name\":\"Corresponsal\",\"image\":{\"@type\":\"ImageObject\",\"inLanguage\":\"es\",\"@id\":\"https:\/\/www.aridane.org\/city\/#\/schema\/person\/image\/\",\"url\":\"https:\/\/secure.gravatar.com\/avatar\/1c476992411e4ccf153da63b2b2f5ea0bb4cb1c85f3ceab8512f04325ad5579c?s=96&d=mm&r=g\",\"contentUrl\":\"https:\/\/secure.gravatar.com\/avatar\/1c476992411e4ccf153da63b2b2f5ea0bb4cb1c85f3ceab8512f04325ad5579c?s=96&d=mm&r=g\",\"caption\":\"Corresponsal\"},\"url\":\"https:\/\/www.aridane.org\/city\/author\/corresponsal\/\"}]}<\/script>\n<!-- \/ Yoast SEO plugin. -->","yoast_head_json":{"title":"Los Llanos de Aridane se prepara para la visita de Nuestra Se\u00f1ora la Virgen de Las Nieves - Ayuntamiento de Los Llanos de Aridane","robots":{"index":"index","follow":"follow","max-snippet":"max-snippet:-1","max-image-preview":"max-image-preview:large","max-video-preview":"max-video-preview:-1"},"canonical":"https:\/\/www.aridane.org\/city\/2025\/10\/23\/los-llanos-de-aridane-se-prepara-para-la-visita-de-nuestra-senora-la-virgen-de-las-nieves\/","og_locale":"es_ES","og_type":"article","og_title":"Los Llanos de Aridane se prepara para la visita de Nuestra Se\u00f1ora la Virgen de Las Nieves - Ayuntamiento de Los Llanos de Aridane","og_description":"Para garantizar el buen desarrollo de la jornada del d\u00eda 26, el Ayuntamiento, junto a la Polic\u00eda Local, Protecci\u00f3n Civil y resto de cuerpos, ha dispuesto un dispositivo especial de seguridad","og_url":"https:\/\/www.aridane.org\/city\/2025\/10\/23\/los-llanos-de-aridane-se-prepara-para-la-visita-de-nuestra-senora-la-virgen-de-las-nieves\/","og_site_name":"Ayuntamiento de Los Llanos de Aridane","article_published_time":"2025-10-23T13:29:38+00:00","og_image":[{"width":2560,"height":1920,"url":"https:\/\/www.aridane.org\/city\/wp-content\/uploads\/2025\/10\/Javier-Llamas-Virgen-de-Las-Nieves-scaled.jpeg","type":"image\/jpeg"}],"author":"Corresponsal","twitter_card":"summary_large_image","twitter_misc":{"Escrito por":"Corresponsal","Tiempo de lectura":"4 minutos"},"schema":{"@context":"https:\/\/schema.org","@graph":[{"@type":"WebPage","@id":"https:\/\/www.aridane.org\/city\/2025\/10\/23\/los-llanos-de-aridane-se-prepara-para-la-visita-de-nuestra-senora-la-virgen-de-las-nieves\/","url":"https:\/\/www.aridane.org\/city\/2025\/10\/23\/los-llanos-de-aridane-se-prepara-para-la-visita-de-nuestra-senora-la-virgen-de-las-nieves\/","name":"Los Llanos de Aridane se prepara para la visita de Nuestra Se\u00f1ora la Virgen de Las Nieves - Ayuntamiento de Los Llanos de Aridane","isPartOf":{"@id":"https:\/\/www.aridane.org\/city\/#website"},"primaryImageOfPage":{"@id":"https:\/\/www.aridane.org\/city\/2025\/10\/23\/los-llanos-de-aridane-se-prepara-para-la-visita-de-nuestra-senora-la-virgen-de-las-nieves\/#primaryimage"},"image":{"@id":"https:\/\/www.aridane.org\/city\/2025\/10\/23\/los-llanos-de-aridane-se-prepara-para-la-visita-de-nuestra-senora-la-virgen-de-las-nieves\/#primaryimage"},"thumbnailUrl":"https:\/\/www.aridane.org\/city\/wp-content\/uploads\/2025\/10\/Javier-Llamas-Virgen-de-Las-Nieves-scaled.jpeg","datePublished":"2025-10-23T13:29:38+00:00","dateModified":"2025-10-23T13:29:38+00:00","author":{"@id":"https:\/\/www.aridane.org\/city\/#\/schema\/person\/89ebd376b223dc94cc1dbcf200c8e6da"},"breadcrumb":{"@id":"https:\/\/www.aridane.org\/city\/2025\/10\/23\/los-llanos-de-aridane-se-prepara-para-la-visita-de-nuestra-senora-la-virgen-de-las-nieves\/#breadcrumb"},"inLanguage":"es","potentialAction":[{"@type":"ReadAction","target":["https:\/\/www.aridane.org\/city\/2025\/10\/23\/los-llanos-de-aridane-se-prepara-para-la-visita-de-nuestra-senora-la-virgen-de-las-nieves\/"]}]},{"@type":"ImageObject","inLanguage":"es","@id":"https:\/\/www.aridane.org\/city\/2025\/10\/23\/los-llanos-de-aridane-se-prepara-para-la-visita-de-nuestra-senora-la-virgen-de-las-nieves\/#primaryimage","url":"https:\/\/www.aridane.org\/city\/wp-content\/uploads\/2025\/10\/Javier-Llamas-Virgen-de-Las-Nieves-scaled.jpeg","contentUrl":"https:\/\/www.aridane.org\/city\/wp-content\/uploads\/2025\/10\/Javier-Llamas-Virgen-de-Las-Nieves-scaled.jpeg","width":2560,"height":1920},{"@type":"BreadcrumbList","@id":"https:\/\/www.aridane.org\/city\/2025\/10\/23\/los-llanos-de-aridane-se-prepara-para-la-visita-de-nuestra-senora-la-virgen-de-las-nieves\/#breadcrumb","itemListElement":[{"@type":"ListItem","position":1,"name":"Portada","item":"https:\/\/www.aridane.org\/city\/"},{"@type":"ListItem","position":2,"name":"Los Llanos de Aridane se prepara para la visita de Nuestra Se\u00f1ora la Virgen de Las Nieves"}]},{"@type":"WebSite","@id":"https:\/\/www.aridane.org\/city\/#website","url":"https:\/\/www.aridane.org\/city\/","name":"Ayuntamiento de Los Llanos de Aridane","description":"","potentialAction":[{"@type":"SearchAction","target":{"@type":"EntryPoint","urlTemplate":"https:\/\/www.aridane.org\/city\/?s={search_term_string}"},"query-input":"required name=search_term_string"}],"inLanguage":"es"},{"@type":"Person","@id":"https:\/\/www.aridane.org\/city\/#\/schema\/person\/89ebd376b223dc94cc1dbcf200c8e6da","name":"Corresponsal","image":{"@type":"ImageObject","inLanguage":"es","@id":"https:\/\/www.aridane.org\/city\/#\/schema\/person\/image\/","url":"https:\/\/secure.gravatar.com\/avatar\/1c476992411e4ccf153da63b2b2f5ea0bb4cb1c85f3ceab8512f04325ad5579c?s=96&d=mm&r=g","contentUrl":"https:\/\/secure.gravatar.com\/avatar\/1c476992411e4ccf153da63b2b2f5ea0bb4cb1c85f3ceab8512f04325ad5579c?s=96&d=mm&r=g","caption":"Corresponsal"},"url":"https:\/\/www.aridane.org\/city\/author\/corresponsal\/"}]}},"_links":{"self":[{"href":"https:\/\/www.aridane.org\/city\/wp-json\/wp\/v2\/posts\/4814","targetHints":{"allow":["GET"]}}],"collection":[{"href":"https:\/\/www.aridane.org\/city\/wp-json\/wp\/v2\/posts"}],"about":[{"href":"https:\/\/www.aridane.org\/city\/wp-json\/wp\/v2\/types\/post"}],"author":[{"embeddable":true,"href":"https:\/\/www.aridane.org\/city\/wp-json\/wp\/v2\/users\/4"}],"replies":[{"embeddable":true,"href":"https:\/\/www.aridane.org\/city\/wp-json\/wp\/v2\/comments?post=4814"}],"version-history":[{"count":1,"href":"https:\/\/www.aridane.org\/city\/wp-json\/wp\/v2\/posts\/4814\/revisions"}],"predecessor-version":[{"id":4816,"href":"https:\/\/www.aridane.org\/city\/wp-json\/wp\/v2\/posts\/4814\/revisions\/4816"}],"wp:featuredmedia":[{"embeddable":true,"href":"https:\/\/www.aridane.org\/city\/wp-json\/wp\/v2\/media\/4815"}],"wp:attachment":[{"href":"https:\/\/www.aridane.org\/city\/wp-json\/wp\/v2\/media?parent=4814"}],"wp:term":[{"taxonomy":"category","embeddable":true,"href":"https:\/\/www.aridane.org\/city\/wp-json\/wp\/v2\/categories?post=4814"},{"taxonomy":"post_tag","embeddable":true,"href":"https:\/\/www.aridane.org\/city\/wp-json\/wp\/v2\/tags?post=4814"}],"curies":[{"name":"wp","href":"https:\/\/api.w.org\/{rel}","templated":true}]}}