{"id":4818,"date":"2025-10-25T12:40:17","date_gmt":"2025-10-25T12:40:17","guid":{"rendered":"https:\/\/www.aridane.org\/city\/?p=4818"},"modified":"2025-10-28T12:41:42","modified_gmt":"2025-10-28T12:41:42","slug":"la-banda-municipal-de-musica-cumple-167-anos-como-simbolo-cultural-de-los-llanos-de-aridane","status":"publish","type":"post","link":"https:\/\/www.aridane.org\/city\/2025\/10\/25\/la-banda-municipal-de-musica-cumple-167-anos-como-simbolo-cultural-de-los-llanos-de-aridane\/","title":{"rendered":"La Banda Municipal de M\u00fasica cumple 167 a\u00f1os como s\u00edmbolo cultural de Los Llanos de Aridane"},"content":{"rendered":"<p>\u201cLa Banda Municipal de M\u00fasica es patrimonio vivo de nuestro municipio\u201d, asegura el alcalde<!--more--><\/p>\n<div id=\"v1forwardbody1\">\n<p>La Banda Municipal de M\u00fasica de Los Llanos de Aridane celebr\u00f3 anoche su 167.\u00ba aniversario con un concierto conmemorativo en la Plaza de Espa\u00f1a, bajo el t\u00edtulo\u00a0La F\u00e1brica de los sonidos. La cita sirvi\u00f3 como reconocimiento a una instituci\u00f3n esencial para la vida cultural del municipio.<\/p>\n<p>El alcalde de Los Llanos de Aridane, Javier Llamas, destac\u00f3 los 167 a\u00f1os de compromiso, comunidad y cultura del organismo.<\/p>\n<p>\u201cLa Banda Municipal de M\u00fasica es un patrimonio vivo de nuestro municipio y seguir\u00e1 siendo motor de identidad, de encuentro y de emoci\u00f3n para todas las generaciones. Agradecemos a sus m\u00fasicos, directores y equipos el servicio que prestan. Son el reflejo de un legado compartido que contin\u00faa sonando en el coraz\u00f3n cultural de La Palma\u201d, se\u00f1ala.<\/p>\n<p>Por su parte, la concejala de Cultura, Marlene Gonz\u00e1lez, lanz\u00f3 un reconocimiento especial a quienes en 1858 iniciaron esta historia, tanto los hombres como las mujeres que aportaron recursos, talento y voluntad para poner en marcha lo que hoy es nuestra banda municipal.<\/p>\n<p>\u201cMe llena de alegr\u00eda ver que esa esencia femenina de la banda se mantenga. Por aquel entonces, no era habitual que las mujeres participaran en iniciativas p\u00fablicas, y su ejemplo, por lo que veo, sigue inspirando a las nuevas generaciones. Celebrar este aniversario es mirar al futuro con orgullo, manteniendo viva la m\u00fasica en el coraz\u00f3n de Los Llanos de Aridane\u201d, se\u00f1ala.<\/p>\n<h2>Historia de la Banda<\/h2>\n<p>Seg\u00fan relata la cronista oficial del municipio, Mar\u00eda Victoria Hern\u00e1ndez, la actual Banda Municipal de M\u00fasica de Los Llanos de Aridane hunde sus ra\u00edces en la Sociedad Filarm\u00f3nica fundada el 17 de octubre de 1858, en pleno auge cultural del siglo XIX. Aquella \u00e9poca, considerada el\u00a0Siglo de Oro de La Palma, estuvo marcada por el desarrollo del teatro, la m\u00fasica, la literatura y las sociedades culturales, impulsadas en buena medida por los emigrantes palmeros establecidos en Cuba que apoyaban las iniciativas culturales de la isla.<\/p>\n<p>La cronista recuerda que la creaci\u00f3n de la Sociedad Filarm\u00f3nica fue posible gracias a una suscripci\u00f3n popular en la que participaron numerosos vecinos y vecinas del municipio, que aportaron tanto recursos econ\u00f3micos como apoyo social y moral para dotar a Los Llanos de una formaci\u00f3n musical propia. Entre los hombres que contribuyeron con suscripciones figuran nombres como Jos\u00e9 Mar\u00eda Wang\u00fcemert, Zacar\u00edas Lorenzo Carballo, Antonio C\u00e1ceres, Pablo y Jos\u00e9 Lorenzo K\u00e1bana, el presb\u00edtero Antonio Pino Hern\u00e1ndez, Jer\u00f3nimo Felipe, Antonio Rodr\u00edguez P\u00e9rez o Juan Camacho Pino, entre otros muchos.<\/p>\n<p>Pero tambi\u00e9n hubo una importante participaci\u00f3n femenina en los or\u00edgenes de la banda, algo poco habitual en la sociedad del siglo XIX. Mujeres como Mar\u00eda Lorenzo Pino, Carolina Abreu, Elvira Santos, Antonia Pino Ta\u00f1o, Dolores Ramos, Juana Ramos, Tomasa Lorenzo Carballo, Juana Antonia Lorenzo de Armas o Francisca Felipe Wang\u00fcemert, entre otras, se unieron a la iniciativa, aportando desde peque\u00f1as cantidades hasta contribuciones destacadas. Esta implicaci\u00f3n femenina, subraya la cronista, revela una temprana conciencia colectiva del valor de la m\u00fasica y de la necesidad de sostenerla como un bien com\u00fan.<\/p>\n<p>En 1909, aquella sociedad pas\u00f3 a denominarse oficialmente Banda Municipal de M\u00fasica de Los Llanos de Aridane, consolid\u00e1ndose como una de las instituciones culturales m\u00e1s longevas y queridas de la isla. Cincuenta a\u00f1os despu\u00e9s, en 1958, el entonces alcalde Manuel P\u00e9rez Acosta, durante los actos del centenario, expres\u00f3 el deseo de que la ciudadan\u00eda \u201csiempre pueda sentirse orgullosa de su Banda de M\u00fasica, patrimonio de la ciudad\u201d. Ese reconocimiento se ha mantenido vivo a lo largo del tiempo y fue refrendado en 2009 con la concesi\u00f3n de la Medalla de Oro del municipio.<\/p>\n<p>Hoy, 167 a\u00f1os despu\u00e9s de su creaci\u00f3n, la Banda Municipal de M\u00fasica de Los Llanos de Aridane no solo mantiene su actividad ininterrumpida, sino que contin\u00faa siendo s\u00edmbolo de identidad y orgullo colectivo, reflejo de un legado compartido que sigue sonando en el coraz\u00f3n cultural de La Palma.<\/p>\n<\/div>\n","protected":false},"excerpt":{"rendered":"<p>\u201cLa Banda Municipal de M\u00fasica es patrimonio vivo de nuestro municipio\u201d, asegura el alcalde<\/p>\n","protected":false},"author":4,"featured_media":4819,"comment_status":"open","ping_status":"open","sticky":false,"template":"","format":"standard","meta":{"footnotes":""},"categories":[1],"tags":[],"class_list":["post-4818","post","type-post","status-publish","format-standard","has-post-thumbnail","hentry","category-sin-categoria"],"yoast_head":"<!-- This site is optimized with the Yoast SEO plugin v22.7 - https:\/\/yoast.com\/wordpress\/plugins\/seo\/ -->\n<title>La Banda Municipal de M\u00fasica cumple 167 a\u00f1os como s\u00edmbolo cultural de Los Llanos de Aridane - Ayuntamiento de Los Llanos de Aridane<\/title>\n<meta name=\"robots\" content=\"index, follow, max-snippet:-1, max-image-preview:large, max-video-preview:-1\" \/>\n<link rel=\"canonical\" href=\"https:\/\/www.aridane.org\/city\/2025\/10\/25\/la-banda-municipal-de-musica-cumple-167-anos-como-simbolo-cultural-de-los-llanos-de-aridane\/\" \/>\n<meta property=\"og:locale\" content=\"es_ES\" \/>\n<meta property=\"og:type\" content=\"article\" \/>\n<meta property=\"og:title\" content=\"La Banda Municipal de M\u00fasica cumple 167 a\u00f1os como s\u00edmbolo cultural de Los Llanos de Aridane - Ayuntamiento de Los Llanos de Aridane\" \/>\n<meta property=\"og:description\" content=\"\u201cLa Banda Municipal de M\u00fasica es patrimonio vivo de nuestro municipio\u201d, asegura el alcalde\" \/>\n<meta property=\"og:url\" content=\"https:\/\/www.aridane.org\/city\/2025\/10\/25\/la-banda-municipal-de-musica-cumple-167-anos-como-simbolo-cultural-de-los-llanos-de-aridane\/\" \/>\n<meta property=\"og:site_name\" content=\"Ayuntamiento de Los Llanos de Aridane\" \/>\n<meta property=\"article:published_time\" content=\"2025-10-25T12:40:17+00:00\" \/>\n<meta property=\"article:modified_time\" content=\"2025-10-28T12:41:42+00:00\" \/>\n<meta property=\"og:image\" content=\"https:\/\/www.aridane.org\/city\/wp-content\/uploads\/2025\/10\/66260284-f83c-49fe-a371-87baad09d52c.jpeg\" \/>\n\t<meta property=\"og:image:width\" content=\"1290\" \/>\n\t<meta property=\"og:image:height\" content=\"1032\" \/>\n\t<meta property=\"og:image:type\" content=\"image\/jpeg\" \/>\n<meta name=\"author\" content=\"Corresponsal\" \/>\n<meta name=\"twitter:card\" content=\"summary_large_image\" \/>\n<meta name=\"twitter:label1\" content=\"Escrito por\" \/>\n\t<meta name=\"twitter:data1\" content=\"Corresponsal\" \/>\n\t<meta name=\"twitter:label2\" content=\"Tiempo de lectura\" \/>\n\t<meta name=\"twitter:data2\" content=\"4 minutos\" \/>\n<script type=\"application\/ld+json\" class=\"yoast-schema-graph\">{\"@context\":\"https:\/\/schema.org\",\"@graph\":[{\"@type\":\"WebPage\",\"@id\":\"https:\/\/www.aridane.org\/city\/2025\/10\/25\/la-banda-municipal-de-musica-cumple-167-anos-como-simbolo-cultural-de-los-llanos-de-aridane\/\",\"url\":\"https:\/\/www.aridane.org\/city\/2025\/10\/25\/la-banda-municipal-de-musica-cumple-167-anos-como-simbolo-cultural-de-los-llanos-de-aridane\/\",\"name\":\"La Banda Municipal de M\u00fasica cumple 167 a\u00f1os como s\u00edmbolo cultural de Los Llanos de Aridane - Ayuntamiento de Los Llanos de Aridane\",\"isPartOf\":{\"@id\":\"https:\/\/www.aridane.org\/city\/#website\"},\"primaryImageOfPage\":{\"@id\":\"https:\/\/www.aridane.org\/city\/2025\/10\/25\/la-banda-municipal-de-musica-cumple-167-anos-como-simbolo-cultural-de-los-llanos-de-aridane\/#primaryimage\"},\"image\":{\"@id\":\"https:\/\/www.aridane.org\/city\/2025\/10\/25\/la-banda-municipal-de-musica-cumple-167-anos-como-simbolo-cultural-de-los-llanos-de-aridane\/#primaryimage\"},\"thumbnailUrl\":\"https:\/\/www.aridane.org\/city\/wp-content\/uploads\/2025\/10\/66260284-f83c-49fe-a371-87baad09d52c.jpeg\",\"datePublished\":\"2025-10-25T12:40:17+00:00\",\"dateModified\":\"2025-10-28T12:41:42+00:00\",\"author\":{\"@id\":\"https:\/\/www.aridane.org\/city\/#\/schema\/person\/89ebd376b223dc94cc1dbcf200c8e6da\"},\"breadcrumb\":{\"@id\":\"https:\/\/www.aridane.org\/city\/2025\/10\/25\/la-banda-municipal-de-musica-cumple-167-anos-como-simbolo-cultural-de-los-llanos-de-aridane\/#breadcrumb\"},\"inLanguage\":\"es\",\"potentialAction\":[{\"@type\":\"ReadAction\",\"target\":[\"https:\/\/www.aridane.org\/city\/2025\/10\/25\/la-banda-municipal-de-musica-cumple-167-anos-como-simbolo-cultural-de-los-llanos-de-aridane\/\"]}]},{\"@type\":\"ImageObject\",\"inLanguage\":\"es\",\"@id\":\"https:\/\/www.aridane.org\/city\/2025\/10\/25\/la-banda-municipal-de-musica-cumple-167-anos-como-simbolo-cultural-de-los-llanos-de-aridane\/#primaryimage\",\"url\":\"https:\/\/www.aridane.org\/city\/wp-content\/uploads\/2025\/10\/66260284-f83c-49fe-a371-87baad09d52c.jpeg\",\"contentUrl\":\"https:\/\/www.aridane.org\/city\/wp-content\/uploads\/2025\/10\/66260284-f83c-49fe-a371-87baad09d52c.jpeg\",\"width\":1290,\"height\":1032},{\"@type\":\"BreadcrumbList\",\"@id\":\"https:\/\/www.aridane.org\/city\/2025\/10\/25\/la-banda-municipal-de-musica-cumple-167-anos-como-simbolo-cultural-de-los-llanos-de-aridane\/#breadcrumb\",\"itemListElement\":[{\"@type\":\"ListItem\",\"position\":1,\"name\":\"Portada\",\"item\":\"https:\/\/www.aridane.org\/city\/\"},{\"@type\":\"ListItem\",\"position\":2,\"name\":\"La Banda Municipal de M\u00fasica cumple 167 a\u00f1os como s\u00edmbolo cultural de Los Llanos de Aridane\"}]},{\"@type\":\"WebSite\",\"@id\":\"https:\/\/www.aridane.org\/city\/#website\",\"url\":\"https:\/\/www.aridane.org\/city\/\",\"name\":\"Ayuntamiento de Los Llanos de Aridane\",\"description\":\"\",\"potentialAction\":[{\"@type\":\"SearchAction\",\"target\":{\"@type\":\"EntryPoint\",\"urlTemplate\":\"https:\/\/www.aridane.org\/city\/?s={search_term_string}\"},\"query-input\":\"required name=search_term_string\"}],\"inLanguage\":\"es\"},{\"@type\":\"Person\",\"@id\":\"https:\/\/www.aridane.org\/city\/#\/schema\/person\/89ebd376b223dc94cc1dbcf200c8e6da\",\"name\":\"Corresponsal\",\"image\":{\"@type\":\"ImageObject\",\"inLanguage\":\"es\",\"@id\":\"https:\/\/www.aridane.org\/city\/#\/schema\/person\/image\/\",\"url\":\"https:\/\/secure.gravatar.com\/avatar\/1c476992411e4ccf153da63b2b2f5ea0bb4cb1c85f3ceab8512f04325ad5579c?s=96&d=mm&r=g\",\"contentUrl\":\"https:\/\/secure.gravatar.com\/avatar\/1c476992411e4ccf153da63b2b2f5ea0bb4cb1c85f3ceab8512f04325ad5579c?s=96&d=mm&r=g\",\"caption\":\"Corresponsal\"},\"url\":\"https:\/\/www.aridane.org\/city\/author\/corresponsal\/\"}]}<\/script>\n<!-- \/ Yoast SEO plugin. -->","yoast_head_json":{"title":"La Banda Municipal de M\u00fasica cumple 167 a\u00f1os como s\u00edmbolo cultural de Los Llanos de Aridane - Ayuntamiento de Los Llanos de Aridane","robots":{"index":"index","follow":"follow","max-snippet":"max-snippet:-1","max-image-preview":"max-image-preview:large","max-video-preview":"max-video-preview:-1"},"canonical":"https:\/\/www.aridane.org\/city\/2025\/10\/25\/la-banda-municipal-de-musica-cumple-167-anos-como-simbolo-cultural-de-los-llanos-de-aridane\/","og_locale":"es_ES","og_type":"article","og_title":"La Banda Municipal de M\u00fasica cumple 167 a\u00f1os como s\u00edmbolo cultural de Los Llanos de Aridane - Ayuntamiento de Los Llanos de Aridane","og_description":"\u201cLa Banda Municipal de M\u00fasica es patrimonio vivo de nuestro municipio\u201d, asegura el alcalde","og_url":"https:\/\/www.aridane.org\/city\/2025\/10\/25\/la-banda-municipal-de-musica-cumple-167-anos-como-simbolo-cultural-de-los-llanos-de-aridane\/","og_site_name":"Ayuntamiento de Los Llanos de Aridane","article_published_time":"2025-10-25T12:40:17+00:00","article_modified_time":"2025-10-28T12:41:42+00:00","og_image":[{"width":1290,"height":1032,"url":"https:\/\/www.aridane.org\/city\/wp-content\/uploads\/2025\/10\/66260284-f83c-49fe-a371-87baad09d52c.jpeg","type":"image\/jpeg"}],"author":"Corresponsal","twitter_card":"summary_large_image","twitter_misc":{"Escrito por":"Corresponsal","Tiempo de lectura":"4 minutos"},"schema":{"@context":"https:\/\/schema.org","@graph":[{"@type":"WebPage","@id":"https:\/\/www.aridane.org\/city\/2025\/10\/25\/la-banda-municipal-de-musica-cumple-167-anos-como-simbolo-cultural-de-los-llanos-de-aridane\/","url":"https:\/\/www.aridane.org\/city\/2025\/10\/25\/la-banda-municipal-de-musica-cumple-167-anos-como-simbolo-cultural-de-los-llanos-de-aridane\/","name":"La Banda Municipal de M\u00fasica cumple 167 a\u00f1os como s\u00edmbolo cultural de Los Llanos de Aridane - Ayuntamiento de Los Llanos de Aridane","isPartOf":{"@id":"https:\/\/www.aridane.org\/city\/#website"},"primaryImageOfPage":{"@id":"https:\/\/www.aridane.org\/city\/2025\/10\/25\/la-banda-municipal-de-musica-cumple-167-anos-como-simbolo-cultural-de-los-llanos-de-aridane\/#primaryimage"},"image":{"@id":"https:\/\/www.aridane.org\/city\/2025\/10\/25\/la-banda-municipal-de-musica-cumple-167-anos-como-simbolo-cultural-de-los-llanos-de-aridane\/#primaryimage"},"thumbnailUrl":"https:\/\/www.aridane.org\/city\/wp-content\/uploads\/2025\/10\/66260284-f83c-49fe-a371-87baad09d52c.jpeg","datePublished":"2025-10-25T12:40:17+00:00","dateModified":"2025-10-28T12:41:42+00:00","author":{"@id":"https:\/\/www.aridane.org\/city\/#\/schema\/person\/89ebd376b223dc94cc1dbcf200c8e6da"},"breadcrumb":{"@id":"https:\/\/www.aridane.org\/city\/2025\/10\/25\/la-banda-municipal-de-musica-cumple-167-anos-como-simbolo-cultural-de-los-llanos-de-aridane\/#breadcrumb"},"inLanguage":"es","potentialAction":[{"@type":"ReadAction","target":["https:\/\/www.aridane.org\/city\/2025\/10\/25\/la-banda-municipal-de-musica-cumple-167-anos-como-simbolo-cultural-de-los-llanos-de-aridane\/"]}]},{"@type":"ImageObject","inLanguage":"es","@id":"https:\/\/www.aridane.org\/city\/2025\/10\/25\/la-banda-municipal-de-musica-cumple-167-anos-como-simbolo-cultural-de-los-llanos-de-aridane\/#primaryimage","url":"https:\/\/www.aridane.org\/city\/wp-content\/uploads\/2025\/10\/66260284-f83c-49fe-a371-87baad09d52c.jpeg","contentUrl":"https:\/\/www.aridane.org\/city\/wp-content\/uploads\/2025\/10\/66260284-f83c-49fe-a371-87baad09d52c.jpeg","width":1290,"height":1032},{"@type":"BreadcrumbList","@id":"https:\/\/www.aridane.org\/city\/2025\/10\/25\/la-banda-municipal-de-musica-cumple-167-anos-como-simbolo-cultural-de-los-llanos-de-aridane\/#breadcrumb","itemListElement":[{"@type":"ListItem","position":1,"name":"Portada","item":"https:\/\/www.aridane.org\/city\/"},{"@type":"ListItem","position":2,"name":"La Banda Municipal de M\u00fasica cumple 167 a\u00f1os como s\u00edmbolo cultural de Los Llanos de Aridane"}]},{"@type":"WebSite","@id":"https:\/\/www.aridane.org\/city\/#website","url":"https:\/\/www.aridane.org\/city\/","name":"Ayuntamiento de Los Llanos de Aridane","description":"","potentialAction":[{"@type":"SearchAction","target":{"@type":"EntryPoint","urlTemplate":"https:\/\/www.aridane.org\/city\/?s={search_term_string}"},"query-input":"required name=search_term_string"}],"inLanguage":"es"},{"@type":"Person","@id":"https:\/\/www.aridane.org\/city\/#\/schema\/person\/89ebd376b223dc94cc1dbcf200c8e6da","name":"Corresponsal","image":{"@type":"ImageObject","inLanguage":"es","@id":"https:\/\/www.aridane.org\/city\/#\/schema\/person\/image\/","url":"https:\/\/secure.gravatar.com\/avatar\/1c476992411e4ccf153da63b2b2f5ea0bb4cb1c85f3ceab8512f04325ad5579c?s=96&d=mm&r=g","contentUrl":"https:\/\/secure.gravatar.com\/avatar\/1c476992411e4ccf153da63b2b2f5ea0bb4cb1c85f3ceab8512f04325ad5579c?s=96&d=mm&r=g","caption":"Corresponsal"},"url":"https:\/\/www.aridane.org\/city\/author\/corresponsal\/"}]}},"_links":{"self":[{"href":"https:\/\/www.aridane.org\/city\/wp-json\/wp\/v2\/posts\/4818","targetHints":{"allow":["GET"]}}],"collection":[{"href":"https:\/\/www.aridane.org\/city\/wp-json\/wp\/v2\/posts"}],"about":[{"href":"https:\/\/www.aridane.org\/city\/wp-json\/wp\/v2\/types\/post"}],"author":[{"embeddable":true,"href":"https:\/\/www.aridane.org\/city\/wp-json\/wp\/v2\/users\/4"}],"replies":[{"embeddable":true,"href":"https:\/\/www.aridane.org\/city\/wp-json\/wp\/v2\/comments?post=4818"}],"version-history":[{"count":2,"href":"https:\/\/www.aridane.org\/city\/wp-json\/wp\/v2\/posts\/4818\/revisions"}],"predecessor-version":[{"id":4821,"href":"https:\/\/www.aridane.org\/city\/wp-json\/wp\/v2\/posts\/4818\/revisions\/4821"}],"wp:featuredmedia":[{"embeddable":true,"href":"https:\/\/www.aridane.org\/city\/wp-json\/wp\/v2\/media\/4819"}],"wp:attachment":[{"href":"https:\/\/www.aridane.org\/city\/wp-json\/wp\/v2\/media?parent=4818"}],"wp:term":[{"taxonomy":"category","embeddable":true,"href":"https:\/\/www.aridane.org\/city\/wp-json\/wp\/v2\/categories?post=4818"},{"taxonomy":"post_tag","embeddable":true,"href":"https:\/\/www.aridane.org\/city\/wp-json\/wp\/v2\/tags?post=4818"}],"curies":[{"name":"wp","href":"https:\/\/api.w.org\/{rel}","templated":true}]}}