{"id":4822,"date":"2025-10-27T12:41:46","date_gmt":"2025-10-27T12:41:46","guid":{"rendered":"https:\/\/www.aridane.org\/city\/?p=4822"},"modified":"2025-10-28T12:43:35","modified_gmt":"2025-10-28T12:43:35","slug":"el-ayuntamiento-de-los-llanos-rinde-homenaje-a-la-virgen-de-las-nieves-con-un-vestido-de-seda-del-siglo-xix","status":"publish","type":"post","link":"https:\/\/www.aridane.org\/city\/2025\/10\/27\/el-ayuntamiento-de-los-llanos-rinde-homenaje-a-la-virgen-de-las-nieves-con-un-vestido-de-seda-del-siglo-xix\/","title":{"rendered":"El Ayuntamiento de Los Llanos rinde homenaje a la Virgen de Las Nieves con un vestido de seda del siglo XIX"},"content":{"rendered":"<p><em>La prenda fue pieza elaborada por las artesanas palmeras Pilar Hern\u00e1ndez Gonz\u00e1lez y Ana Isabel Mart\u00edn S\u00e1nchez<\/em><!--more--><\/p>\n<div id=\"v1forwardbody1\">\n<p>Los Llanos de Aridane vivi\u00f3 este domingo, 26 de octubre, una jornada hist\u00f3rica con el regreso de la Virgen de Las Nieves al municipio, 61 a\u00f1os despu\u00e9s de su \u00faltima visita. Miles de personas acompa\u00f1aron a la imagen desde la ermita de San Pedro hasta la Parroquia Matriz de Nuestra Se\u00f1ora de Los Remedios.<\/p>\n<p>En el acto institucional de bienvenida, desde el Ayuntamiento de Los Llanos de Aridane se hizo entrega a la Patrona de La Palma de un nuevo vestido confeccionado con sedas originales del siglo XIX, recuperadas de antiguas manufacturas de Valencia y Lyon. Una pieza elaborada por las artesanas palmeras Pilar Hern\u00e1ndez Gonz\u00e1lez y Ana Isabel Mart\u00edn S\u00e1nchez, que combina los tonos azul cer\u00faleo y azul cobalto -colores emblem\u00e1ticos de la Virgen- con matices blancos que evocan la nieve y la pureza.<\/p>\n<p>El alcalde, Javier Llamas, agradece a las costureras su \u201cexquisita labor\u201d, al tiempo que sostiene que \u201cel traje representa el cari\u00f1o y el respeto del pueblo aridane se hac\u00eda la Patrona de La Palma\u201d.<\/p>\n<p>\u201cEs un gesto de gratitud y tambi\u00e9n un compromiso con la preservaci\u00f3n de nuestro patrimonio religioso y cultural\u201d, asegura el alcalde. \u201cEl regreso de la Virgen a Los Llanos, m\u00e1s de seis d\u00e9cadas despu\u00e9s, simboliza el encuentro de la fe con la memoria colectiva de un municipio que ha sabido mantenerse unido en los momentos m\u00e1s dif\u00edciles\u201d, a\u00f1ade.<\/p>\n<p>En este sentido, la concejala de Cultura y Artesan\u00eda, Marlene Gonz\u00e1lez, explica que el conjunto, formado por jub\u00f3n, mangas, pu\u00f1os, saya y manto, se enriquece con galones de plata, cintas florales de seda y encajes de argento, \u201creflejando el encuentro entre el arte textil, la fe y la identidad del pueblo de Los Llanos de Aridane\u201d.<\/p>\n<p>Asimismo, la concejala explica que el dise\u00f1o del trabaja rinde homenaje a los c\u00e1nones est\u00e9ticos y lit\u00fargicos de los trajes hist\u00f3ricos de la Virgen, \u201ccon un enfoque respetuoso hacia la tradici\u00f3n y un valor patrimonial excepcional\u201d.<\/p>\n<h2><strong>La jornada del domingo, un \u00e9xito<\/strong><\/h2>\n<p>Respecto a la peregrinaci\u00f3n de este domingo, el alcalde agradece la implicaci\u00f3n de las asociaciones vecinales que engalanaron las calles, as\u00ed como el trabajo de la Polic\u00eda Local, Protecci\u00f3n Civil y el resto de cuerpos de seguridad, que velaron por el correcto desarrollo de la peregrinaci\u00f3n y los actos multitudinarios.<\/p>\n<p>Durante su estancia en la parroquia de Nuestra Se\u00f1ora de Los Remedios, la Virgen de Las Nieves ser\u00e1 acompa\u00f1ada por un programa de actos lit\u00fargicos que invita a la oraci\u00f3n y a la participaci\u00f3n de toda la ciudadan\u00eda.<\/p>\n<p>El lunes, 27 de octubre, tendr\u00e1 lugar una Eucarist\u00eda cantada por la Coral Awara a las 20:00 horas, seguida a las 21:00 horas por la oraci\u00f3n de la noche, animada por el Grupo de la Renovaci\u00f3n Carism\u00e1tica.<\/p>\n<p>El martes, 28 de octubre, se celebrar\u00e1 a las 16:30 horas la Solemne Eucarist\u00eda en honor a la Patrona, y a las 20:00 horas comenzar\u00e1 la Procesi\u00f3n de las Candelas, que recorrer\u00e1 la plaza de Espa\u00f1a, la Calle Real, Ram\u00f3n y Cajal y Fern\u00e1ndez Ta\u00f1o.<\/p>\n<p>Finalmente, el mi\u00e9rcoles, 29 de octubre, se oficiar\u00e1 a las 16:30 horas la Eucarist\u00eda de despedida, tras la cual, a las 17:30 horas, la imagen ser\u00e1 trasladada en procesi\u00f3n hasta la calle Doctor Fleming, en compa\u00f1\u00eda de la Banda Municipal de M\u00fasica de Los Llanos de Aridane.<\/p>\n<p>El paso de la Patrona por el Valle adquiere adem\u00e1s una relevancia especial para la comarca de Aridane, profundamente marcada por las consecuencias de la erupci\u00f3n de 2021. Para el viernes, 31 de octubre, y el s\u00e1bado, 1 de noviembre, est\u00e1n previstos varios actos en La Laguna, Las Manchas y Todoque, barrios afectados por el volc\u00e1n.<\/p>\n<\/div>\n","protected":false},"excerpt":{"rendered":"<p>La prenda fue pieza elaborada por las artesanas palmeras Pilar Hern\u00e1ndez Gonz\u00e1lez y Ana Isabel Mart\u00edn S\u00e1nchez<\/p>\n","protected":false},"author":4,"featured_media":4823,"comment_status":"open","ping_status":"open","sticky":false,"template":"","format":"standard","meta":{"footnotes":""},"categories":[1],"tags":[],"class_list":["post-4822","post","type-post","status-publish","format-standard","has-post-thumbnail","hentry","category-sin-categoria"],"yoast_head":"<!-- This site is optimized with the Yoast SEO plugin v22.7 - https:\/\/yoast.com\/wordpress\/plugins\/seo\/ -->\n<title>El Ayuntamiento de Los Llanos rinde homenaje a la Virgen de Las Nieves con un vestido de seda del siglo XIX - Ayuntamiento de Los Llanos de Aridane<\/title>\n<meta name=\"robots\" content=\"index, follow, max-snippet:-1, max-image-preview:large, max-video-preview:-1\" \/>\n<link rel=\"canonical\" href=\"https:\/\/www.aridane.org\/city\/2025\/10\/27\/el-ayuntamiento-de-los-llanos-rinde-homenaje-a-la-virgen-de-las-nieves-con-un-vestido-de-seda-del-siglo-xix\/\" \/>\n<meta property=\"og:locale\" content=\"es_ES\" \/>\n<meta property=\"og:type\" content=\"article\" \/>\n<meta property=\"og:title\" content=\"El Ayuntamiento de Los Llanos rinde homenaje a la Virgen de Las Nieves con un vestido de seda del siglo XIX - Ayuntamiento de Los Llanos de Aridane\" \/>\n<meta property=\"og:description\" content=\"La prenda fue pieza elaborada por las artesanas palmeras Pilar Hern\u00e1ndez Gonz\u00e1lez y Ana Isabel Mart\u00edn S\u00e1nchez\" \/>\n<meta property=\"og:url\" content=\"https:\/\/www.aridane.org\/city\/2025\/10\/27\/el-ayuntamiento-de-los-llanos-rinde-homenaje-a-la-virgen-de-las-nieves-con-un-vestido-de-seda-del-siglo-xix\/\" \/>\n<meta property=\"og:site_name\" content=\"Ayuntamiento de Los Llanos de Aridane\" \/>\n<meta property=\"article:published_time\" content=\"2025-10-27T12:41:46+00:00\" \/>\n<meta property=\"article:modified_time\" content=\"2025-10-28T12:43:35+00:00\" \/>\n<meta property=\"og:image\" content=\"https:\/\/www.aridane.org\/city\/wp-content\/uploads\/2025\/10\/Virgen-de-Las-Nieves.jpeg\" \/>\n\t<meta property=\"og:image:width\" content=\"1600\" \/>\n\t<meta property=\"og:image:height\" content=\"1200\" \/>\n\t<meta property=\"og:image:type\" content=\"image\/jpeg\" \/>\n<meta name=\"author\" content=\"Corresponsal\" \/>\n<meta name=\"twitter:card\" content=\"summary_large_image\" \/>\n<meta name=\"twitter:label1\" content=\"Escrito por\" \/>\n\t<meta name=\"twitter:data1\" content=\"Corresponsal\" \/>\n\t<meta name=\"twitter:label2\" content=\"Tiempo de lectura\" \/>\n\t<meta name=\"twitter:data2\" content=\"4 minutos\" \/>\n<script type=\"application\/ld+json\" class=\"yoast-schema-graph\">{\"@context\":\"https:\/\/schema.org\",\"@graph\":[{\"@type\":\"WebPage\",\"@id\":\"https:\/\/www.aridane.org\/city\/2025\/10\/27\/el-ayuntamiento-de-los-llanos-rinde-homenaje-a-la-virgen-de-las-nieves-con-un-vestido-de-seda-del-siglo-xix\/\",\"url\":\"https:\/\/www.aridane.org\/city\/2025\/10\/27\/el-ayuntamiento-de-los-llanos-rinde-homenaje-a-la-virgen-de-las-nieves-con-un-vestido-de-seda-del-siglo-xix\/\",\"name\":\"El Ayuntamiento de Los Llanos rinde homenaje a la Virgen de Las Nieves con un vestido de seda del siglo XIX - Ayuntamiento de Los Llanos de Aridane\",\"isPartOf\":{\"@id\":\"https:\/\/www.aridane.org\/city\/#website\"},\"primaryImageOfPage\":{\"@id\":\"https:\/\/www.aridane.org\/city\/2025\/10\/27\/el-ayuntamiento-de-los-llanos-rinde-homenaje-a-la-virgen-de-las-nieves-con-un-vestido-de-seda-del-siglo-xix\/#primaryimage\"},\"image\":{\"@id\":\"https:\/\/www.aridane.org\/city\/2025\/10\/27\/el-ayuntamiento-de-los-llanos-rinde-homenaje-a-la-virgen-de-las-nieves-con-un-vestido-de-seda-del-siglo-xix\/#primaryimage\"},\"thumbnailUrl\":\"https:\/\/www.aridane.org\/city\/wp-content\/uploads\/2025\/10\/Virgen-de-Las-Nieves.jpeg\",\"datePublished\":\"2025-10-27T12:41:46+00:00\",\"dateModified\":\"2025-10-28T12:43:35+00:00\",\"author\":{\"@id\":\"https:\/\/www.aridane.org\/city\/#\/schema\/person\/89ebd376b223dc94cc1dbcf200c8e6da\"},\"breadcrumb\":{\"@id\":\"https:\/\/www.aridane.org\/city\/2025\/10\/27\/el-ayuntamiento-de-los-llanos-rinde-homenaje-a-la-virgen-de-las-nieves-con-un-vestido-de-seda-del-siglo-xix\/#breadcrumb\"},\"inLanguage\":\"es\",\"potentialAction\":[{\"@type\":\"ReadAction\",\"target\":[\"https:\/\/www.aridane.org\/city\/2025\/10\/27\/el-ayuntamiento-de-los-llanos-rinde-homenaje-a-la-virgen-de-las-nieves-con-un-vestido-de-seda-del-siglo-xix\/\"]}]},{\"@type\":\"ImageObject\",\"inLanguage\":\"es\",\"@id\":\"https:\/\/www.aridane.org\/city\/2025\/10\/27\/el-ayuntamiento-de-los-llanos-rinde-homenaje-a-la-virgen-de-las-nieves-con-un-vestido-de-seda-del-siglo-xix\/#primaryimage\",\"url\":\"https:\/\/www.aridane.org\/city\/wp-content\/uploads\/2025\/10\/Virgen-de-Las-Nieves.jpeg\",\"contentUrl\":\"https:\/\/www.aridane.org\/city\/wp-content\/uploads\/2025\/10\/Virgen-de-Las-Nieves.jpeg\",\"width\":1600,\"height\":1200},{\"@type\":\"BreadcrumbList\",\"@id\":\"https:\/\/www.aridane.org\/city\/2025\/10\/27\/el-ayuntamiento-de-los-llanos-rinde-homenaje-a-la-virgen-de-las-nieves-con-un-vestido-de-seda-del-siglo-xix\/#breadcrumb\",\"itemListElement\":[{\"@type\":\"ListItem\",\"position\":1,\"name\":\"Portada\",\"item\":\"https:\/\/www.aridane.org\/city\/\"},{\"@type\":\"ListItem\",\"position\":2,\"name\":\"El Ayuntamiento de Los Llanos rinde homenaje a la Virgen de Las Nieves con un vestido de seda del siglo XIX\"}]},{\"@type\":\"WebSite\",\"@id\":\"https:\/\/www.aridane.org\/city\/#website\",\"url\":\"https:\/\/www.aridane.org\/city\/\",\"name\":\"Ayuntamiento de Los Llanos de Aridane\",\"description\":\"\",\"potentialAction\":[{\"@type\":\"SearchAction\",\"target\":{\"@type\":\"EntryPoint\",\"urlTemplate\":\"https:\/\/www.aridane.org\/city\/?s={search_term_string}\"},\"query-input\":\"required name=search_term_string\"}],\"inLanguage\":\"es\"},{\"@type\":\"Person\",\"@id\":\"https:\/\/www.aridane.org\/city\/#\/schema\/person\/89ebd376b223dc94cc1dbcf200c8e6da\",\"name\":\"Corresponsal\",\"image\":{\"@type\":\"ImageObject\",\"inLanguage\":\"es\",\"@id\":\"https:\/\/www.aridane.org\/city\/#\/schema\/person\/image\/\",\"url\":\"https:\/\/secure.gravatar.com\/avatar\/1c476992411e4ccf153da63b2b2f5ea0bb4cb1c85f3ceab8512f04325ad5579c?s=96&d=mm&r=g\",\"contentUrl\":\"https:\/\/secure.gravatar.com\/avatar\/1c476992411e4ccf153da63b2b2f5ea0bb4cb1c85f3ceab8512f04325ad5579c?s=96&d=mm&r=g\",\"caption\":\"Corresponsal\"},\"url\":\"https:\/\/www.aridane.org\/city\/author\/corresponsal\/\"}]}<\/script>\n<!-- \/ Yoast SEO plugin. -->","yoast_head_json":{"title":"El Ayuntamiento de Los Llanos rinde homenaje a la Virgen de Las Nieves con un vestido de seda del siglo XIX - Ayuntamiento de Los Llanos de Aridane","robots":{"index":"index","follow":"follow","max-snippet":"max-snippet:-1","max-image-preview":"max-image-preview:large","max-video-preview":"max-video-preview:-1"},"canonical":"https:\/\/www.aridane.org\/city\/2025\/10\/27\/el-ayuntamiento-de-los-llanos-rinde-homenaje-a-la-virgen-de-las-nieves-con-un-vestido-de-seda-del-siglo-xix\/","og_locale":"es_ES","og_type":"article","og_title":"El Ayuntamiento de Los Llanos rinde homenaje a la Virgen de Las Nieves con un vestido de seda del siglo XIX - Ayuntamiento de Los Llanos de Aridane","og_description":"La prenda fue pieza elaborada por las artesanas palmeras Pilar Hern\u00e1ndez Gonz\u00e1lez y Ana Isabel Mart\u00edn S\u00e1nchez","og_url":"https:\/\/www.aridane.org\/city\/2025\/10\/27\/el-ayuntamiento-de-los-llanos-rinde-homenaje-a-la-virgen-de-las-nieves-con-un-vestido-de-seda-del-siglo-xix\/","og_site_name":"Ayuntamiento de Los Llanos de Aridane","article_published_time":"2025-10-27T12:41:46+00:00","article_modified_time":"2025-10-28T12:43:35+00:00","og_image":[{"width":1600,"height":1200,"url":"https:\/\/www.aridane.org\/city\/wp-content\/uploads\/2025\/10\/Virgen-de-Las-Nieves.jpeg","type":"image\/jpeg"}],"author":"Corresponsal","twitter_card":"summary_large_image","twitter_misc":{"Escrito por":"Corresponsal","Tiempo de lectura":"4 minutos"},"schema":{"@context":"https:\/\/schema.org","@graph":[{"@type":"WebPage","@id":"https:\/\/www.aridane.org\/city\/2025\/10\/27\/el-ayuntamiento-de-los-llanos-rinde-homenaje-a-la-virgen-de-las-nieves-con-un-vestido-de-seda-del-siglo-xix\/","url":"https:\/\/www.aridane.org\/city\/2025\/10\/27\/el-ayuntamiento-de-los-llanos-rinde-homenaje-a-la-virgen-de-las-nieves-con-un-vestido-de-seda-del-siglo-xix\/","name":"El Ayuntamiento de Los Llanos rinde homenaje a la Virgen de Las Nieves con un vestido de seda del siglo XIX - Ayuntamiento de Los Llanos de Aridane","isPartOf":{"@id":"https:\/\/www.aridane.org\/city\/#website"},"primaryImageOfPage":{"@id":"https:\/\/www.aridane.org\/city\/2025\/10\/27\/el-ayuntamiento-de-los-llanos-rinde-homenaje-a-la-virgen-de-las-nieves-con-un-vestido-de-seda-del-siglo-xix\/#primaryimage"},"image":{"@id":"https:\/\/www.aridane.org\/city\/2025\/10\/27\/el-ayuntamiento-de-los-llanos-rinde-homenaje-a-la-virgen-de-las-nieves-con-un-vestido-de-seda-del-siglo-xix\/#primaryimage"},"thumbnailUrl":"https:\/\/www.aridane.org\/city\/wp-content\/uploads\/2025\/10\/Virgen-de-Las-Nieves.jpeg","datePublished":"2025-10-27T12:41:46+00:00","dateModified":"2025-10-28T12:43:35+00:00","author":{"@id":"https:\/\/www.aridane.org\/city\/#\/schema\/person\/89ebd376b223dc94cc1dbcf200c8e6da"},"breadcrumb":{"@id":"https:\/\/www.aridane.org\/city\/2025\/10\/27\/el-ayuntamiento-de-los-llanos-rinde-homenaje-a-la-virgen-de-las-nieves-con-un-vestido-de-seda-del-siglo-xix\/#breadcrumb"},"inLanguage":"es","potentialAction":[{"@type":"ReadAction","target":["https:\/\/www.aridane.org\/city\/2025\/10\/27\/el-ayuntamiento-de-los-llanos-rinde-homenaje-a-la-virgen-de-las-nieves-con-un-vestido-de-seda-del-siglo-xix\/"]}]},{"@type":"ImageObject","inLanguage":"es","@id":"https:\/\/www.aridane.org\/city\/2025\/10\/27\/el-ayuntamiento-de-los-llanos-rinde-homenaje-a-la-virgen-de-las-nieves-con-un-vestido-de-seda-del-siglo-xix\/#primaryimage","url":"https:\/\/www.aridane.org\/city\/wp-content\/uploads\/2025\/10\/Virgen-de-Las-Nieves.jpeg","contentUrl":"https:\/\/www.aridane.org\/city\/wp-content\/uploads\/2025\/10\/Virgen-de-Las-Nieves.jpeg","width":1600,"height":1200},{"@type":"BreadcrumbList","@id":"https:\/\/www.aridane.org\/city\/2025\/10\/27\/el-ayuntamiento-de-los-llanos-rinde-homenaje-a-la-virgen-de-las-nieves-con-un-vestido-de-seda-del-siglo-xix\/#breadcrumb","itemListElement":[{"@type":"ListItem","position":1,"name":"Portada","item":"https:\/\/www.aridane.org\/city\/"},{"@type":"ListItem","position":2,"name":"El Ayuntamiento de Los Llanos rinde homenaje a la Virgen de Las Nieves con un vestido de seda del siglo XIX"}]},{"@type":"WebSite","@id":"https:\/\/www.aridane.org\/city\/#website","url":"https:\/\/www.aridane.org\/city\/","name":"Ayuntamiento de Los Llanos de Aridane","description":"","potentialAction":[{"@type":"SearchAction","target":{"@type":"EntryPoint","urlTemplate":"https:\/\/www.aridane.org\/city\/?s={search_term_string}"},"query-input":"required name=search_term_string"}],"inLanguage":"es"},{"@type":"Person","@id":"https:\/\/www.aridane.org\/city\/#\/schema\/person\/89ebd376b223dc94cc1dbcf200c8e6da","name":"Corresponsal","image":{"@type":"ImageObject","inLanguage":"es","@id":"https:\/\/www.aridane.org\/city\/#\/schema\/person\/image\/","url":"https:\/\/secure.gravatar.com\/avatar\/1c476992411e4ccf153da63b2b2f5ea0bb4cb1c85f3ceab8512f04325ad5579c?s=96&d=mm&r=g","contentUrl":"https:\/\/secure.gravatar.com\/avatar\/1c476992411e4ccf153da63b2b2f5ea0bb4cb1c85f3ceab8512f04325ad5579c?s=96&d=mm&r=g","caption":"Corresponsal"},"url":"https:\/\/www.aridane.org\/city\/author\/corresponsal\/"}]}},"_links":{"self":[{"href":"https:\/\/www.aridane.org\/city\/wp-json\/wp\/v2\/posts\/4822","targetHints":{"allow":["GET"]}}],"collection":[{"href":"https:\/\/www.aridane.org\/city\/wp-json\/wp\/v2\/posts"}],"about":[{"href":"https:\/\/www.aridane.org\/city\/wp-json\/wp\/v2\/types\/post"}],"author":[{"embeddable":true,"href":"https:\/\/www.aridane.org\/city\/wp-json\/wp\/v2\/users\/4"}],"replies":[{"embeddable":true,"href":"https:\/\/www.aridane.org\/city\/wp-json\/wp\/v2\/comments?post=4822"}],"version-history":[{"count":1,"href":"https:\/\/www.aridane.org\/city\/wp-json\/wp\/v2\/posts\/4822\/revisions"}],"predecessor-version":[{"id":4824,"href":"https:\/\/www.aridane.org\/city\/wp-json\/wp\/v2\/posts\/4822\/revisions\/4824"}],"wp:featuredmedia":[{"embeddable":true,"href":"https:\/\/www.aridane.org\/city\/wp-json\/wp\/v2\/media\/4823"}],"wp:attachment":[{"href":"https:\/\/www.aridane.org\/city\/wp-json\/wp\/v2\/media?parent=4822"}],"wp:term":[{"taxonomy":"category","embeddable":true,"href":"https:\/\/www.aridane.org\/city\/wp-json\/wp\/v2\/categories?post=4822"},{"taxonomy":"post_tag","embeddable":true,"href":"https:\/\/www.aridane.org\/city\/wp-json\/wp\/v2\/tags?post=4822"}],"curies":[{"name":"wp","href":"https:\/\/api.w.org\/{rel}","templated":true}]}}