{"id":4825,"date":"2025-10-28T12:45:14","date_gmt":"2025-10-28T12:45:14","guid":{"rendered":"https:\/\/www.aridane.org\/city\/?p=4825"},"modified":"2025-10-28T12:45:14","modified_gmt":"2025-10-28T12:45:14","slug":"el-ayuntamiento-transformara-el-entorno-del-barranco-de-tenisca-en-un-espacio-para-disfrutar-al-aire-libre","status":"publish","type":"post","link":"https:\/\/www.aridane.org\/city\/2025\/10\/28\/el-ayuntamiento-transformara-el-entorno-del-barranco-de-tenisca-en-un-espacio-para-disfrutar-al-aire-libre\/","title":{"rendered":"El Ayuntamiento transformar\u00e1 el entorno del Barranco de Tenisca en un espacio para disfrutar al aire libre"},"content":{"rendered":"<p><em>La obra, con una inversi\u00f3n de 437.628,40 euros y un plazo de ejecuci\u00f3n de nueve meses, incluye trabajos de mejora del pavimento, jardiner\u00eda, alumbrado y mobiliario urbano<\/em><!--more--><\/p>\n<div id=\"v1forwardbody1\">\n<p>El Ayuntamiento de Los Llanos de Aridane adjudica las obras de cubrici\u00f3n parcial del Barranco de Tenisca y urbanizaci\u00f3n del entorno, una actuaci\u00f3n que cambiar\u00e1 por completo la imagen de la zona y permitir\u00e1 crear un nuevo espacio para pasear, reunirse y disfrutar al aire libre.<\/p>\n<p>El alcalde, Javier Llamas, se\u00f1ala que se trata de \u201cuna obra importante para seguir recuperando espacios para las personas y hacer de Los Llanos una ciudad m\u00e1s c\u00f3moda y conectada\u201d. A\u00f1ade que \u201cel Barranco de Tenisca pasar\u00e1 de ser una zona de paso a convertirse en un lugar vivo, integrado en el d\u00eda a d\u00eda del municipio\u201d.<\/p>\n<p>Por su parte, la concejala de Turismo, Inmaculada Fern\u00e1ndez, explica que el proyecto \u201cdar\u00e1 continuidad al paseo y permitir\u00e1 disfrutar de una zona m\u00e1s amplia y moderna, con espacios verdes y mobiliario urbano\u201d. Adem\u00e1s, destaca que \u201cla actuaci\u00f3n incluye la instalaci\u00f3n de una p\u00e9rgola fotovoltaica, que aportar\u00e1 energ\u00eda limpia al alumbrado de la zona\u201d.<\/p>\n<p>La obra cuenta con una inversi\u00f3n de 437.628,40 euros y un plazo de ejecuci\u00f3n de nueve meses. Entre las actuaciones previstas figuran trabajos de estructura, pavimentaci\u00f3n, jardiner\u00eda, alumbrado, fontaner\u00eda, equipamiento urbano y medidas de seguridad y salud.<\/p>\n<p>Este proyecto forma parte del compromiso del Ayuntamiento con la mejora del entorno urbano y con la creaci\u00f3n de nuevos espacios donde la gente pueda convivir, caminar y disfrutar de su ciudad. Adem\u00e1s, forma parte del Plan de Sostenibilidad Tur\u00edstica en Destinos (PSTD), que impulsa proyectos orientados a la mejora del entorno urbano, la eficiencia energ\u00e9tica y la accesibilidad.<\/p>\n<\/div>\n","protected":false},"excerpt":{"rendered":"<p>La obra, con una inversi\u00f3n de 437.628,40 euros y un plazo de ejecuci\u00f3n de nueve meses, incluye trabajos de mejora del pavimento, jardiner\u00eda, alumbrado y mobiliario urbano<\/p>\n","protected":false},"author":4,"featured_media":4827,"comment_status":"open","ping_status":"open","sticky":false,"template":"","format":"standard","meta":{"footnotes":""},"categories":[1],"tags":[],"class_list":["post-4825","post","type-post","status-publish","format-standard","has-post-thumbnail","hentry","category-sin-categoria"],"yoast_head":"<!-- This site is optimized with the Yoast SEO plugin v22.7 - https:\/\/yoast.com\/wordpress\/plugins\/seo\/ -->\n<title>El Ayuntamiento transformar\u00e1 el entorno del Barranco de Tenisca en un espacio para disfrutar al aire libre - Ayuntamiento de Los Llanos de Aridane<\/title>\n<meta name=\"robots\" content=\"index, follow, max-snippet:-1, max-image-preview:large, max-video-preview:-1\" \/>\n<link rel=\"canonical\" href=\"https:\/\/www.aridane.org\/city\/2025\/10\/28\/el-ayuntamiento-transformara-el-entorno-del-barranco-de-tenisca-en-un-espacio-para-disfrutar-al-aire-libre\/\" \/>\n<meta property=\"og:locale\" content=\"es_ES\" \/>\n<meta property=\"og:type\" content=\"article\" \/>\n<meta property=\"og:title\" content=\"El Ayuntamiento transformar\u00e1 el entorno del Barranco de Tenisca en un espacio para disfrutar al aire libre - Ayuntamiento de Los Llanos de Aridane\" \/>\n<meta property=\"og:description\" content=\"La obra, con una inversi\u00f3n de 437.628,40 euros y un plazo de ejecuci\u00f3n de nueve meses, incluye trabajos de mejora del pavimento, jardiner\u00eda, alumbrado y mobiliario urbano\" \/>\n<meta property=\"og:url\" content=\"https:\/\/www.aridane.org\/city\/2025\/10\/28\/el-ayuntamiento-transformara-el-entorno-del-barranco-de-tenisca-en-un-espacio-para-disfrutar-al-aire-libre\/\" \/>\n<meta property=\"og:site_name\" content=\"Ayuntamiento de Los Llanos de Aridane\" \/>\n<meta property=\"article:published_time\" content=\"2025-10-28T12:45:14+00:00\" \/>\n<meta property=\"og:image\" content=\"https:\/\/www.aridane.org\/city\/wp-content\/uploads\/2025\/10\/Javier-y-Macu-scaled.jpeg\" \/>\n\t<meta property=\"og:image:width\" content=\"2560\" \/>\n\t<meta property=\"og:image:height\" content=\"1919\" \/>\n\t<meta property=\"og:image:type\" content=\"image\/jpeg\" \/>\n<meta name=\"author\" content=\"Corresponsal\" \/>\n<meta name=\"twitter:card\" content=\"summary_large_image\" \/>\n<meta name=\"twitter:label1\" content=\"Escrito por\" \/>\n\t<meta name=\"twitter:data1\" content=\"Corresponsal\" \/>\n\t<meta name=\"twitter:label2\" content=\"Tiempo de lectura\" \/>\n\t<meta name=\"twitter:data2\" content=\"2 minutos\" \/>\n<script type=\"application\/ld+json\" class=\"yoast-schema-graph\">{\"@context\":\"https:\/\/schema.org\",\"@graph\":[{\"@type\":\"WebPage\",\"@id\":\"https:\/\/www.aridane.org\/city\/2025\/10\/28\/el-ayuntamiento-transformara-el-entorno-del-barranco-de-tenisca-en-un-espacio-para-disfrutar-al-aire-libre\/\",\"url\":\"https:\/\/www.aridane.org\/city\/2025\/10\/28\/el-ayuntamiento-transformara-el-entorno-del-barranco-de-tenisca-en-un-espacio-para-disfrutar-al-aire-libre\/\",\"name\":\"El Ayuntamiento transformar\u00e1 el entorno del Barranco de Tenisca en un espacio para disfrutar al aire libre - Ayuntamiento de Los Llanos de Aridane\",\"isPartOf\":{\"@id\":\"https:\/\/www.aridane.org\/city\/#website\"},\"primaryImageOfPage\":{\"@id\":\"https:\/\/www.aridane.org\/city\/2025\/10\/28\/el-ayuntamiento-transformara-el-entorno-del-barranco-de-tenisca-en-un-espacio-para-disfrutar-al-aire-libre\/#primaryimage\"},\"image\":{\"@id\":\"https:\/\/www.aridane.org\/city\/2025\/10\/28\/el-ayuntamiento-transformara-el-entorno-del-barranco-de-tenisca-en-un-espacio-para-disfrutar-al-aire-libre\/#primaryimage\"},\"thumbnailUrl\":\"https:\/\/www.aridane.org\/city\/wp-content\/uploads\/2025\/10\/Javier-y-Macu-scaled.jpeg\",\"datePublished\":\"2025-10-28T12:45:14+00:00\",\"dateModified\":\"2025-10-28T12:45:14+00:00\",\"author\":{\"@id\":\"https:\/\/www.aridane.org\/city\/#\/schema\/person\/89ebd376b223dc94cc1dbcf200c8e6da\"},\"breadcrumb\":{\"@id\":\"https:\/\/www.aridane.org\/city\/2025\/10\/28\/el-ayuntamiento-transformara-el-entorno-del-barranco-de-tenisca-en-un-espacio-para-disfrutar-al-aire-libre\/#breadcrumb\"},\"inLanguage\":\"es\",\"potentialAction\":[{\"@type\":\"ReadAction\",\"target\":[\"https:\/\/www.aridane.org\/city\/2025\/10\/28\/el-ayuntamiento-transformara-el-entorno-del-barranco-de-tenisca-en-un-espacio-para-disfrutar-al-aire-libre\/\"]}]},{\"@type\":\"ImageObject\",\"inLanguage\":\"es\",\"@id\":\"https:\/\/www.aridane.org\/city\/2025\/10\/28\/el-ayuntamiento-transformara-el-entorno-del-barranco-de-tenisca-en-un-espacio-para-disfrutar-al-aire-libre\/#primaryimage\",\"url\":\"https:\/\/www.aridane.org\/city\/wp-content\/uploads\/2025\/10\/Javier-y-Macu-scaled.jpeg\",\"contentUrl\":\"https:\/\/www.aridane.org\/city\/wp-content\/uploads\/2025\/10\/Javier-y-Macu-scaled.jpeg\",\"width\":2560,\"height\":1919},{\"@type\":\"BreadcrumbList\",\"@id\":\"https:\/\/www.aridane.org\/city\/2025\/10\/28\/el-ayuntamiento-transformara-el-entorno-del-barranco-de-tenisca-en-un-espacio-para-disfrutar-al-aire-libre\/#breadcrumb\",\"itemListElement\":[{\"@type\":\"ListItem\",\"position\":1,\"name\":\"Portada\",\"item\":\"https:\/\/www.aridane.org\/city\/\"},{\"@type\":\"ListItem\",\"position\":2,\"name\":\"El Ayuntamiento transformar\u00e1 el entorno del Barranco de Tenisca en un espacio para disfrutar al aire libre\"}]},{\"@type\":\"WebSite\",\"@id\":\"https:\/\/www.aridane.org\/city\/#website\",\"url\":\"https:\/\/www.aridane.org\/city\/\",\"name\":\"Ayuntamiento de Los Llanos de Aridane\",\"description\":\"\",\"potentialAction\":[{\"@type\":\"SearchAction\",\"target\":{\"@type\":\"EntryPoint\",\"urlTemplate\":\"https:\/\/www.aridane.org\/city\/?s={search_term_string}\"},\"query-input\":\"required name=search_term_string\"}],\"inLanguage\":\"es\"},{\"@type\":\"Person\",\"@id\":\"https:\/\/www.aridane.org\/city\/#\/schema\/person\/89ebd376b223dc94cc1dbcf200c8e6da\",\"name\":\"Corresponsal\",\"image\":{\"@type\":\"ImageObject\",\"inLanguage\":\"es\",\"@id\":\"https:\/\/www.aridane.org\/city\/#\/schema\/person\/image\/\",\"url\":\"https:\/\/secure.gravatar.com\/avatar\/1c476992411e4ccf153da63b2b2f5ea0bb4cb1c85f3ceab8512f04325ad5579c?s=96&d=mm&r=g\",\"contentUrl\":\"https:\/\/secure.gravatar.com\/avatar\/1c476992411e4ccf153da63b2b2f5ea0bb4cb1c85f3ceab8512f04325ad5579c?s=96&d=mm&r=g\",\"caption\":\"Corresponsal\"},\"url\":\"https:\/\/www.aridane.org\/city\/author\/corresponsal\/\"}]}<\/script>\n<!-- \/ Yoast SEO plugin. -->","yoast_head_json":{"title":"El Ayuntamiento transformar\u00e1 el entorno del Barranco de Tenisca en un espacio para disfrutar al aire libre - Ayuntamiento de Los Llanos de Aridane","robots":{"index":"index","follow":"follow","max-snippet":"max-snippet:-1","max-image-preview":"max-image-preview:large","max-video-preview":"max-video-preview:-1"},"canonical":"https:\/\/www.aridane.org\/city\/2025\/10\/28\/el-ayuntamiento-transformara-el-entorno-del-barranco-de-tenisca-en-un-espacio-para-disfrutar-al-aire-libre\/","og_locale":"es_ES","og_type":"article","og_title":"El Ayuntamiento transformar\u00e1 el entorno del Barranco de Tenisca en un espacio para disfrutar al aire libre - Ayuntamiento de Los Llanos de Aridane","og_description":"La obra, con una inversi\u00f3n de 437.628,40 euros y un plazo de ejecuci\u00f3n de nueve meses, incluye trabajos de mejora del pavimento, jardiner\u00eda, alumbrado y mobiliario urbano","og_url":"https:\/\/www.aridane.org\/city\/2025\/10\/28\/el-ayuntamiento-transformara-el-entorno-del-barranco-de-tenisca-en-un-espacio-para-disfrutar-al-aire-libre\/","og_site_name":"Ayuntamiento de Los Llanos de Aridane","article_published_time":"2025-10-28T12:45:14+00:00","og_image":[{"width":2560,"height":1919,"url":"https:\/\/www.aridane.org\/city\/wp-content\/uploads\/2025\/10\/Javier-y-Macu-scaled.jpeg","type":"image\/jpeg"}],"author":"Corresponsal","twitter_card":"summary_large_image","twitter_misc":{"Escrito por":"Corresponsal","Tiempo de lectura":"2 minutos"},"schema":{"@context":"https:\/\/schema.org","@graph":[{"@type":"WebPage","@id":"https:\/\/www.aridane.org\/city\/2025\/10\/28\/el-ayuntamiento-transformara-el-entorno-del-barranco-de-tenisca-en-un-espacio-para-disfrutar-al-aire-libre\/","url":"https:\/\/www.aridane.org\/city\/2025\/10\/28\/el-ayuntamiento-transformara-el-entorno-del-barranco-de-tenisca-en-un-espacio-para-disfrutar-al-aire-libre\/","name":"El Ayuntamiento transformar\u00e1 el entorno del Barranco de Tenisca en un espacio para disfrutar al aire libre - Ayuntamiento de Los Llanos de Aridane","isPartOf":{"@id":"https:\/\/www.aridane.org\/city\/#website"},"primaryImageOfPage":{"@id":"https:\/\/www.aridane.org\/city\/2025\/10\/28\/el-ayuntamiento-transformara-el-entorno-del-barranco-de-tenisca-en-un-espacio-para-disfrutar-al-aire-libre\/#primaryimage"},"image":{"@id":"https:\/\/www.aridane.org\/city\/2025\/10\/28\/el-ayuntamiento-transformara-el-entorno-del-barranco-de-tenisca-en-un-espacio-para-disfrutar-al-aire-libre\/#primaryimage"},"thumbnailUrl":"https:\/\/www.aridane.org\/city\/wp-content\/uploads\/2025\/10\/Javier-y-Macu-scaled.jpeg","datePublished":"2025-10-28T12:45:14+00:00","dateModified":"2025-10-28T12:45:14+00:00","author":{"@id":"https:\/\/www.aridane.org\/city\/#\/schema\/person\/89ebd376b223dc94cc1dbcf200c8e6da"},"breadcrumb":{"@id":"https:\/\/www.aridane.org\/city\/2025\/10\/28\/el-ayuntamiento-transformara-el-entorno-del-barranco-de-tenisca-en-un-espacio-para-disfrutar-al-aire-libre\/#breadcrumb"},"inLanguage":"es","potentialAction":[{"@type":"ReadAction","target":["https:\/\/www.aridane.org\/city\/2025\/10\/28\/el-ayuntamiento-transformara-el-entorno-del-barranco-de-tenisca-en-un-espacio-para-disfrutar-al-aire-libre\/"]}]},{"@type":"ImageObject","inLanguage":"es","@id":"https:\/\/www.aridane.org\/city\/2025\/10\/28\/el-ayuntamiento-transformara-el-entorno-del-barranco-de-tenisca-en-un-espacio-para-disfrutar-al-aire-libre\/#primaryimage","url":"https:\/\/www.aridane.org\/city\/wp-content\/uploads\/2025\/10\/Javier-y-Macu-scaled.jpeg","contentUrl":"https:\/\/www.aridane.org\/city\/wp-content\/uploads\/2025\/10\/Javier-y-Macu-scaled.jpeg","width":2560,"height":1919},{"@type":"BreadcrumbList","@id":"https:\/\/www.aridane.org\/city\/2025\/10\/28\/el-ayuntamiento-transformara-el-entorno-del-barranco-de-tenisca-en-un-espacio-para-disfrutar-al-aire-libre\/#breadcrumb","itemListElement":[{"@type":"ListItem","position":1,"name":"Portada","item":"https:\/\/www.aridane.org\/city\/"},{"@type":"ListItem","position":2,"name":"El Ayuntamiento transformar\u00e1 el entorno del Barranco de Tenisca en un espacio para disfrutar al aire libre"}]},{"@type":"WebSite","@id":"https:\/\/www.aridane.org\/city\/#website","url":"https:\/\/www.aridane.org\/city\/","name":"Ayuntamiento de Los Llanos de Aridane","description":"","potentialAction":[{"@type":"SearchAction","target":{"@type":"EntryPoint","urlTemplate":"https:\/\/www.aridane.org\/city\/?s={search_term_string}"},"query-input":"required name=search_term_string"}],"inLanguage":"es"},{"@type":"Person","@id":"https:\/\/www.aridane.org\/city\/#\/schema\/person\/89ebd376b223dc94cc1dbcf200c8e6da","name":"Corresponsal","image":{"@type":"ImageObject","inLanguage":"es","@id":"https:\/\/www.aridane.org\/city\/#\/schema\/person\/image\/","url":"https:\/\/secure.gravatar.com\/avatar\/1c476992411e4ccf153da63b2b2f5ea0bb4cb1c85f3ceab8512f04325ad5579c?s=96&d=mm&r=g","contentUrl":"https:\/\/secure.gravatar.com\/avatar\/1c476992411e4ccf153da63b2b2f5ea0bb4cb1c85f3ceab8512f04325ad5579c?s=96&d=mm&r=g","caption":"Corresponsal"},"url":"https:\/\/www.aridane.org\/city\/author\/corresponsal\/"}]}},"_links":{"self":[{"href":"https:\/\/www.aridane.org\/city\/wp-json\/wp\/v2\/posts\/4825","targetHints":{"allow":["GET"]}}],"collection":[{"href":"https:\/\/www.aridane.org\/city\/wp-json\/wp\/v2\/posts"}],"about":[{"href":"https:\/\/www.aridane.org\/city\/wp-json\/wp\/v2\/types\/post"}],"author":[{"embeddable":true,"href":"https:\/\/www.aridane.org\/city\/wp-json\/wp\/v2\/users\/4"}],"replies":[{"embeddable":true,"href":"https:\/\/www.aridane.org\/city\/wp-json\/wp\/v2\/comments?post=4825"}],"version-history":[{"count":1,"href":"https:\/\/www.aridane.org\/city\/wp-json\/wp\/v2\/posts\/4825\/revisions"}],"predecessor-version":[{"id":4828,"href":"https:\/\/www.aridane.org\/city\/wp-json\/wp\/v2\/posts\/4825\/revisions\/4828"}],"wp:featuredmedia":[{"embeddable":true,"href":"https:\/\/www.aridane.org\/city\/wp-json\/wp\/v2\/media\/4827"}],"wp:attachment":[{"href":"https:\/\/www.aridane.org\/city\/wp-json\/wp\/v2\/media?parent=4825"}],"wp:term":[{"taxonomy":"category","embeddable":true,"href":"https:\/\/www.aridane.org\/city\/wp-json\/wp\/v2\/categories?post=4825"},{"taxonomy":"post_tag","embeddable":true,"href":"https:\/\/www.aridane.org\/city\/wp-json\/wp\/v2\/tags?post=4825"}],"curies":[{"name":"wp","href":"https:\/\/api.w.org\/{rel}","templated":true}]}}