{"id":4829,"date":"2025-10-27T10:18:08","date_gmt":"2025-10-27T10:18:08","guid":{"rendered":"https:\/\/www.aridane.org\/city\/?p=4829"},"modified":"2025-10-29T10:19:38","modified_gmt":"2025-10-29T10:19:38","slug":"el-ayuntamiento-de-los-llanos-de-aridane-organiza-en-noviembre-un-taller-literario-con-julieta-martin-fuentes","status":"publish","type":"post","link":"https:\/\/www.aridane.org\/city\/2025\/10\/27\/el-ayuntamiento-de-los-llanos-de-aridane-organiza-en-noviembre-un-taller-literario-con-julieta-martin-fuentes\/","title":{"rendered":"El Ayuntamiento de Los Llanos de Aridane organiza en noviembre un taller literario con Julieta Mart\u00edn Fuentes"},"content":{"rendered":"<p><i><span style=\"font-weight: 400;\">El curso incluir\u00e1 un programa intensivo de 18 horas lectivas centrado en las t\u00e9cnicas narrativas y la construcci\u00f3n de historias con estructura, personajes y subtexto<\/span><\/i><!--more--><\/p>\n<p><span style=\"font-weight: 400;\">El Ayuntamiento de Los Llanos de Aridane organiza el taller literario \u2018Escribir es Vivir M\u00e1s\u2019. A partir del lunes 3 de noviembre, arranca una propuesta dirigida a todas las personas amantes de la literatura y la escritura creativa.\u00a0<\/span><\/p>\n<p><span style=\"font-weight: 400;\">El curso, impartido por la escritora Julieta Mart\u00edn Fuentes, se celebrar\u00e1 en la Biblioteca P\u00fablica Municipal Mar\u00eda Nieves P\u00e9rez Acosta e incluir\u00e1 un programa intensivo de 18 horas lectivas centrado en las t\u00e9cnicas narrativas y la construcci\u00f3n de historias con estructura, personajes y subtexto.<\/span><\/p>\n<p><span style=\"font-weight: 400;\">La concejala de Cultura, Marlene Gonz\u00e1lez Almeida, destaca que esta iniciativa \u201cpretende acercar la literatura a la ciudadan\u00eda como una forma de vida, de emoci\u00f3n y de comprensi\u00f3n\u201d. \u201cQueremos tener historias en Los Llanos de Aridane que nos ayuden a vivir m\u00e1s, a re\u00edr y a llorar, porque eso nos acerca las unas a las otras\u201d, a\u00f1ade.<\/span><\/p>\n<p><span style=\"font-weight: 400;\">Mart\u00edn Fuentes, autora de obras como <\/span><i><span style=\"font-weight: 400;\">Lolita Pasi\u00f3n<\/span><\/i><span style=\"font-weight: 400;\">, <\/span><i><span style=\"font-weight: 400;\">El coraz\u00f3n de D\u00e9bora<\/span><\/i><span style=\"font-weight: 400;\"> o <\/span><i><span style=\"font-weight: 400;\">Tormenta Garc\u00eda<\/span><\/i><span style=\"font-weight: 400;\">, explica que el objetivo es \u201caprender a contar historias que alegren la vida a quien las escribe y a quien las lee, porque la vida se comprende mejor con perspectiva\u201d.<\/span><\/p>\n<p><span style=\"font-weight: 400;\">La inscripci\u00f3n para participar en el taller permanecer\u00e1 abierta hasta el viernes, 31 de octubre, a trav\u00e9s del correo biblioteca@aridane.org, indicando nombre, apellidos y tel\u00e9fono de contacto. El n\u00famero de plazas es limitado a quince personas, y se habilitar\u00e1 una lista de reserva.<\/span><\/p>\n<p><span style=\"font-weight: 400;\">Como cierre del taller, la Biblioteca Municipal celebrar\u00e1 por primera vez una Exposici\u00f3n Literaria con los textos creados durante las sesiones. Los relatos se presentar\u00e1n y leer\u00e1n p\u00fablicamente el lunes, 29 de diciembre, a las 19:30 horas, en la Casa de la Cultura, en un encuentro que, en palabras de la concejala, \u201cser\u00e1 una fiesta en nombre de la cultura, la literatura y la vida\u201d.<\/span><\/p>\n<p><span style=\"font-weight: 400;\">Seg\u00fan Mart\u00edn Fuentes, el taller busca \u201cdespertar la voz propia de quien escribe\u201d y ofrecer herramientas para convertir las vivencias y emociones personales en textos literarios. \u201cEscribir es una aventura que se aprende leyendo y caminando con las palabras. La cultura nos une y nos permite vivir m\u00e1s\u201d, afirma.<\/span><\/p>\n","protected":false},"excerpt":{"rendered":"<p>El curso incluir\u00e1 un programa intensivo de 18 horas lectivas centrado en las t\u00e9cnicas narrativas y la construcci\u00f3n de historias con estructura, personajes y subtexto<\/p>\n","protected":false},"author":4,"featured_media":4830,"comment_status":"open","ping_status":"open","sticky":false,"template":"","format":"standard","meta":{"footnotes":""},"categories":[1],"tags":[],"class_list":["post-4829","post","type-post","status-publish","format-standard","has-post-thumbnail","hentry","category-sin-categoria"],"yoast_head":"<!-- This site is optimized with the Yoast SEO plugin v22.7 - https:\/\/yoast.com\/wordpress\/plugins\/seo\/ -->\n<title>El Ayuntamiento de Los Llanos de Aridane organiza en noviembre un taller literario con Julieta Mart\u00edn Fuentes - Ayuntamiento de Los Llanos de Aridane<\/title>\n<meta name=\"robots\" content=\"index, follow, max-snippet:-1, max-image-preview:large, max-video-preview:-1\" \/>\n<link rel=\"canonical\" href=\"https:\/\/www.aridane.org\/city\/2025\/10\/27\/el-ayuntamiento-de-los-llanos-de-aridane-organiza-en-noviembre-un-taller-literario-con-julieta-martin-fuentes\/\" \/>\n<meta property=\"og:locale\" content=\"es_ES\" \/>\n<meta property=\"og:type\" content=\"article\" \/>\n<meta property=\"og:title\" content=\"El Ayuntamiento de Los Llanos de Aridane organiza en noviembre un taller literario con Julieta Mart\u00edn Fuentes - Ayuntamiento de Los Llanos de Aridane\" \/>\n<meta property=\"og:description\" content=\"El curso incluir\u00e1 un programa intensivo de 18 horas lectivas centrado en las t\u00e9cnicas narrativas y la construcci\u00f3n de historias con estructura, personajes y subtexto\" \/>\n<meta property=\"og:url\" content=\"https:\/\/www.aridane.org\/city\/2025\/10\/27\/el-ayuntamiento-de-los-llanos-de-aridane-organiza-en-noviembre-un-taller-literario-con-julieta-martin-fuentes\/\" \/>\n<meta property=\"og:site_name\" content=\"Ayuntamiento de Los Llanos de Aridane\" \/>\n<meta property=\"article:published_time\" content=\"2025-10-27T10:18:08+00:00\" \/>\n<meta property=\"article:modified_time\" content=\"2025-10-29T10:19:38+00:00\" \/>\n<meta property=\"og:image\" content=\"https:\/\/www.aridane.org\/city\/wp-content\/uploads\/2025\/10\/Julieta-Martin-Fuentes.jpeg\" \/>\n\t<meta property=\"og:image:width\" content=\"1513\" \/>\n\t<meta property=\"og:image:height\" content=\"2015\" \/>\n\t<meta property=\"og:image:type\" content=\"image\/jpeg\" \/>\n<meta name=\"author\" content=\"Corresponsal\" \/>\n<meta name=\"twitter:card\" content=\"summary_large_image\" \/>\n<meta name=\"twitter:label1\" content=\"Escrito por\" \/>\n\t<meta name=\"twitter:data1\" content=\"Corresponsal\" \/>\n\t<meta name=\"twitter:label2\" content=\"Tiempo de lectura\" \/>\n\t<meta name=\"twitter:data2\" content=\"2 minutos\" \/>\n<script type=\"application\/ld+json\" class=\"yoast-schema-graph\">{\"@context\":\"https:\/\/schema.org\",\"@graph\":[{\"@type\":\"WebPage\",\"@id\":\"https:\/\/www.aridane.org\/city\/2025\/10\/27\/el-ayuntamiento-de-los-llanos-de-aridane-organiza-en-noviembre-un-taller-literario-con-julieta-martin-fuentes\/\",\"url\":\"https:\/\/www.aridane.org\/city\/2025\/10\/27\/el-ayuntamiento-de-los-llanos-de-aridane-organiza-en-noviembre-un-taller-literario-con-julieta-martin-fuentes\/\",\"name\":\"El Ayuntamiento de Los Llanos de Aridane organiza en noviembre un taller literario con Julieta Mart\u00edn Fuentes - Ayuntamiento de Los Llanos de Aridane\",\"isPartOf\":{\"@id\":\"https:\/\/www.aridane.org\/city\/#website\"},\"primaryImageOfPage\":{\"@id\":\"https:\/\/www.aridane.org\/city\/2025\/10\/27\/el-ayuntamiento-de-los-llanos-de-aridane-organiza-en-noviembre-un-taller-literario-con-julieta-martin-fuentes\/#primaryimage\"},\"image\":{\"@id\":\"https:\/\/www.aridane.org\/city\/2025\/10\/27\/el-ayuntamiento-de-los-llanos-de-aridane-organiza-en-noviembre-un-taller-literario-con-julieta-martin-fuentes\/#primaryimage\"},\"thumbnailUrl\":\"https:\/\/www.aridane.org\/city\/wp-content\/uploads\/2025\/10\/Julieta-Martin-Fuentes.jpeg\",\"datePublished\":\"2025-10-27T10:18:08+00:00\",\"dateModified\":\"2025-10-29T10:19:38+00:00\",\"author\":{\"@id\":\"https:\/\/www.aridane.org\/city\/#\/schema\/person\/89ebd376b223dc94cc1dbcf200c8e6da\"},\"breadcrumb\":{\"@id\":\"https:\/\/www.aridane.org\/city\/2025\/10\/27\/el-ayuntamiento-de-los-llanos-de-aridane-organiza-en-noviembre-un-taller-literario-con-julieta-martin-fuentes\/#breadcrumb\"},\"inLanguage\":\"es\",\"potentialAction\":[{\"@type\":\"ReadAction\",\"target\":[\"https:\/\/www.aridane.org\/city\/2025\/10\/27\/el-ayuntamiento-de-los-llanos-de-aridane-organiza-en-noviembre-un-taller-literario-con-julieta-martin-fuentes\/\"]}]},{\"@type\":\"ImageObject\",\"inLanguage\":\"es\",\"@id\":\"https:\/\/www.aridane.org\/city\/2025\/10\/27\/el-ayuntamiento-de-los-llanos-de-aridane-organiza-en-noviembre-un-taller-literario-con-julieta-martin-fuentes\/#primaryimage\",\"url\":\"https:\/\/www.aridane.org\/city\/wp-content\/uploads\/2025\/10\/Julieta-Martin-Fuentes.jpeg\",\"contentUrl\":\"https:\/\/www.aridane.org\/city\/wp-content\/uploads\/2025\/10\/Julieta-Martin-Fuentes.jpeg\",\"width\":1513,\"height\":2015},{\"@type\":\"BreadcrumbList\",\"@id\":\"https:\/\/www.aridane.org\/city\/2025\/10\/27\/el-ayuntamiento-de-los-llanos-de-aridane-organiza-en-noviembre-un-taller-literario-con-julieta-martin-fuentes\/#breadcrumb\",\"itemListElement\":[{\"@type\":\"ListItem\",\"position\":1,\"name\":\"Portada\",\"item\":\"https:\/\/www.aridane.org\/city\/\"},{\"@type\":\"ListItem\",\"position\":2,\"name\":\"El Ayuntamiento de Los Llanos de Aridane organiza en noviembre un taller literario con Julieta Mart\u00edn Fuentes\"}]},{\"@type\":\"WebSite\",\"@id\":\"https:\/\/www.aridane.org\/city\/#website\",\"url\":\"https:\/\/www.aridane.org\/city\/\",\"name\":\"Ayuntamiento de Los Llanos de Aridane\",\"description\":\"\",\"potentialAction\":[{\"@type\":\"SearchAction\",\"target\":{\"@type\":\"EntryPoint\",\"urlTemplate\":\"https:\/\/www.aridane.org\/city\/?s={search_term_string}\"},\"query-input\":\"required name=search_term_string\"}],\"inLanguage\":\"es\"},{\"@type\":\"Person\",\"@id\":\"https:\/\/www.aridane.org\/city\/#\/schema\/person\/89ebd376b223dc94cc1dbcf200c8e6da\",\"name\":\"Corresponsal\",\"image\":{\"@type\":\"ImageObject\",\"inLanguage\":\"es\",\"@id\":\"https:\/\/www.aridane.org\/city\/#\/schema\/person\/image\/\",\"url\":\"https:\/\/secure.gravatar.com\/avatar\/1c476992411e4ccf153da63b2b2f5ea0bb4cb1c85f3ceab8512f04325ad5579c?s=96&d=mm&r=g\",\"contentUrl\":\"https:\/\/secure.gravatar.com\/avatar\/1c476992411e4ccf153da63b2b2f5ea0bb4cb1c85f3ceab8512f04325ad5579c?s=96&d=mm&r=g\",\"caption\":\"Corresponsal\"},\"url\":\"https:\/\/www.aridane.org\/city\/author\/corresponsal\/\"}]}<\/script>\n<!-- \/ Yoast SEO plugin. -->","yoast_head_json":{"title":"El Ayuntamiento de Los Llanos de Aridane organiza en noviembre un taller literario con Julieta Mart\u00edn Fuentes - Ayuntamiento de Los Llanos de Aridane","robots":{"index":"index","follow":"follow","max-snippet":"max-snippet:-1","max-image-preview":"max-image-preview:large","max-video-preview":"max-video-preview:-1"},"canonical":"https:\/\/www.aridane.org\/city\/2025\/10\/27\/el-ayuntamiento-de-los-llanos-de-aridane-organiza-en-noviembre-un-taller-literario-con-julieta-martin-fuentes\/","og_locale":"es_ES","og_type":"article","og_title":"El Ayuntamiento de Los Llanos de Aridane organiza en noviembre un taller literario con Julieta Mart\u00edn Fuentes - Ayuntamiento de Los Llanos de Aridane","og_description":"El curso incluir\u00e1 un programa intensivo de 18 horas lectivas centrado en las t\u00e9cnicas narrativas y la construcci\u00f3n de historias con estructura, personajes y subtexto","og_url":"https:\/\/www.aridane.org\/city\/2025\/10\/27\/el-ayuntamiento-de-los-llanos-de-aridane-organiza-en-noviembre-un-taller-literario-con-julieta-martin-fuentes\/","og_site_name":"Ayuntamiento de Los Llanos de Aridane","article_published_time":"2025-10-27T10:18:08+00:00","article_modified_time":"2025-10-29T10:19:38+00:00","og_image":[{"width":1513,"height":2015,"url":"https:\/\/www.aridane.org\/city\/wp-content\/uploads\/2025\/10\/Julieta-Martin-Fuentes.jpeg","type":"image\/jpeg"}],"author":"Corresponsal","twitter_card":"summary_large_image","twitter_misc":{"Escrito por":"Corresponsal","Tiempo de lectura":"2 minutos"},"schema":{"@context":"https:\/\/schema.org","@graph":[{"@type":"WebPage","@id":"https:\/\/www.aridane.org\/city\/2025\/10\/27\/el-ayuntamiento-de-los-llanos-de-aridane-organiza-en-noviembre-un-taller-literario-con-julieta-martin-fuentes\/","url":"https:\/\/www.aridane.org\/city\/2025\/10\/27\/el-ayuntamiento-de-los-llanos-de-aridane-organiza-en-noviembre-un-taller-literario-con-julieta-martin-fuentes\/","name":"El Ayuntamiento de Los Llanos de Aridane organiza en noviembre un taller literario con Julieta Mart\u00edn Fuentes - Ayuntamiento de Los Llanos de Aridane","isPartOf":{"@id":"https:\/\/www.aridane.org\/city\/#website"},"primaryImageOfPage":{"@id":"https:\/\/www.aridane.org\/city\/2025\/10\/27\/el-ayuntamiento-de-los-llanos-de-aridane-organiza-en-noviembre-un-taller-literario-con-julieta-martin-fuentes\/#primaryimage"},"image":{"@id":"https:\/\/www.aridane.org\/city\/2025\/10\/27\/el-ayuntamiento-de-los-llanos-de-aridane-organiza-en-noviembre-un-taller-literario-con-julieta-martin-fuentes\/#primaryimage"},"thumbnailUrl":"https:\/\/www.aridane.org\/city\/wp-content\/uploads\/2025\/10\/Julieta-Martin-Fuentes.jpeg","datePublished":"2025-10-27T10:18:08+00:00","dateModified":"2025-10-29T10:19:38+00:00","author":{"@id":"https:\/\/www.aridane.org\/city\/#\/schema\/person\/89ebd376b223dc94cc1dbcf200c8e6da"},"breadcrumb":{"@id":"https:\/\/www.aridane.org\/city\/2025\/10\/27\/el-ayuntamiento-de-los-llanos-de-aridane-organiza-en-noviembre-un-taller-literario-con-julieta-martin-fuentes\/#breadcrumb"},"inLanguage":"es","potentialAction":[{"@type":"ReadAction","target":["https:\/\/www.aridane.org\/city\/2025\/10\/27\/el-ayuntamiento-de-los-llanos-de-aridane-organiza-en-noviembre-un-taller-literario-con-julieta-martin-fuentes\/"]}]},{"@type":"ImageObject","inLanguage":"es","@id":"https:\/\/www.aridane.org\/city\/2025\/10\/27\/el-ayuntamiento-de-los-llanos-de-aridane-organiza-en-noviembre-un-taller-literario-con-julieta-martin-fuentes\/#primaryimage","url":"https:\/\/www.aridane.org\/city\/wp-content\/uploads\/2025\/10\/Julieta-Martin-Fuentes.jpeg","contentUrl":"https:\/\/www.aridane.org\/city\/wp-content\/uploads\/2025\/10\/Julieta-Martin-Fuentes.jpeg","width":1513,"height":2015},{"@type":"BreadcrumbList","@id":"https:\/\/www.aridane.org\/city\/2025\/10\/27\/el-ayuntamiento-de-los-llanos-de-aridane-organiza-en-noviembre-un-taller-literario-con-julieta-martin-fuentes\/#breadcrumb","itemListElement":[{"@type":"ListItem","position":1,"name":"Portada","item":"https:\/\/www.aridane.org\/city\/"},{"@type":"ListItem","position":2,"name":"El Ayuntamiento de Los Llanos de Aridane organiza en noviembre un taller literario con Julieta Mart\u00edn Fuentes"}]},{"@type":"WebSite","@id":"https:\/\/www.aridane.org\/city\/#website","url":"https:\/\/www.aridane.org\/city\/","name":"Ayuntamiento de Los Llanos de Aridane","description":"","potentialAction":[{"@type":"SearchAction","target":{"@type":"EntryPoint","urlTemplate":"https:\/\/www.aridane.org\/city\/?s={search_term_string}"},"query-input":"required name=search_term_string"}],"inLanguage":"es"},{"@type":"Person","@id":"https:\/\/www.aridane.org\/city\/#\/schema\/person\/89ebd376b223dc94cc1dbcf200c8e6da","name":"Corresponsal","image":{"@type":"ImageObject","inLanguage":"es","@id":"https:\/\/www.aridane.org\/city\/#\/schema\/person\/image\/","url":"https:\/\/secure.gravatar.com\/avatar\/1c476992411e4ccf153da63b2b2f5ea0bb4cb1c85f3ceab8512f04325ad5579c?s=96&d=mm&r=g","contentUrl":"https:\/\/secure.gravatar.com\/avatar\/1c476992411e4ccf153da63b2b2f5ea0bb4cb1c85f3ceab8512f04325ad5579c?s=96&d=mm&r=g","caption":"Corresponsal"},"url":"https:\/\/www.aridane.org\/city\/author\/corresponsal\/"}]}},"_links":{"self":[{"href":"https:\/\/www.aridane.org\/city\/wp-json\/wp\/v2\/posts\/4829","targetHints":{"allow":["GET"]}}],"collection":[{"href":"https:\/\/www.aridane.org\/city\/wp-json\/wp\/v2\/posts"}],"about":[{"href":"https:\/\/www.aridane.org\/city\/wp-json\/wp\/v2\/types\/post"}],"author":[{"embeddable":true,"href":"https:\/\/www.aridane.org\/city\/wp-json\/wp\/v2\/users\/4"}],"replies":[{"embeddable":true,"href":"https:\/\/www.aridane.org\/city\/wp-json\/wp\/v2\/comments?post=4829"}],"version-history":[{"count":1,"href":"https:\/\/www.aridane.org\/city\/wp-json\/wp\/v2\/posts\/4829\/revisions"}],"predecessor-version":[{"id":4831,"href":"https:\/\/www.aridane.org\/city\/wp-json\/wp\/v2\/posts\/4829\/revisions\/4831"}],"wp:featuredmedia":[{"embeddable":true,"href":"https:\/\/www.aridane.org\/city\/wp-json\/wp\/v2\/media\/4830"}],"wp:attachment":[{"href":"https:\/\/www.aridane.org\/city\/wp-json\/wp\/v2\/media?parent=4829"}],"wp:term":[{"taxonomy":"category","embeddable":true,"href":"https:\/\/www.aridane.org\/city\/wp-json\/wp\/v2\/categories?post=4829"},{"taxonomy":"post_tag","embeddable":true,"href":"https:\/\/www.aridane.org\/city\/wp-json\/wp\/v2\/tags?post=4829"}],"curies":[{"name":"wp","href":"https:\/\/api.w.org\/{rel}","templated":true}]}}