{"id":4833,"date":"2025-10-29T10:40:56","date_gmt":"2025-10-29T10:40:56","guid":{"rendered":"https:\/\/www.aridane.org\/city\/?p=4833"},"modified":"2025-10-30T09:27:37","modified_gmt":"2025-10-30T09:27:37","slug":"el-ayuntamiento-anima-el-centro-de-los-llanos-en-halloween-con-actividades-para-toda-la-familia","status":"publish","type":"post","link":"https:\/\/www.aridane.org\/city\/2025\/10\/29\/el-ayuntamiento-anima-el-centro-de-los-llanos-en-halloween-con-actividades-para-toda-la-familia\/","title":{"rendered":"El Ayuntamiento anima el centro de Los Llanos en Halloween con actividades para toda la familia"},"content":{"rendered":"<p><i><span style=\"font-weight: 400;\">Habr\u00e1 pintacaras en la plaza del Calvario y un pasacalles que comenzar\u00e1 en La Fuente para recorrer el centro, mientras que la plaza Juan Pablo II tendr\u00e1 actividades para la juventud<\/span><\/i><!--more--><\/p>\n<p><span style=\"font-weight: 400;\">El Ayuntamiento de Los Llanos de Aridane celebra este viernes, 31 de octubre, una jornada especial de Halloween con propuestas impulsadas desde las \u00e1reas de Comercio y Juventud, pensadas para dinamizar el municipio y ofrecer alternativas de ocio tanto a familias como a j\u00f3venes.<\/span><\/p>\n<p><span style=\"font-weight: 400;\">Desde el \u00e1rea de Comercio y Desarrollo Local, en colaboraci\u00f3n con la Zona Comercial Abierta (ZCA), se organiza un programa que comenzar\u00e1 a las 17:00 horas en la plaza del Calvario con un taller infantil tem\u00e1tico. A las 18:00 horas, las calles del municipio se llenar\u00e1n de color, disfraces y m\u00fasica con el pasacalles de Halloween, que partir\u00e1 desde La Fuente y recorrer\u00e1 el centro invitando a vecinos y visitantes a sumarse a la celebraci\u00f3n.<\/span><\/p>\n<p><span style=\"font-weight: 400;\">Por su parte, y enfocado al p\u00fablico joven, el \u00e1rea de Juventud impulsa la actividad Halloween Aridane. Desde las 17:00 horas, la plaza Juan Pablo II estar\u00e1 dedicado especialmente al p\u00fablico joven, con talleres de DJ, pintacaras, colchonetas hinchables, toro mec\u00e1nico, f\u00fatbol humano, freestyle con pelea de gallos, speaker DMR, animaci\u00f3n infantil y las actuaciones de los DJs Yardy y Aguiloche.<\/span><\/p>\n<h2><b>Una jornada especial<\/b><\/h2>\n<p><span style=\"font-weight: 400;\">La concejala de Comercio y Desarrollo Local, Ver\u00f3nica Gonz\u00e1lez, explica que esta propuesta busca \u201cno solo ofrecer una alternativa de ocio familiar, sino tambi\u00e9n favorecer el movimiento y apoyar a los establecimientos de la zona comercial en una jornada que atrae a muchas personas al centro del municipio\u201d. Sostiene que la puesta en marcha de este tipo de iniciativas \u201ces la mejor f\u00f3rmula para fortalecer el tejido econ\u00f3mico local con actividades que animan nuestras calles\u201d.<\/span><\/p>\n<p><span style=\"font-weight: 400;\">En este sentido, el concejal de Juventud, Eduardo P\u00e9rez, destaca que la iniciativa \u201ccombina ocio saludable, m\u00fasica y participaci\u00f3n juvenil en un entorno seguro y abierto\u201d, y valora la coordinaci\u00f3n entre \u00e1reas municipales \u201cpara ofrecer una programaci\u00f3n completa, diversa y pensada para distintos p\u00fablicos en una fecha tan especial\u201d.<\/span><\/p>\n<p><span style=\"font-weight: 400;\">Desde el Ayuntamiento se sigue apostando por propuestas que combinan diversi\u00f3n, participaci\u00f3n ciudadana y apoyo al comercio. <\/span><\/p>\n","protected":false},"excerpt":{"rendered":"<p>Habr\u00e1 pintacaras en la plaza del Calvario y un pasacalles que comenzar\u00e1 en La Fuente para recorrer el centro, mientras que la plaza Juan Pablo II tendr\u00e1 actividades para la juventud<\/p>\n","protected":false},"author":4,"featured_media":4834,"comment_status":"open","ping_status":"open","sticky":false,"template":"","format":"standard","meta":{"footnotes":""},"categories":[1],"tags":[],"class_list":["post-4833","post","type-post","status-publish","format-standard","has-post-thumbnail","hentry","category-sin-categoria"],"yoast_head":"<!-- This site is optimized with the Yoast SEO plugin v22.7 - https:\/\/yoast.com\/wordpress\/plugins\/seo\/ -->\n<title>El Ayuntamiento anima el centro de Los Llanos en Halloween con actividades para toda la familia - Ayuntamiento de Los Llanos de Aridane<\/title>\n<meta name=\"robots\" content=\"index, follow, max-snippet:-1, max-image-preview:large, max-video-preview:-1\" \/>\n<link rel=\"canonical\" href=\"https:\/\/www.aridane.org\/city\/2025\/10\/29\/el-ayuntamiento-anima-el-centro-de-los-llanos-en-halloween-con-actividades-para-toda-la-familia\/\" \/>\n<meta property=\"og:locale\" content=\"es_ES\" \/>\n<meta property=\"og:type\" content=\"article\" \/>\n<meta property=\"og:title\" content=\"El Ayuntamiento anima el centro de Los Llanos en Halloween con actividades para toda la familia - Ayuntamiento de Los Llanos de Aridane\" \/>\n<meta property=\"og:description\" content=\"Habr\u00e1 pintacaras en la plaza del Calvario y un pasacalles que comenzar\u00e1 en La Fuente para recorrer el centro, mientras que la plaza Juan Pablo II tendr\u00e1 actividades para la juventud\" \/>\n<meta property=\"og:url\" content=\"https:\/\/www.aridane.org\/city\/2025\/10\/29\/el-ayuntamiento-anima-el-centro-de-los-llanos-en-halloween-con-actividades-para-toda-la-familia\/\" \/>\n<meta property=\"og:site_name\" content=\"Ayuntamiento de Los Llanos de Aridane\" \/>\n<meta property=\"article:published_time\" content=\"2025-10-29T10:40:56+00:00\" \/>\n<meta property=\"article:modified_time\" content=\"2025-10-30T09:27:37+00:00\" \/>\n<meta property=\"og:image\" content=\"https:\/\/www.aridane.org\/city\/wp-content\/uploads\/2025\/10\/Halloween-en-Los-Llanos-de-Aridane-scaled.jpeg\" \/>\n\t<meta property=\"og:image:width\" content=\"2560\" \/>\n\t<meta property=\"og:image:height\" content=\"1920\" \/>\n\t<meta property=\"og:image:type\" content=\"image\/jpeg\" \/>\n<meta name=\"author\" content=\"Corresponsal\" \/>\n<meta name=\"twitter:card\" content=\"summary_large_image\" \/>\n<meta name=\"twitter:label1\" content=\"Escrito por\" \/>\n\t<meta name=\"twitter:data1\" content=\"Corresponsal\" \/>\n\t<meta name=\"twitter:label2\" content=\"Tiempo de lectura\" \/>\n\t<meta name=\"twitter:data2\" content=\"2 minutos\" \/>\n<script type=\"application\/ld+json\" class=\"yoast-schema-graph\">{\"@context\":\"https:\/\/schema.org\",\"@graph\":[{\"@type\":\"WebPage\",\"@id\":\"https:\/\/www.aridane.org\/city\/2025\/10\/29\/el-ayuntamiento-anima-el-centro-de-los-llanos-en-halloween-con-actividades-para-toda-la-familia\/\",\"url\":\"https:\/\/www.aridane.org\/city\/2025\/10\/29\/el-ayuntamiento-anima-el-centro-de-los-llanos-en-halloween-con-actividades-para-toda-la-familia\/\",\"name\":\"El Ayuntamiento anima el centro de Los Llanos en Halloween con actividades para toda la familia - Ayuntamiento de Los Llanos de Aridane\",\"isPartOf\":{\"@id\":\"https:\/\/www.aridane.org\/city\/#website\"},\"primaryImageOfPage\":{\"@id\":\"https:\/\/www.aridane.org\/city\/2025\/10\/29\/el-ayuntamiento-anima-el-centro-de-los-llanos-en-halloween-con-actividades-para-toda-la-familia\/#primaryimage\"},\"image\":{\"@id\":\"https:\/\/www.aridane.org\/city\/2025\/10\/29\/el-ayuntamiento-anima-el-centro-de-los-llanos-en-halloween-con-actividades-para-toda-la-familia\/#primaryimage\"},\"thumbnailUrl\":\"https:\/\/www.aridane.org\/city\/wp-content\/uploads\/2025\/10\/Halloween-en-Los-Llanos-de-Aridane-scaled.jpeg\",\"datePublished\":\"2025-10-29T10:40:56+00:00\",\"dateModified\":\"2025-10-30T09:27:37+00:00\",\"author\":{\"@id\":\"https:\/\/www.aridane.org\/city\/#\/schema\/person\/89ebd376b223dc94cc1dbcf200c8e6da\"},\"breadcrumb\":{\"@id\":\"https:\/\/www.aridane.org\/city\/2025\/10\/29\/el-ayuntamiento-anima-el-centro-de-los-llanos-en-halloween-con-actividades-para-toda-la-familia\/#breadcrumb\"},\"inLanguage\":\"es\",\"potentialAction\":[{\"@type\":\"ReadAction\",\"target\":[\"https:\/\/www.aridane.org\/city\/2025\/10\/29\/el-ayuntamiento-anima-el-centro-de-los-llanos-en-halloween-con-actividades-para-toda-la-familia\/\"]}]},{\"@type\":\"ImageObject\",\"inLanguage\":\"es\",\"@id\":\"https:\/\/www.aridane.org\/city\/2025\/10\/29\/el-ayuntamiento-anima-el-centro-de-los-llanos-en-halloween-con-actividades-para-toda-la-familia\/#primaryimage\",\"url\":\"https:\/\/www.aridane.org\/city\/wp-content\/uploads\/2025\/10\/Halloween-en-Los-Llanos-de-Aridane-scaled.jpeg\",\"contentUrl\":\"https:\/\/www.aridane.org\/city\/wp-content\/uploads\/2025\/10\/Halloween-en-Los-Llanos-de-Aridane-scaled.jpeg\",\"width\":2560,\"height\":1920},{\"@type\":\"BreadcrumbList\",\"@id\":\"https:\/\/www.aridane.org\/city\/2025\/10\/29\/el-ayuntamiento-anima-el-centro-de-los-llanos-en-halloween-con-actividades-para-toda-la-familia\/#breadcrumb\",\"itemListElement\":[{\"@type\":\"ListItem\",\"position\":1,\"name\":\"Portada\",\"item\":\"https:\/\/www.aridane.org\/city\/\"},{\"@type\":\"ListItem\",\"position\":2,\"name\":\"El Ayuntamiento anima el centro de Los Llanos en Halloween con actividades para toda la familia\"}]},{\"@type\":\"WebSite\",\"@id\":\"https:\/\/www.aridane.org\/city\/#website\",\"url\":\"https:\/\/www.aridane.org\/city\/\",\"name\":\"Ayuntamiento de Los Llanos de Aridane\",\"description\":\"\",\"potentialAction\":[{\"@type\":\"SearchAction\",\"target\":{\"@type\":\"EntryPoint\",\"urlTemplate\":\"https:\/\/www.aridane.org\/city\/?s={search_term_string}\"},\"query-input\":\"required name=search_term_string\"}],\"inLanguage\":\"es\"},{\"@type\":\"Person\",\"@id\":\"https:\/\/www.aridane.org\/city\/#\/schema\/person\/89ebd376b223dc94cc1dbcf200c8e6da\",\"name\":\"Corresponsal\",\"image\":{\"@type\":\"ImageObject\",\"inLanguage\":\"es\",\"@id\":\"https:\/\/www.aridane.org\/city\/#\/schema\/person\/image\/\",\"url\":\"https:\/\/secure.gravatar.com\/avatar\/1c476992411e4ccf153da63b2b2f5ea0bb4cb1c85f3ceab8512f04325ad5579c?s=96&d=mm&r=g\",\"contentUrl\":\"https:\/\/secure.gravatar.com\/avatar\/1c476992411e4ccf153da63b2b2f5ea0bb4cb1c85f3ceab8512f04325ad5579c?s=96&d=mm&r=g\",\"caption\":\"Corresponsal\"},\"url\":\"https:\/\/www.aridane.org\/city\/author\/corresponsal\/\"}]}<\/script>\n<!-- \/ Yoast SEO plugin. -->","yoast_head_json":{"title":"El Ayuntamiento anima el centro de Los Llanos en Halloween con actividades para toda la familia - Ayuntamiento de Los Llanos de Aridane","robots":{"index":"index","follow":"follow","max-snippet":"max-snippet:-1","max-image-preview":"max-image-preview:large","max-video-preview":"max-video-preview:-1"},"canonical":"https:\/\/www.aridane.org\/city\/2025\/10\/29\/el-ayuntamiento-anima-el-centro-de-los-llanos-en-halloween-con-actividades-para-toda-la-familia\/","og_locale":"es_ES","og_type":"article","og_title":"El Ayuntamiento anima el centro de Los Llanos en Halloween con actividades para toda la familia - Ayuntamiento de Los Llanos de Aridane","og_description":"Habr\u00e1 pintacaras en la plaza del Calvario y un pasacalles que comenzar\u00e1 en La Fuente para recorrer el centro, mientras que la plaza Juan Pablo II tendr\u00e1 actividades para la juventud","og_url":"https:\/\/www.aridane.org\/city\/2025\/10\/29\/el-ayuntamiento-anima-el-centro-de-los-llanos-en-halloween-con-actividades-para-toda-la-familia\/","og_site_name":"Ayuntamiento de Los Llanos de Aridane","article_published_time":"2025-10-29T10:40:56+00:00","article_modified_time":"2025-10-30T09:27:37+00:00","og_image":[{"width":2560,"height":1920,"url":"https:\/\/www.aridane.org\/city\/wp-content\/uploads\/2025\/10\/Halloween-en-Los-Llanos-de-Aridane-scaled.jpeg","type":"image\/jpeg"}],"author":"Corresponsal","twitter_card":"summary_large_image","twitter_misc":{"Escrito por":"Corresponsal","Tiempo de lectura":"2 minutos"},"schema":{"@context":"https:\/\/schema.org","@graph":[{"@type":"WebPage","@id":"https:\/\/www.aridane.org\/city\/2025\/10\/29\/el-ayuntamiento-anima-el-centro-de-los-llanos-en-halloween-con-actividades-para-toda-la-familia\/","url":"https:\/\/www.aridane.org\/city\/2025\/10\/29\/el-ayuntamiento-anima-el-centro-de-los-llanos-en-halloween-con-actividades-para-toda-la-familia\/","name":"El Ayuntamiento anima el centro de Los Llanos en Halloween con actividades para toda la familia - Ayuntamiento de Los Llanos de Aridane","isPartOf":{"@id":"https:\/\/www.aridane.org\/city\/#website"},"primaryImageOfPage":{"@id":"https:\/\/www.aridane.org\/city\/2025\/10\/29\/el-ayuntamiento-anima-el-centro-de-los-llanos-en-halloween-con-actividades-para-toda-la-familia\/#primaryimage"},"image":{"@id":"https:\/\/www.aridane.org\/city\/2025\/10\/29\/el-ayuntamiento-anima-el-centro-de-los-llanos-en-halloween-con-actividades-para-toda-la-familia\/#primaryimage"},"thumbnailUrl":"https:\/\/www.aridane.org\/city\/wp-content\/uploads\/2025\/10\/Halloween-en-Los-Llanos-de-Aridane-scaled.jpeg","datePublished":"2025-10-29T10:40:56+00:00","dateModified":"2025-10-30T09:27:37+00:00","author":{"@id":"https:\/\/www.aridane.org\/city\/#\/schema\/person\/89ebd376b223dc94cc1dbcf200c8e6da"},"breadcrumb":{"@id":"https:\/\/www.aridane.org\/city\/2025\/10\/29\/el-ayuntamiento-anima-el-centro-de-los-llanos-en-halloween-con-actividades-para-toda-la-familia\/#breadcrumb"},"inLanguage":"es","potentialAction":[{"@type":"ReadAction","target":["https:\/\/www.aridane.org\/city\/2025\/10\/29\/el-ayuntamiento-anima-el-centro-de-los-llanos-en-halloween-con-actividades-para-toda-la-familia\/"]}]},{"@type":"ImageObject","inLanguage":"es","@id":"https:\/\/www.aridane.org\/city\/2025\/10\/29\/el-ayuntamiento-anima-el-centro-de-los-llanos-en-halloween-con-actividades-para-toda-la-familia\/#primaryimage","url":"https:\/\/www.aridane.org\/city\/wp-content\/uploads\/2025\/10\/Halloween-en-Los-Llanos-de-Aridane-scaled.jpeg","contentUrl":"https:\/\/www.aridane.org\/city\/wp-content\/uploads\/2025\/10\/Halloween-en-Los-Llanos-de-Aridane-scaled.jpeg","width":2560,"height":1920},{"@type":"BreadcrumbList","@id":"https:\/\/www.aridane.org\/city\/2025\/10\/29\/el-ayuntamiento-anima-el-centro-de-los-llanos-en-halloween-con-actividades-para-toda-la-familia\/#breadcrumb","itemListElement":[{"@type":"ListItem","position":1,"name":"Portada","item":"https:\/\/www.aridane.org\/city\/"},{"@type":"ListItem","position":2,"name":"El Ayuntamiento anima el centro de Los Llanos en Halloween con actividades para toda la familia"}]},{"@type":"WebSite","@id":"https:\/\/www.aridane.org\/city\/#website","url":"https:\/\/www.aridane.org\/city\/","name":"Ayuntamiento de Los Llanos de Aridane","description":"","potentialAction":[{"@type":"SearchAction","target":{"@type":"EntryPoint","urlTemplate":"https:\/\/www.aridane.org\/city\/?s={search_term_string}"},"query-input":"required name=search_term_string"}],"inLanguage":"es"},{"@type":"Person","@id":"https:\/\/www.aridane.org\/city\/#\/schema\/person\/89ebd376b223dc94cc1dbcf200c8e6da","name":"Corresponsal","image":{"@type":"ImageObject","inLanguage":"es","@id":"https:\/\/www.aridane.org\/city\/#\/schema\/person\/image\/","url":"https:\/\/secure.gravatar.com\/avatar\/1c476992411e4ccf153da63b2b2f5ea0bb4cb1c85f3ceab8512f04325ad5579c?s=96&d=mm&r=g","contentUrl":"https:\/\/secure.gravatar.com\/avatar\/1c476992411e4ccf153da63b2b2f5ea0bb4cb1c85f3ceab8512f04325ad5579c?s=96&d=mm&r=g","caption":"Corresponsal"},"url":"https:\/\/www.aridane.org\/city\/author\/corresponsal\/"}]}},"_links":{"self":[{"href":"https:\/\/www.aridane.org\/city\/wp-json\/wp\/v2\/posts\/4833","targetHints":{"allow":["GET"]}}],"collection":[{"href":"https:\/\/www.aridane.org\/city\/wp-json\/wp\/v2\/posts"}],"about":[{"href":"https:\/\/www.aridane.org\/city\/wp-json\/wp\/v2\/types\/post"}],"author":[{"embeddable":true,"href":"https:\/\/www.aridane.org\/city\/wp-json\/wp\/v2\/users\/4"}],"replies":[{"embeddable":true,"href":"https:\/\/www.aridane.org\/city\/wp-json\/wp\/v2\/comments?post=4833"}],"version-history":[{"count":1,"href":"https:\/\/www.aridane.org\/city\/wp-json\/wp\/v2\/posts\/4833\/revisions"}],"predecessor-version":[{"id":4835,"href":"https:\/\/www.aridane.org\/city\/wp-json\/wp\/v2\/posts\/4833\/revisions\/4835"}],"wp:featuredmedia":[{"embeddable":true,"href":"https:\/\/www.aridane.org\/city\/wp-json\/wp\/v2\/media\/4834"}],"wp:attachment":[{"href":"https:\/\/www.aridane.org\/city\/wp-json\/wp\/v2\/media?parent=4833"}],"wp:term":[{"taxonomy":"category","embeddable":true,"href":"https:\/\/www.aridane.org\/city\/wp-json\/wp\/v2\/categories?post=4833"},{"taxonomy":"post_tag","embeddable":true,"href":"https:\/\/www.aridane.org\/city\/wp-json\/wp\/v2\/tags?post=4833"}],"curies":[{"name":"wp","href":"https:\/\/api.w.org\/{rel}","templated":true}]}}