{"id":4836,"date":"2025-10-30T14:19:56","date_gmt":"2025-10-30T14:19:56","guid":{"rendered":"https:\/\/www.aridane.org\/city\/?p=4836"},"modified":"2025-11-03T14:26:02","modified_gmt":"2025-11-03T14:26:02","slug":"el-ayuntamiento-da-luz-verde-al-nuevo-pgo-para-garantizar-la-seguridad-juridica-y-la-planificacion-de-los-llanos","status":"publish","type":"post","link":"https:\/\/www.aridane.org\/city\/2025\/10\/30\/el-ayuntamiento-da-luz-verde-al-nuevo-pgo-para-garantizar-la-seguridad-juridica-y-la-planificacion-de-los-llanos\/","title":{"rendered":"El Ayuntamiento da luz verde al nuevo PGO para garantizar la seguridad jur\u00eddica y la planificaci\u00f3n de Los Llanos"},"content":{"rendered":"<p><em>La corporaci\u00f3n reafirma su compromiso de dotar al municipio de una herramienta de planificaci\u00f3n moderna y adaptada a los nuevos tiempos<\/em><!--more--><\/p>\n<p>El Ayuntamiento de Los Llanos de Aridane aprob\u00f3 en el pleno de este jueves, 30 de octubre, el encargo en medio propio a la empresa p\u00fablica Gesplan para la redacci\u00f3n \u00edntegra del nuevo Plan General de Ordenaci\u00f3n (PGO). Con esta decisi\u00f3n, el municipio avanza hacia la elaboraci\u00f3n de un instrumento actualizado, adaptado a la legislaci\u00f3n vigente y a la nueva realidad territorial surgida tras la erupci\u00f3n volc\u00e1nica de 2021.<\/p>\n<p>El alcalde, Javier Llamas, destaca que este acuerdo \u201cmarca el inicio de una nueva etapa para la planificaci\u00f3n urbana de Los Llanos de Aridane, con un procedimiento s\u00f3lido, riguroso y transparente, que corrija los errores del pasado y garantice la plena seguridad jur\u00eddica\u201d.<\/p>\n<p>Llamas sostiene, adem\u00e1s, que \u201cel municipio necesita un documento moderno, realista y ajustado al contexto actual, que permita planificar su desarrollo con visi\u00f3n de futuro, pero teniendo muy presente nuestro pasado m\u00e1s reciente\u201d.<\/p>\n<p>Cabe recordar que se hab\u00edan superado ampliamente los plazos m\u00e1ximos previstos en la legislaci\u00f3n estatal de evaluaci\u00f3n ambiental, lo que determin\u00f3 la caducidad material del procedimiento anterior y la obligaci\u00f3n de iniciar un nuevo proceso de planeamiento.<\/p>\n<p>\u201cEl Plan General que encontramos al llegar al gobierno municipal hace dos a\u00f1os se hallaba en una fase muy inicial. Era necesario reconducir la situaci\u00f3n y empezar de nuevo con rigor t\u00e9cnico y planificaci\u00f3n real\u201d, explica el alcalde.<\/p>\n<h3><strong>Un planeamiento adaptado a la realidad actual<\/strong><\/h3>\n<p>El nuevo PGO definir\u00e1 el modelo territorial y urbano de Los Llanos de Aridane conforme a la Ley 4\/2017, de 13 de julio, del Suelo y de los Espacios Naturales Protegidos de Canarias. Aprovechar\u00e1 la inminente reforma de esta ley, que flexibilizar\u00e1 la elaboraci\u00f3n del PGO, y respetar\u00e1 de forma escrupulosa la normativa estatal y auton\u00f3mica en materia de medio ambiente. Adem\u00e1s, incluir\u00e1 las disposiciones espec\u00edficas aprobadas tras la erupci\u00f3n para los suelos afectados.<\/p>\n<p>El encargo contempla todo el proceso de tramitaci\u00f3n, desde los estudios previos y las consultas p\u00fablicas iniciales hasta la aprobaci\u00f3n definitiva, garantizando la participaci\u00f3n ciudadana y la coordinaci\u00f3n interadministrativa.<\/p>\n<p>Gesplan, como medio propio instrumental del Gobierno de Canarias y de las administraciones locales, contar\u00e1 con un equipo multidisciplinar integrado por profesionales de arquitectura, derecho urban\u00edstico, medio ambiente, ingenier\u00eda, econom\u00eda y participaci\u00f3n ciudadana. El presupuesto total asciende a 559.444,08 euros, y los plazos se han ajustado para asegurar una tramitaci\u00f3n ordenada, eficiente y plenamente conforme con la legislaci\u00f3n aplicable.<\/p>\n<p>\u201cLa colaboraci\u00f3n con Gesplan refuerza la cooperaci\u00f3n institucional y garantiza que el proceso de planificaci\u00f3n avance con el m\u00e1ximo rigor t\u00e9cnico\u201d, a\u00f1ade Llamas.<\/p>\n<h3><strong>Una ciudad sostenible y con seguridad jur\u00eddica<\/strong><\/h3>\n<p>Con esta aprobaci\u00f3n plenaria, el Ayuntamiento reafirma su compromiso de dotar al municipio de una herramienta de planificaci\u00f3n moderna y adaptada a los nuevos tiempos.<\/p>\n<p>\u201cEl nuevo Plan General no solo aportar\u00e1 seguridad jur\u00eddica, sino tambi\u00e9n una visi\u00f3n ordenada del territorio, equilibrando el desarrollo urbano con la sostenibilidad y una mejor calidad de vida para la ciudadan\u00eda. Ser\u00e1 una hoja de ruta s\u00f3lida para construir el futuro de Los Llanos de Aridane\u201d, concluye el alcalde.<\/p>\n","protected":false},"excerpt":{"rendered":"<p>La corporaci\u00f3n reafirma su compromiso de dotar al municipio de una herramienta de planificaci\u00f3n moderna y adaptada a los nuevos tiempos<\/p>\n","protected":false},"author":4,"featured_media":4837,"comment_status":"open","ping_status":"open","sticky":false,"template":"","format":"standard","meta":{"footnotes":""},"categories":[1],"tags":[],"class_list":["post-4836","post","type-post","status-publish","format-standard","has-post-thumbnail","hentry","category-sin-categoria"],"yoast_head":"<!-- This site is optimized with the Yoast SEO plugin v22.7 - https:\/\/yoast.com\/wordpress\/plugins\/seo\/ -->\n<title>El Ayuntamiento da luz verde al nuevo PGO para garantizar la seguridad jur\u00eddica y la planificaci\u00f3n de Los Llanos - Ayuntamiento de Los Llanos de Aridane<\/title>\n<meta name=\"robots\" content=\"index, follow, max-snippet:-1, max-image-preview:large, max-video-preview:-1\" \/>\n<link rel=\"canonical\" href=\"https:\/\/www.aridane.org\/city\/2025\/10\/30\/el-ayuntamiento-da-luz-verde-al-nuevo-pgo-para-garantizar-la-seguridad-juridica-y-la-planificacion-de-los-llanos\/\" \/>\n<meta property=\"og:locale\" content=\"es_ES\" \/>\n<meta property=\"og:type\" content=\"article\" \/>\n<meta property=\"og:title\" content=\"El Ayuntamiento da luz verde al nuevo PGO para garantizar la seguridad jur\u00eddica y la planificaci\u00f3n de Los Llanos - Ayuntamiento de Los Llanos de Aridane\" \/>\n<meta property=\"og:description\" content=\"La corporaci\u00f3n reafirma su compromiso de dotar al municipio de una herramienta de planificaci\u00f3n moderna y adaptada a los nuevos tiempos\" \/>\n<meta property=\"og:url\" content=\"https:\/\/www.aridane.org\/city\/2025\/10\/30\/el-ayuntamiento-da-luz-verde-al-nuevo-pgo-para-garantizar-la-seguridad-juridica-y-la-planificacion-de-los-llanos\/\" \/>\n<meta property=\"og:site_name\" content=\"Ayuntamiento de Los Llanos de Aridane\" \/>\n<meta property=\"article:published_time\" content=\"2025-10-30T14:19:56+00:00\" \/>\n<meta property=\"article:modified_time\" content=\"2025-11-03T14:26:02+00:00\" \/>\n<meta property=\"og:image\" content=\"https:\/\/www.aridane.org\/city\/wp-content\/uploads\/2025\/11\/PGO-Los-Llanos-scaled.jpeg\" \/>\n\t<meta property=\"og:image:width\" content=\"2560\" \/>\n\t<meta property=\"og:image:height\" content=\"1920\" \/>\n\t<meta property=\"og:image:type\" content=\"image\/jpeg\" \/>\n<meta name=\"author\" content=\"Corresponsal\" \/>\n<meta name=\"twitter:card\" content=\"summary_large_image\" \/>\n<meta name=\"twitter:label1\" content=\"Escrito por\" \/>\n\t<meta name=\"twitter:data1\" content=\"Corresponsal\" \/>\n\t<meta name=\"twitter:label2\" content=\"Tiempo de lectura\" \/>\n\t<meta name=\"twitter:data2\" content=\"3 minutos\" \/>\n<script type=\"application\/ld+json\" class=\"yoast-schema-graph\">{\"@context\":\"https:\/\/schema.org\",\"@graph\":[{\"@type\":\"WebPage\",\"@id\":\"https:\/\/www.aridane.org\/city\/2025\/10\/30\/el-ayuntamiento-da-luz-verde-al-nuevo-pgo-para-garantizar-la-seguridad-juridica-y-la-planificacion-de-los-llanos\/\",\"url\":\"https:\/\/www.aridane.org\/city\/2025\/10\/30\/el-ayuntamiento-da-luz-verde-al-nuevo-pgo-para-garantizar-la-seguridad-juridica-y-la-planificacion-de-los-llanos\/\",\"name\":\"El Ayuntamiento da luz verde al nuevo PGO para garantizar la seguridad jur\u00eddica y la planificaci\u00f3n de Los Llanos - Ayuntamiento de Los Llanos de Aridane\",\"isPartOf\":{\"@id\":\"https:\/\/www.aridane.org\/city\/#website\"},\"primaryImageOfPage\":{\"@id\":\"https:\/\/www.aridane.org\/city\/2025\/10\/30\/el-ayuntamiento-da-luz-verde-al-nuevo-pgo-para-garantizar-la-seguridad-juridica-y-la-planificacion-de-los-llanos\/#primaryimage\"},\"image\":{\"@id\":\"https:\/\/www.aridane.org\/city\/2025\/10\/30\/el-ayuntamiento-da-luz-verde-al-nuevo-pgo-para-garantizar-la-seguridad-juridica-y-la-planificacion-de-los-llanos\/#primaryimage\"},\"thumbnailUrl\":\"https:\/\/www.aridane.org\/city\/wp-content\/uploads\/2025\/11\/PGO-Los-Llanos-scaled.jpeg\",\"datePublished\":\"2025-10-30T14:19:56+00:00\",\"dateModified\":\"2025-11-03T14:26:02+00:00\",\"author\":{\"@id\":\"https:\/\/www.aridane.org\/city\/#\/schema\/person\/89ebd376b223dc94cc1dbcf200c8e6da\"},\"breadcrumb\":{\"@id\":\"https:\/\/www.aridane.org\/city\/2025\/10\/30\/el-ayuntamiento-da-luz-verde-al-nuevo-pgo-para-garantizar-la-seguridad-juridica-y-la-planificacion-de-los-llanos\/#breadcrumb\"},\"inLanguage\":\"es\",\"potentialAction\":[{\"@type\":\"ReadAction\",\"target\":[\"https:\/\/www.aridane.org\/city\/2025\/10\/30\/el-ayuntamiento-da-luz-verde-al-nuevo-pgo-para-garantizar-la-seguridad-juridica-y-la-planificacion-de-los-llanos\/\"]}]},{\"@type\":\"ImageObject\",\"inLanguage\":\"es\",\"@id\":\"https:\/\/www.aridane.org\/city\/2025\/10\/30\/el-ayuntamiento-da-luz-verde-al-nuevo-pgo-para-garantizar-la-seguridad-juridica-y-la-planificacion-de-los-llanos\/#primaryimage\",\"url\":\"https:\/\/www.aridane.org\/city\/wp-content\/uploads\/2025\/11\/PGO-Los-Llanos-scaled.jpeg\",\"contentUrl\":\"https:\/\/www.aridane.org\/city\/wp-content\/uploads\/2025\/11\/PGO-Los-Llanos-scaled.jpeg\",\"width\":2560,\"height\":1920},{\"@type\":\"BreadcrumbList\",\"@id\":\"https:\/\/www.aridane.org\/city\/2025\/10\/30\/el-ayuntamiento-da-luz-verde-al-nuevo-pgo-para-garantizar-la-seguridad-juridica-y-la-planificacion-de-los-llanos\/#breadcrumb\",\"itemListElement\":[{\"@type\":\"ListItem\",\"position\":1,\"name\":\"Portada\",\"item\":\"https:\/\/www.aridane.org\/city\/\"},{\"@type\":\"ListItem\",\"position\":2,\"name\":\"El Ayuntamiento da luz verde al nuevo PGO para garantizar la seguridad jur\u00eddica y la planificaci\u00f3n de Los Llanos\"}]},{\"@type\":\"WebSite\",\"@id\":\"https:\/\/www.aridane.org\/city\/#website\",\"url\":\"https:\/\/www.aridane.org\/city\/\",\"name\":\"Ayuntamiento de Los Llanos de Aridane\",\"description\":\"\",\"potentialAction\":[{\"@type\":\"SearchAction\",\"target\":{\"@type\":\"EntryPoint\",\"urlTemplate\":\"https:\/\/www.aridane.org\/city\/?s={search_term_string}\"},\"query-input\":\"required name=search_term_string\"}],\"inLanguage\":\"es\"},{\"@type\":\"Person\",\"@id\":\"https:\/\/www.aridane.org\/city\/#\/schema\/person\/89ebd376b223dc94cc1dbcf200c8e6da\",\"name\":\"Corresponsal\",\"image\":{\"@type\":\"ImageObject\",\"inLanguage\":\"es\",\"@id\":\"https:\/\/www.aridane.org\/city\/#\/schema\/person\/image\/\",\"url\":\"https:\/\/secure.gravatar.com\/avatar\/1c476992411e4ccf153da63b2b2f5ea0bb4cb1c85f3ceab8512f04325ad5579c?s=96&d=mm&r=g\",\"contentUrl\":\"https:\/\/secure.gravatar.com\/avatar\/1c476992411e4ccf153da63b2b2f5ea0bb4cb1c85f3ceab8512f04325ad5579c?s=96&d=mm&r=g\",\"caption\":\"Corresponsal\"},\"url\":\"https:\/\/www.aridane.org\/city\/author\/corresponsal\/\"}]}<\/script>\n<!-- \/ Yoast SEO plugin. -->","yoast_head_json":{"title":"El Ayuntamiento da luz verde al nuevo PGO para garantizar la seguridad jur\u00eddica y la planificaci\u00f3n de Los Llanos - Ayuntamiento de Los Llanos de Aridane","robots":{"index":"index","follow":"follow","max-snippet":"max-snippet:-1","max-image-preview":"max-image-preview:large","max-video-preview":"max-video-preview:-1"},"canonical":"https:\/\/www.aridane.org\/city\/2025\/10\/30\/el-ayuntamiento-da-luz-verde-al-nuevo-pgo-para-garantizar-la-seguridad-juridica-y-la-planificacion-de-los-llanos\/","og_locale":"es_ES","og_type":"article","og_title":"El Ayuntamiento da luz verde al nuevo PGO para garantizar la seguridad jur\u00eddica y la planificaci\u00f3n de Los Llanos - Ayuntamiento de Los Llanos de Aridane","og_description":"La corporaci\u00f3n reafirma su compromiso de dotar al municipio de una herramienta de planificaci\u00f3n moderna y adaptada a los nuevos tiempos","og_url":"https:\/\/www.aridane.org\/city\/2025\/10\/30\/el-ayuntamiento-da-luz-verde-al-nuevo-pgo-para-garantizar-la-seguridad-juridica-y-la-planificacion-de-los-llanos\/","og_site_name":"Ayuntamiento de Los Llanos de Aridane","article_published_time":"2025-10-30T14:19:56+00:00","article_modified_time":"2025-11-03T14:26:02+00:00","og_image":[{"width":2560,"height":1920,"url":"https:\/\/www.aridane.org\/city\/wp-content\/uploads\/2025\/11\/PGO-Los-Llanos-scaled.jpeg","type":"image\/jpeg"}],"author":"Corresponsal","twitter_card":"summary_large_image","twitter_misc":{"Escrito por":"Corresponsal","Tiempo de lectura":"3 minutos"},"schema":{"@context":"https:\/\/schema.org","@graph":[{"@type":"WebPage","@id":"https:\/\/www.aridane.org\/city\/2025\/10\/30\/el-ayuntamiento-da-luz-verde-al-nuevo-pgo-para-garantizar-la-seguridad-juridica-y-la-planificacion-de-los-llanos\/","url":"https:\/\/www.aridane.org\/city\/2025\/10\/30\/el-ayuntamiento-da-luz-verde-al-nuevo-pgo-para-garantizar-la-seguridad-juridica-y-la-planificacion-de-los-llanos\/","name":"El Ayuntamiento da luz verde al nuevo PGO para garantizar la seguridad jur\u00eddica y la planificaci\u00f3n de Los Llanos - Ayuntamiento de Los Llanos de Aridane","isPartOf":{"@id":"https:\/\/www.aridane.org\/city\/#website"},"primaryImageOfPage":{"@id":"https:\/\/www.aridane.org\/city\/2025\/10\/30\/el-ayuntamiento-da-luz-verde-al-nuevo-pgo-para-garantizar-la-seguridad-juridica-y-la-planificacion-de-los-llanos\/#primaryimage"},"image":{"@id":"https:\/\/www.aridane.org\/city\/2025\/10\/30\/el-ayuntamiento-da-luz-verde-al-nuevo-pgo-para-garantizar-la-seguridad-juridica-y-la-planificacion-de-los-llanos\/#primaryimage"},"thumbnailUrl":"https:\/\/www.aridane.org\/city\/wp-content\/uploads\/2025\/11\/PGO-Los-Llanos-scaled.jpeg","datePublished":"2025-10-30T14:19:56+00:00","dateModified":"2025-11-03T14:26:02+00:00","author":{"@id":"https:\/\/www.aridane.org\/city\/#\/schema\/person\/89ebd376b223dc94cc1dbcf200c8e6da"},"breadcrumb":{"@id":"https:\/\/www.aridane.org\/city\/2025\/10\/30\/el-ayuntamiento-da-luz-verde-al-nuevo-pgo-para-garantizar-la-seguridad-juridica-y-la-planificacion-de-los-llanos\/#breadcrumb"},"inLanguage":"es","potentialAction":[{"@type":"ReadAction","target":["https:\/\/www.aridane.org\/city\/2025\/10\/30\/el-ayuntamiento-da-luz-verde-al-nuevo-pgo-para-garantizar-la-seguridad-juridica-y-la-planificacion-de-los-llanos\/"]}]},{"@type":"ImageObject","inLanguage":"es","@id":"https:\/\/www.aridane.org\/city\/2025\/10\/30\/el-ayuntamiento-da-luz-verde-al-nuevo-pgo-para-garantizar-la-seguridad-juridica-y-la-planificacion-de-los-llanos\/#primaryimage","url":"https:\/\/www.aridane.org\/city\/wp-content\/uploads\/2025\/11\/PGO-Los-Llanos-scaled.jpeg","contentUrl":"https:\/\/www.aridane.org\/city\/wp-content\/uploads\/2025\/11\/PGO-Los-Llanos-scaled.jpeg","width":2560,"height":1920},{"@type":"BreadcrumbList","@id":"https:\/\/www.aridane.org\/city\/2025\/10\/30\/el-ayuntamiento-da-luz-verde-al-nuevo-pgo-para-garantizar-la-seguridad-juridica-y-la-planificacion-de-los-llanos\/#breadcrumb","itemListElement":[{"@type":"ListItem","position":1,"name":"Portada","item":"https:\/\/www.aridane.org\/city\/"},{"@type":"ListItem","position":2,"name":"El Ayuntamiento da luz verde al nuevo PGO para garantizar la seguridad jur\u00eddica y la planificaci\u00f3n de Los Llanos"}]},{"@type":"WebSite","@id":"https:\/\/www.aridane.org\/city\/#website","url":"https:\/\/www.aridane.org\/city\/","name":"Ayuntamiento de Los Llanos de Aridane","description":"","potentialAction":[{"@type":"SearchAction","target":{"@type":"EntryPoint","urlTemplate":"https:\/\/www.aridane.org\/city\/?s={search_term_string}"},"query-input":"required name=search_term_string"}],"inLanguage":"es"},{"@type":"Person","@id":"https:\/\/www.aridane.org\/city\/#\/schema\/person\/89ebd376b223dc94cc1dbcf200c8e6da","name":"Corresponsal","image":{"@type":"ImageObject","inLanguage":"es","@id":"https:\/\/www.aridane.org\/city\/#\/schema\/person\/image\/","url":"https:\/\/secure.gravatar.com\/avatar\/1c476992411e4ccf153da63b2b2f5ea0bb4cb1c85f3ceab8512f04325ad5579c?s=96&d=mm&r=g","contentUrl":"https:\/\/secure.gravatar.com\/avatar\/1c476992411e4ccf153da63b2b2f5ea0bb4cb1c85f3ceab8512f04325ad5579c?s=96&d=mm&r=g","caption":"Corresponsal"},"url":"https:\/\/www.aridane.org\/city\/author\/corresponsal\/"}]}},"_links":{"self":[{"href":"https:\/\/www.aridane.org\/city\/wp-json\/wp\/v2\/posts\/4836","targetHints":{"allow":["GET"]}}],"collection":[{"href":"https:\/\/www.aridane.org\/city\/wp-json\/wp\/v2\/posts"}],"about":[{"href":"https:\/\/www.aridane.org\/city\/wp-json\/wp\/v2\/types\/post"}],"author":[{"embeddable":true,"href":"https:\/\/www.aridane.org\/city\/wp-json\/wp\/v2\/users\/4"}],"replies":[{"embeddable":true,"href":"https:\/\/www.aridane.org\/city\/wp-json\/wp\/v2\/comments?post=4836"}],"version-history":[{"count":1,"href":"https:\/\/www.aridane.org\/city\/wp-json\/wp\/v2\/posts\/4836\/revisions"}],"predecessor-version":[{"id":4838,"href":"https:\/\/www.aridane.org\/city\/wp-json\/wp\/v2\/posts\/4836\/revisions\/4838"}],"wp:featuredmedia":[{"embeddable":true,"href":"https:\/\/www.aridane.org\/city\/wp-json\/wp\/v2\/media\/4837"}],"wp:attachment":[{"href":"https:\/\/www.aridane.org\/city\/wp-json\/wp\/v2\/media?parent=4836"}],"wp:term":[{"taxonomy":"category","embeddable":true,"href":"https:\/\/www.aridane.org\/city\/wp-json\/wp\/v2\/categories?post=4836"},{"taxonomy":"post_tag","embeddable":true,"href":"https:\/\/www.aridane.org\/city\/wp-json\/wp\/v2\/tags?post=4836"}],"curies":[{"name":"wp","href":"https:\/\/api.w.org\/{rel}","templated":true}]}}