{"id":4839,"date":"2025-11-04T08:10:59","date_gmt":"2025-11-04T08:10:59","guid":{"rendered":"https:\/\/www.aridane.org\/city\/?p=4839"},"modified":"2025-11-04T08:18:21","modified_gmt":"2025-11-04T08:18:21","slug":"los-llanos-de-aridane-se-convierte-esta-semana-en-el-epicentro-del-saxofon-internacional","status":"publish","type":"post","link":"https:\/\/www.aridane.org\/city\/2025\/11\/04\/los-llanos-de-aridane-se-convierte-esta-semana-en-el-epicentro-del-saxofon-internacional\/","title":{"rendered":"Los Llanos de Aridane se convierte esta semana en el epicentro del saxof\u00f3n internacional"},"content":{"rendered":"<p><i><span style=\"font-weight: 400;\">El prestigioso cuarteto croata Papandopulo Kvartet actuar\u00e1 este viernes en el Espacio Cultural El Secadero<\/span><\/i><!--more--><\/p>\n<p><span style=\"font-weight: 400;\">Los Llanos de Aridane se consolida como referente musical con la celebraci\u00f3n del VI Encuentro Internacional de Saxof\u00f3n de La Palma, que tendr\u00e1 lugar del 5 al 8 de noviembre. La cita re\u00fane a int\u00e9rpretes y formadores de prestigio en torno a la creaci\u00f3n y el aprendizaje musical. El evento, organizado por la Asociaci\u00f3n Cultural Encuentro de Saxof\u00f3n bajo la direcci\u00f3n de Anne-Theilke Grabow y Jos\u00e9 Francisco Climent, cuenta con el apoyo del Ayuntamiento y del Cabildo Insular.<\/span><\/p>\n<p><span style=\"font-weight: 400;\">La concejala de Cultura, Marlene Gonz\u00e1lez, destaca que el programa combina conciertos de primer nivel, actividades pedag\u00f3gicas y acciones solidarias.\u00a0<\/span><\/p>\n<p>&nbsp;<\/p>\n<p><span style=\"font-weight: 400;\">\u201cEste encuentro convierte a Los Llanos de Aridane en un espacio de intercambio art\u00edstico y formativo, donde la m\u00fasica se vive tanto desde el escenario como desde las aulas. La continuidad de este proyecto demuestra el compromiso de la instituci\u00f3n con la cultura viva, la educaci\u00f3n musical y la proyecci\u00f3n internacional del municipio\u201d, a\u00f1ade.<\/span><\/p>\n<p><span style=\"font-weight: 400;\">En esta edici\u00f3n, destaca la participaci\u00f3n del prestigioso cuarteto croata Papandopulo Kvartet, formado por Nikola Fabijani\u0107 (saxof\u00f3n soprano), Gordan Tudor (saxof\u00f3n alto), Goran Jurkovi\u0107 (saxof\u00f3n tenor) y Tomislav \u017du\u017eak (saxof\u00f3n bar\u00edtono).\u00a0<\/span><\/p>\n<p><span style=\"font-weight: 400;\">Considerado uno de los ensembles m\u00e1s destacados de su generaci\u00f3n, el grupo ha actuado en m\u00e1s de 350 conciertos por Europa y Estados Unidos, incluyendo salas tan reconocidas como el Carnegie Hall de Nueva York o la Berliner Philharmonie Hall de Berl\u00edn. El viernes, d\u00eda 7, en el Espacio Cultural El Secadero a las 20:00 horas.<\/span><\/p>\n<h2><b>Fechas principales<\/b><\/h2>\n<p><span style=\"font-weight: 400;\">Entre las acciones principales figura la iniciativa &#8216;Charla escolar\u2019, que tendr\u00e1 lugar el mi\u00e9rcoles, 5 de noviembre, en el Colegio Sagrada Familia Nazaret, donde los m\u00fasicos compartir\u00e1n su experiencia profesional con el alumnado.<\/span><\/p>\n<p><span style=\"font-weight: 400;\">Tambi\u00e9n destaca el concierto ben\u00e9fico Proyecto UNE &#8211; Unas Notas de Esperanza, a favor de la Asociaci\u00f3n Ni\u00f1os Especiales de La Palma (NEP), que se celebrar\u00e1 el jueves, d\u00eda 6, a las 17:00 horas, en la sede de la entidad en Jedey.\u00a0<\/span><\/p>\n<p><span style=\"font-weight: 400;\">La clausura del encuentro se celebrar\u00e1 el s\u00e1bado, 8 de noviembre, en el Parque Antonio G\u00f3mez Felipe, con la actuaci\u00f3n de los participantes en las masterclasses.<\/span><\/p>\n","protected":false},"excerpt":{"rendered":"<p>El prestigioso cuarteto croata Papandopulo Kvartet actuar\u00e1 este viernes en el Espacio Cultural El Secadero<\/p>\n","protected":false},"author":4,"featured_media":4840,"comment_status":"open","ping_status":"open","sticky":false,"template":"","format":"standard","meta":{"footnotes":""},"categories":[1],"tags":[],"class_list":["post-4839","post","type-post","status-publish","format-standard","has-post-thumbnail","hentry","category-sin-categoria"],"yoast_head":"<!-- This site is optimized with the Yoast SEO plugin v22.7 - https:\/\/yoast.com\/wordpress\/plugins\/seo\/ -->\n<title>Los Llanos de Aridane se convierte esta semana en el epicentro del saxof\u00f3n internacional - Ayuntamiento de Los Llanos de Aridane<\/title>\n<meta name=\"robots\" content=\"index, follow, max-snippet:-1, max-image-preview:large, max-video-preview:-1\" \/>\n<link rel=\"canonical\" href=\"https:\/\/www.aridane.org\/city\/2025\/11\/04\/los-llanos-de-aridane-se-convierte-esta-semana-en-el-epicentro-del-saxofon-internacional\/\" \/>\n<meta property=\"og:locale\" content=\"es_ES\" \/>\n<meta property=\"og:type\" content=\"article\" \/>\n<meta property=\"og:title\" content=\"Los Llanos de Aridane se convierte esta semana en el epicentro del saxof\u00f3n internacional - Ayuntamiento de Los Llanos de Aridane\" \/>\n<meta property=\"og:description\" content=\"El prestigioso cuarteto croata Papandopulo Kvartet actuar\u00e1 este viernes en el Espacio Cultural El Secadero\" \/>\n<meta property=\"og:url\" content=\"https:\/\/www.aridane.org\/city\/2025\/11\/04\/los-llanos-de-aridane-se-convierte-esta-semana-en-el-epicentro-del-saxofon-internacional\/\" \/>\n<meta property=\"og:site_name\" content=\"Ayuntamiento de Los Llanos de Aridane\" \/>\n<meta property=\"article:published_time\" content=\"2025-11-04T08:10:59+00:00\" \/>\n<meta property=\"article:modified_time\" content=\"2025-11-04T08:18:21+00:00\" \/>\n<meta property=\"og:image\" content=\"https:\/\/www.aridane.org\/city\/wp-content\/uploads\/2025\/11\/Encuentro-Internacional-de-Saxofon.jpeg\" \/>\n\t<meta property=\"og:image:width\" content=\"905\" \/>\n\t<meta property=\"og:image:height\" content=\"1280\" \/>\n\t<meta property=\"og:image:type\" content=\"image\/jpeg\" \/>\n<meta name=\"author\" content=\"Corresponsal\" \/>\n<meta name=\"twitter:card\" content=\"summary_large_image\" \/>\n<meta name=\"twitter:label1\" content=\"Escrito por\" \/>\n\t<meta name=\"twitter:data1\" content=\"Corresponsal\" \/>\n\t<meta name=\"twitter:label2\" content=\"Tiempo de lectura\" \/>\n\t<meta name=\"twitter:data2\" content=\"2 minutos\" \/>\n<script type=\"application\/ld+json\" class=\"yoast-schema-graph\">{\"@context\":\"https:\/\/schema.org\",\"@graph\":[{\"@type\":\"WebPage\",\"@id\":\"https:\/\/www.aridane.org\/city\/2025\/11\/04\/los-llanos-de-aridane-se-convierte-esta-semana-en-el-epicentro-del-saxofon-internacional\/\",\"url\":\"https:\/\/www.aridane.org\/city\/2025\/11\/04\/los-llanos-de-aridane-se-convierte-esta-semana-en-el-epicentro-del-saxofon-internacional\/\",\"name\":\"Los Llanos de Aridane se convierte esta semana en el epicentro del saxof\u00f3n internacional - Ayuntamiento de Los Llanos de Aridane\",\"isPartOf\":{\"@id\":\"https:\/\/www.aridane.org\/city\/#website\"},\"primaryImageOfPage\":{\"@id\":\"https:\/\/www.aridane.org\/city\/2025\/11\/04\/los-llanos-de-aridane-se-convierte-esta-semana-en-el-epicentro-del-saxofon-internacional\/#primaryimage\"},\"image\":{\"@id\":\"https:\/\/www.aridane.org\/city\/2025\/11\/04\/los-llanos-de-aridane-se-convierte-esta-semana-en-el-epicentro-del-saxofon-internacional\/#primaryimage\"},\"thumbnailUrl\":\"https:\/\/www.aridane.org\/city\/wp-content\/uploads\/2025\/11\/Encuentro-Internacional-de-Saxofon.jpeg\",\"datePublished\":\"2025-11-04T08:10:59+00:00\",\"dateModified\":\"2025-11-04T08:18:21+00:00\",\"author\":{\"@id\":\"https:\/\/www.aridane.org\/city\/#\/schema\/person\/89ebd376b223dc94cc1dbcf200c8e6da\"},\"breadcrumb\":{\"@id\":\"https:\/\/www.aridane.org\/city\/2025\/11\/04\/los-llanos-de-aridane-se-convierte-esta-semana-en-el-epicentro-del-saxofon-internacional\/#breadcrumb\"},\"inLanguage\":\"es\",\"potentialAction\":[{\"@type\":\"ReadAction\",\"target\":[\"https:\/\/www.aridane.org\/city\/2025\/11\/04\/los-llanos-de-aridane-se-convierte-esta-semana-en-el-epicentro-del-saxofon-internacional\/\"]}]},{\"@type\":\"ImageObject\",\"inLanguage\":\"es\",\"@id\":\"https:\/\/www.aridane.org\/city\/2025\/11\/04\/los-llanos-de-aridane-se-convierte-esta-semana-en-el-epicentro-del-saxofon-internacional\/#primaryimage\",\"url\":\"https:\/\/www.aridane.org\/city\/wp-content\/uploads\/2025\/11\/Encuentro-Internacional-de-Saxofon.jpeg\",\"contentUrl\":\"https:\/\/www.aridane.org\/city\/wp-content\/uploads\/2025\/11\/Encuentro-Internacional-de-Saxofon.jpeg\",\"width\":905,\"height\":1280},{\"@type\":\"BreadcrumbList\",\"@id\":\"https:\/\/www.aridane.org\/city\/2025\/11\/04\/los-llanos-de-aridane-se-convierte-esta-semana-en-el-epicentro-del-saxofon-internacional\/#breadcrumb\",\"itemListElement\":[{\"@type\":\"ListItem\",\"position\":1,\"name\":\"Portada\",\"item\":\"https:\/\/www.aridane.org\/city\/\"},{\"@type\":\"ListItem\",\"position\":2,\"name\":\"Los Llanos de Aridane se convierte esta semana en el epicentro del saxof\u00f3n internacional\"}]},{\"@type\":\"WebSite\",\"@id\":\"https:\/\/www.aridane.org\/city\/#website\",\"url\":\"https:\/\/www.aridane.org\/city\/\",\"name\":\"Ayuntamiento de Los Llanos de Aridane\",\"description\":\"\",\"potentialAction\":[{\"@type\":\"SearchAction\",\"target\":{\"@type\":\"EntryPoint\",\"urlTemplate\":\"https:\/\/www.aridane.org\/city\/?s={search_term_string}\"},\"query-input\":\"required name=search_term_string\"}],\"inLanguage\":\"es\"},{\"@type\":\"Person\",\"@id\":\"https:\/\/www.aridane.org\/city\/#\/schema\/person\/89ebd376b223dc94cc1dbcf200c8e6da\",\"name\":\"Corresponsal\",\"image\":{\"@type\":\"ImageObject\",\"inLanguage\":\"es\",\"@id\":\"https:\/\/www.aridane.org\/city\/#\/schema\/person\/image\/\",\"url\":\"https:\/\/secure.gravatar.com\/avatar\/1c476992411e4ccf153da63b2b2f5ea0bb4cb1c85f3ceab8512f04325ad5579c?s=96&d=mm&r=g\",\"contentUrl\":\"https:\/\/secure.gravatar.com\/avatar\/1c476992411e4ccf153da63b2b2f5ea0bb4cb1c85f3ceab8512f04325ad5579c?s=96&d=mm&r=g\",\"caption\":\"Corresponsal\"},\"url\":\"https:\/\/www.aridane.org\/city\/author\/corresponsal\/\"}]}<\/script>\n<!-- \/ Yoast SEO plugin. -->","yoast_head_json":{"title":"Los Llanos de Aridane se convierte esta semana en el epicentro del saxof\u00f3n internacional - Ayuntamiento de Los Llanos de Aridane","robots":{"index":"index","follow":"follow","max-snippet":"max-snippet:-1","max-image-preview":"max-image-preview:large","max-video-preview":"max-video-preview:-1"},"canonical":"https:\/\/www.aridane.org\/city\/2025\/11\/04\/los-llanos-de-aridane-se-convierte-esta-semana-en-el-epicentro-del-saxofon-internacional\/","og_locale":"es_ES","og_type":"article","og_title":"Los Llanos de Aridane se convierte esta semana en el epicentro del saxof\u00f3n internacional - Ayuntamiento de Los Llanos de Aridane","og_description":"El prestigioso cuarteto croata Papandopulo Kvartet actuar\u00e1 este viernes en el Espacio Cultural El Secadero","og_url":"https:\/\/www.aridane.org\/city\/2025\/11\/04\/los-llanos-de-aridane-se-convierte-esta-semana-en-el-epicentro-del-saxofon-internacional\/","og_site_name":"Ayuntamiento de Los Llanos de Aridane","article_published_time":"2025-11-04T08:10:59+00:00","article_modified_time":"2025-11-04T08:18:21+00:00","og_image":[{"width":905,"height":1280,"url":"https:\/\/www.aridane.org\/city\/wp-content\/uploads\/2025\/11\/Encuentro-Internacional-de-Saxofon.jpeg","type":"image\/jpeg"}],"author":"Corresponsal","twitter_card":"summary_large_image","twitter_misc":{"Escrito por":"Corresponsal","Tiempo de lectura":"2 minutos"},"schema":{"@context":"https:\/\/schema.org","@graph":[{"@type":"WebPage","@id":"https:\/\/www.aridane.org\/city\/2025\/11\/04\/los-llanos-de-aridane-se-convierte-esta-semana-en-el-epicentro-del-saxofon-internacional\/","url":"https:\/\/www.aridane.org\/city\/2025\/11\/04\/los-llanos-de-aridane-se-convierte-esta-semana-en-el-epicentro-del-saxofon-internacional\/","name":"Los Llanos de Aridane se convierte esta semana en el epicentro del saxof\u00f3n internacional - Ayuntamiento de Los Llanos de Aridane","isPartOf":{"@id":"https:\/\/www.aridane.org\/city\/#website"},"primaryImageOfPage":{"@id":"https:\/\/www.aridane.org\/city\/2025\/11\/04\/los-llanos-de-aridane-se-convierte-esta-semana-en-el-epicentro-del-saxofon-internacional\/#primaryimage"},"image":{"@id":"https:\/\/www.aridane.org\/city\/2025\/11\/04\/los-llanos-de-aridane-se-convierte-esta-semana-en-el-epicentro-del-saxofon-internacional\/#primaryimage"},"thumbnailUrl":"https:\/\/www.aridane.org\/city\/wp-content\/uploads\/2025\/11\/Encuentro-Internacional-de-Saxofon.jpeg","datePublished":"2025-11-04T08:10:59+00:00","dateModified":"2025-11-04T08:18:21+00:00","author":{"@id":"https:\/\/www.aridane.org\/city\/#\/schema\/person\/89ebd376b223dc94cc1dbcf200c8e6da"},"breadcrumb":{"@id":"https:\/\/www.aridane.org\/city\/2025\/11\/04\/los-llanos-de-aridane-se-convierte-esta-semana-en-el-epicentro-del-saxofon-internacional\/#breadcrumb"},"inLanguage":"es","potentialAction":[{"@type":"ReadAction","target":["https:\/\/www.aridane.org\/city\/2025\/11\/04\/los-llanos-de-aridane-se-convierte-esta-semana-en-el-epicentro-del-saxofon-internacional\/"]}]},{"@type":"ImageObject","inLanguage":"es","@id":"https:\/\/www.aridane.org\/city\/2025\/11\/04\/los-llanos-de-aridane-se-convierte-esta-semana-en-el-epicentro-del-saxofon-internacional\/#primaryimage","url":"https:\/\/www.aridane.org\/city\/wp-content\/uploads\/2025\/11\/Encuentro-Internacional-de-Saxofon.jpeg","contentUrl":"https:\/\/www.aridane.org\/city\/wp-content\/uploads\/2025\/11\/Encuentro-Internacional-de-Saxofon.jpeg","width":905,"height":1280},{"@type":"BreadcrumbList","@id":"https:\/\/www.aridane.org\/city\/2025\/11\/04\/los-llanos-de-aridane-se-convierte-esta-semana-en-el-epicentro-del-saxofon-internacional\/#breadcrumb","itemListElement":[{"@type":"ListItem","position":1,"name":"Portada","item":"https:\/\/www.aridane.org\/city\/"},{"@type":"ListItem","position":2,"name":"Los Llanos de Aridane se convierte esta semana en el epicentro del saxof\u00f3n internacional"}]},{"@type":"WebSite","@id":"https:\/\/www.aridane.org\/city\/#website","url":"https:\/\/www.aridane.org\/city\/","name":"Ayuntamiento de Los Llanos de Aridane","description":"","potentialAction":[{"@type":"SearchAction","target":{"@type":"EntryPoint","urlTemplate":"https:\/\/www.aridane.org\/city\/?s={search_term_string}"},"query-input":"required name=search_term_string"}],"inLanguage":"es"},{"@type":"Person","@id":"https:\/\/www.aridane.org\/city\/#\/schema\/person\/89ebd376b223dc94cc1dbcf200c8e6da","name":"Corresponsal","image":{"@type":"ImageObject","inLanguage":"es","@id":"https:\/\/www.aridane.org\/city\/#\/schema\/person\/image\/","url":"https:\/\/secure.gravatar.com\/avatar\/1c476992411e4ccf153da63b2b2f5ea0bb4cb1c85f3ceab8512f04325ad5579c?s=96&d=mm&r=g","contentUrl":"https:\/\/secure.gravatar.com\/avatar\/1c476992411e4ccf153da63b2b2f5ea0bb4cb1c85f3ceab8512f04325ad5579c?s=96&d=mm&r=g","caption":"Corresponsal"},"url":"https:\/\/www.aridane.org\/city\/author\/corresponsal\/"}]}},"_links":{"self":[{"href":"https:\/\/www.aridane.org\/city\/wp-json\/wp\/v2\/posts\/4839","targetHints":{"allow":["GET"]}}],"collection":[{"href":"https:\/\/www.aridane.org\/city\/wp-json\/wp\/v2\/posts"}],"about":[{"href":"https:\/\/www.aridane.org\/city\/wp-json\/wp\/v2\/types\/post"}],"author":[{"embeddable":true,"href":"https:\/\/www.aridane.org\/city\/wp-json\/wp\/v2\/users\/4"}],"replies":[{"embeddable":true,"href":"https:\/\/www.aridane.org\/city\/wp-json\/wp\/v2\/comments?post=4839"}],"version-history":[{"count":1,"href":"https:\/\/www.aridane.org\/city\/wp-json\/wp\/v2\/posts\/4839\/revisions"}],"predecessor-version":[{"id":4841,"href":"https:\/\/www.aridane.org\/city\/wp-json\/wp\/v2\/posts\/4839\/revisions\/4841"}],"wp:featuredmedia":[{"embeddable":true,"href":"https:\/\/www.aridane.org\/city\/wp-json\/wp\/v2\/media\/4840"}],"wp:attachment":[{"href":"https:\/\/www.aridane.org\/city\/wp-json\/wp\/v2\/media?parent=4839"}],"wp:term":[{"taxonomy":"category","embeddable":true,"href":"https:\/\/www.aridane.org\/city\/wp-json\/wp\/v2\/categories?post=4839"},{"taxonomy":"post_tag","embeddable":true,"href":"https:\/\/www.aridane.org\/city\/wp-json\/wp\/v2\/tags?post=4839"}],"curies":[{"name":"wp","href":"https:\/\/api.w.org\/{rel}","templated":true}]}}