{"id":4842,"date":"2025-11-04T11:13:47","date_gmt":"2025-11-04T11:13:47","guid":{"rendered":"https:\/\/www.aridane.org\/city\/?p=4842"},"modified":"2025-11-04T11:13:47","modified_gmt":"2025-11-04T11:13:47","slug":"el-ayuntamiento-de-los-llanos-de-aridane-refuerza-el-ocio-deportivo-con-el-regreso-de-la-milla-urbana","status":"publish","type":"post","link":"https:\/\/www.aridane.org\/city\/2025\/11\/04\/el-ayuntamiento-de-los-llanos-de-aridane-refuerza-el-ocio-deportivo-con-el-regreso-de-la-milla-urbana\/","title":{"rendered":"El Ayuntamiento de Los Llanos de Aridane refuerza el ocio deportivo con el regreso de la Milla Urbana"},"content":{"rendered":"<p><i><span style=\"font-weight: 400;\">La segunda edici\u00f3n de esta prueba de atletismo tendr\u00e1 lugar el pr\u00f3ximo 22 de noviembre por la Avenida Enrique Mederos<\/span><\/i><!--more--><\/p>\n<p><span style=\"font-weight: 400;\">El Ayuntamiento de Los Llanos de Aridane, en colaboraci\u00f3n con la Federaci\u00f3n Insular de Atletismo, presenta la segunda edici\u00f3n de la Milla Urbana. La prueba tendr\u00e1 lugar el pr\u00f3ximo 22 de noviembre desde las 16:30 horas.<\/span><\/p>\n<p><span style=\"font-weight: 400;\">El concejal de Deportes, V\u00edctor Gonz\u00e1lez, incide en la importancia de seguir aumentando la oferta de ocio deportivo en el municipio. \u201cDesde el Consistorio seguimos trabajando para que nuestra ciudadan\u00eda tenga opciones distintas para practicar deporte, adaptadas a los gustos y costumbres de cada uno, con actividades en las que pueden participar personas de todos los p\u00fablicos y edades\u201d, comenta el concejal.<\/span><\/p>\n<p><span style=\"font-weight: 400;\">Adem\u00e1s, Gonz\u00e1lez informa de que la prueba ser\u00e1 puntuable para el Campeonato Insular de Millas. \u201cEste hecho traer\u00e1 varios participantes de otros puntos de la isla, lo cual supone que Los Llanos de Aridane se convertir\u00e1 en el epicentro del atletismo insular durante este d\u00eda\u201d.<\/span><\/p>\n<p><span style=\"font-weight: 400;\">La segunda edici\u00f3n de la Milla Urbana de Los Llanos de Aridane se desarrollar\u00e1 en la Avenida Enrique Mederos, con un recorrido de 400 metros que las personas participantes deber\u00e1n realizar varias veces hasta completar los 1.600 metros de distancia en los que est\u00e1 estipulada la prueba. Adem\u00e1s, habr\u00e1 una categor\u00eda \u2018kids\u2019 para los m\u00e1s peque\u00f1os, con una distancia reducida.<\/span><\/p>\n<p><span style=\"font-weight: 400;\">El plazo de inscripci\u00f3n est\u00e1 disponible hasta el pr\u00f3ximo 16 de noviembre, y podr\u00e1 formalizarse a trav\u00e9s del siguiente enlace: <\/span><a href=\"https:\/\/inscripciones.islabonitatiming.com\/inscripcion\/ii-milla-urbana-los-llanos-de-aridane\/\"><span style=\"font-weight: 400;\">https:\/\/inscripciones.islabonitatiming.com\/inscripcion\/ii-milla-urbana-los-llanos-de-aridane\/<\/span><\/a><span style=\"font-weight: 400;\">\u00a0<\/span><\/p>\n","protected":false},"excerpt":{"rendered":"<p>La segunda edici\u00f3n de esta prueba de atletismo tendr\u00e1 lugar el pr\u00f3ximo 22 de noviembre por la Avenida Enrique Mederos<\/p>\n","protected":false},"author":4,"featured_media":4843,"comment_status":"open","ping_status":"open","sticky":false,"template":"","format":"standard","meta":{"footnotes":""},"categories":[1],"tags":[],"class_list":["post-4842","post","type-post","status-publish","format-standard","has-post-thumbnail","hentry","category-sin-categoria"],"yoast_head":"<!-- This site is optimized with the Yoast SEO plugin v22.7 - https:\/\/yoast.com\/wordpress\/plugins\/seo\/ -->\n<title>El Ayuntamiento de Los Llanos de Aridane refuerza el ocio deportivo con el regreso de la Milla Urbana - Ayuntamiento de Los Llanos de Aridane<\/title>\n<meta name=\"robots\" content=\"index, follow, max-snippet:-1, max-image-preview:large, max-video-preview:-1\" \/>\n<link rel=\"canonical\" href=\"https:\/\/www.aridane.org\/city\/2025\/11\/04\/el-ayuntamiento-de-los-llanos-de-aridane-refuerza-el-ocio-deportivo-con-el-regreso-de-la-milla-urbana\/\" \/>\n<meta property=\"og:locale\" content=\"es_ES\" \/>\n<meta property=\"og:type\" content=\"article\" \/>\n<meta property=\"og:title\" content=\"El Ayuntamiento de Los Llanos de Aridane refuerza el ocio deportivo con el regreso de la Milla Urbana - Ayuntamiento de Los Llanos de Aridane\" \/>\n<meta property=\"og:description\" content=\"La segunda edici\u00f3n de esta prueba de atletismo tendr\u00e1 lugar el pr\u00f3ximo 22 de noviembre por la Avenida Enrique Mederos\" \/>\n<meta property=\"og:url\" content=\"https:\/\/www.aridane.org\/city\/2025\/11\/04\/el-ayuntamiento-de-los-llanos-de-aridane-refuerza-el-ocio-deportivo-con-el-regreso-de-la-milla-urbana\/\" \/>\n<meta property=\"og:site_name\" content=\"Ayuntamiento de Los Llanos de Aridane\" \/>\n<meta property=\"article:published_time\" content=\"2025-11-04T11:13:47+00:00\" \/>\n<meta property=\"og:image\" content=\"https:\/\/www.aridane.org\/city\/wp-content\/uploads\/2025\/11\/NP-Milla-Urbana.jpeg\" \/>\n\t<meta property=\"og:image:width\" content=\"1141\" \/>\n\t<meta property=\"og:image:height\" content=\"1600\" \/>\n\t<meta property=\"og:image:type\" content=\"image\/jpeg\" \/>\n<meta name=\"author\" content=\"Corresponsal\" \/>\n<meta name=\"twitter:card\" content=\"summary_large_image\" \/>\n<meta name=\"twitter:label1\" content=\"Escrito por\" \/>\n\t<meta name=\"twitter:data1\" content=\"Corresponsal\" \/>\n\t<meta name=\"twitter:label2\" content=\"Tiempo de lectura\" \/>\n\t<meta name=\"twitter:data2\" content=\"2 minutos\" \/>\n<script type=\"application\/ld+json\" class=\"yoast-schema-graph\">{\"@context\":\"https:\/\/schema.org\",\"@graph\":[{\"@type\":\"WebPage\",\"@id\":\"https:\/\/www.aridane.org\/city\/2025\/11\/04\/el-ayuntamiento-de-los-llanos-de-aridane-refuerza-el-ocio-deportivo-con-el-regreso-de-la-milla-urbana\/\",\"url\":\"https:\/\/www.aridane.org\/city\/2025\/11\/04\/el-ayuntamiento-de-los-llanos-de-aridane-refuerza-el-ocio-deportivo-con-el-regreso-de-la-milla-urbana\/\",\"name\":\"El Ayuntamiento de Los Llanos de Aridane refuerza el ocio deportivo con el regreso de la Milla Urbana - Ayuntamiento de Los Llanos de Aridane\",\"isPartOf\":{\"@id\":\"https:\/\/www.aridane.org\/city\/#website\"},\"primaryImageOfPage\":{\"@id\":\"https:\/\/www.aridane.org\/city\/2025\/11\/04\/el-ayuntamiento-de-los-llanos-de-aridane-refuerza-el-ocio-deportivo-con-el-regreso-de-la-milla-urbana\/#primaryimage\"},\"image\":{\"@id\":\"https:\/\/www.aridane.org\/city\/2025\/11\/04\/el-ayuntamiento-de-los-llanos-de-aridane-refuerza-el-ocio-deportivo-con-el-regreso-de-la-milla-urbana\/#primaryimage\"},\"thumbnailUrl\":\"https:\/\/www.aridane.org\/city\/wp-content\/uploads\/2025\/11\/NP-Milla-Urbana.jpeg\",\"datePublished\":\"2025-11-04T11:13:47+00:00\",\"dateModified\":\"2025-11-04T11:13:47+00:00\",\"author\":{\"@id\":\"https:\/\/www.aridane.org\/city\/#\/schema\/person\/89ebd376b223dc94cc1dbcf200c8e6da\"},\"breadcrumb\":{\"@id\":\"https:\/\/www.aridane.org\/city\/2025\/11\/04\/el-ayuntamiento-de-los-llanos-de-aridane-refuerza-el-ocio-deportivo-con-el-regreso-de-la-milla-urbana\/#breadcrumb\"},\"inLanguage\":\"es\",\"potentialAction\":[{\"@type\":\"ReadAction\",\"target\":[\"https:\/\/www.aridane.org\/city\/2025\/11\/04\/el-ayuntamiento-de-los-llanos-de-aridane-refuerza-el-ocio-deportivo-con-el-regreso-de-la-milla-urbana\/\"]}]},{\"@type\":\"ImageObject\",\"inLanguage\":\"es\",\"@id\":\"https:\/\/www.aridane.org\/city\/2025\/11\/04\/el-ayuntamiento-de-los-llanos-de-aridane-refuerza-el-ocio-deportivo-con-el-regreso-de-la-milla-urbana\/#primaryimage\",\"url\":\"https:\/\/www.aridane.org\/city\/wp-content\/uploads\/2025\/11\/NP-Milla-Urbana.jpeg\",\"contentUrl\":\"https:\/\/www.aridane.org\/city\/wp-content\/uploads\/2025\/11\/NP-Milla-Urbana.jpeg\",\"width\":1141,\"height\":1600},{\"@type\":\"BreadcrumbList\",\"@id\":\"https:\/\/www.aridane.org\/city\/2025\/11\/04\/el-ayuntamiento-de-los-llanos-de-aridane-refuerza-el-ocio-deportivo-con-el-regreso-de-la-milla-urbana\/#breadcrumb\",\"itemListElement\":[{\"@type\":\"ListItem\",\"position\":1,\"name\":\"Portada\",\"item\":\"https:\/\/www.aridane.org\/city\/\"},{\"@type\":\"ListItem\",\"position\":2,\"name\":\"El Ayuntamiento de Los Llanos de Aridane refuerza el ocio deportivo con el regreso de la Milla Urbana\"}]},{\"@type\":\"WebSite\",\"@id\":\"https:\/\/www.aridane.org\/city\/#website\",\"url\":\"https:\/\/www.aridane.org\/city\/\",\"name\":\"Ayuntamiento de Los Llanos de Aridane\",\"description\":\"\",\"potentialAction\":[{\"@type\":\"SearchAction\",\"target\":{\"@type\":\"EntryPoint\",\"urlTemplate\":\"https:\/\/www.aridane.org\/city\/?s={search_term_string}\"},\"query-input\":\"required name=search_term_string\"}],\"inLanguage\":\"es\"},{\"@type\":\"Person\",\"@id\":\"https:\/\/www.aridane.org\/city\/#\/schema\/person\/89ebd376b223dc94cc1dbcf200c8e6da\",\"name\":\"Corresponsal\",\"image\":{\"@type\":\"ImageObject\",\"inLanguage\":\"es\",\"@id\":\"https:\/\/www.aridane.org\/city\/#\/schema\/person\/image\/\",\"url\":\"https:\/\/secure.gravatar.com\/avatar\/1c476992411e4ccf153da63b2b2f5ea0bb4cb1c85f3ceab8512f04325ad5579c?s=96&d=mm&r=g\",\"contentUrl\":\"https:\/\/secure.gravatar.com\/avatar\/1c476992411e4ccf153da63b2b2f5ea0bb4cb1c85f3ceab8512f04325ad5579c?s=96&d=mm&r=g\",\"caption\":\"Corresponsal\"},\"url\":\"https:\/\/www.aridane.org\/city\/author\/corresponsal\/\"}]}<\/script>\n<!-- \/ Yoast SEO plugin. -->","yoast_head_json":{"title":"El Ayuntamiento de Los Llanos de Aridane refuerza el ocio deportivo con el regreso de la Milla Urbana - Ayuntamiento de Los Llanos de Aridane","robots":{"index":"index","follow":"follow","max-snippet":"max-snippet:-1","max-image-preview":"max-image-preview:large","max-video-preview":"max-video-preview:-1"},"canonical":"https:\/\/www.aridane.org\/city\/2025\/11\/04\/el-ayuntamiento-de-los-llanos-de-aridane-refuerza-el-ocio-deportivo-con-el-regreso-de-la-milla-urbana\/","og_locale":"es_ES","og_type":"article","og_title":"El Ayuntamiento de Los Llanos de Aridane refuerza el ocio deportivo con el regreso de la Milla Urbana - Ayuntamiento de Los Llanos de Aridane","og_description":"La segunda edici\u00f3n de esta prueba de atletismo tendr\u00e1 lugar el pr\u00f3ximo 22 de noviembre por la Avenida Enrique Mederos","og_url":"https:\/\/www.aridane.org\/city\/2025\/11\/04\/el-ayuntamiento-de-los-llanos-de-aridane-refuerza-el-ocio-deportivo-con-el-regreso-de-la-milla-urbana\/","og_site_name":"Ayuntamiento de Los Llanos de Aridane","article_published_time":"2025-11-04T11:13:47+00:00","og_image":[{"width":1141,"height":1600,"url":"https:\/\/www.aridane.org\/city\/wp-content\/uploads\/2025\/11\/NP-Milla-Urbana.jpeg","type":"image\/jpeg"}],"author":"Corresponsal","twitter_card":"summary_large_image","twitter_misc":{"Escrito por":"Corresponsal","Tiempo de lectura":"2 minutos"},"schema":{"@context":"https:\/\/schema.org","@graph":[{"@type":"WebPage","@id":"https:\/\/www.aridane.org\/city\/2025\/11\/04\/el-ayuntamiento-de-los-llanos-de-aridane-refuerza-el-ocio-deportivo-con-el-regreso-de-la-milla-urbana\/","url":"https:\/\/www.aridane.org\/city\/2025\/11\/04\/el-ayuntamiento-de-los-llanos-de-aridane-refuerza-el-ocio-deportivo-con-el-regreso-de-la-milla-urbana\/","name":"El Ayuntamiento de Los Llanos de Aridane refuerza el ocio deportivo con el regreso de la Milla Urbana - Ayuntamiento de Los Llanos de Aridane","isPartOf":{"@id":"https:\/\/www.aridane.org\/city\/#website"},"primaryImageOfPage":{"@id":"https:\/\/www.aridane.org\/city\/2025\/11\/04\/el-ayuntamiento-de-los-llanos-de-aridane-refuerza-el-ocio-deportivo-con-el-regreso-de-la-milla-urbana\/#primaryimage"},"image":{"@id":"https:\/\/www.aridane.org\/city\/2025\/11\/04\/el-ayuntamiento-de-los-llanos-de-aridane-refuerza-el-ocio-deportivo-con-el-regreso-de-la-milla-urbana\/#primaryimage"},"thumbnailUrl":"https:\/\/www.aridane.org\/city\/wp-content\/uploads\/2025\/11\/NP-Milla-Urbana.jpeg","datePublished":"2025-11-04T11:13:47+00:00","dateModified":"2025-11-04T11:13:47+00:00","author":{"@id":"https:\/\/www.aridane.org\/city\/#\/schema\/person\/89ebd376b223dc94cc1dbcf200c8e6da"},"breadcrumb":{"@id":"https:\/\/www.aridane.org\/city\/2025\/11\/04\/el-ayuntamiento-de-los-llanos-de-aridane-refuerza-el-ocio-deportivo-con-el-regreso-de-la-milla-urbana\/#breadcrumb"},"inLanguage":"es","potentialAction":[{"@type":"ReadAction","target":["https:\/\/www.aridane.org\/city\/2025\/11\/04\/el-ayuntamiento-de-los-llanos-de-aridane-refuerza-el-ocio-deportivo-con-el-regreso-de-la-milla-urbana\/"]}]},{"@type":"ImageObject","inLanguage":"es","@id":"https:\/\/www.aridane.org\/city\/2025\/11\/04\/el-ayuntamiento-de-los-llanos-de-aridane-refuerza-el-ocio-deportivo-con-el-regreso-de-la-milla-urbana\/#primaryimage","url":"https:\/\/www.aridane.org\/city\/wp-content\/uploads\/2025\/11\/NP-Milla-Urbana.jpeg","contentUrl":"https:\/\/www.aridane.org\/city\/wp-content\/uploads\/2025\/11\/NP-Milla-Urbana.jpeg","width":1141,"height":1600},{"@type":"BreadcrumbList","@id":"https:\/\/www.aridane.org\/city\/2025\/11\/04\/el-ayuntamiento-de-los-llanos-de-aridane-refuerza-el-ocio-deportivo-con-el-regreso-de-la-milla-urbana\/#breadcrumb","itemListElement":[{"@type":"ListItem","position":1,"name":"Portada","item":"https:\/\/www.aridane.org\/city\/"},{"@type":"ListItem","position":2,"name":"El Ayuntamiento de Los Llanos de Aridane refuerza el ocio deportivo con el regreso de la Milla Urbana"}]},{"@type":"WebSite","@id":"https:\/\/www.aridane.org\/city\/#website","url":"https:\/\/www.aridane.org\/city\/","name":"Ayuntamiento de Los Llanos de Aridane","description":"","potentialAction":[{"@type":"SearchAction","target":{"@type":"EntryPoint","urlTemplate":"https:\/\/www.aridane.org\/city\/?s={search_term_string}"},"query-input":"required name=search_term_string"}],"inLanguage":"es"},{"@type":"Person","@id":"https:\/\/www.aridane.org\/city\/#\/schema\/person\/89ebd376b223dc94cc1dbcf200c8e6da","name":"Corresponsal","image":{"@type":"ImageObject","inLanguage":"es","@id":"https:\/\/www.aridane.org\/city\/#\/schema\/person\/image\/","url":"https:\/\/secure.gravatar.com\/avatar\/1c476992411e4ccf153da63b2b2f5ea0bb4cb1c85f3ceab8512f04325ad5579c?s=96&d=mm&r=g","contentUrl":"https:\/\/secure.gravatar.com\/avatar\/1c476992411e4ccf153da63b2b2f5ea0bb4cb1c85f3ceab8512f04325ad5579c?s=96&d=mm&r=g","caption":"Corresponsal"},"url":"https:\/\/www.aridane.org\/city\/author\/corresponsal\/"}]}},"_links":{"self":[{"href":"https:\/\/www.aridane.org\/city\/wp-json\/wp\/v2\/posts\/4842","targetHints":{"allow":["GET"]}}],"collection":[{"href":"https:\/\/www.aridane.org\/city\/wp-json\/wp\/v2\/posts"}],"about":[{"href":"https:\/\/www.aridane.org\/city\/wp-json\/wp\/v2\/types\/post"}],"author":[{"embeddable":true,"href":"https:\/\/www.aridane.org\/city\/wp-json\/wp\/v2\/users\/4"}],"replies":[{"embeddable":true,"href":"https:\/\/www.aridane.org\/city\/wp-json\/wp\/v2\/comments?post=4842"}],"version-history":[{"count":1,"href":"https:\/\/www.aridane.org\/city\/wp-json\/wp\/v2\/posts\/4842\/revisions"}],"predecessor-version":[{"id":4844,"href":"https:\/\/www.aridane.org\/city\/wp-json\/wp\/v2\/posts\/4842\/revisions\/4844"}],"wp:featuredmedia":[{"embeddable":true,"href":"https:\/\/www.aridane.org\/city\/wp-json\/wp\/v2\/media\/4843"}],"wp:attachment":[{"href":"https:\/\/www.aridane.org\/city\/wp-json\/wp\/v2\/media?parent=4842"}],"wp:term":[{"taxonomy":"category","embeddable":true,"href":"https:\/\/www.aridane.org\/city\/wp-json\/wp\/v2\/categories?post=4842"},{"taxonomy":"post_tag","embeddable":true,"href":"https:\/\/www.aridane.org\/city\/wp-json\/wp\/v2\/tags?post=4842"}],"curies":[{"name":"wp","href":"https:\/\/api.w.org\/{rel}","templated":true}]}}