{"id":4845,"date":"2025-11-05T16:30:48","date_gmt":"2025-11-05T16:30:48","guid":{"rendered":"https:\/\/www.aridane.org\/city\/?p=4845"},"modified":"2025-11-05T16:30:48","modified_gmt":"2025-11-05T16:30:48","slug":"javier-llamas-celebra-que-los-llanos-de-aridane-sea-sede-de-la-pau-en-la-palma","status":"publish","type":"post","link":"https:\/\/www.aridane.org\/city\/2025\/11\/05\/javier-llamas-celebra-que-los-llanos-de-aridane-sea-sede-de-la-pau-en-la-palma\/","title":{"rendered":"Javier Llamas celebra que Los Llanos de Aridane sea sede de la PAU en La Palma"},"content":{"rendered":"<p><em>A la espera de m\u00e1s detalles de la Consejer\u00eda de Educaci\u00f3n, celebra que finalmente se haya o\u00eddo su petici\u00f3n, que beneficiar\u00e1 al alumnado de los centros de la zona oeste de La Palma<\/em><!--more--><\/p>\n<div id=\"v1forwardbody1\">\n<p>El alcalde de Los Llanos de Aridane, Javier Llamas, celebra que el municipio se convierta oficialmente en sede de las Pruebas de Acceso a la Universidad (PAU) en La Palma, junto a la ya existente en Santa Cruz de La Palma. \u201cLa medida, consensuada con los centros educativos de la comarca, permitir\u00e1 reducir desplazamientos y facilitar el acceso a cientos de estudiantes del oeste de la isla\u201d, afirma.<\/p>\n<p>Llamas destaca que este logro, sobre el que a\u00fan faltan detalles por parte de la Consejer\u00eda de Educaci\u00f3n del Gobierno de Canarias, es fruto de un trabajo conjunto con dicho departamento del Ejecutivo regional y con la Universidad de La Laguna.<\/p>\n<p>\u201cEn octubre solicit\u00e1bamos que Los Llanos de Aridane fuera una de las sedes, a la vista de la noticia de que Morro Jable se convert\u00eda en segunda sede en Fuerteventura. Trabajamos con el objetivo de garantizar que todos los j\u00f3venes de Los Llanos de Aridane y de nuestra comarca tengan las mismas oportunidades, sin verse condicionados por las distancias o las dificultades del transporte\u201d, apunta.<\/p>\n<p>El alcalde recuerda que Los Llanos de Aridane es el n\u00facleo urbano m\u00e1s poblado de la isla y un punto de referencia para toda la comarca oeste, donde se concentran los institutos IES Eusebio Barreto Lorenzo e IES Jos\u00e9 Mar\u00eda P\u00e9rez Pulido, adem\u00e1s del IES El Paso y el IES Puntagorda, que acogen tambi\u00e9n a alumnado procedente de municipios como Tazacorte, Tijarafe, Garaf\u00eda o Fuencaliente.<\/p>\n<p>Desde el Ayuntamiento de Los Llanos de Aridane se celebra esta decisi\u00f3n que consolida al municipio como centro educativo de referencia en el \u00e1mbito insular, y reitera su compromiso con la comunidad estudiantil y con la igualdad de oportunidades en el acceso a la educaci\u00f3n superior.<\/p>\n<p>En este sentido, el alcalde y diputado auton\u00f3mico, Javier Llamas, trasladar\u00e1 en el pr\u00f3ximo pleno del Parlamento de Canarias una pregunta al consejero de Educaci\u00f3n, Poli Su\u00e1rez, para conocer el estado de los centros integrados de Formaci\u00f3n Profesional en La Palma y los avances del previsto en Los Llanos de Aridane. \u201cSe trata de una infraestructura esencial para el municipio, que avanza en su consolidaci\u00f3n como referente educativo de la isla con la reciente incorporaci\u00f3n de la sede de las Pruebas de Acceso a la Universidad y el impulso de la formaci\u00f3n profesional\u201d, a\u00f1ade.<\/p>\n<\/div>\n","protected":false},"excerpt":{"rendered":"<p>A la espera de m\u00e1s detalles de la Consejer\u00eda de Educaci\u00f3n, celebra que finalmente se haya o\u00eddo su petici\u00f3n, que beneficiar\u00e1 al alumnado de los centros de la zona oeste de La Palma<\/p>\n","protected":false},"author":4,"featured_media":4846,"comment_status":"open","ping_status":"open","sticky":false,"template":"","format":"standard","meta":{"footnotes":""},"categories":[1],"tags":[],"class_list":["post-4845","post","type-post","status-publish","format-standard","has-post-thumbnail","hentry","category-sin-categoria"],"yoast_head":"<!-- This site is optimized with the Yoast SEO plugin v22.7 - https:\/\/yoast.com\/wordpress\/plugins\/seo\/ -->\n<title>Javier Llamas celebra que Los Llanos de Aridane sea sede de la PAU en La Palma - Ayuntamiento de Los Llanos de Aridane<\/title>\n<meta name=\"robots\" content=\"index, follow, max-snippet:-1, max-image-preview:large, max-video-preview:-1\" \/>\n<link rel=\"canonical\" href=\"https:\/\/www.aridane.org\/city\/2025\/11\/05\/javier-llamas-celebra-que-los-llanos-de-aridane-sea-sede-de-la-pau-en-la-palma\/\" \/>\n<meta property=\"og:locale\" content=\"es_ES\" \/>\n<meta property=\"og:type\" content=\"article\" \/>\n<meta property=\"og:title\" content=\"Javier Llamas celebra que Los Llanos de Aridane sea sede de la PAU en La Palma - Ayuntamiento de Los Llanos de Aridane\" \/>\n<meta property=\"og:description\" content=\"A la espera de m\u00e1s detalles de la Consejer\u00eda de Educaci\u00f3n, celebra que finalmente se haya o\u00eddo su petici\u00f3n, que beneficiar\u00e1 al alumnado de los centros de la zona oeste de La Palma\" \/>\n<meta property=\"og:url\" content=\"https:\/\/www.aridane.org\/city\/2025\/11\/05\/javier-llamas-celebra-que-los-llanos-de-aridane-sea-sede-de-la-pau-en-la-palma\/\" \/>\n<meta property=\"og:site_name\" content=\"Ayuntamiento de Los Llanos de Aridane\" \/>\n<meta property=\"article:published_time\" content=\"2025-11-05T16:30:48+00:00\" \/>\n<meta property=\"og:image\" content=\"https:\/\/www.aridane.org\/city\/wp-content\/uploads\/2025\/11\/IMG_1829-scaled.jpeg\" \/>\n\t<meta property=\"og:image:width\" content=\"2560\" \/>\n\t<meta property=\"og:image:height\" content=\"1920\" \/>\n\t<meta property=\"og:image:type\" content=\"image\/jpeg\" \/>\n<meta name=\"author\" content=\"Corresponsal\" \/>\n<meta name=\"twitter:card\" content=\"summary_large_image\" \/>\n<meta name=\"twitter:label1\" content=\"Escrito por\" \/>\n\t<meta name=\"twitter:data1\" content=\"Corresponsal\" \/>\n\t<meta name=\"twitter:label2\" content=\"Tiempo de lectura\" \/>\n\t<meta name=\"twitter:data2\" content=\"3 minutos\" \/>\n<script type=\"application\/ld+json\" class=\"yoast-schema-graph\">{\"@context\":\"https:\/\/schema.org\",\"@graph\":[{\"@type\":\"WebPage\",\"@id\":\"https:\/\/www.aridane.org\/city\/2025\/11\/05\/javier-llamas-celebra-que-los-llanos-de-aridane-sea-sede-de-la-pau-en-la-palma\/\",\"url\":\"https:\/\/www.aridane.org\/city\/2025\/11\/05\/javier-llamas-celebra-que-los-llanos-de-aridane-sea-sede-de-la-pau-en-la-palma\/\",\"name\":\"Javier Llamas celebra que Los Llanos de Aridane sea sede de la PAU en La Palma - Ayuntamiento de Los Llanos de Aridane\",\"isPartOf\":{\"@id\":\"https:\/\/www.aridane.org\/city\/#website\"},\"primaryImageOfPage\":{\"@id\":\"https:\/\/www.aridane.org\/city\/2025\/11\/05\/javier-llamas-celebra-que-los-llanos-de-aridane-sea-sede-de-la-pau-en-la-palma\/#primaryimage\"},\"image\":{\"@id\":\"https:\/\/www.aridane.org\/city\/2025\/11\/05\/javier-llamas-celebra-que-los-llanos-de-aridane-sea-sede-de-la-pau-en-la-palma\/#primaryimage\"},\"thumbnailUrl\":\"https:\/\/www.aridane.org\/city\/wp-content\/uploads\/2025\/11\/IMG_1829-scaled.jpeg\",\"datePublished\":\"2025-11-05T16:30:48+00:00\",\"dateModified\":\"2025-11-05T16:30:48+00:00\",\"author\":{\"@id\":\"https:\/\/www.aridane.org\/city\/#\/schema\/person\/89ebd376b223dc94cc1dbcf200c8e6da\"},\"breadcrumb\":{\"@id\":\"https:\/\/www.aridane.org\/city\/2025\/11\/05\/javier-llamas-celebra-que-los-llanos-de-aridane-sea-sede-de-la-pau-en-la-palma\/#breadcrumb\"},\"inLanguage\":\"es\",\"potentialAction\":[{\"@type\":\"ReadAction\",\"target\":[\"https:\/\/www.aridane.org\/city\/2025\/11\/05\/javier-llamas-celebra-que-los-llanos-de-aridane-sea-sede-de-la-pau-en-la-palma\/\"]}]},{\"@type\":\"ImageObject\",\"inLanguage\":\"es\",\"@id\":\"https:\/\/www.aridane.org\/city\/2025\/11\/05\/javier-llamas-celebra-que-los-llanos-de-aridane-sea-sede-de-la-pau-en-la-palma\/#primaryimage\",\"url\":\"https:\/\/www.aridane.org\/city\/wp-content\/uploads\/2025\/11\/IMG_1829-scaled.jpeg\",\"contentUrl\":\"https:\/\/www.aridane.org\/city\/wp-content\/uploads\/2025\/11\/IMG_1829-scaled.jpeg\",\"width\":2560,\"height\":1920},{\"@type\":\"BreadcrumbList\",\"@id\":\"https:\/\/www.aridane.org\/city\/2025\/11\/05\/javier-llamas-celebra-que-los-llanos-de-aridane-sea-sede-de-la-pau-en-la-palma\/#breadcrumb\",\"itemListElement\":[{\"@type\":\"ListItem\",\"position\":1,\"name\":\"Portada\",\"item\":\"https:\/\/www.aridane.org\/city\/\"},{\"@type\":\"ListItem\",\"position\":2,\"name\":\"Javier Llamas celebra que Los Llanos de Aridane sea sede de la PAU en La Palma\"}]},{\"@type\":\"WebSite\",\"@id\":\"https:\/\/www.aridane.org\/city\/#website\",\"url\":\"https:\/\/www.aridane.org\/city\/\",\"name\":\"Ayuntamiento de Los Llanos de Aridane\",\"description\":\"\",\"potentialAction\":[{\"@type\":\"SearchAction\",\"target\":{\"@type\":\"EntryPoint\",\"urlTemplate\":\"https:\/\/www.aridane.org\/city\/?s={search_term_string}\"},\"query-input\":\"required name=search_term_string\"}],\"inLanguage\":\"es\"},{\"@type\":\"Person\",\"@id\":\"https:\/\/www.aridane.org\/city\/#\/schema\/person\/89ebd376b223dc94cc1dbcf200c8e6da\",\"name\":\"Corresponsal\",\"image\":{\"@type\":\"ImageObject\",\"inLanguage\":\"es\",\"@id\":\"https:\/\/www.aridane.org\/city\/#\/schema\/person\/image\/\",\"url\":\"https:\/\/secure.gravatar.com\/avatar\/1c476992411e4ccf153da63b2b2f5ea0bb4cb1c85f3ceab8512f04325ad5579c?s=96&d=mm&r=g\",\"contentUrl\":\"https:\/\/secure.gravatar.com\/avatar\/1c476992411e4ccf153da63b2b2f5ea0bb4cb1c85f3ceab8512f04325ad5579c?s=96&d=mm&r=g\",\"caption\":\"Corresponsal\"},\"url\":\"https:\/\/www.aridane.org\/city\/author\/corresponsal\/\"}]}<\/script>\n<!-- \/ Yoast SEO plugin. -->","yoast_head_json":{"title":"Javier Llamas celebra que Los Llanos de Aridane sea sede de la PAU en La Palma - Ayuntamiento de Los Llanos de Aridane","robots":{"index":"index","follow":"follow","max-snippet":"max-snippet:-1","max-image-preview":"max-image-preview:large","max-video-preview":"max-video-preview:-1"},"canonical":"https:\/\/www.aridane.org\/city\/2025\/11\/05\/javier-llamas-celebra-que-los-llanos-de-aridane-sea-sede-de-la-pau-en-la-palma\/","og_locale":"es_ES","og_type":"article","og_title":"Javier Llamas celebra que Los Llanos de Aridane sea sede de la PAU en La Palma - Ayuntamiento de Los Llanos de Aridane","og_description":"A la espera de m\u00e1s detalles de la Consejer\u00eda de Educaci\u00f3n, celebra que finalmente se haya o\u00eddo su petici\u00f3n, que beneficiar\u00e1 al alumnado de los centros de la zona oeste de La Palma","og_url":"https:\/\/www.aridane.org\/city\/2025\/11\/05\/javier-llamas-celebra-que-los-llanos-de-aridane-sea-sede-de-la-pau-en-la-palma\/","og_site_name":"Ayuntamiento de Los Llanos de Aridane","article_published_time":"2025-11-05T16:30:48+00:00","og_image":[{"width":2560,"height":1920,"url":"https:\/\/www.aridane.org\/city\/wp-content\/uploads\/2025\/11\/IMG_1829-scaled.jpeg","type":"image\/jpeg"}],"author":"Corresponsal","twitter_card":"summary_large_image","twitter_misc":{"Escrito por":"Corresponsal","Tiempo de lectura":"3 minutos"},"schema":{"@context":"https:\/\/schema.org","@graph":[{"@type":"WebPage","@id":"https:\/\/www.aridane.org\/city\/2025\/11\/05\/javier-llamas-celebra-que-los-llanos-de-aridane-sea-sede-de-la-pau-en-la-palma\/","url":"https:\/\/www.aridane.org\/city\/2025\/11\/05\/javier-llamas-celebra-que-los-llanos-de-aridane-sea-sede-de-la-pau-en-la-palma\/","name":"Javier Llamas celebra que Los Llanos de Aridane sea sede de la PAU en La Palma - Ayuntamiento de Los Llanos de Aridane","isPartOf":{"@id":"https:\/\/www.aridane.org\/city\/#website"},"primaryImageOfPage":{"@id":"https:\/\/www.aridane.org\/city\/2025\/11\/05\/javier-llamas-celebra-que-los-llanos-de-aridane-sea-sede-de-la-pau-en-la-palma\/#primaryimage"},"image":{"@id":"https:\/\/www.aridane.org\/city\/2025\/11\/05\/javier-llamas-celebra-que-los-llanos-de-aridane-sea-sede-de-la-pau-en-la-palma\/#primaryimage"},"thumbnailUrl":"https:\/\/www.aridane.org\/city\/wp-content\/uploads\/2025\/11\/IMG_1829-scaled.jpeg","datePublished":"2025-11-05T16:30:48+00:00","dateModified":"2025-11-05T16:30:48+00:00","author":{"@id":"https:\/\/www.aridane.org\/city\/#\/schema\/person\/89ebd376b223dc94cc1dbcf200c8e6da"},"breadcrumb":{"@id":"https:\/\/www.aridane.org\/city\/2025\/11\/05\/javier-llamas-celebra-que-los-llanos-de-aridane-sea-sede-de-la-pau-en-la-palma\/#breadcrumb"},"inLanguage":"es","potentialAction":[{"@type":"ReadAction","target":["https:\/\/www.aridane.org\/city\/2025\/11\/05\/javier-llamas-celebra-que-los-llanos-de-aridane-sea-sede-de-la-pau-en-la-palma\/"]}]},{"@type":"ImageObject","inLanguage":"es","@id":"https:\/\/www.aridane.org\/city\/2025\/11\/05\/javier-llamas-celebra-que-los-llanos-de-aridane-sea-sede-de-la-pau-en-la-palma\/#primaryimage","url":"https:\/\/www.aridane.org\/city\/wp-content\/uploads\/2025\/11\/IMG_1829-scaled.jpeg","contentUrl":"https:\/\/www.aridane.org\/city\/wp-content\/uploads\/2025\/11\/IMG_1829-scaled.jpeg","width":2560,"height":1920},{"@type":"BreadcrumbList","@id":"https:\/\/www.aridane.org\/city\/2025\/11\/05\/javier-llamas-celebra-que-los-llanos-de-aridane-sea-sede-de-la-pau-en-la-palma\/#breadcrumb","itemListElement":[{"@type":"ListItem","position":1,"name":"Portada","item":"https:\/\/www.aridane.org\/city\/"},{"@type":"ListItem","position":2,"name":"Javier Llamas celebra que Los Llanos de Aridane sea sede de la PAU en La Palma"}]},{"@type":"WebSite","@id":"https:\/\/www.aridane.org\/city\/#website","url":"https:\/\/www.aridane.org\/city\/","name":"Ayuntamiento de Los Llanos de Aridane","description":"","potentialAction":[{"@type":"SearchAction","target":{"@type":"EntryPoint","urlTemplate":"https:\/\/www.aridane.org\/city\/?s={search_term_string}"},"query-input":"required name=search_term_string"}],"inLanguage":"es"},{"@type":"Person","@id":"https:\/\/www.aridane.org\/city\/#\/schema\/person\/89ebd376b223dc94cc1dbcf200c8e6da","name":"Corresponsal","image":{"@type":"ImageObject","inLanguage":"es","@id":"https:\/\/www.aridane.org\/city\/#\/schema\/person\/image\/","url":"https:\/\/secure.gravatar.com\/avatar\/1c476992411e4ccf153da63b2b2f5ea0bb4cb1c85f3ceab8512f04325ad5579c?s=96&d=mm&r=g","contentUrl":"https:\/\/secure.gravatar.com\/avatar\/1c476992411e4ccf153da63b2b2f5ea0bb4cb1c85f3ceab8512f04325ad5579c?s=96&d=mm&r=g","caption":"Corresponsal"},"url":"https:\/\/www.aridane.org\/city\/author\/corresponsal\/"}]}},"_links":{"self":[{"href":"https:\/\/www.aridane.org\/city\/wp-json\/wp\/v2\/posts\/4845","targetHints":{"allow":["GET"]}}],"collection":[{"href":"https:\/\/www.aridane.org\/city\/wp-json\/wp\/v2\/posts"}],"about":[{"href":"https:\/\/www.aridane.org\/city\/wp-json\/wp\/v2\/types\/post"}],"author":[{"embeddable":true,"href":"https:\/\/www.aridane.org\/city\/wp-json\/wp\/v2\/users\/4"}],"replies":[{"embeddable":true,"href":"https:\/\/www.aridane.org\/city\/wp-json\/wp\/v2\/comments?post=4845"}],"version-history":[{"count":1,"href":"https:\/\/www.aridane.org\/city\/wp-json\/wp\/v2\/posts\/4845\/revisions"}],"predecessor-version":[{"id":4847,"href":"https:\/\/www.aridane.org\/city\/wp-json\/wp\/v2\/posts\/4845\/revisions\/4847"}],"wp:featuredmedia":[{"embeddable":true,"href":"https:\/\/www.aridane.org\/city\/wp-json\/wp\/v2\/media\/4846"}],"wp:attachment":[{"href":"https:\/\/www.aridane.org\/city\/wp-json\/wp\/v2\/media?parent=4845"}],"wp:term":[{"taxonomy":"category","embeddable":true,"href":"https:\/\/www.aridane.org\/city\/wp-json\/wp\/v2\/categories?post=4845"},{"taxonomy":"post_tag","embeddable":true,"href":"https:\/\/www.aridane.org\/city\/wp-json\/wp\/v2\/tags?post=4845"}],"curies":[{"name":"wp","href":"https:\/\/api.w.org\/{rel}","templated":true}]}}