{"id":4849,"date":"2025-11-04T08:35:49","date_gmt":"2025-11-04T08:35:49","guid":{"rendered":"https:\/\/www.aridane.org\/city\/?p=4849"},"modified":"2025-11-07T08:36:28","modified_gmt":"2025-11-07T08:36:28","slug":"el-ayuntamiento-de-los-llanos-abre-el-concurso-del-cartel-del-carnaval-2026-dedicado-a-los-cuentos-de-hadas","status":"publish","type":"post","link":"https:\/\/www.aridane.org\/city\/2025\/11\/04\/el-ayuntamiento-de-los-llanos-abre-el-concurso-del-cartel-del-carnaval-2026-dedicado-a-los-cuentos-de-hadas\/","title":{"rendered":"El Ayuntamiento de Los Llanos abre el concurso del cartel del Carnaval 2026, dedicado a los cuentos de hadas"},"content":{"rendered":"<p><em>El plazo de presentaci\u00f3n de las obras finalizar\u00e1 el pr\u00f3ximo 30 de noviembre<\/em><!--more--><\/p>\n<p>El Ayuntamiento de Los Llanos de Aridane abre la convocatoria del Concurso para la elecci\u00f3n del Cartel del Carnaval 2026, que este a\u00f1o estar\u00e1 inspirado en los cuentos de hadas. La iniciativa busca promover la creatividad y la participaci\u00f3n ciudadana, al tiempo que refuerza la identidad de unas fiestas que forman parte del patrimonio cultural del municipio.<\/p>\n<p>El concejal de Fiestas, \u00c1lvaro Pages, destaca que \u201cel Carnaval de Los Llanos de Aridane es una de las celebraciones m\u00e1s queridas y participativas del municipio, y este concurso permite que nuestros vecinos y vecinas formen parte activa de su identidad desde la creaci\u00f3n art\u00edstica\u201d. Adem\u00e1s, sostiene que \u201cla tem\u00e1tica elegida abre un abanico de posibilidades creativas que, sin duda, se reflejar\u00e1n en propuestas originales y llenas de imaginaci\u00f3n\u201d.<\/p>\n<p>El plazo de presentaci\u00f3n de las obras finalizar\u00e1 el 30 de noviembre de 2025, pudiendo cada participante presentar un m\u00e1ximo de tres propuestas. El jurado, compuesto por profesionales del \u00e1mbito art\u00edstico y cultural, dar\u00e1 a conocer el fallo y proclamar\u00e1 la obra ganadora durante la semana del 1 de diciembre.<\/p>\n<p>El autor o autora del cartel seleccionado recibir\u00e1 un premio \u00fanico de 500 euros.<\/p>\n<p>Las personas interesadas en participar pueden encontrar la informaci\u00f3n necesaria de forma presencial en el Departamento de Fiestas en las dependencia municipales, en la web del Ayuntamiento\u00a0<a href=\"http:\/\/www.aridane.org\/\" target=\"_blank\" rel=\"noopener noreferrer\">www.aridane.org<\/a>\u00a0o bien enviando un correo electr\u00f3nico a la Concejal\u00eda de Fiestas,\u00a0<a href=\"mailto:fiestas@aridane.org\" rel=\"noreferrer\">fiestas@aridane.org<\/a>.<\/p>\n","protected":false},"excerpt":{"rendered":"<p>El plazo de presentaci\u00f3n de las obras finalizar\u00e1 el pr\u00f3ximo 30 de noviembre<\/p>\n","protected":false},"author":4,"featured_media":4850,"comment_status":"open","ping_status":"open","sticky":false,"template":"","format":"standard","meta":{"footnotes":""},"categories":[1],"tags":[],"class_list":["post-4849","post","type-post","status-publish","format-standard","has-post-thumbnail","hentry","category-sin-categoria"],"yoast_head":"<!-- This site is optimized with the Yoast SEO plugin v22.7 - https:\/\/yoast.com\/wordpress\/plugins\/seo\/ -->\n<title>El Ayuntamiento de Los Llanos abre el concurso del cartel del Carnaval 2026, dedicado a los cuentos de hadas - Ayuntamiento de Los Llanos de Aridane<\/title>\n<meta name=\"robots\" content=\"index, follow, max-snippet:-1, max-image-preview:large, max-video-preview:-1\" \/>\n<link rel=\"canonical\" href=\"https:\/\/www.aridane.org\/city\/2025\/11\/04\/el-ayuntamiento-de-los-llanos-abre-el-concurso-del-cartel-del-carnaval-2026-dedicado-a-los-cuentos-de-hadas\/\" \/>\n<meta property=\"og:locale\" content=\"es_ES\" \/>\n<meta property=\"og:type\" content=\"article\" \/>\n<meta property=\"og:title\" content=\"El Ayuntamiento de Los Llanos abre el concurso del cartel del Carnaval 2026, dedicado a los cuentos de hadas - Ayuntamiento de Los Llanos de Aridane\" \/>\n<meta property=\"og:description\" content=\"El plazo de presentaci\u00f3n de las obras finalizar\u00e1 el pr\u00f3ximo 30 de noviembre\" \/>\n<meta property=\"og:url\" content=\"https:\/\/www.aridane.org\/city\/2025\/11\/04\/el-ayuntamiento-de-los-llanos-abre-el-concurso-del-cartel-del-carnaval-2026-dedicado-a-los-cuentos-de-hadas\/\" \/>\n<meta property=\"og:site_name\" content=\"Ayuntamiento de Los Llanos de Aridane\" \/>\n<meta property=\"article:published_time\" content=\"2025-11-04T08:35:49+00:00\" \/>\n<meta property=\"article:modified_time\" content=\"2025-11-07T08:36:28+00:00\" \/>\n<meta property=\"og:image\" content=\"https:\/\/www.aridane.org\/city\/wp-content\/uploads\/2025\/11\/NP-Cartel-Carnaval.jpg\" \/>\n\t<meta property=\"og:image:width\" content=\"1064\" \/>\n\t<meta property=\"og:image:height\" content=\"707\" \/>\n\t<meta property=\"og:image:type\" content=\"image\/jpeg\" \/>\n<meta name=\"author\" content=\"Corresponsal\" \/>\n<meta name=\"twitter:card\" content=\"summary_large_image\" \/>\n<meta name=\"twitter:label1\" content=\"Escrito por\" \/>\n\t<meta name=\"twitter:data1\" content=\"Corresponsal\" \/>\n\t<meta name=\"twitter:label2\" content=\"Tiempo de lectura\" \/>\n\t<meta name=\"twitter:data2\" content=\"2 minutos\" \/>\n<script type=\"application\/ld+json\" class=\"yoast-schema-graph\">{\"@context\":\"https:\/\/schema.org\",\"@graph\":[{\"@type\":\"WebPage\",\"@id\":\"https:\/\/www.aridane.org\/city\/2025\/11\/04\/el-ayuntamiento-de-los-llanos-abre-el-concurso-del-cartel-del-carnaval-2026-dedicado-a-los-cuentos-de-hadas\/\",\"url\":\"https:\/\/www.aridane.org\/city\/2025\/11\/04\/el-ayuntamiento-de-los-llanos-abre-el-concurso-del-cartel-del-carnaval-2026-dedicado-a-los-cuentos-de-hadas\/\",\"name\":\"El Ayuntamiento de Los Llanos abre el concurso del cartel del Carnaval 2026, dedicado a los cuentos de hadas - Ayuntamiento de Los Llanos de Aridane\",\"isPartOf\":{\"@id\":\"https:\/\/www.aridane.org\/city\/#website\"},\"primaryImageOfPage\":{\"@id\":\"https:\/\/www.aridane.org\/city\/2025\/11\/04\/el-ayuntamiento-de-los-llanos-abre-el-concurso-del-cartel-del-carnaval-2026-dedicado-a-los-cuentos-de-hadas\/#primaryimage\"},\"image\":{\"@id\":\"https:\/\/www.aridane.org\/city\/2025\/11\/04\/el-ayuntamiento-de-los-llanos-abre-el-concurso-del-cartel-del-carnaval-2026-dedicado-a-los-cuentos-de-hadas\/#primaryimage\"},\"thumbnailUrl\":\"https:\/\/www.aridane.org\/city\/wp-content\/uploads\/2025\/11\/NP-Cartel-Carnaval.jpg\",\"datePublished\":\"2025-11-04T08:35:49+00:00\",\"dateModified\":\"2025-11-07T08:36:28+00:00\",\"author\":{\"@id\":\"https:\/\/www.aridane.org\/city\/#\/schema\/person\/89ebd376b223dc94cc1dbcf200c8e6da\"},\"breadcrumb\":{\"@id\":\"https:\/\/www.aridane.org\/city\/2025\/11\/04\/el-ayuntamiento-de-los-llanos-abre-el-concurso-del-cartel-del-carnaval-2026-dedicado-a-los-cuentos-de-hadas\/#breadcrumb\"},\"inLanguage\":\"es\",\"potentialAction\":[{\"@type\":\"ReadAction\",\"target\":[\"https:\/\/www.aridane.org\/city\/2025\/11\/04\/el-ayuntamiento-de-los-llanos-abre-el-concurso-del-cartel-del-carnaval-2026-dedicado-a-los-cuentos-de-hadas\/\"]}]},{\"@type\":\"ImageObject\",\"inLanguage\":\"es\",\"@id\":\"https:\/\/www.aridane.org\/city\/2025\/11\/04\/el-ayuntamiento-de-los-llanos-abre-el-concurso-del-cartel-del-carnaval-2026-dedicado-a-los-cuentos-de-hadas\/#primaryimage\",\"url\":\"https:\/\/www.aridane.org\/city\/wp-content\/uploads\/2025\/11\/NP-Cartel-Carnaval.jpg\",\"contentUrl\":\"https:\/\/www.aridane.org\/city\/wp-content\/uploads\/2025\/11\/NP-Cartel-Carnaval.jpg\",\"width\":1064,\"height\":707},{\"@type\":\"BreadcrumbList\",\"@id\":\"https:\/\/www.aridane.org\/city\/2025\/11\/04\/el-ayuntamiento-de-los-llanos-abre-el-concurso-del-cartel-del-carnaval-2026-dedicado-a-los-cuentos-de-hadas\/#breadcrumb\",\"itemListElement\":[{\"@type\":\"ListItem\",\"position\":1,\"name\":\"Portada\",\"item\":\"https:\/\/www.aridane.org\/city\/\"},{\"@type\":\"ListItem\",\"position\":2,\"name\":\"El Ayuntamiento de Los Llanos abre el concurso del cartel del Carnaval 2026, dedicado a los cuentos de hadas\"}]},{\"@type\":\"WebSite\",\"@id\":\"https:\/\/www.aridane.org\/city\/#website\",\"url\":\"https:\/\/www.aridane.org\/city\/\",\"name\":\"Ayuntamiento de Los Llanos de Aridane\",\"description\":\"\",\"potentialAction\":[{\"@type\":\"SearchAction\",\"target\":{\"@type\":\"EntryPoint\",\"urlTemplate\":\"https:\/\/www.aridane.org\/city\/?s={search_term_string}\"},\"query-input\":\"required name=search_term_string\"}],\"inLanguage\":\"es\"},{\"@type\":\"Person\",\"@id\":\"https:\/\/www.aridane.org\/city\/#\/schema\/person\/89ebd376b223dc94cc1dbcf200c8e6da\",\"name\":\"Corresponsal\",\"image\":{\"@type\":\"ImageObject\",\"inLanguage\":\"es\",\"@id\":\"https:\/\/www.aridane.org\/city\/#\/schema\/person\/image\/\",\"url\":\"https:\/\/secure.gravatar.com\/avatar\/1c476992411e4ccf153da63b2b2f5ea0bb4cb1c85f3ceab8512f04325ad5579c?s=96&d=mm&r=g\",\"contentUrl\":\"https:\/\/secure.gravatar.com\/avatar\/1c476992411e4ccf153da63b2b2f5ea0bb4cb1c85f3ceab8512f04325ad5579c?s=96&d=mm&r=g\",\"caption\":\"Corresponsal\"},\"url\":\"https:\/\/www.aridane.org\/city\/author\/corresponsal\/\"}]}<\/script>\n<!-- \/ Yoast SEO plugin. -->","yoast_head_json":{"title":"El Ayuntamiento de Los Llanos abre el concurso del cartel del Carnaval 2026, dedicado a los cuentos de hadas - Ayuntamiento de Los Llanos de Aridane","robots":{"index":"index","follow":"follow","max-snippet":"max-snippet:-1","max-image-preview":"max-image-preview:large","max-video-preview":"max-video-preview:-1"},"canonical":"https:\/\/www.aridane.org\/city\/2025\/11\/04\/el-ayuntamiento-de-los-llanos-abre-el-concurso-del-cartel-del-carnaval-2026-dedicado-a-los-cuentos-de-hadas\/","og_locale":"es_ES","og_type":"article","og_title":"El Ayuntamiento de Los Llanos abre el concurso del cartel del Carnaval 2026, dedicado a los cuentos de hadas - Ayuntamiento de Los Llanos de Aridane","og_description":"El plazo de presentaci\u00f3n de las obras finalizar\u00e1 el pr\u00f3ximo 30 de noviembre","og_url":"https:\/\/www.aridane.org\/city\/2025\/11\/04\/el-ayuntamiento-de-los-llanos-abre-el-concurso-del-cartel-del-carnaval-2026-dedicado-a-los-cuentos-de-hadas\/","og_site_name":"Ayuntamiento de Los Llanos de Aridane","article_published_time":"2025-11-04T08:35:49+00:00","article_modified_time":"2025-11-07T08:36:28+00:00","og_image":[{"width":1064,"height":707,"url":"https:\/\/www.aridane.org\/city\/wp-content\/uploads\/2025\/11\/NP-Cartel-Carnaval.jpg","type":"image\/jpeg"}],"author":"Corresponsal","twitter_card":"summary_large_image","twitter_misc":{"Escrito por":"Corresponsal","Tiempo de lectura":"2 minutos"},"schema":{"@context":"https:\/\/schema.org","@graph":[{"@type":"WebPage","@id":"https:\/\/www.aridane.org\/city\/2025\/11\/04\/el-ayuntamiento-de-los-llanos-abre-el-concurso-del-cartel-del-carnaval-2026-dedicado-a-los-cuentos-de-hadas\/","url":"https:\/\/www.aridane.org\/city\/2025\/11\/04\/el-ayuntamiento-de-los-llanos-abre-el-concurso-del-cartel-del-carnaval-2026-dedicado-a-los-cuentos-de-hadas\/","name":"El Ayuntamiento de Los Llanos abre el concurso del cartel del Carnaval 2026, dedicado a los cuentos de hadas - Ayuntamiento de Los Llanos de Aridane","isPartOf":{"@id":"https:\/\/www.aridane.org\/city\/#website"},"primaryImageOfPage":{"@id":"https:\/\/www.aridane.org\/city\/2025\/11\/04\/el-ayuntamiento-de-los-llanos-abre-el-concurso-del-cartel-del-carnaval-2026-dedicado-a-los-cuentos-de-hadas\/#primaryimage"},"image":{"@id":"https:\/\/www.aridane.org\/city\/2025\/11\/04\/el-ayuntamiento-de-los-llanos-abre-el-concurso-del-cartel-del-carnaval-2026-dedicado-a-los-cuentos-de-hadas\/#primaryimage"},"thumbnailUrl":"https:\/\/www.aridane.org\/city\/wp-content\/uploads\/2025\/11\/NP-Cartel-Carnaval.jpg","datePublished":"2025-11-04T08:35:49+00:00","dateModified":"2025-11-07T08:36:28+00:00","author":{"@id":"https:\/\/www.aridane.org\/city\/#\/schema\/person\/89ebd376b223dc94cc1dbcf200c8e6da"},"breadcrumb":{"@id":"https:\/\/www.aridane.org\/city\/2025\/11\/04\/el-ayuntamiento-de-los-llanos-abre-el-concurso-del-cartel-del-carnaval-2026-dedicado-a-los-cuentos-de-hadas\/#breadcrumb"},"inLanguage":"es","potentialAction":[{"@type":"ReadAction","target":["https:\/\/www.aridane.org\/city\/2025\/11\/04\/el-ayuntamiento-de-los-llanos-abre-el-concurso-del-cartel-del-carnaval-2026-dedicado-a-los-cuentos-de-hadas\/"]}]},{"@type":"ImageObject","inLanguage":"es","@id":"https:\/\/www.aridane.org\/city\/2025\/11\/04\/el-ayuntamiento-de-los-llanos-abre-el-concurso-del-cartel-del-carnaval-2026-dedicado-a-los-cuentos-de-hadas\/#primaryimage","url":"https:\/\/www.aridane.org\/city\/wp-content\/uploads\/2025\/11\/NP-Cartel-Carnaval.jpg","contentUrl":"https:\/\/www.aridane.org\/city\/wp-content\/uploads\/2025\/11\/NP-Cartel-Carnaval.jpg","width":1064,"height":707},{"@type":"BreadcrumbList","@id":"https:\/\/www.aridane.org\/city\/2025\/11\/04\/el-ayuntamiento-de-los-llanos-abre-el-concurso-del-cartel-del-carnaval-2026-dedicado-a-los-cuentos-de-hadas\/#breadcrumb","itemListElement":[{"@type":"ListItem","position":1,"name":"Portada","item":"https:\/\/www.aridane.org\/city\/"},{"@type":"ListItem","position":2,"name":"El Ayuntamiento de Los Llanos abre el concurso del cartel del Carnaval 2026, dedicado a los cuentos de hadas"}]},{"@type":"WebSite","@id":"https:\/\/www.aridane.org\/city\/#website","url":"https:\/\/www.aridane.org\/city\/","name":"Ayuntamiento de Los Llanos de Aridane","description":"","potentialAction":[{"@type":"SearchAction","target":{"@type":"EntryPoint","urlTemplate":"https:\/\/www.aridane.org\/city\/?s={search_term_string}"},"query-input":"required name=search_term_string"}],"inLanguage":"es"},{"@type":"Person","@id":"https:\/\/www.aridane.org\/city\/#\/schema\/person\/89ebd376b223dc94cc1dbcf200c8e6da","name":"Corresponsal","image":{"@type":"ImageObject","inLanguage":"es","@id":"https:\/\/www.aridane.org\/city\/#\/schema\/person\/image\/","url":"https:\/\/secure.gravatar.com\/avatar\/1c476992411e4ccf153da63b2b2f5ea0bb4cb1c85f3ceab8512f04325ad5579c?s=96&d=mm&r=g","contentUrl":"https:\/\/secure.gravatar.com\/avatar\/1c476992411e4ccf153da63b2b2f5ea0bb4cb1c85f3ceab8512f04325ad5579c?s=96&d=mm&r=g","caption":"Corresponsal"},"url":"https:\/\/www.aridane.org\/city\/author\/corresponsal\/"}]}},"_links":{"self":[{"href":"https:\/\/www.aridane.org\/city\/wp-json\/wp\/v2\/posts\/4849","targetHints":{"allow":["GET"]}}],"collection":[{"href":"https:\/\/www.aridane.org\/city\/wp-json\/wp\/v2\/posts"}],"about":[{"href":"https:\/\/www.aridane.org\/city\/wp-json\/wp\/v2\/types\/post"}],"author":[{"embeddable":true,"href":"https:\/\/www.aridane.org\/city\/wp-json\/wp\/v2\/users\/4"}],"replies":[{"embeddable":true,"href":"https:\/\/www.aridane.org\/city\/wp-json\/wp\/v2\/comments?post=4849"}],"version-history":[{"count":1,"href":"https:\/\/www.aridane.org\/city\/wp-json\/wp\/v2\/posts\/4849\/revisions"}],"predecessor-version":[{"id":4851,"href":"https:\/\/www.aridane.org\/city\/wp-json\/wp\/v2\/posts\/4849\/revisions\/4851"}],"wp:featuredmedia":[{"embeddable":true,"href":"https:\/\/www.aridane.org\/city\/wp-json\/wp\/v2\/media\/4850"}],"wp:attachment":[{"href":"https:\/\/www.aridane.org\/city\/wp-json\/wp\/v2\/media?parent=4849"}],"wp:term":[{"taxonomy":"category","embeddable":true,"href":"https:\/\/www.aridane.org\/city\/wp-json\/wp\/v2\/categories?post=4849"},{"taxonomy":"post_tag","embeddable":true,"href":"https:\/\/www.aridane.org\/city\/wp-json\/wp\/v2\/tags?post=4849"}],"curies":[{"name":"wp","href":"https:\/\/api.w.org\/{rel}","templated":true}]}}