{"id":4852,"date":"2025-11-07T08:39:08","date_gmt":"2025-11-07T08:39:08","guid":{"rendered":"https:\/\/www.aridane.org\/city\/?p=4852"},"modified":"2025-11-07T08:39:08","modified_gmt":"2025-11-07T08:39:08","slug":"los-llanos-de-aridane-celebra-las-fiestas-del-barrio-de-triana-con-actividades-para-toda-la-familia","status":"publish","type":"post","link":"https:\/\/www.aridane.org\/city\/2025\/11\/07\/los-llanos-de-aridane-celebra-las-fiestas-del-barrio-de-triana-con-actividades-para-toda-la-familia\/","title":{"rendered":"Los Llanos de Aridane celebra las Fiestas del Barrio de Triana con actividades para toda la familia"},"content":{"rendered":"<p><em>La programaci\u00f3n incluye entretenimiento infantil, concursos y m\u00fasica en vivo para celebrar la tradici\u00f3n del Barrio de Triana<\/em><!--more--><\/p>\n<div id=\"v1forwardbody1\">\n<p>El Ayuntamiento de Los Llanos de Aridane, en colaboraci\u00f3n con la Asociaci\u00f3n de Vecinos Birigoyo, organiza las tradicionales Fiestas del Barrio de Triana, que se celebrar\u00e1n el pr\u00f3ximo s\u00e1bado, 8 de noviembre, en la plaza Maestro Vicente Arencibia.<\/p>\n<p>La concejala de Dinamizaci\u00f3n de Barrios, Tamara Acosta, destaca la importancia de este tipo de iniciativas que \u201cfomentan la convivencia vecinal, mantienen vivas nuestras tradiciones y refuerzan el sentido de comunidad que caracteriza nuestros barrios\u201d. Adem\u00e1s, sostiene que \u201cdesde el Ayuntamiento seguimos apostando por apoyar a las asociaciones vecinales\u201d.<\/p>\n<p>La jornada comenzar\u00e1 a las 9:00 horas con los campeonatos de domin\u00f3 y billar en el bar de la Asociaci\u00f3n de Vecinos, ofreciendo un espacio de encuentro y diversi\u00f3n para quienes disfrutan de los juegos tradicionales. A las 11:00 horas se celebrar\u00e1 la Santa Misa en los locales de la Asociaci\u00f3n y, a continuaci\u00f3n, a las 12:00 horas, tendr\u00e1 lugar el Concurso de Escacho, uno de los actos m\u00e1s emblem\u00e1ticos de la fiesta.<\/p>\n<p>Para los m\u00e1s peque\u00f1os, habr\u00e1 hinchables de 11:30 a 13:30 horas, mientras que el mediod\u00eda culminar\u00e1 con la entrega de trofeos a las 13:30 horas. A partir de las 14:00 horas, vecinos y visitantes podr\u00e1n disfrutar del reparto de comida y de la m\u00fasica en directo del D\u00fao La Palma, que pondr\u00e1 el broche a la jornada.<\/p>\n<p>El Ayuntamiento de Los Llanos de Aridane invita a toda la ciudadan\u00eda a participar en las Fiestas del Barrio de Triana, una celebraci\u00f3n de convivencia, tradici\u00f3n y cultura. La celebraci\u00f3n representa un momento de encuentro entre vecinos y vecinas, reforzando los lazos comunitarios y promoviendo la implicaci\u00f3n de la ciudadan\u00eda en la vida de sus barrios.<\/p>\n<\/div>\n","protected":false},"excerpt":{"rendered":"<p>La programaci\u00f3n incluye entretenimiento infantil, concursos y m\u00fasica en vivo para celebrar la tradici\u00f3n del Barrio de Triana<\/p>\n","protected":false},"author":4,"featured_media":4853,"comment_status":"open","ping_status":"open","sticky":false,"template":"","format":"standard","meta":{"footnotes":""},"categories":[1],"tags":[],"class_list":["post-4852","post","type-post","status-publish","format-standard","has-post-thumbnail","hentry","category-sin-categoria"],"yoast_head":"<!-- This site is optimized with the Yoast SEO plugin v22.7 - https:\/\/yoast.com\/wordpress\/plugins\/seo\/ -->\n<title>Los Llanos de Aridane celebra las Fiestas del Barrio de Triana con actividades para toda la familia - Ayuntamiento de Los Llanos de Aridane<\/title>\n<meta name=\"robots\" content=\"index, follow, max-snippet:-1, max-image-preview:large, max-video-preview:-1\" \/>\n<link rel=\"canonical\" href=\"https:\/\/www.aridane.org\/city\/2025\/11\/07\/los-llanos-de-aridane-celebra-las-fiestas-del-barrio-de-triana-con-actividades-para-toda-la-familia\/\" \/>\n<meta property=\"og:locale\" content=\"es_ES\" \/>\n<meta property=\"og:type\" content=\"article\" \/>\n<meta property=\"og:title\" content=\"Los Llanos de Aridane celebra las Fiestas del Barrio de Triana con actividades para toda la familia - Ayuntamiento de Los Llanos de Aridane\" \/>\n<meta property=\"og:description\" content=\"La programaci\u00f3n incluye entretenimiento infantil, concursos y m\u00fasica en vivo para celebrar la tradici\u00f3n del Barrio de Triana\" \/>\n<meta property=\"og:url\" content=\"https:\/\/www.aridane.org\/city\/2025\/11\/07\/los-llanos-de-aridane-celebra-las-fiestas-del-barrio-de-triana-con-actividades-para-toda-la-familia\/\" \/>\n<meta property=\"og:site_name\" content=\"Ayuntamiento de Los Llanos de Aridane\" \/>\n<meta property=\"article:published_time\" content=\"2025-11-07T08:39:08+00:00\" \/>\n<meta property=\"og:image\" content=\"https:\/\/www.aridane.org\/city\/wp-content\/uploads\/2025\/11\/Fiestas-de-Triana.jpg\" \/>\n\t<meta property=\"og:image:width\" content=\"679\" \/>\n\t<meta property=\"og:image:height\" content=\"960\" \/>\n\t<meta property=\"og:image:type\" content=\"image\/jpeg\" \/>\n<meta name=\"author\" content=\"Corresponsal\" \/>\n<meta name=\"twitter:card\" content=\"summary_large_image\" \/>\n<meta name=\"twitter:label1\" content=\"Escrito por\" \/>\n\t<meta name=\"twitter:data1\" content=\"Corresponsal\" \/>\n\t<meta name=\"twitter:label2\" content=\"Tiempo de lectura\" \/>\n\t<meta name=\"twitter:data2\" content=\"2 minutos\" \/>\n<script type=\"application\/ld+json\" class=\"yoast-schema-graph\">{\"@context\":\"https:\/\/schema.org\",\"@graph\":[{\"@type\":\"WebPage\",\"@id\":\"https:\/\/www.aridane.org\/city\/2025\/11\/07\/los-llanos-de-aridane-celebra-las-fiestas-del-barrio-de-triana-con-actividades-para-toda-la-familia\/\",\"url\":\"https:\/\/www.aridane.org\/city\/2025\/11\/07\/los-llanos-de-aridane-celebra-las-fiestas-del-barrio-de-triana-con-actividades-para-toda-la-familia\/\",\"name\":\"Los Llanos de Aridane celebra las Fiestas del Barrio de Triana con actividades para toda la familia - Ayuntamiento de Los Llanos de Aridane\",\"isPartOf\":{\"@id\":\"https:\/\/www.aridane.org\/city\/#website\"},\"primaryImageOfPage\":{\"@id\":\"https:\/\/www.aridane.org\/city\/2025\/11\/07\/los-llanos-de-aridane-celebra-las-fiestas-del-barrio-de-triana-con-actividades-para-toda-la-familia\/#primaryimage\"},\"image\":{\"@id\":\"https:\/\/www.aridane.org\/city\/2025\/11\/07\/los-llanos-de-aridane-celebra-las-fiestas-del-barrio-de-triana-con-actividades-para-toda-la-familia\/#primaryimage\"},\"thumbnailUrl\":\"https:\/\/www.aridane.org\/city\/wp-content\/uploads\/2025\/11\/Fiestas-de-Triana.jpg\",\"datePublished\":\"2025-11-07T08:39:08+00:00\",\"dateModified\":\"2025-11-07T08:39:08+00:00\",\"author\":{\"@id\":\"https:\/\/www.aridane.org\/city\/#\/schema\/person\/89ebd376b223dc94cc1dbcf200c8e6da\"},\"breadcrumb\":{\"@id\":\"https:\/\/www.aridane.org\/city\/2025\/11\/07\/los-llanos-de-aridane-celebra-las-fiestas-del-barrio-de-triana-con-actividades-para-toda-la-familia\/#breadcrumb\"},\"inLanguage\":\"es\",\"potentialAction\":[{\"@type\":\"ReadAction\",\"target\":[\"https:\/\/www.aridane.org\/city\/2025\/11\/07\/los-llanos-de-aridane-celebra-las-fiestas-del-barrio-de-triana-con-actividades-para-toda-la-familia\/\"]}]},{\"@type\":\"ImageObject\",\"inLanguage\":\"es\",\"@id\":\"https:\/\/www.aridane.org\/city\/2025\/11\/07\/los-llanos-de-aridane-celebra-las-fiestas-del-barrio-de-triana-con-actividades-para-toda-la-familia\/#primaryimage\",\"url\":\"https:\/\/www.aridane.org\/city\/wp-content\/uploads\/2025\/11\/Fiestas-de-Triana.jpg\",\"contentUrl\":\"https:\/\/www.aridane.org\/city\/wp-content\/uploads\/2025\/11\/Fiestas-de-Triana.jpg\",\"width\":679,\"height\":960},{\"@type\":\"BreadcrumbList\",\"@id\":\"https:\/\/www.aridane.org\/city\/2025\/11\/07\/los-llanos-de-aridane-celebra-las-fiestas-del-barrio-de-triana-con-actividades-para-toda-la-familia\/#breadcrumb\",\"itemListElement\":[{\"@type\":\"ListItem\",\"position\":1,\"name\":\"Portada\",\"item\":\"https:\/\/www.aridane.org\/city\/\"},{\"@type\":\"ListItem\",\"position\":2,\"name\":\"Los Llanos de Aridane celebra las Fiestas del Barrio de Triana con actividades para toda la familia\"}]},{\"@type\":\"WebSite\",\"@id\":\"https:\/\/www.aridane.org\/city\/#website\",\"url\":\"https:\/\/www.aridane.org\/city\/\",\"name\":\"Ayuntamiento de Los Llanos de Aridane\",\"description\":\"\",\"potentialAction\":[{\"@type\":\"SearchAction\",\"target\":{\"@type\":\"EntryPoint\",\"urlTemplate\":\"https:\/\/www.aridane.org\/city\/?s={search_term_string}\"},\"query-input\":\"required name=search_term_string\"}],\"inLanguage\":\"es\"},{\"@type\":\"Person\",\"@id\":\"https:\/\/www.aridane.org\/city\/#\/schema\/person\/89ebd376b223dc94cc1dbcf200c8e6da\",\"name\":\"Corresponsal\",\"image\":{\"@type\":\"ImageObject\",\"inLanguage\":\"es\",\"@id\":\"https:\/\/www.aridane.org\/city\/#\/schema\/person\/image\/\",\"url\":\"https:\/\/secure.gravatar.com\/avatar\/1c476992411e4ccf153da63b2b2f5ea0bb4cb1c85f3ceab8512f04325ad5579c?s=96&d=mm&r=g\",\"contentUrl\":\"https:\/\/secure.gravatar.com\/avatar\/1c476992411e4ccf153da63b2b2f5ea0bb4cb1c85f3ceab8512f04325ad5579c?s=96&d=mm&r=g\",\"caption\":\"Corresponsal\"},\"url\":\"https:\/\/www.aridane.org\/city\/author\/corresponsal\/\"}]}<\/script>\n<!-- \/ Yoast SEO plugin. -->","yoast_head_json":{"title":"Los Llanos de Aridane celebra las Fiestas del Barrio de Triana con actividades para toda la familia - Ayuntamiento de Los Llanos de Aridane","robots":{"index":"index","follow":"follow","max-snippet":"max-snippet:-1","max-image-preview":"max-image-preview:large","max-video-preview":"max-video-preview:-1"},"canonical":"https:\/\/www.aridane.org\/city\/2025\/11\/07\/los-llanos-de-aridane-celebra-las-fiestas-del-barrio-de-triana-con-actividades-para-toda-la-familia\/","og_locale":"es_ES","og_type":"article","og_title":"Los Llanos de Aridane celebra las Fiestas del Barrio de Triana con actividades para toda la familia - Ayuntamiento de Los Llanos de Aridane","og_description":"La programaci\u00f3n incluye entretenimiento infantil, concursos y m\u00fasica en vivo para celebrar la tradici\u00f3n del Barrio de Triana","og_url":"https:\/\/www.aridane.org\/city\/2025\/11\/07\/los-llanos-de-aridane-celebra-las-fiestas-del-barrio-de-triana-con-actividades-para-toda-la-familia\/","og_site_name":"Ayuntamiento de Los Llanos de Aridane","article_published_time":"2025-11-07T08:39:08+00:00","og_image":[{"width":679,"height":960,"url":"https:\/\/www.aridane.org\/city\/wp-content\/uploads\/2025\/11\/Fiestas-de-Triana.jpg","type":"image\/jpeg"}],"author":"Corresponsal","twitter_card":"summary_large_image","twitter_misc":{"Escrito por":"Corresponsal","Tiempo de lectura":"2 minutos"},"schema":{"@context":"https:\/\/schema.org","@graph":[{"@type":"WebPage","@id":"https:\/\/www.aridane.org\/city\/2025\/11\/07\/los-llanos-de-aridane-celebra-las-fiestas-del-barrio-de-triana-con-actividades-para-toda-la-familia\/","url":"https:\/\/www.aridane.org\/city\/2025\/11\/07\/los-llanos-de-aridane-celebra-las-fiestas-del-barrio-de-triana-con-actividades-para-toda-la-familia\/","name":"Los Llanos de Aridane celebra las Fiestas del Barrio de Triana con actividades para toda la familia - Ayuntamiento de Los Llanos de Aridane","isPartOf":{"@id":"https:\/\/www.aridane.org\/city\/#website"},"primaryImageOfPage":{"@id":"https:\/\/www.aridane.org\/city\/2025\/11\/07\/los-llanos-de-aridane-celebra-las-fiestas-del-barrio-de-triana-con-actividades-para-toda-la-familia\/#primaryimage"},"image":{"@id":"https:\/\/www.aridane.org\/city\/2025\/11\/07\/los-llanos-de-aridane-celebra-las-fiestas-del-barrio-de-triana-con-actividades-para-toda-la-familia\/#primaryimage"},"thumbnailUrl":"https:\/\/www.aridane.org\/city\/wp-content\/uploads\/2025\/11\/Fiestas-de-Triana.jpg","datePublished":"2025-11-07T08:39:08+00:00","dateModified":"2025-11-07T08:39:08+00:00","author":{"@id":"https:\/\/www.aridane.org\/city\/#\/schema\/person\/89ebd376b223dc94cc1dbcf200c8e6da"},"breadcrumb":{"@id":"https:\/\/www.aridane.org\/city\/2025\/11\/07\/los-llanos-de-aridane-celebra-las-fiestas-del-barrio-de-triana-con-actividades-para-toda-la-familia\/#breadcrumb"},"inLanguage":"es","potentialAction":[{"@type":"ReadAction","target":["https:\/\/www.aridane.org\/city\/2025\/11\/07\/los-llanos-de-aridane-celebra-las-fiestas-del-barrio-de-triana-con-actividades-para-toda-la-familia\/"]}]},{"@type":"ImageObject","inLanguage":"es","@id":"https:\/\/www.aridane.org\/city\/2025\/11\/07\/los-llanos-de-aridane-celebra-las-fiestas-del-barrio-de-triana-con-actividades-para-toda-la-familia\/#primaryimage","url":"https:\/\/www.aridane.org\/city\/wp-content\/uploads\/2025\/11\/Fiestas-de-Triana.jpg","contentUrl":"https:\/\/www.aridane.org\/city\/wp-content\/uploads\/2025\/11\/Fiestas-de-Triana.jpg","width":679,"height":960},{"@type":"BreadcrumbList","@id":"https:\/\/www.aridane.org\/city\/2025\/11\/07\/los-llanos-de-aridane-celebra-las-fiestas-del-barrio-de-triana-con-actividades-para-toda-la-familia\/#breadcrumb","itemListElement":[{"@type":"ListItem","position":1,"name":"Portada","item":"https:\/\/www.aridane.org\/city\/"},{"@type":"ListItem","position":2,"name":"Los Llanos de Aridane celebra las Fiestas del Barrio de Triana con actividades para toda la familia"}]},{"@type":"WebSite","@id":"https:\/\/www.aridane.org\/city\/#website","url":"https:\/\/www.aridane.org\/city\/","name":"Ayuntamiento de Los Llanos de Aridane","description":"","potentialAction":[{"@type":"SearchAction","target":{"@type":"EntryPoint","urlTemplate":"https:\/\/www.aridane.org\/city\/?s={search_term_string}"},"query-input":"required name=search_term_string"}],"inLanguage":"es"},{"@type":"Person","@id":"https:\/\/www.aridane.org\/city\/#\/schema\/person\/89ebd376b223dc94cc1dbcf200c8e6da","name":"Corresponsal","image":{"@type":"ImageObject","inLanguage":"es","@id":"https:\/\/www.aridane.org\/city\/#\/schema\/person\/image\/","url":"https:\/\/secure.gravatar.com\/avatar\/1c476992411e4ccf153da63b2b2f5ea0bb4cb1c85f3ceab8512f04325ad5579c?s=96&d=mm&r=g","contentUrl":"https:\/\/secure.gravatar.com\/avatar\/1c476992411e4ccf153da63b2b2f5ea0bb4cb1c85f3ceab8512f04325ad5579c?s=96&d=mm&r=g","caption":"Corresponsal"},"url":"https:\/\/www.aridane.org\/city\/author\/corresponsal\/"}]}},"_links":{"self":[{"href":"https:\/\/www.aridane.org\/city\/wp-json\/wp\/v2\/posts\/4852","targetHints":{"allow":["GET"]}}],"collection":[{"href":"https:\/\/www.aridane.org\/city\/wp-json\/wp\/v2\/posts"}],"about":[{"href":"https:\/\/www.aridane.org\/city\/wp-json\/wp\/v2\/types\/post"}],"author":[{"embeddable":true,"href":"https:\/\/www.aridane.org\/city\/wp-json\/wp\/v2\/users\/4"}],"replies":[{"embeddable":true,"href":"https:\/\/www.aridane.org\/city\/wp-json\/wp\/v2\/comments?post=4852"}],"version-history":[{"count":1,"href":"https:\/\/www.aridane.org\/city\/wp-json\/wp\/v2\/posts\/4852\/revisions"}],"predecessor-version":[{"id":4854,"href":"https:\/\/www.aridane.org\/city\/wp-json\/wp\/v2\/posts\/4852\/revisions\/4854"}],"wp:featuredmedia":[{"embeddable":true,"href":"https:\/\/www.aridane.org\/city\/wp-json\/wp\/v2\/media\/4853"}],"wp:attachment":[{"href":"https:\/\/www.aridane.org\/city\/wp-json\/wp\/v2\/media?parent=4852"}],"wp:term":[{"taxonomy":"category","embeddable":true,"href":"https:\/\/www.aridane.org\/city\/wp-json\/wp\/v2\/categories?post=4852"},{"taxonomy":"post_tag","embeddable":true,"href":"https:\/\/www.aridane.org\/city\/wp-json\/wp\/v2\/tags?post=4852"}],"curies":[{"name":"wp","href":"https:\/\/api.w.org\/{rel}","templated":true}]}}