{"id":4866,"date":"2025-11-10T14:48:47","date_gmt":"2025-11-10T14:48:47","guid":{"rendered":"https:\/\/www.aridane.org\/city\/?p=4866"},"modified":"2025-11-10T14:49:02","modified_gmt":"2025-11-10T14:49:02","slug":"el-ayuntamiento-inicia-los-trabajos-tecnicos-para-hacer-realidad-120-viviendas-sociales-en-los-llanos","status":"publish","type":"post","link":"https:\/\/www.aridane.org\/city\/2025\/11\/10\/el-ayuntamiento-inicia-los-trabajos-tecnicos-para-hacer-realidad-120-viviendas-sociales-en-los-llanos\/","title":{"rendered":"El Ayuntamiento inicia los trabajos t\u00e9cnicos para hacer realidad 120 viviendas sociales en Los Llanos\u00a0"},"content":{"rendered":"<p><em>Gestur est\u00e1 cartografiando la parcela de Callao, clave para planificar las redes y garantizar la correcta integraci\u00f3n de los servicios esenciales<\/em><!--more--><\/p>\n<div id=\"v1forwardbody1\">\n<p>El Ayuntamiento de Los Llanos de Aridane impulsa la elaboraci\u00f3n de una cartograf\u00eda t\u00e9cnica en la parcela de Callao y sus v\u00edas aleda\u00f1as, que permitir\u00e1 detallar las arquetas y los servicios existentes en toda la zona. Este trabajo constituye el primer paso de la encomienda a la empresa p\u00fablica Gestur Canarias, encargada de redactar el proyecto b\u00e1sico y ejecutar las obras del nuevo conjunto de 120 viviendas protegidas en el municipio.<\/p>\n<p>El alcalde, Javier Llamas, destaca que Los Llanos de Aridane tenga un plan para construir vivienda p\u00fablica. \u201cHoy damos un paso firme que combina planificaci\u00f3n, financiaci\u00f3n y compromiso. La vivienda es una prioridad, y este proyecto representa esperanza para muchas familias tras d\u00e9cadas sin avanzar en este sentido\u201d, apunta.<\/p>\n<p>Por su parte, la concejala de Urbanismo, Tamara Acosta, explica que con esta cartograf\u00eda se fijan \u201clas bases de un proyecto que cambiar\u00e1 el futuro residencial del municipio y reforzar\u00e1 el acceso a una vivienda digna\u201d.<\/p>\n<p>La actuaci\u00f3n se enmarca dentro del convenio suscrito con la Consejer\u00eda de Presidencia del Gobierno de Canarias, y supone un avance hist\u00f3rico en materia de vivienda p\u00fablica en Los Llanos de Aridane.<\/p>\n<p>La cartograf\u00eda servir\u00e1 de base para planificar las redes de saneamiento, pluviales, abastecimiento, electricidad y telecomunicaciones, garantizando una correcta integraci\u00f3n de los servicios en el desarrollo del proyecto.<\/p>\n<p>La estrategia habitacional para Los Llanos de Aridane cuenta con una financiaci\u00f3n de 28,7 millones de euros ya transferidos al Ayuntamiento, dentro del plan de vivienda para La Palma impulsado por el Gobierno de Canarias.<\/p>\n<\/div>\n","protected":false},"excerpt":{"rendered":"<p>Gestur est\u00e1 cartografiando la parcela de Callao, clave para planificar las redes y garantizar la correcta integraci\u00f3n de los servicios esenciales<\/p>\n","protected":false},"author":4,"featured_media":4867,"comment_status":"open","ping_status":"open","sticky":false,"template":"","format":"standard","meta":{"footnotes":""},"categories":[1],"tags":[],"class_list":["post-4866","post","type-post","status-publish","format-standard","has-post-thumbnail","hentry","category-sin-categoria"],"yoast_head":"<!-- This site is optimized with the Yoast SEO plugin v22.7 - https:\/\/yoast.com\/wordpress\/plugins\/seo\/ -->\n<title>El Ayuntamiento inicia los trabajos t\u00e9cnicos para hacer realidad 120 viviendas sociales en Los Llanos\u00a0 - Ayuntamiento de Los Llanos de Aridane<\/title>\n<meta name=\"robots\" content=\"index, follow, max-snippet:-1, max-image-preview:large, max-video-preview:-1\" \/>\n<link rel=\"canonical\" href=\"https:\/\/www.aridane.org\/city\/2025\/11\/10\/el-ayuntamiento-inicia-los-trabajos-tecnicos-para-hacer-realidad-120-viviendas-sociales-en-los-llanos\/\" \/>\n<meta property=\"og:locale\" content=\"es_ES\" \/>\n<meta property=\"og:type\" content=\"article\" \/>\n<meta property=\"og:title\" content=\"El Ayuntamiento inicia los trabajos t\u00e9cnicos para hacer realidad 120 viviendas sociales en Los Llanos\u00a0 - Ayuntamiento de Los Llanos de Aridane\" \/>\n<meta property=\"og:description\" content=\"Gestur est\u00e1 cartografiando la parcela de Callao, clave para planificar las redes y garantizar la correcta integraci\u00f3n de los servicios esenciales\" \/>\n<meta property=\"og:url\" content=\"https:\/\/www.aridane.org\/city\/2025\/11\/10\/el-ayuntamiento-inicia-los-trabajos-tecnicos-para-hacer-realidad-120-viviendas-sociales-en-los-llanos\/\" \/>\n<meta property=\"og:site_name\" content=\"Ayuntamiento de Los Llanos de Aridane\" \/>\n<meta property=\"article:published_time\" content=\"2025-11-10T14:48:47+00:00\" \/>\n<meta property=\"article:modified_time\" content=\"2025-11-10T14:49:02+00:00\" \/>\n<meta property=\"og:image\" content=\"https:\/\/www.aridane.org\/city\/wp-content\/uploads\/2025\/11\/Parcela-Callao-Gestur.jpeg\" \/>\n\t<meta property=\"og:image:width\" content=\"929\" \/>\n\t<meta property=\"og:image:height\" content=\"947\" \/>\n\t<meta property=\"og:image:type\" content=\"image\/jpeg\" \/>\n<meta name=\"author\" content=\"Corresponsal\" \/>\n<meta name=\"twitter:card\" content=\"summary_large_image\" \/>\n<meta name=\"twitter:label1\" content=\"Escrito por\" \/>\n\t<meta name=\"twitter:data1\" content=\"Corresponsal\" \/>\n\t<meta name=\"twitter:label2\" content=\"Tiempo de lectura\" \/>\n\t<meta name=\"twitter:data2\" content=\"2 minutos\" \/>\n<script type=\"application\/ld+json\" class=\"yoast-schema-graph\">{\"@context\":\"https:\/\/schema.org\",\"@graph\":[{\"@type\":\"WebPage\",\"@id\":\"https:\/\/www.aridane.org\/city\/2025\/11\/10\/el-ayuntamiento-inicia-los-trabajos-tecnicos-para-hacer-realidad-120-viviendas-sociales-en-los-llanos\/\",\"url\":\"https:\/\/www.aridane.org\/city\/2025\/11\/10\/el-ayuntamiento-inicia-los-trabajos-tecnicos-para-hacer-realidad-120-viviendas-sociales-en-los-llanos\/\",\"name\":\"El Ayuntamiento inicia los trabajos t\u00e9cnicos para hacer realidad 120 viviendas sociales en Los Llanos\u00a0 - Ayuntamiento de Los Llanos de Aridane\",\"isPartOf\":{\"@id\":\"https:\/\/www.aridane.org\/city\/#website\"},\"primaryImageOfPage\":{\"@id\":\"https:\/\/www.aridane.org\/city\/2025\/11\/10\/el-ayuntamiento-inicia-los-trabajos-tecnicos-para-hacer-realidad-120-viviendas-sociales-en-los-llanos\/#primaryimage\"},\"image\":{\"@id\":\"https:\/\/www.aridane.org\/city\/2025\/11\/10\/el-ayuntamiento-inicia-los-trabajos-tecnicos-para-hacer-realidad-120-viviendas-sociales-en-los-llanos\/#primaryimage\"},\"thumbnailUrl\":\"https:\/\/www.aridane.org\/city\/wp-content\/uploads\/2025\/11\/Parcela-Callao-Gestur.jpeg\",\"datePublished\":\"2025-11-10T14:48:47+00:00\",\"dateModified\":\"2025-11-10T14:49:02+00:00\",\"author\":{\"@id\":\"https:\/\/www.aridane.org\/city\/#\/schema\/person\/89ebd376b223dc94cc1dbcf200c8e6da\"},\"breadcrumb\":{\"@id\":\"https:\/\/www.aridane.org\/city\/2025\/11\/10\/el-ayuntamiento-inicia-los-trabajos-tecnicos-para-hacer-realidad-120-viviendas-sociales-en-los-llanos\/#breadcrumb\"},\"inLanguage\":\"es\",\"potentialAction\":[{\"@type\":\"ReadAction\",\"target\":[\"https:\/\/www.aridane.org\/city\/2025\/11\/10\/el-ayuntamiento-inicia-los-trabajos-tecnicos-para-hacer-realidad-120-viviendas-sociales-en-los-llanos\/\"]}]},{\"@type\":\"ImageObject\",\"inLanguage\":\"es\",\"@id\":\"https:\/\/www.aridane.org\/city\/2025\/11\/10\/el-ayuntamiento-inicia-los-trabajos-tecnicos-para-hacer-realidad-120-viviendas-sociales-en-los-llanos\/#primaryimage\",\"url\":\"https:\/\/www.aridane.org\/city\/wp-content\/uploads\/2025\/11\/Parcela-Callao-Gestur.jpeg\",\"contentUrl\":\"https:\/\/www.aridane.org\/city\/wp-content\/uploads\/2025\/11\/Parcela-Callao-Gestur.jpeg\",\"width\":929,\"height\":947},{\"@type\":\"BreadcrumbList\",\"@id\":\"https:\/\/www.aridane.org\/city\/2025\/11\/10\/el-ayuntamiento-inicia-los-trabajos-tecnicos-para-hacer-realidad-120-viviendas-sociales-en-los-llanos\/#breadcrumb\",\"itemListElement\":[{\"@type\":\"ListItem\",\"position\":1,\"name\":\"Portada\",\"item\":\"https:\/\/www.aridane.org\/city\/\"},{\"@type\":\"ListItem\",\"position\":2,\"name\":\"El Ayuntamiento inicia los trabajos t\u00e9cnicos para hacer realidad 120 viviendas sociales en Los Llanos\u00a0\"}]},{\"@type\":\"WebSite\",\"@id\":\"https:\/\/www.aridane.org\/city\/#website\",\"url\":\"https:\/\/www.aridane.org\/city\/\",\"name\":\"Ayuntamiento de Los Llanos de Aridane\",\"description\":\"\",\"potentialAction\":[{\"@type\":\"SearchAction\",\"target\":{\"@type\":\"EntryPoint\",\"urlTemplate\":\"https:\/\/www.aridane.org\/city\/?s={search_term_string}\"},\"query-input\":\"required name=search_term_string\"}],\"inLanguage\":\"es\"},{\"@type\":\"Person\",\"@id\":\"https:\/\/www.aridane.org\/city\/#\/schema\/person\/89ebd376b223dc94cc1dbcf200c8e6da\",\"name\":\"Corresponsal\",\"image\":{\"@type\":\"ImageObject\",\"inLanguage\":\"es\",\"@id\":\"https:\/\/www.aridane.org\/city\/#\/schema\/person\/image\/\",\"url\":\"https:\/\/secure.gravatar.com\/avatar\/1c476992411e4ccf153da63b2b2f5ea0bb4cb1c85f3ceab8512f04325ad5579c?s=96&d=mm&r=g\",\"contentUrl\":\"https:\/\/secure.gravatar.com\/avatar\/1c476992411e4ccf153da63b2b2f5ea0bb4cb1c85f3ceab8512f04325ad5579c?s=96&d=mm&r=g\",\"caption\":\"Corresponsal\"},\"url\":\"https:\/\/www.aridane.org\/city\/author\/corresponsal\/\"}]}<\/script>\n<!-- \/ Yoast SEO plugin. -->","yoast_head_json":{"title":"El Ayuntamiento inicia los trabajos t\u00e9cnicos para hacer realidad 120 viviendas sociales en Los Llanos\u00a0 - Ayuntamiento de Los Llanos de Aridane","robots":{"index":"index","follow":"follow","max-snippet":"max-snippet:-1","max-image-preview":"max-image-preview:large","max-video-preview":"max-video-preview:-1"},"canonical":"https:\/\/www.aridane.org\/city\/2025\/11\/10\/el-ayuntamiento-inicia-los-trabajos-tecnicos-para-hacer-realidad-120-viviendas-sociales-en-los-llanos\/","og_locale":"es_ES","og_type":"article","og_title":"El Ayuntamiento inicia los trabajos t\u00e9cnicos para hacer realidad 120 viviendas sociales en Los Llanos\u00a0 - Ayuntamiento de Los Llanos de Aridane","og_description":"Gestur est\u00e1 cartografiando la parcela de Callao, clave para planificar las redes y garantizar la correcta integraci\u00f3n de los servicios esenciales","og_url":"https:\/\/www.aridane.org\/city\/2025\/11\/10\/el-ayuntamiento-inicia-los-trabajos-tecnicos-para-hacer-realidad-120-viviendas-sociales-en-los-llanos\/","og_site_name":"Ayuntamiento de Los Llanos de Aridane","article_published_time":"2025-11-10T14:48:47+00:00","article_modified_time":"2025-11-10T14:49:02+00:00","og_image":[{"width":929,"height":947,"url":"https:\/\/www.aridane.org\/city\/wp-content\/uploads\/2025\/11\/Parcela-Callao-Gestur.jpeg","type":"image\/jpeg"}],"author":"Corresponsal","twitter_card":"summary_large_image","twitter_misc":{"Escrito por":"Corresponsal","Tiempo de lectura":"2 minutos"},"schema":{"@context":"https:\/\/schema.org","@graph":[{"@type":"WebPage","@id":"https:\/\/www.aridane.org\/city\/2025\/11\/10\/el-ayuntamiento-inicia-los-trabajos-tecnicos-para-hacer-realidad-120-viviendas-sociales-en-los-llanos\/","url":"https:\/\/www.aridane.org\/city\/2025\/11\/10\/el-ayuntamiento-inicia-los-trabajos-tecnicos-para-hacer-realidad-120-viviendas-sociales-en-los-llanos\/","name":"El Ayuntamiento inicia los trabajos t\u00e9cnicos para hacer realidad 120 viviendas sociales en Los Llanos\u00a0 - Ayuntamiento de Los Llanos de Aridane","isPartOf":{"@id":"https:\/\/www.aridane.org\/city\/#website"},"primaryImageOfPage":{"@id":"https:\/\/www.aridane.org\/city\/2025\/11\/10\/el-ayuntamiento-inicia-los-trabajos-tecnicos-para-hacer-realidad-120-viviendas-sociales-en-los-llanos\/#primaryimage"},"image":{"@id":"https:\/\/www.aridane.org\/city\/2025\/11\/10\/el-ayuntamiento-inicia-los-trabajos-tecnicos-para-hacer-realidad-120-viviendas-sociales-en-los-llanos\/#primaryimage"},"thumbnailUrl":"https:\/\/www.aridane.org\/city\/wp-content\/uploads\/2025\/11\/Parcela-Callao-Gestur.jpeg","datePublished":"2025-11-10T14:48:47+00:00","dateModified":"2025-11-10T14:49:02+00:00","author":{"@id":"https:\/\/www.aridane.org\/city\/#\/schema\/person\/89ebd376b223dc94cc1dbcf200c8e6da"},"breadcrumb":{"@id":"https:\/\/www.aridane.org\/city\/2025\/11\/10\/el-ayuntamiento-inicia-los-trabajos-tecnicos-para-hacer-realidad-120-viviendas-sociales-en-los-llanos\/#breadcrumb"},"inLanguage":"es","potentialAction":[{"@type":"ReadAction","target":["https:\/\/www.aridane.org\/city\/2025\/11\/10\/el-ayuntamiento-inicia-los-trabajos-tecnicos-para-hacer-realidad-120-viviendas-sociales-en-los-llanos\/"]}]},{"@type":"ImageObject","inLanguage":"es","@id":"https:\/\/www.aridane.org\/city\/2025\/11\/10\/el-ayuntamiento-inicia-los-trabajos-tecnicos-para-hacer-realidad-120-viviendas-sociales-en-los-llanos\/#primaryimage","url":"https:\/\/www.aridane.org\/city\/wp-content\/uploads\/2025\/11\/Parcela-Callao-Gestur.jpeg","contentUrl":"https:\/\/www.aridane.org\/city\/wp-content\/uploads\/2025\/11\/Parcela-Callao-Gestur.jpeg","width":929,"height":947},{"@type":"BreadcrumbList","@id":"https:\/\/www.aridane.org\/city\/2025\/11\/10\/el-ayuntamiento-inicia-los-trabajos-tecnicos-para-hacer-realidad-120-viviendas-sociales-en-los-llanos\/#breadcrumb","itemListElement":[{"@type":"ListItem","position":1,"name":"Portada","item":"https:\/\/www.aridane.org\/city\/"},{"@type":"ListItem","position":2,"name":"El Ayuntamiento inicia los trabajos t\u00e9cnicos para hacer realidad 120 viviendas sociales en Los Llanos\u00a0"}]},{"@type":"WebSite","@id":"https:\/\/www.aridane.org\/city\/#website","url":"https:\/\/www.aridane.org\/city\/","name":"Ayuntamiento de Los Llanos de Aridane","description":"","potentialAction":[{"@type":"SearchAction","target":{"@type":"EntryPoint","urlTemplate":"https:\/\/www.aridane.org\/city\/?s={search_term_string}"},"query-input":"required name=search_term_string"}],"inLanguage":"es"},{"@type":"Person","@id":"https:\/\/www.aridane.org\/city\/#\/schema\/person\/89ebd376b223dc94cc1dbcf200c8e6da","name":"Corresponsal","image":{"@type":"ImageObject","inLanguage":"es","@id":"https:\/\/www.aridane.org\/city\/#\/schema\/person\/image\/","url":"https:\/\/secure.gravatar.com\/avatar\/1c476992411e4ccf153da63b2b2f5ea0bb4cb1c85f3ceab8512f04325ad5579c?s=96&d=mm&r=g","contentUrl":"https:\/\/secure.gravatar.com\/avatar\/1c476992411e4ccf153da63b2b2f5ea0bb4cb1c85f3ceab8512f04325ad5579c?s=96&d=mm&r=g","caption":"Corresponsal"},"url":"https:\/\/www.aridane.org\/city\/author\/corresponsal\/"}]}},"_links":{"self":[{"href":"https:\/\/www.aridane.org\/city\/wp-json\/wp\/v2\/posts\/4866","targetHints":{"allow":["GET"]}}],"collection":[{"href":"https:\/\/www.aridane.org\/city\/wp-json\/wp\/v2\/posts"}],"about":[{"href":"https:\/\/www.aridane.org\/city\/wp-json\/wp\/v2\/types\/post"}],"author":[{"embeddable":true,"href":"https:\/\/www.aridane.org\/city\/wp-json\/wp\/v2\/users\/4"}],"replies":[{"embeddable":true,"href":"https:\/\/www.aridane.org\/city\/wp-json\/wp\/v2\/comments?post=4866"}],"version-history":[{"count":1,"href":"https:\/\/www.aridane.org\/city\/wp-json\/wp\/v2\/posts\/4866\/revisions"}],"predecessor-version":[{"id":4868,"href":"https:\/\/www.aridane.org\/city\/wp-json\/wp\/v2\/posts\/4866\/revisions\/4868"}],"wp:featuredmedia":[{"embeddable":true,"href":"https:\/\/www.aridane.org\/city\/wp-json\/wp\/v2\/media\/4867"}],"wp:attachment":[{"href":"https:\/\/www.aridane.org\/city\/wp-json\/wp\/v2\/media?parent=4866"}],"wp:term":[{"taxonomy":"category","embeddable":true,"href":"https:\/\/www.aridane.org\/city\/wp-json\/wp\/v2\/categories?post=4866"},{"taxonomy":"post_tag","embeddable":true,"href":"https:\/\/www.aridane.org\/city\/wp-json\/wp\/v2\/tags?post=4866"}],"curies":[{"name":"wp","href":"https:\/\/api.w.org\/{rel}","templated":true}]}}