{"id":4869,"date":"2025-11-11T12:26:20","date_gmt":"2025-11-11T12:26:20","guid":{"rendered":"https:\/\/www.aridane.org\/city\/?p=4869"},"modified":"2025-11-11T12:26:20","modified_gmt":"2025-11-11T12:26:20","slug":"el-ayuntamiento-de-los-llanos-de-aridane-abre-la-fase-de-votacion-de-los-presupuestos-participativos-2025","status":"publish","type":"post","link":"https:\/\/www.aridane.org\/city\/2025\/11\/11\/el-ayuntamiento-de-los-llanos-de-aridane-abre-la-fase-de-votacion-de-los-presupuestos-participativos-2025\/","title":{"rendered":"El Ayuntamiento de Los Llanos de Aridane abre la fase de votaci\u00f3n de los Presupuestos Participativos 2025"},"content":{"rendered":"<p><em>En esta edici\u00f3n, un total de 21 propuestas han superado la fase de viabilidad t\u00e9cnica y econ\u00f3mica, y pasar\u00e1n a votaci\u00f3n ciudadana hasta el pr\u00f3ximo 9 de diciembre<\/em><!--more--><\/p>\n<div id=\"v1forwardbody1\">\n<p>El Ayuntamiento de Los Llanos de Aridane abre la fase de votaci\u00f3n del proceso de Presupuestos Participativos 2025. La iniciativa, dotada con 300.000 euros, busca fomentar la implicaci\u00f3n vecinal en la gesti\u00f3n del municipio.<\/p>\n<p>El alcalde, Javier Llamas, invita a la ciudadan\u00eda a participar activamente en el proceso. \u201cSeguimos apostando por la transparencia y por darle voz a nuestros vecinos y vecinas. Promovemos una gesti\u00f3n municipal donde la ciudadan\u00eda sea protagonista en la toma de decisiones\u201d, se\u00f1ala.<\/p>\n<p>En este sentido, el concejal de Participaci\u00f3n Ciudadana, Ar\u00f3n Le\u00f3n, explica que este a\u00f1o se ha puesto especial atenci\u00f3n en garantizar el equilibrio territorial, \u201cde manera que en el listado final de proyectos a ejecutar se incluya, al menos, una propuesta por cada una de las tres zonas del municipio: casco urbano, median\u00edas y costa\u201d.<\/p>\n<h2><strong>21 propuestas<\/strong><\/h2>\n<p>En esta edici\u00f3n, un total de 21 propuestas han superado la fase de viabilidad t\u00e9cnica y econ\u00f3mica, y pasar\u00e1n a votaci\u00f3n ciudadana hasta el pr\u00f3ximo 9 de diciembre.<\/p>\n<p>Todas las personas empadronadas en el municipio mayores de 16 a\u00f1os podr\u00e1n votar hasta tres de las propuestas finalistas, asignando un punto a cada una. El\u00a0 formulario de votaci\u00f3n es el siguiente\u00a0<a href=\"https:\/\/docs.google.com\/forms\/d\/e\/1FAIpQLSeQqXMOvRhKO2Yl1zjE7GUcOnvaOPXS67EaPUOChj4C28cGxg\/closedform\" target=\"_blank\" rel=\"noopener noreferrer\">https:\/\/docs.google.com\/forms\/d\/e\/1FAIpQLSeQqXMOvRhKO2Yl1zjE7GUcOnvaOPXS67EaPUOChj4C28cGxg\/closedform<\/a><\/p>\n<p>Durante este periodo, las personas y entidades que hayan presentado propuestas podr\u00e1n desarrollar campa\u00f1as informativas y de difusi\u00f3n para recabar apoyos ciudadanos.<\/p>\n<p>Una vez finalizado el plazo de votaci\u00f3n, se elaborar\u00e1 un listado con todas las iniciativas ordenadas por n\u00famero de apoyos, que ser\u00e1 presentado en el pleno municipal. Los proyectos seleccionados se ejecutar\u00e1n hasta agotar el presupuesto disponible.<\/p>\n<\/div>\n","protected":false},"excerpt":{"rendered":"<p>En esta edici\u00f3n, un total de 21 propuestas han superado la fase de viabilidad t\u00e9cnica y econ\u00f3mica, y pasar\u00e1n a votaci\u00f3n ciudadana hasta el pr\u00f3ximo 9 de diciembre<\/p>\n","protected":false},"author":4,"featured_media":4681,"comment_status":"open","ping_status":"open","sticky":false,"template":"","format":"standard","meta":{"footnotes":""},"categories":[1],"tags":[],"class_list":["post-4869","post","type-post","status-publish","format-standard","has-post-thumbnail","hentry","category-sin-categoria"],"yoast_head":"<!-- This site is optimized with the Yoast SEO plugin v22.7 - https:\/\/yoast.com\/wordpress\/plugins\/seo\/ -->\n<title>El Ayuntamiento de Los Llanos de Aridane abre la fase de votaci\u00f3n de los Presupuestos Participativos 2025 - Ayuntamiento de Los Llanos de Aridane<\/title>\n<meta name=\"robots\" content=\"index, follow, max-snippet:-1, max-image-preview:large, max-video-preview:-1\" \/>\n<link rel=\"canonical\" href=\"https:\/\/www.aridane.org\/city\/2025\/11\/11\/el-ayuntamiento-de-los-llanos-de-aridane-abre-la-fase-de-votacion-de-los-presupuestos-participativos-2025\/\" \/>\n<meta property=\"og:locale\" content=\"es_ES\" \/>\n<meta property=\"og:type\" content=\"article\" \/>\n<meta property=\"og:title\" content=\"El Ayuntamiento de Los Llanos de Aridane abre la fase de votaci\u00f3n de los Presupuestos Participativos 2025 - Ayuntamiento de Los Llanos de Aridane\" \/>\n<meta property=\"og:description\" content=\"En esta edici\u00f3n, un total de 21 propuestas han superado la fase de viabilidad t\u00e9cnica y econ\u00f3mica, y pasar\u00e1n a votaci\u00f3n ciudadana hasta el pr\u00f3ximo 9 de diciembre\" \/>\n<meta property=\"og:url\" content=\"https:\/\/www.aridane.org\/city\/2025\/11\/11\/el-ayuntamiento-de-los-llanos-de-aridane-abre-la-fase-de-votacion-de-los-presupuestos-participativos-2025\/\" \/>\n<meta property=\"og:site_name\" content=\"Ayuntamiento de Los Llanos de Aridane\" \/>\n<meta property=\"article:published_time\" content=\"2025-11-11T12:26:20+00:00\" \/>\n<meta property=\"og:image\" content=\"https:\/\/www.aridane.org\/city\/wp-content\/uploads\/2025\/08\/Javier-y-Aron-3-1-scaled.jpeg\" \/>\n\t<meta property=\"og:image:width\" content=\"2560\" \/>\n\t<meta property=\"og:image:height\" content=\"1920\" \/>\n\t<meta property=\"og:image:type\" content=\"image\/jpeg\" \/>\n<meta name=\"author\" content=\"Corresponsal\" \/>\n<meta name=\"twitter:card\" content=\"summary_large_image\" \/>\n<meta name=\"twitter:label1\" content=\"Escrito por\" \/>\n\t<meta name=\"twitter:data1\" content=\"Corresponsal\" \/>\n\t<meta name=\"twitter:label2\" content=\"Tiempo de lectura\" \/>\n\t<meta name=\"twitter:data2\" content=\"2 minutos\" \/>\n<script type=\"application\/ld+json\" class=\"yoast-schema-graph\">{\"@context\":\"https:\/\/schema.org\",\"@graph\":[{\"@type\":\"WebPage\",\"@id\":\"https:\/\/www.aridane.org\/city\/2025\/11\/11\/el-ayuntamiento-de-los-llanos-de-aridane-abre-la-fase-de-votacion-de-los-presupuestos-participativos-2025\/\",\"url\":\"https:\/\/www.aridane.org\/city\/2025\/11\/11\/el-ayuntamiento-de-los-llanos-de-aridane-abre-la-fase-de-votacion-de-los-presupuestos-participativos-2025\/\",\"name\":\"El Ayuntamiento de Los Llanos de Aridane abre la fase de votaci\u00f3n de los Presupuestos Participativos 2025 - Ayuntamiento de Los Llanos de Aridane\",\"isPartOf\":{\"@id\":\"https:\/\/www.aridane.org\/city\/#website\"},\"primaryImageOfPage\":{\"@id\":\"https:\/\/www.aridane.org\/city\/2025\/11\/11\/el-ayuntamiento-de-los-llanos-de-aridane-abre-la-fase-de-votacion-de-los-presupuestos-participativos-2025\/#primaryimage\"},\"image\":{\"@id\":\"https:\/\/www.aridane.org\/city\/2025\/11\/11\/el-ayuntamiento-de-los-llanos-de-aridane-abre-la-fase-de-votacion-de-los-presupuestos-participativos-2025\/#primaryimage\"},\"thumbnailUrl\":\"https:\/\/www.aridane.org\/city\/wp-content\/uploads\/2025\/08\/Javier-y-Aron-3-1-scaled.jpeg\",\"datePublished\":\"2025-11-11T12:26:20+00:00\",\"dateModified\":\"2025-11-11T12:26:20+00:00\",\"author\":{\"@id\":\"https:\/\/www.aridane.org\/city\/#\/schema\/person\/89ebd376b223dc94cc1dbcf200c8e6da\"},\"breadcrumb\":{\"@id\":\"https:\/\/www.aridane.org\/city\/2025\/11\/11\/el-ayuntamiento-de-los-llanos-de-aridane-abre-la-fase-de-votacion-de-los-presupuestos-participativos-2025\/#breadcrumb\"},\"inLanguage\":\"es\",\"potentialAction\":[{\"@type\":\"ReadAction\",\"target\":[\"https:\/\/www.aridane.org\/city\/2025\/11\/11\/el-ayuntamiento-de-los-llanos-de-aridane-abre-la-fase-de-votacion-de-los-presupuestos-participativos-2025\/\"]}]},{\"@type\":\"ImageObject\",\"inLanguage\":\"es\",\"@id\":\"https:\/\/www.aridane.org\/city\/2025\/11\/11\/el-ayuntamiento-de-los-llanos-de-aridane-abre-la-fase-de-votacion-de-los-presupuestos-participativos-2025\/#primaryimage\",\"url\":\"https:\/\/www.aridane.org\/city\/wp-content\/uploads\/2025\/08\/Javier-y-Aron-3-1-scaled.jpeg\",\"contentUrl\":\"https:\/\/www.aridane.org\/city\/wp-content\/uploads\/2025\/08\/Javier-y-Aron-3-1-scaled.jpeg\",\"width\":2560,\"height\":1920},{\"@type\":\"BreadcrumbList\",\"@id\":\"https:\/\/www.aridane.org\/city\/2025\/11\/11\/el-ayuntamiento-de-los-llanos-de-aridane-abre-la-fase-de-votacion-de-los-presupuestos-participativos-2025\/#breadcrumb\",\"itemListElement\":[{\"@type\":\"ListItem\",\"position\":1,\"name\":\"Portada\",\"item\":\"https:\/\/www.aridane.org\/city\/\"},{\"@type\":\"ListItem\",\"position\":2,\"name\":\"El Ayuntamiento de Los Llanos de Aridane abre la fase de votaci\u00f3n de los Presupuestos Participativos 2025\"}]},{\"@type\":\"WebSite\",\"@id\":\"https:\/\/www.aridane.org\/city\/#website\",\"url\":\"https:\/\/www.aridane.org\/city\/\",\"name\":\"Ayuntamiento de Los Llanos de Aridane\",\"description\":\"\",\"potentialAction\":[{\"@type\":\"SearchAction\",\"target\":{\"@type\":\"EntryPoint\",\"urlTemplate\":\"https:\/\/www.aridane.org\/city\/?s={search_term_string}\"},\"query-input\":\"required name=search_term_string\"}],\"inLanguage\":\"es\"},{\"@type\":\"Person\",\"@id\":\"https:\/\/www.aridane.org\/city\/#\/schema\/person\/89ebd376b223dc94cc1dbcf200c8e6da\",\"name\":\"Corresponsal\",\"image\":{\"@type\":\"ImageObject\",\"inLanguage\":\"es\",\"@id\":\"https:\/\/www.aridane.org\/city\/#\/schema\/person\/image\/\",\"url\":\"https:\/\/secure.gravatar.com\/avatar\/1c476992411e4ccf153da63b2b2f5ea0bb4cb1c85f3ceab8512f04325ad5579c?s=96&d=mm&r=g\",\"contentUrl\":\"https:\/\/secure.gravatar.com\/avatar\/1c476992411e4ccf153da63b2b2f5ea0bb4cb1c85f3ceab8512f04325ad5579c?s=96&d=mm&r=g\",\"caption\":\"Corresponsal\"},\"url\":\"https:\/\/www.aridane.org\/city\/author\/corresponsal\/\"}]}<\/script>\n<!-- \/ Yoast SEO plugin. -->","yoast_head_json":{"title":"El Ayuntamiento de Los Llanos de Aridane abre la fase de votaci\u00f3n de los Presupuestos Participativos 2025 - Ayuntamiento de Los Llanos de Aridane","robots":{"index":"index","follow":"follow","max-snippet":"max-snippet:-1","max-image-preview":"max-image-preview:large","max-video-preview":"max-video-preview:-1"},"canonical":"https:\/\/www.aridane.org\/city\/2025\/11\/11\/el-ayuntamiento-de-los-llanos-de-aridane-abre-la-fase-de-votacion-de-los-presupuestos-participativos-2025\/","og_locale":"es_ES","og_type":"article","og_title":"El Ayuntamiento de Los Llanos de Aridane abre la fase de votaci\u00f3n de los Presupuestos Participativos 2025 - Ayuntamiento de Los Llanos de Aridane","og_description":"En esta edici\u00f3n, un total de 21 propuestas han superado la fase de viabilidad t\u00e9cnica y econ\u00f3mica, y pasar\u00e1n a votaci\u00f3n ciudadana hasta el pr\u00f3ximo 9 de diciembre","og_url":"https:\/\/www.aridane.org\/city\/2025\/11\/11\/el-ayuntamiento-de-los-llanos-de-aridane-abre-la-fase-de-votacion-de-los-presupuestos-participativos-2025\/","og_site_name":"Ayuntamiento de Los Llanos de Aridane","article_published_time":"2025-11-11T12:26:20+00:00","og_image":[{"width":2560,"height":1920,"url":"https:\/\/www.aridane.org\/city\/wp-content\/uploads\/2025\/08\/Javier-y-Aron-3-1-scaled.jpeg","type":"image\/jpeg"}],"author":"Corresponsal","twitter_card":"summary_large_image","twitter_misc":{"Escrito por":"Corresponsal","Tiempo de lectura":"2 minutos"},"schema":{"@context":"https:\/\/schema.org","@graph":[{"@type":"WebPage","@id":"https:\/\/www.aridane.org\/city\/2025\/11\/11\/el-ayuntamiento-de-los-llanos-de-aridane-abre-la-fase-de-votacion-de-los-presupuestos-participativos-2025\/","url":"https:\/\/www.aridane.org\/city\/2025\/11\/11\/el-ayuntamiento-de-los-llanos-de-aridane-abre-la-fase-de-votacion-de-los-presupuestos-participativos-2025\/","name":"El Ayuntamiento de Los Llanos de Aridane abre la fase de votaci\u00f3n de los Presupuestos Participativos 2025 - Ayuntamiento de Los Llanos de Aridane","isPartOf":{"@id":"https:\/\/www.aridane.org\/city\/#website"},"primaryImageOfPage":{"@id":"https:\/\/www.aridane.org\/city\/2025\/11\/11\/el-ayuntamiento-de-los-llanos-de-aridane-abre-la-fase-de-votacion-de-los-presupuestos-participativos-2025\/#primaryimage"},"image":{"@id":"https:\/\/www.aridane.org\/city\/2025\/11\/11\/el-ayuntamiento-de-los-llanos-de-aridane-abre-la-fase-de-votacion-de-los-presupuestos-participativos-2025\/#primaryimage"},"thumbnailUrl":"https:\/\/www.aridane.org\/city\/wp-content\/uploads\/2025\/08\/Javier-y-Aron-3-1-scaled.jpeg","datePublished":"2025-11-11T12:26:20+00:00","dateModified":"2025-11-11T12:26:20+00:00","author":{"@id":"https:\/\/www.aridane.org\/city\/#\/schema\/person\/89ebd376b223dc94cc1dbcf200c8e6da"},"breadcrumb":{"@id":"https:\/\/www.aridane.org\/city\/2025\/11\/11\/el-ayuntamiento-de-los-llanos-de-aridane-abre-la-fase-de-votacion-de-los-presupuestos-participativos-2025\/#breadcrumb"},"inLanguage":"es","potentialAction":[{"@type":"ReadAction","target":["https:\/\/www.aridane.org\/city\/2025\/11\/11\/el-ayuntamiento-de-los-llanos-de-aridane-abre-la-fase-de-votacion-de-los-presupuestos-participativos-2025\/"]}]},{"@type":"ImageObject","inLanguage":"es","@id":"https:\/\/www.aridane.org\/city\/2025\/11\/11\/el-ayuntamiento-de-los-llanos-de-aridane-abre-la-fase-de-votacion-de-los-presupuestos-participativos-2025\/#primaryimage","url":"https:\/\/www.aridane.org\/city\/wp-content\/uploads\/2025\/08\/Javier-y-Aron-3-1-scaled.jpeg","contentUrl":"https:\/\/www.aridane.org\/city\/wp-content\/uploads\/2025\/08\/Javier-y-Aron-3-1-scaled.jpeg","width":2560,"height":1920},{"@type":"BreadcrumbList","@id":"https:\/\/www.aridane.org\/city\/2025\/11\/11\/el-ayuntamiento-de-los-llanos-de-aridane-abre-la-fase-de-votacion-de-los-presupuestos-participativos-2025\/#breadcrumb","itemListElement":[{"@type":"ListItem","position":1,"name":"Portada","item":"https:\/\/www.aridane.org\/city\/"},{"@type":"ListItem","position":2,"name":"El Ayuntamiento de Los Llanos de Aridane abre la fase de votaci\u00f3n de los Presupuestos Participativos 2025"}]},{"@type":"WebSite","@id":"https:\/\/www.aridane.org\/city\/#website","url":"https:\/\/www.aridane.org\/city\/","name":"Ayuntamiento de Los Llanos de Aridane","description":"","potentialAction":[{"@type":"SearchAction","target":{"@type":"EntryPoint","urlTemplate":"https:\/\/www.aridane.org\/city\/?s={search_term_string}"},"query-input":"required name=search_term_string"}],"inLanguage":"es"},{"@type":"Person","@id":"https:\/\/www.aridane.org\/city\/#\/schema\/person\/89ebd376b223dc94cc1dbcf200c8e6da","name":"Corresponsal","image":{"@type":"ImageObject","inLanguage":"es","@id":"https:\/\/www.aridane.org\/city\/#\/schema\/person\/image\/","url":"https:\/\/secure.gravatar.com\/avatar\/1c476992411e4ccf153da63b2b2f5ea0bb4cb1c85f3ceab8512f04325ad5579c?s=96&d=mm&r=g","contentUrl":"https:\/\/secure.gravatar.com\/avatar\/1c476992411e4ccf153da63b2b2f5ea0bb4cb1c85f3ceab8512f04325ad5579c?s=96&d=mm&r=g","caption":"Corresponsal"},"url":"https:\/\/www.aridane.org\/city\/author\/corresponsal\/"}]}},"_links":{"self":[{"href":"https:\/\/www.aridane.org\/city\/wp-json\/wp\/v2\/posts\/4869","targetHints":{"allow":["GET"]}}],"collection":[{"href":"https:\/\/www.aridane.org\/city\/wp-json\/wp\/v2\/posts"}],"about":[{"href":"https:\/\/www.aridane.org\/city\/wp-json\/wp\/v2\/types\/post"}],"author":[{"embeddable":true,"href":"https:\/\/www.aridane.org\/city\/wp-json\/wp\/v2\/users\/4"}],"replies":[{"embeddable":true,"href":"https:\/\/www.aridane.org\/city\/wp-json\/wp\/v2\/comments?post=4869"}],"version-history":[{"count":1,"href":"https:\/\/www.aridane.org\/city\/wp-json\/wp\/v2\/posts\/4869\/revisions"}],"predecessor-version":[{"id":4870,"href":"https:\/\/www.aridane.org\/city\/wp-json\/wp\/v2\/posts\/4869\/revisions\/4870"}],"wp:featuredmedia":[{"embeddable":true,"href":"https:\/\/www.aridane.org\/city\/wp-json\/wp\/v2\/media\/4681"}],"wp:attachment":[{"href":"https:\/\/www.aridane.org\/city\/wp-json\/wp\/v2\/media?parent=4869"}],"wp:term":[{"taxonomy":"category","embeddable":true,"href":"https:\/\/www.aridane.org\/city\/wp-json\/wp\/v2\/categories?post=4869"},{"taxonomy":"post_tag","embeddable":true,"href":"https:\/\/www.aridane.org\/city\/wp-json\/wp\/v2\/tags?post=4869"}],"curies":[{"name":"wp","href":"https:\/\/api.w.org\/{rel}","templated":true}]}}