{"id":4874,"date":"2025-11-12T10:15:44","date_gmt":"2025-11-12T10:15:44","guid":{"rendered":"https:\/\/www.aridane.org\/city\/?p=4874"},"modified":"2025-11-12T10:48:55","modified_gmt":"2025-11-12T10:48:55","slug":"el-ayuntamiento-de-los-llanos-continua-el-plan-de-asfaltado-con-la-licitacion-de-los-caminos-rodrigo-y-arocha","status":"publish","type":"post","link":"https:\/\/www.aridane.org\/city\/2025\/11\/12\/el-ayuntamiento-de-los-llanos-continua-el-plan-de-asfaltado-con-la-licitacion-de-los-caminos-rodrigo-y-arocha\/","title":{"rendered":"El Plan de Asfaltado contin\u00faa con la licitaci\u00f3n de los caminos Rodrigo y Arocha"},"content":{"rendered":"<p><em>Adem\u00e1s de la mejora del pavimento, los proyectos contemplan la mejora de los servicios p\u00fablicos asociados<\/em><!--more--><\/p>\n<p>El Ayuntamiento de Los Llanos de Aridane da un nuevo paso en la ejecuci\u00f3n del Plan de Asfaltado Municipal con la activaci\u00f3n de las licitaciones correspondientes a los caminos Rodrigo y Arocha. Estas actuaciones, valoradas en m\u00e1s de 150.000 euros, consolidan la apuesta del consistorio por mejorar una treintena de v\u00edas en distintos barrios del municipio.<\/p>\n<p>El alcalde, Javier Llamas, destaca que el Plan de Asfaltado no se queda en los anuncios. \u00abSeguimos licitando obras, cumpliendo con la hoja de ruta y respondiendo a una de las principales demandas vecinales\u201d, apunta, explicando que los caminos Rodrigo y Arocha se suman a las licitaciones ya publicadas de los caminos del Barranco de los Hombres, Sargento y Far\u00eda, \u201cconsolidando un esfuerzo estructural que moderniza las comunicaciones y mejora la calidad de vida en todo el municipio\u201d.<\/p>\n<p>Las obras en los caminos Rodrigo y Arocha contemplan la renovaci\u00f3n del firme, la instalaci\u00f3n de una nueva red de abastecimiento de agua, la modernizaci\u00f3n del alumbrado p\u00fablico mediante luminarias LED solares h\u00edbridas y la dotaci\u00f3n de acometidas a todas las viviendas y parcelas existentes.<\/p>\n<p>La concejala de Urbanismo, Tamara Acosta, se\u00f1ala que estas actuaciones \u201cpermitir\u00e1n garantizar unas mejores condiciones de accesibilidad, seguridad y eficiencia energ\u00e9tica, corrigiendo el avanzado deterioro que presentan ambos viales.\u201d<\/p>\n<p>Acosta a\u00f1ade que el objetivo es mantener un ritmo constante de licitaciones y ejecuci\u00f3n, de manera que la mejora de la red viaria sea una realidad visible en todos los barrios. \u201cTodos los proyectos van m\u00e1s all\u00e1 del piche, puesto que integran actuaciones complementarias como la renovaci\u00f3n de servicios o la correcci\u00f3n de cotas de pavimento, lo que refuerza la funcionalidad y el drenaje en cada zona\u201d, apunta.<\/p>\n<p>El proyecto cuenta con un presupuesto base de licitaci\u00f3n de 150.351,23 euros. Cada actuaci\u00f3n tiene un plazo de ejecuci\u00f3n de dos meses y contempla intervenciones de repavimentaci\u00f3n, abastecimiento y alumbrado p\u00fablico.<\/p>\n<p>Con esta nueva licitaci\u00f3n, el Ayuntamiento contin\u00faa dando cumplimiento a su Plan de Asfaltado Municipal, que ya ha iniciado obras en varias zonas y activado licitaciones por m\u00e1s de medio mill\u00f3n de euros. Una estrategia que, en palabras del alcalde, \u201crefleja la voluntad de transformar Los Llanos de Aridane con planificaci\u00f3n, constancia y resultados concretos\u201d.<\/p>\n","protected":false},"excerpt":{"rendered":"<p>Adem\u00e1s de la mejora del pavimento, los proyectos contemplan la mejora de los servicios p\u00fablicos asociados<\/p>\n","protected":false},"author":4,"featured_media":4875,"comment_status":"open","ping_status":"open","sticky":false,"template":"","format":"standard","meta":{"footnotes":""},"categories":[1],"tags":[],"class_list":["post-4874","post","type-post","status-publish","format-standard","has-post-thumbnail","hentry","category-sin-categoria"],"yoast_head":"<!-- This site is optimized with the Yoast SEO plugin v22.7 - https:\/\/yoast.com\/wordpress\/plugins\/seo\/ -->\n<title>El Plan de Asfaltado contin\u00faa con la licitaci\u00f3n de los caminos Rodrigo y Arocha - Ayuntamiento de Los Llanos de Aridane<\/title>\n<meta name=\"robots\" content=\"index, follow, max-snippet:-1, max-image-preview:large, max-video-preview:-1\" \/>\n<link rel=\"canonical\" href=\"https:\/\/www.aridane.org\/city\/2025\/11\/12\/el-ayuntamiento-de-los-llanos-continua-el-plan-de-asfaltado-con-la-licitacion-de-los-caminos-rodrigo-y-arocha\/\" \/>\n<meta property=\"og:locale\" content=\"es_ES\" \/>\n<meta property=\"og:type\" content=\"article\" \/>\n<meta property=\"og:title\" content=\"El Plan de Asfaltado contin\u00faa con la licitaci\u00f3n de los caminos Rodrigo y Arocha - Ayuntamiento de Los Llanos de Aridane\" \/>\n<meta property=\"og:description\" content=\"Adem\u00e1s de la mejora del pavimento, los proyectos contemplan la mejora de los servicios p\u00fablicos asociados\" \/>\n<meta property=\"og:url\" content=\"https:\/\/www.aridane.org\/city\/2025\/11\/12\/el-ayuntamiento-de-los-llanos-continua-el-plan-de-asfaltado-con-la-licitacion-de-los-caminos-rodrigo-y-arocha\/\" \/>\n<meta property=\"og:site_name\" content=\"Ayuntamiento de Los Llanos de Aridane\" \/>\n<meta property=\"article:published_time\" content=\"2025-11-12T10:15:44+00:00\" \/>\n<meta property=\"article:modified_time\" content=\"2025-11-12T10:48:55+00:00\" \/>\n<meta property=\"og:image\" content=\"https:\/\/www.aridane.org\/city\/wp-content\/uploads\/2025\/11\/Javier-Llamas-camino-e1762944526956.jpeg\" \/>\n\t<meta property=\"og:image:width\" content=\"1179\" \/>\n\t<meta property=\"og:image:height\" content=\"680\" \/>\n\t<meta property=\"og:image:type\" content=\"image\/jpeg\" \/>\n<meta name=\"author\" content=\"Corresponsal\" \/>\n<meta name=\"twitter:card\" content=\"summary_large_image\" \/>\n<meta name=\"twitter:label1\" content=\"Escrito por\" \/>\n\t<meta name=\"twitter:data1\" content=\"Corresponsal\" \/>\n\t<meta name=\"twitter:label2\" content=\"Tiempo de lectura\" \/>\n\t<meta name=\"twitter:data2\" content=\"2 minutos\" \/>\n<script type=\"application\/ld+json\" class=\"yoast-schema-graph\">{\"@context\":\"https:\/\/schema.org\",\"@graph\":[{\"@type\":\"WebPage\",\"@id\":\"https:\/\/www.aridane.org\/city\/2025\/11\/12\/el-ayuntamiento-de-los-llanos-continua-el-plan-de-asfaltado-con-la-licitacion-de-los-caminos-rodrigo-y-arocha\/\",\"url\":\"https:\/\/www.aridane.org\/city\/2025\/11\/12\/el-ayuntamiento-de-los-llanos-continua-el-plan-de-asfaltado-con-la-licitacion-de-los-caminos-rodrigo-y-arocha\/\",\"name\":\"El Plan de Asfaltado contin\u00faa con la licitaci\u00f3n de los caminos Rodrigo y Arocha - Ayuntamiento de Los Llanos de Aridane\",\"isPartOf\":{\"@id\":\"https:\/\/www.aridane.org\/city\/#website\"},\"primaryImageOfPage\":{\"@id\":\"https:\/\/www.aridane.org\/city\/2025\/11\/12\/el-ayuntamiento-de-los-llanos-continua-el-plan-de-asfaltado-con-la-licitacion-de-los-caminos-rodrigo-y-arocha\/#primaryimage\"},\"image\":{\"@id\":\"https:\/\/www.aridane.org\/city\/2025\/11\/12\/el-ayuntamiento-de-los-llanos-continua-el-plan-de-asfaltado-con-la-licitacion-de-los-caminos-rodrigo-y-arocha\/#primaryimage\"},\"thumbnailUrl\":\"https:\/\/www.aridane.org\/city\/wp-content\/uploads\/2025\/11\/Javier-Llamas-camino-e1762944526956.jpeg\",\"datePublished\":\"2025-11-12T10:15:44+00:00\",\"dateModified\":\"2025-11-12T10:48:55+00:00\",\"author\":{\"@id\":\"https:\/\/www.aridane.org\/city\/#\/schema\/person\/89ebd376b223dc94cc1dbcf200c8e6da\"},\"breadcrumb\":{\"@id\":\"https:\/\/www.aridane.org\/city\/2025\/11\/12\/el-ayuntamiento-de-los-llanos-continua-el-plan-de-asfaltado-con-la-licitacion-de-los-caminos-rodrigo-y-arocha\/#breadcrumb\"},\"inLanguage\":\"es\",\"potentialAction\":[{\"@type\":\"ReadAction\",\"target\":[\"https:\/\/www.aridane.org\/city\/2025\/11\/12\/el-ayuntamiento-de-los-llanos-continua-el-plan-de-asfaltado-con-la-licitacion-de-los-caminos-rodrigo-y-arocha\/\"]}]},{\"@type\":\"ImageObject\",\"inLanguage\":\"es\",\"@id\":\"https:\/\/www.aridane.org\/city\/2025\/11\/12\/el-ayuntamiento-de-los-llanos-continua-el-plan-de-asfaltado-con-la-licitacion-de-los-caminos-rodrigo-y-arocha\/#primaryimage\",\"url\":\"https:\/\/www.aridane.org\/city\/wp-content\/uploads\/2025\/11\/Javier-Llamas-camino-e1762944526956.jpeg\",\"contentUrl\":\"https:\/\/www.aridane.org\/city\/wp-content\/uploads\/2025\/11\/Javier-Llamas-camino-e1762944526956.jpeg\",\"width\":1179,\"height\":680},{\"@type\":\"BreadcrumbList\",\"@id\":\"https:\/\/www.aridane.org\/city\/2025\/11\/12\/el-ayuntamiento-de-los-llanos-continua-el-plan-de-asfaltado-con-la-licitacion-de-los-caminos-rodrigo-y-arocha\/#breadcrumb\",\"itemListElement\":[{\"@type\":\"ListItem\",\"position\":1,\"name\":\"Portada\",\"item\":\"https:\/\/www.aridane.org\/city\/\"},{\"@type\":\"ListItem\",\"position\":2,\"name\":\"El Plan de Asfaltado contin\u00faa con la licitaci\u00f3n de los caminos Rodrigo y Arocha\"}]},{\"@type\":\"WebSite\",\"@id\":\"https:\/\/www.aridane.org\/city\/#website\",\"url\":\"https:\/\/www.aridane.org\/city\/\",\"name\":\"Ayuntamiento de Los Llanos de Aridane\",\"description\":\"\",\"potentialAction\":[{\"@type\":\"SearchAction\",\"target\":{\"@type\":\"EntryPoint\",\"urlTemplate\":\"https:\/\/www.aridane.org\/city\/?s={search_term_string}\"},\"query-input\":\"required name=search_term_string\"}],\"inLanguage\":\"es\"},{\"@type\":\"Person\",\"@id\":\"https:\/\/www.aridane.org\/city\/#\/schema\/person\/89ebd376b223dc94cc1dbcf200c8e6da\",\"name\":\"Corresponsal\",\"image\":{\"@type\":\"ImageObject\",\"inLanguage\":\"es\",\"@id\":\"https:\/\/www.aridane.org\/city\/#\/schema\/person\/image\/\",\"url\":\"https:\/\/secure.gravatar.com\/avatar\/1c476992411e4ccf153da63b2b2f5ea0bb4cb1c85f3ceab8512f04325ad5579c?s=96&d=mm&r=g\",\"contentUrl\":\"https:\/\/secure.gravatar.com\/avatar\/1c476992411e4ccf153da63b2b2f5ea0bb4cb1c85f3ceab8512f04325ad5579c?s=96&d=mm&r=g\",\"caption\":\"Corresponsal\"},\"url\":\"https:\/\/www.aridane.org\/city\/author\/corresponsal\/\"}]}<\/script>\n<!-- \/ Yoast SEO plugin. -->","yoast_head_json":{"title":"El Plan de Asfaltado contin\u00faa con la licitaci\u00f3n de los caminos Rodrigo y Arocha - Ayuntamiento de Los Llanos de Aridane","robots":{"index":"index","follow":"follow","max-snippet":"max-snippet:-1","max-image-preview":"max-image-preview:large","max-video-preview":"max-video-preview:-1"},"canonical":"https:\/\/www.aridane.org\/city\/2025\/11\/12\/el-ayuntamiento-de-los-llanos-continua-el-plan-de-asfaltado-con-la-licitacion-de-los-caminos-rodrigo-y-arocha\/","og_locale":"es_ES","og_type":"article","og_title":"El Plan de Asfaltado contin\u00faa con la licitaci\u00f3n de los caminos Rodrigo y Arocha - Ayuntamiento de Los Llanos de Aridane","og_description":"Adem\u00e1s de la mejora del pavimento, los proyectos contemplan la mejora de los servicios p\u00fablicos asociados","og_url":"https:\/\/www.aridane.org\/city\/2025\/11\/12\/el-ayuntamiento-de-los-llanos-continua-el-plan-de-asfaltado-con-la-licitacion-de-los-caminos-rodrigo-y-arocha\/","og_site_name":"Ayuntamiento de Los Llanos de Aridane","article_published_time":"2025-11-12T10:15:44+00:00","article_modified_time":"2025-11-12T10:48:55+00:00","og_image":[{"width":1179,"height":680,"url":"https:\/\/www.aridane.org\/city\/wp-content\/uploads\/2025\/11\/Javier-Llamas-camino-e1762944526956.jpeg","type":"image\/jpeg"}],"author":"Corresponsal","twitter_card":"summary_large_image","twitter_misc":{"Escrito por":"Corresponsal","Tiempo de lectura":"2 minutos"},"schema":{"@context":"https:\/\/schema.org","@graph":[{"@type":"WebPage","@id":"https:\/\/www.aridane.org\/city\/2025\/11\/12\/el-ayuntamiento-de-los-llanos-continua-el-plan-de-asfaltado-con-la-licitacion-de-los-caminos-rodrigo-y-arocha\/","url":"https:\/\/www.aridane.org\/city\/2025\/11\/12\/el-ayuntamiento-de-los-llanos-continua-el-plan-de-asfaltado-con-la-licitacion-de-los-caminos-rodrigo-y-arocha\/","name":"El Plan de Asfaltado contin\u00faa con la licitaci\u00f3n de los caminos Rodrigo y Arocha - Ayuntamiento de Los Llanos de Aridane","isPartOf":{"@id":"https:\/\/www.aridane.org\/city\/#website"},"primaryImageOfPage":{"@id":"https:\/\/www.aridane.org\/city\/2025\/11\/12\/el-ayuntamiento-de-los-llanos-continua-el-plan-de-asfaltado-con-la-licitacion-de-los-caminos-rodrigo-y-arocha\/#primaryimage"},"image":{"@id":"https:\/\/www.aridane.org\/city\/2025\/11\/12\/el-ayuntamiento-de-los-llanos-continua-el-plan-de-asfaltado-con-la-licitacion-de-los-caminos-rodrigo-y-arocha\/#primaryimage"},"thumbnailUrl":"https:\/\/www.aridane.org\/city\/wp-content\/uploads\/2025\/11\/Javier-Llamas-camino-e1762944526956.jpeg","datePublished":"2025-11-12T10:15:44+00:00","dateModified":"2025-11-12T10:48:55+00:00","author":{"@id":"https:\/\/www.aridane.org\/city\/#\/schema\/person\/89ebd376b223dc94cc1dbcf200c8e6da"},"breadcrumb":{"@id":"https:\/\/www.aridane.org\/city\/2025\/11\/12\/el-ayuntamiento-de-los-llanos-continua-el-plan-de-asfaltado-con-la-licitacion-de-los-caminos-rodrigo-y-arocha\/#breadcrumb"},"inLanguage":"es","potentialAction":[{"@type":"ReadAction","target":["https:\/\/www.aridane.org\/city\/2025\/11\/12\/el-ayuntamiento-de-los-llanos-continua-el-plan-de-asfaltado-con-la-licitacion-de-los-caminos-rodrigo-y-arocha\/"]}]},{"@type":"ImageObject","inLanguage":"es","@id":"https:\/\/www.aridane.org\/city\/2025\/11\/12\/el-ayuntamiento-de-los-llanos-continua-el-plan-de-asfaltado-con-la-licitacion-de-los-caminos-rodrigo-y-arocha\/#primaryimage","url":"https:\/\/www.aridane.org\/city\/wp-content\/uploads\/2025\/11\/Javier-Llamas-camino-e1762944526956.jpeg","contentUrl":"https:\/\/www.aridane.org\/city\/wp-content\/uploads\/2025\/11\/Javier-Llamas-camino-e1762944526956.jpeg","width":1179,"height":680},{"@type":"BreadcrumbList","@id":"https:\/\/www.aridane.org\/city\/2025\/11\/12\/el-ayuntamiento-de-los-llanos-continua-el-plan-de-asfaltado-con-la-licitacion-de-los-caminos-rodrigo-y-arocha\/#breadcrumb","itemListElement":[{"@type":"ListItem","position":1,"name":"Portada","item":"https:\/\/www.aridane.org\/city\/"},{"@type":"ListItem","position":2,"name":"El Plan de Asfaltado contin\u00faa con la licitaci\u00f3n de los caminos Rodrigo y Arocha"}]},{"@type":"WebSite","@id":"https:\/\/www.aridane.org\/city\/#website","url":"https:\/\/www.aridane.org\/city\/","name":"Ayuntamiento de Los Llanos de Aridane","description":"","potentialAction":[{"@type":"SearchAction","target":{"@type":"EntryPoint","urlTemplate":"https:\/\/www.aridane.org\/city\/?s={search_term_string}"},"query-input":"required name=search_term_string"}],"inLanguage":"es"},{"@type":"Person","@id":"https:\/\/www.aridane.org\/city\/#\/schema\/person\/89ebd376b223dc94cc1dbcf200c8e6da","name":"Corresponsal","image":{"@type":"ImageObject","inLanguage":"es","@id":"https:\/\/www.aridane.org\/city\/#\/schema\/person\/image\/","url":"https:\/\/secure.gravatar.com\/avatar\/1c476992411e4ccf153da63b2b2f5ea0bb4cb1c85f3ceab8512f04325ad5579c?s=96&d=mm&r=g","contentUrl":"https:\/\/secure.gravatar.com\/avatar\/1c476992411e4ccf153da63b2b2f5ea0bb4cb1c85f3ceab8512f04325ad5579c?s=96&d=mm&r=g","caption":"Corresponsal"},"url":"https:\/\/www.aridane.org\/city\/author\/corresponsal\/"}]}},"_links":{"self":[{"href":"https:\/\/www.aridane.org\/city\/wp-json\/wp\/v2\/posts\/4874","targetHints":{"allow":["GET"]}}],"collection":[{"href":"https:\/\/www.aridane.org\/city\/wp-json\/wp\/v2\/posts"}],"about":[{"href":"https:\/\/www.aridane.org\/city\/wp-json\/wp\/v2\/types\/post"}],"author":[{"embeddable":true,"href":"https:\/\/www.aridane.org\/city\/wp-json\/wp\/v2\/users\/4"}],"replies":[{"embeddable":true,"href":"https:\/\/www.aridane.org\/city\/wp-json\/wp\/v2\/comments?post=4874"}],"version-history":[{"count":2,"href":"https:\/\/www.aridane.org\/city\/wp-json\/wp\/v2\/posts\/4874\/revisions"}],"predecessor-version":[{"id":4877,"href":"https:\/\/www.aridane.org\/city\/wp-json\/wp\/v2\/posts\/4874\/revisions\/4877"}],"wp:featuredmedia":[{"embeddable":true,"href":"https:\/\/www.aridane.org\/city\/wp-json\/wp\/v2\/media\/4875"}],"wp:attachment":[{"href":"https:\/\/www.aridane.org\/city\/wp-json\/wp\/v2\/media?parent=4874"}],"wp:term":[{"taxonomy":"category","embeddable":true,"href":"https:\/\/www.aridane.org\/city\/wp-json\/wp\/v2\/categories?post=4874"},{"taxonomy":"post_tag","embeddable":true,"href":"https:\/\/www.aridane.org\/city\/wp-json\/wp\/v2\/tags?post=4874"}],"curies":[{"name":"wp","href":"https:\/\/api.w.org\/{rel}","templated":true}]}}