{"id":4878,"date":"2025-11-19T15:24:44","date_gmt":"2025-11-19T15:24:44","guid":{"rendered":"https:\/\/www.aridane.org\/city\/?p=4878"},"modified":"2025-11-19T15:24:44","modified_gmt":"2025-11-19T15:24:44","slug":"los-llanos-de-aridane-da-continuidad-al-plan-de-asfaltado-con-una-decena-de-nuevos-proyectos","status":"publish","type":"post","link":"https:\/\/www.aridane.org\/city\/2025\/11\/19\/los-llanos-de-aridane-da-continuidad-al-plan-de-asfaltado-con-una-decena-de-nuevos-proyectos\/","title":{"rendered":"Los Llanos de Aridane da continuidad al Plan de Asfaltado con una decena de nuevos proyectos"},"content":{"rendered":"<p><em>Los equipos t\u00e9cnicos trabajan en calle Tom\u00e1s Bret\u00f3n, as\u00ed como caminos Los Pulidos, Los Choriceros, Bergoyo, Morro de Cabrito, La Parcelita, Los Tanques, Los Zabalas, El Horizonte y El Altaha<\/em><!--more--><\/p>\n<div id=\"v1forwardbody1\">\n<p>El Ayuntamiento de Los Llanos de Aridane contin\u00faa avanzando en la ejecuci\u00f3n del Plan de Asfaltado con la preparaci\u00f3n de una nueva bater\u00eda de proyectos que permitir\u00e1 seguir mejorando la red viaria del municipio. Esta fase incorpora la intervenci\u00f3n de diez nuevas v\u00edas con necesidades de acondicionamiento, distribuidas en distintos barrios y con un papel relevante en la movilidad diaria.<\/p>\n<p>El alcalde, Javier Llamas, se\u00f1ala que el Ayuntamiento \u201cprioriza la redacci\u00f3n de estos proyectos para garantizar que el Plan de Asfaltado mantenga un ritmo continuo de ejecuci\u00f3n en 2026\u201d.<\/p>\n<p>Los equipos t\u00e9cnicos trabajan actualmente en calle Tom\u00e1s Bret\u00f3n, camino Los Pulidos, Los Choriceros, Bergoyo, Morro de Cabrito, La Parcelita, Los Tanques y Los Zabalas, adem\u00e1s de los caminos El Horizonte y El Altaha, recientemente cedidos por familias afectadas por la erupci\u00f3n. Estos trabajos se suman a las licitaciones activadas en semanas anteriores -camino Sargento, Faria, Las Piteras, Rodrigo, Arocha y A Tores- y consolidan una planificaci\u00f3n dise\u00f1ada para evitar parones en las actuaciones. Las primeras intervenciones comienzan en breve.<\/p>\n<p>\u201cEl Plan de Asfaltado avanza con paso firme gracias a las nuevas licitaciones. Nuestro objetivo es ofrecer accesos en condiciones dignas despu\u00e9s de muchos a\u00f1os\u201d, a\u00f1ade Llamas.<\/p>\n<p>La concejala de Urbanismo, Tamara Acosta, destaca que son v\u00edas que requieren una intervenci\u00f3n inmediata para mejorar la accesibilidad, reforzar la seguridad y garantizar conexiones adecuadas entre los diferentes n\u00facleos del municipio. \u201cNo se trata solo de renovar el pavimento, sino de mejorar el funcionamiento general de la v\u00eda y, con ello, los servicios y la movilidad del municipio\u201d, apunta.<\/p>\n<p>El Ayuntamiento subraya que esta l\u00ednea de trabajo permite atender prioridades reales, responder a demandas vecinales y avanzar en la reconstrucci\u00f3n de zonas incorporadas al patrimonio municipal tras la erupci\u00f3n.<\/p>\n<p>Con este impulso, Los Llanos de Aridane consolida un plan de asfaltado basado en planificaci\u00f3n, capacidad t\u00e9cnica y compromiso con la calidad de vida de la ciudadan\u00eda.<\/p>\n<\/div>\n","protected":false},"excerpt":{"rendered":"<p>Los equipos t\u00e9cnicos trabajan en calle Tom\u00e1s Bret\u00f3n, as\u00ed como caminos Los Pulidos, Los Choriceros, Bergoyo, Morro de Cabrito, La Parcelita, Los Tanques, Los Zabalas, El Horizonte y El Altaha<\/p>\n","protected":false},"author":4,"featured_media":4879,"comment_status":"open","ping_status":"open","sticky":false,"template":"","format":"standard","meta":{"footnotes":""},"categories":[1],"tags":[],"class_list":["post-4878","post","type-post","status-publish","format-standard","has-post-thumbnail","hentry","category-sin-categoria"],"yoast_head":"<!-- This site is optimized with the Yoast SEO plugin v22.7 - https:\/\/yoast.com\/wordpress\/plugins\/seo\/ -->\n<title>Los Llanos de Aridane da continuidad al Plan de Asfaltado con una decena de nuevos proyectos - Ayuntamiento de Los Llanos de Aridane<\/title>\n<meta name=\"robots\" content=\"index, follow, max-snippet:-1, max-image-preview:large, max-video-preview:-1\" \/>\n<link rel=\"canonical\" href=\"https:\/\/www.aridane.org\/city\/2025\/11\/19\/los-llanos-de-aridane-da-continuidad-al-plan-de-asfaltado-con-una-decena-de-nuevos-proyectos\/\" \/>\n<meta property=\"og:locale\" content=\"es_ES\" \/>\n<meta property=\"og:type\" content=\"article\" \/>\n<meta property=\"og:title\" content=\"Los Llanos de Aridane da continuidad al Plan de Asfaltado con una decena de nuevos proyectos - Ayuntamiento de Los Llanos de Aridane\" \/>\n<meta property=\"og:description\" content=\"Los equipos t\u00e9cnicos trabajan en calle Tom\u00e1s Bret\u00f3n, as\u00ed como caminos Los Pulidos, Los Choriceros, Bergoyo, Morro de Cabrito, La Parcelita, Los Tanques, Los Zabalas, El Horizonte y El Altaha\" \/>\n<meta property=\"og:url\" content=\"https:\/\/www.aridane.org\/city\/2025\/11\/19\/los-llanos-de-aridane-da-continuidad-al-plan-de-asfaltado-con-una-decena-de-nuevos-proyectos\/\" \/>\n<meta property=\"og:site_name\" content=\"Ayuntamiento de Los Llanos de Aridane\" \/>\n<meta property=\"article:published_time\" content=\"2025-11-19T15:24:44+00:00\" \/>\n<meta property=\"og:image\" content=\"https:\/\/www.aridane.org\/city\/wp-content\/uploads\/2025\/11\/Javier-y-Tamara-scaled.jpeg\" \/>\n\t<meta property=\"og:image:width\" content=\"2560\" \/>\n\t<meta property=\"og:image:height\" content=\"1920\" \/>\n\t<meta property=\"og:image:type\" content=\"image\/jpeg\" \/>\n<meta name=\"author\" content=\"Corresponsal\" \/>\n<meta name=\"twitter:card\" content=\"summary_large_image\" \/>\n<meta name=\"twitter:label1\" content=\"Escrito por\" \/>\n\t<meta name=\"twitter:data1\" content=\"Corresponsal\" \/>\n\t<meta name=\"twitter:label2\" content=\"Tiempo de lectura\" \/>\n\t<meta name=\"twitter:data2\" content=\"2 minutos\" \/>\n<script type=\"application\/ld+json\" class=\"yoast-schema-graph\">{\"@context\":\"https:\/\/schema.org\",\"@graph\":[{\"@type\":\"WebPage\",\"@id\":\"https:\/\/www.aridane.org\/city\/2025\/11\/19\/los-llanos-de-aridane-da-continuidad-al-plan-de-asfaltado-con-una-decena-de-nuevos-proyectos\/\",\"url\":\"https:\/\/www.aridane.org\/city\/2025\/11\/19\/los-llanos-de-aridane-da-continuidad-al-plan-de-asfaltado-con-una-decena-de-nuevos-proyectos\/\",\"name\":\"Los Llanos de Aridane da continuidad al Plan de Asfaltado con una decena de nuevos proyectos - Ayuntamiento de Los Llanos de Aridane\",\"isPartOf\":{\"@id\":\"https:\/\/www.aridane.org\/city\/#website\"},\"primaryImageOfPage\":{\"@id\":\"https:\/\/www.aridane.org\/city\/2025\/11\/19\/los-llanos-de-aridane-da-continuidad-al-plan-de-asfaltado-con-una-decena-de-nuevos-proyectos\/#primaryimage\"},\"image\":{\"@id\":\"https:\/\/www.aridane.org\/city\/2025\/11\/19\/los-llanos-de-aridane-da-continuidad-al-plan-de-asfaltado-con-una-decena-de-nuevos-proyectos\/#primaryimage\"},\"thumbnailUrl\":\"https:\/\/www.aridane.org\/city\/wp-content\/uploads\/2025\/11\/Javier-y-Tamara-scaled.jpeg\",\"datePublished\":\"2025-11-19T15:24:44+00:00\",\"dateModified\":\"2025-11-19T15:24:44+00:00\",\"author\":{\"@id\":\"https:\/\/www.aridane.org\/city\/#\/schema\/person\/89ebd376b223dc94cc1dbcf200c8e6da\"},\"breadcrumb\":{\"@id\":\"https:\/\/www.aridane.org\/city\/2025\/11\/19\/los-llanos-de-aridane-da-continuidad-al-plan-de-asfaltado-con-una-decena-de-nuevos-proyectos\/#breadcrumb\"},\"inLanguage\":\"es\",\"potentialAction\":[{\"@type\":\"ReadAction\",\"target\":[\"https:\/\/www.aridane.org\/city\/2025\/11\/19\/los-llanos-de-aridane-da-continuidad-al-plan-de-asfaltado-con-una-decena-de-nuevos-proyectos\/\"]}]},{\"@type\":\"ImageObject\",\"inLanguage\":\"es\",\"@id\":\"https:\/\/www.aridane.org\/city\/2025\/11\/19\/los-llanos-de-aridane-da-continuidad-al-plan-de-asfaltado-con-una-decena-de-nuevos-proyectos\/#primaryimage\",\"url\":\"https:\/\/www.aridane.org\/city\/wp-content\/uploads\/2025\/11\/Javier-y-Tamara-scaled.jpeg\",\"contentUrl\":\"https:\/\/www.aridane.org\/city\/wp-content\/uploads\/2025\/11\/Javier-y-Tamara-scaled.jpeg\",\"width\":2560,\"height\":1920},{\"@type\":\"BreadcrumbList\",\"@id\":\"https:\/\/www.aridane.org\/city\/2025\/11\/19\/los-llanos-de-aridane-da-continuidad-al-plan-de-asfaltado-con-una-decena-de-nuevos-proyectos\/#breadcrumb\",\"itemListElement\":[{\"@type\":\"ListItem\",\"position\":1,\"name\":\"Portada\",\"item\":\"https:\/\/www.aridane.org\/city\/\"},{\"@type\":\"ListItem\",\"position\":2,\"name\":\"Los Llanos de Aridane da continuidad al Plan de Asfaltado con una decena de nuevos proyectos\"}]},{\"@type\":\"WebSite\",\"@id\":\"https:\/\/www.aridane.org\/city\/#website\",\"url\":\"https:\/\/www.aridane.org\/city\/\",\"name\":\"Ayuntamiento de Los Llanos de Aridane\",\"description\":\"\",\"potentialAction\":[{\"@type\":\"SearchAction\",\"target\":{\"@type\":\"EntryPoint\",\"urlTemplate\":\"https:\/\/www.aridane.org\/city\/?s={search_term_string}\"},\"query-input\":\"required name=search_term_string\"}],\"inLanguage\":\"es\"},{\"@type\":\"Person\",\"@id\":\"https:\/\/www.aridane.org\/city\/#\/schema\/person\/89ebd376b223dc94cc1dbcf200c8e6da\",\"name\":\"Corresponsal\",\"image\":{\"@type\":\"ImageObject\",\"inLanguage\":\"es\",\"@id\":\"https:\/\/www.aridane.org\/city\/#\/schema\/person\/image\/\",\"url\":\"https:\/\/secure.gravatar.com\/avatar\/1c476992411e4ccf153da63b2b2f5ea0bb4cb1c85f3ceab8512f04325ad5579c?s=96&d=mm&r=g\",\"contentUrl\":\"https:\/\/secure.gravatar.com\/avatar\/1c476992411e4ccf153da63b2b2f5ea0bb4cb1c85f3ceab8512f04325ad5579c?s=96&d=mm&r=g\",\"caption\":\"Corresponsal\"},\"url\":\"https:\/\/www.aridane.org\/city\/author\/corresponsal\/\"}]}<\/script>\n<!-- \/ Yoast SEO plugin. -->","yoast_head_json":{"title":"Los Llanos de Aridane da continuidad al Plan de Asfaltado con una decena de nuevos proyectos - Ayuntamiento de Los Llanos de Aridane","robots":{"index":"index","follow":"follow","max-snippet":"max-snippet:-1","max-image-preview":"max-image-preview:large","max-video-preview":"max-video-preview:-1"},"canonical":"https:\/\/www.aridane.org\/city\/2025\/11\/19\/los-llanos-de-aridane-da-continuidad-al-plan-de-asfaltado-con-una-decena-de-nuevos-proyectos\/","og_locale":"es_ES","og_type":"article","og_title":"Los Llanos de Aridane da continuidad al Plan de Asfaltado con una decena de nuevos proyectos - Ayuntamiento de Los Llanos de Aridane","og_description":"Los equipos t\u00e9cnicos trabajan en calle Tom\u00e1s Bret\u00f3n, as\u00ed como caminos Los Pulidos, Los Choriceros, Bergoyo, Morro de Cabrito, La Parcelita, Los Tanques, Los Zabalas, El Horizonte y El Altaha","og_url":"https:\/\/www.aridane.org\/city\/2025\/11\/19\/los-llanos-de-aridane-da-continuidad-al-plan-de-asfaltado-con-una-decena-de-nuevos-proyectos\/","og_site_name":"Ayuntamiento de Los Llanos de Aridane","article_published_time":"2025-11-19T15:24:44+00:00","og_image":[{"width":2560,"height":1920,"url":"https:\/\/www.aridane.org\/city\/wp-content\/uploads\/2025\/11\/Javier-y-Tamara-scaled.jpeg","type":"image\/jpeg"}],"author":"Corresponsal","twitter_card":"summary_large_image","twitter_misc":{"Escrito por":"Corresponsal","Tiempo de lectura":"2 minutos"},"schema":{"@context":"https:\/\/schema.org","@graph":[{"@type":"WebPage","@id":"https:\/\/www.aridane.org\/city\/2025\/11\/19\/los-llanos-de-aridane-da-continuidad-al-plan-de-asfaltado-con-una-decena-de-nuevos-proyectos\/","url":"https:\/\/www.aridane.org\/city\/2025\/11\/19\/los-llanos-de-aridane-da-continuidad-al-plan-de-asfaltado-con-una-decena-de-nuevos-proyectos\/","name":"Los Llanos de Aridane da continuidad al Plan de Asfaltado con una decena de nuevos proyectos - Ayuntamiento de Los Llanos de Aridane","isPartOf":{"@id":"https:\/\/www.aridane.org\/city\/#website"},"primaryImageOfPage":{"@id":"https:\/\/www.aridane.org\/city\/2025\/11\/19\/los-llanos-de-aridane-da-continuidad-al-plan-de-asfaltado-con-una-decena-de-nuevos-proyectos\/#primaryimage"},"image":{"@id":"https:\/\/www.aridane.org\/city\/2025\/11\/19\/los-llanos-de-aridane-da-continuidad-al-plan-de-asfaltado-con-una-decena-de-nuevos-proyectos\/#primaryimage"},"thumbnailUrl":"https:\/\/www.aridane.org\/city\/wp-content\/uploads\/2025\/11\/Javier-y-Tamara-scaled.jpeg","datePublished":"2025-11-19T15:24:44+00:00","dateModified":"2025-11-19T15:24:44+00:00","author":{"@id":"https:\/\/www.aridane.org\/city\/#\/schema\/person\/89ebd376b223dc94cc1dbcf200c8e6da"},"breadcrumb":{"@id":"https:\/\/www.aridane.org\/city\/2025\/11\/19\/los-llanos-de-aridane-da-continuidad-al-plan-de-asfaltado-con-una-decena-de-nuevos-proyectos\/#breadcrumb"},"inLanguage":"es","potentialAction":[{"@type":"ReadAction","target":["https:\/\/www.aridane.org\/city\/2025\/11\/19\/los-llanos-de-aridane-da-continuidad-al-plan-de-asfaltado-con-una-decena-de-nuevos-proyectos\/"]}]},{"@type":"ImageObject","inLanguage":"es","@id":"https:\/\/www.aridane.org\/city\/2025\/11\/19\/los-llanos-de-aridane-da-continuidad-al-plan-de-asfaltado-con-una-decena-de-nuevos-proyectos\/#primaryimage","url":"https:\/\/www.aridane.org\/city\/wp-content\/uploads\/2025\/11\/Javier-y-Tamara-scaled.jpeg","contentUrl":"https:\/\/www.aridane.org\/city\/wp-content\/uploads\/2025\/11\/Javier-y-Tamara-scaled.jpeg","width":2560,"height":1920},{"@type":"BreadcrumbList","@id":"https:\/\/www.aridane.org\/city\/2025\/11\/19\/los-llanos-de-aridane-da-continuidad-al-plan-de-asfaltado-con-una-decena-de-nuevos-proyectos\/#breadcrumb","itemListElement":[{"@type":"ListItem","position":1,"name":"Portada","item":"https:\/\/www.aridane.org\/city\/"},{"@type":"ListItem","position":2,"name":"Los Llanos de Aridane da continuidad al Plan de Asfaltado con una decena de nuevos proyectos"}]},{"@type":"WebSite","@id":"https:\/\/www.aridane.org\/city\/#website","url":"https:\/\/www.aridane.org\/city\/","name":"Ayuntamiento de Los Llanos de Aridane","description":"","potentialAction":[{"@type":"SearchAction","target":{"@type":"EntryPoint","urlTemplate":"https:\/\/www.aridane.org\/city\/?s={search_term_string}"},"query-input":"required name=search_term_string"}],"inLanguage":"es"},{"@type":"Person","@id":"https:\/\/www.aridane.org\/city\/#\/schema\/person\/89ebd376b223dc94cc1dbcf200c8e6da","name":"Corresponsal","image":{"@type":"ImageObject","inLanguage":"es","@id":"https:\/\/www.aridane.org\/city\/#\/schema\/person\/image\/","url":"https:\/\/secure.gravatar.com\/avatar\/1c476992411e4ccf153da63b2b2f5ea0bb4cb1c85f3ceab8512f04325ad5579c?s=96&d=mm&r=g","contentUrl":"https:\/\/secure.gravatar.com\/avatar\/1c476992411e4ccf153da63b2b2f5ea0bb4cb1c85f3ceab8512f04325ad5579c?s=96&d=mm&r=g","caption":"Corresponsal"},"url":"https:\/\/www.aridane.org\/city\/author\/corresponsal\/"}]}},"_links":{"self":[{"href":"https:\/\/www.aridane.org\/city\/wp-json\/wp\/v2\/posts\/4878","targetHints":{"allow":["GET"]}}],"collection":[{"href":"https:\/\/www.aridane.org\/city\/wp-json\/wp\/v2\/posts"}],"about":[{"href":"https:\/\/www.aridane.org\/city\/wp-json\/wp\/v2\/types\/post"}],"author":[{"embeddable":true,"href":"https:\/\/www.aridane.org\/city\/wp-json\/wp\/v2\/users\/4"}],"replies":[{"embeddable":true,"href":"https:\/\/www.aridane.org\/city\/wp-json\/wp\/v2\/comments?post=4878"}],"version-history":[{"count":1,"href":"https:\/\/www.aridane.org\/city\/wp-json\/wp\/v2\/posts\/4878\/revisions"}],"predecessor-version":[{"id":4880,"href":"https:\/\/www.aridane.org\/city\/wp-json\/wp\/v2\/posts\/4878\/revisions\/4880"}],"wp:featuredmedia":[{"embeddable":true,"href":"https:\/\/www.aridane.org\/city\/wp-json\/wp\/v2\/media\/4879"}],"wp:attachment":[{"href":"https:\/\/www.aridane.org\/city\/wp-json\/wp\/v2\/media?parent=4878"}],"wp:term":[{"taxonomy":"category","embeddable":true,"href":"https:\/\/www.aridane.org\/city\/wp-json\/wp\/v2\/categories?post=4878"},{"taxonomy":"post_tag","embeddable":true,"href":"https:\/\/www.aridane.org\/city\/wp-json\/wp\/v2\/tags?post=4878"}],"curies":[{"name":"wp","href":"https:\/\/api.w.org\/{rel}","templated":true}]}}