{"id":4881,"date":"2025-11-25T09:48:25","date_gmt":"2025-11-25T09:48:25","guid":{"rendered":"https:\/\/www.aridane.org\/city\/?p=4881"},"modified":"2025-11-25T09:49:08","modified_gmt":"2025-11-25T09:49:08","slug":"el-dia-blanco-abre-la-campana-navidena-en-los-llanos-de-aridane-el-28-de-diciembre","status":"publish","type":"post","link":"https:\/\/www.aridane.org\/city\/2025\/11\/25\/el-dia-blanco-abre-la-campana-navidena-en-los-llanos-de-aridane-el-28-de-diciembre\/","title":{"rendered":"El D\u00eda Blanco abre la campa\u00f1a navide\u00f1a en Los Llanos de Aridane el 28 de noviembre"},"content":{"rendered":"<p><em>Esta iniciativa supone un impulso fundamental para el comercio local a las puertas de la Navidad<\/em><!--more--><\/p>\n<div id=\"v1forwardbody1\">\n<p>El Ayuntamiento de Los Llanos de Aridane celebra el viernes, 28 de noviembre, una nueva edici\u00f3n del D\u00eda Blanco, una jornada que activa las principales calles comerciales con talleres, actuaciones, m\u00fasica en directo y propuestas de dinamizaci\u00f3n dirigidas a toda la ciudadan\u00eda. Las actividades, organizadas de la mano con Zona Comercial Abierta (ZCA) y Asociaci\u00f3n de Comerciantes de la Zona Abierta (ACZA), comienzan a las 9:00 horas y se extienden de manera continuada hasta las 22:00 horas.<\/p>\n<p>La concejal de Comercio y Desarrollo Local, Ver\u00f3nica Gonz\u00e1lez, asegura que el D\u00eda Blanco permite llenar las calles del municipio de vida, m\u00fasica y encuentros a las puertas del comienzo de la Navidad.<\/p>\n<p>\u201cCada actividad, cada actuaci\u00f3n y cada espacio compartido es posible gracias al compromiso de las asociaciones, comercios y colectivos que se suman con entusiasmo para construir una jornada especial en el coraz\u00f3n del municipio. A todas ellas, nuestro agradecimiento por seguir colaborando y aportando energ\u00eda a esta celebraci\u00f3n que ya forma parte de nuestra identidad\u201d, se\u00f1ala la concejala.<\/p>\n<p>En este sentido, el alcalde, Javier Llamas, se\u00f1ala que impulsar la dinamizaci\u00f3n en nuestras calles no es solo una apuesta cultural, sino una estrategia clave para fortalecer el comercio local y generar nuevas oportunidades para quienes abren sus negocios cada d\u00eda. \u201cEstas iniciativas son esenciales para que el municipio siga creciendo con un tejido comercial fuerte, diverso y cercano. Son fechas fundamentales\u201d, a\u00f1ade.<\/p>\n<h2><strong>La programaci\u00f3n<\/strong><\/h2>\n<p>La programaci\u00f3n arranca en la Plaza de Espa\u00f1a con talleres de cuentacuentos, villancicos y lengua de signos, disponibles de 9:00 a 13:00 horas. De 10:00 a 12:00 horas, la calle Real acoge el\u00a0<em>Ticket Dorado<\/em>, una propuesta que impulsa la participaci\u00f3n y el movimiento comercial.<\/p>\n<p>A partir de las 17:00 horas, los personajes m\u00e1gicos recorren todas las calles comerciales hasta las 22:00 horas, mientras que la calle \u00c1ngel acoge un taller de juegos Licka entre las 17:00 y las 18:00 horas. En la calle Enrique Mederos, Leonardo Lires act\u00faa de 17:00 a 20:00 horas.<\/p>\n<p>En el mismo tramo horario, de 17:00 a 19:00 horas, el p\u00fablico disfruta de un\u00a0<em>Flash Mob<\/em>\u00a0de Stereo Studio en varios puntos del casco urbano \u2014calle Venezuela, calle Real y calle D\u00edaz Pimienta\u2014 y de actividades infantiles como pintacaras y la presencia de mascotas Disney en la calle Enrique Mederos.<\/p>\n<p>La tarde contin\u00faa con m\u00fasica en directo: DJ Xavi y Glitter Yara act\u00faan de 18:00 a 21:00 horas en la calle Real, donde tambi\u00e9n est\u00e1 instalada la C\u00e1mara 360 en el n\u00famero 30, disponible de 18:00 a 22:00 horas. La calle D\u00edaz Pimienta suma caricaturistas \u2014Carlines y Carolina Bonino\u2014 y la\u00a0<em>Live Session<\/em>\u00a0de Orribo, ambas de 18:00 a 21:00 horas.<\/p>\n<p>A partir de las 19:00 horas, nuevas actuaciones se incorporan a la programaci\u00f3n: Fran Sax presenta su espect\u00e1culo de saxof\u00f3n en la calle del Medio (19:00 a 22:00 horas), Silvia Saavedra ofrece\u00a0<em>Glitter<\/em>\u00a0en la avenida Venezuela (19:00 a 21:00 horas) y el violinista Ra\u00fal Berm\u00fadez act\u00faa en la calle Venezuela de 19:00 a 22:00 horas.<\/p>\n<p>El Ayuntamiento de Los Llanos de Aridane, a trav\u00e9s de la Concejal\u00eda de Comercio y en colaboraci\u00f3n con la Zona Comercial Abierta, impulsa este D\u00eda Blanco para dinamizar el tejido comercial y promover espacios de convivencia, cultura y encuentro en el coraz\u00f3n del municipio.<\/p>\n<\/div>\n","protected":false},"excerpt":{"rendered":"<p>Esta iniciativa supone un impulso fundamental para el comercio local a las puertas de la Navidad<\/p>\n","protected":false},"author":4,"featured_media":4882,"comment_status":"open","ping_status":"open","sticky":false,"template":"","format":"standard","meta":{"footnotes":""},"categories":[1],"tags":[],"class_list":["post-4881","post","type-post","status-publish","format-standard","has-post-thumbnail","hentry","category-sin-categoria"],"yoast_head":"<!-- This site is optimized with the Yoast SEO plugin v22.7 - https:\/\/yoast.com\/wordpress\/plugins\/seo\/ -->\n<title>El D\u00eda Blanco abre la campa\u00f1a navide\u00f1a en Los Llanos de Aridane el 28 de noviembre - Ayuntamiento de Los Llanos de Aridane<\/title>\n<meta name=\"robots\" content=\"index, follow, max-snippet:-1, max-image-preview:large, max-video-preview:-1\" \/>\n<link rel=\"canonical\" href=\"https:\/\/www.aridane.org\/city\/2025\/11\/25\/el-dia-blanco-abre-la-campana-navidena-en-los-llanos-de-aridane-el-28-de-diciembre\/\" \/>\n<meta property=\"og:locale\" content=\"es_ES\" \/>\n<meta property=\"og:type\" content=\"article\" \/>\n<meta property=\"og:title\" content=\"El D\u00eda Blanco abre la campa\u00f1a navide\u00f1a en Los Llanos de Aridane el 28 de noviembre - Ayuntamiento de Los Llanos de Aridane\" \/>\n<meta property=\"og:description\" content=\"Esta iniciativa supone un impulso fundamental para el comercio local a las puertas de la Navidad\" \/>\n<meta property=\"og:url\" content=\"https:\/\/www.aridane.org\/city\/2025\/11\/25\/el-dia-blanco-abre-la-campana-navidena-en-los-llanos-de-aridane-el-28-de-diciembre\/\" \/>\n<meta property=\"og:site_name\" content=\"Ayuntamiento de Los Llanos de Aridane\" \/>\n<meta property=\"article:published_time\" content=\"2025-11-25T09:48:25+00:00\" \/>\n<meta property=\"article:modified_time\" content=\"2025-11-25T09:49:08+00:00\" \/>\n<meta property=\"og:image\" content=\"https:\/\/www.aridane.org\/city\/wp-content\/uploads\/2025\/11\/Dia-Blanco.jpeg\" \/>\n\t<meta property=\"og:image:width\" content=\"1600\" \/>\n\t<meta property=\"og:image:height\" content=\"1200\" \/>\n\t<meta property=\"og:image:type\" content=\"image\/jpeg\" \/>\n<meta name=\"author\" content=\"Corresponsal\" \/>\n<meta name=\"twitter:card\" content=\"summary_large_image\" \/>\n<meta name=\"twitter:label1\" content=\"Escrito por\" \/>\n\t<meta name=\"twitter:data1\" content=\"Corresponsal\" \/>\n\t<meta name=\"twitter:label2\" content=\"Tiempo de lectura\" \/>\n\t<meta name=\"twitter:data2\" content=\"3 minutos\" \/>\n<script type=\"application\/ld+json\" class=\"yoast-schema-graph\">{\"@context\":\"https:\/\/schema.org\",\"@graph\":[{\"@type\":\"WebPage\",\"@id\":\"https:\/\/www.aridane.org\/city\/2025\/11\/25\/el-dia-blanco-abre-la-campana-navidena-en-los-llanos-de-aridane-el-28-de-diciembre\/\",\"url\":\"https:\/\/www.aridane.org\/city\/2025\/11\/25\/el-dia-blanco-abre-la-campana-navidena-en-los-llanos-de-aridane-el-28-de-diciembre\/\",\"name\":\"El D\u00eda Blanco abre la campa\u00f1a navide\u00f1a en Los Llanos de Aridane el 28 de noviembre - Ayuntamiento de Los Llanos de Aridane\",\"isPartOf\":{\"@id\":\"https:\/\/www.aridane.org\/city\/#website\"},\"primaryImageOfPage\":{\"@id\":\"https:\/\/www.aridane.org\/city\/2025\/11\/25\/el-dia-blanco-abre-la-campana-navidena-en-los-llanos-de-aridane-el-28-de-diciembre\/#primaryimage\"},\"image\":{\"@id\":\"https:\/\/www.aridane.org\/city\/2025\/11\/25\/el-dia-blanco-abre-la-campana-navidena-en-los-llanos-de-aridane-el-28-de-diciembre\/#primaryimage\"},\"thumbnailUrl\":\"https:\/\/www.aridane.org\/city\/wp-content\/uploads\/2025\/11\/Dia-Blanco.jpeg\",\"datePublished\":\"2025-11-25T09:48:25+00:00\",\"dateModified\":\"2025-11-25T09:49:08+00:00\",\"author\":{\"@id\":\"https:\/\/www.aridane.org\/city\/#\/schema\/person\/89ebd376b223dc94cc1dbcf200c8e6da\"},\"breadcrumb\":{\"@id\":\"https:\/\/www.aridane.org\/city\/2025\/11\/25\/el-dia-blanco-abre-la-campana-navidena-en-los-llanos-de-aridane-el-28-de-diciembre\/#breadcrumb\"},\"inLanguage\":\"es\",\"potentialAction\":[{\"@type\":\"ReadAction\",\"target\":[\"https:\/\/www.aridane.org\/city\/2025\/11\/25\/el-dia-blanco-abre-la-campana-navidena-en-los-llanos-de-aridane-el-28-de-diciembre\/\"]}]},{\"@type\":\"ImageObject\",\"inLanguage\":\"es\",\"@id\":\"https:\/\/www.aridane.org\/city\/2025\/11\/25\/el-dia-blanco-abre-la-campana-navidena-en-los-llanos-de-aridane-el-28-de-diciembre\/#primaryimage\",\"url\":\"https:\/\/www.aridane.org\/city\/wp-content\/uploads\/2025\/11\/Dia-Blanco.jpeg\",\"contentUrl\":\"https:\/\/www.aridane.org\/city\/wp-content\/uploads\/2025\/11\/Dia-Blanco.jpeg\",\"width\":1600,\"height\":1200},{\"@type\":\"BreadcrumbList\",\"@id\":\"https:\/\/www.aridane.org\/city\/2025\/11\/25\/el-dia-blanco-abre-la-campana-navidena-en-los-llanos-de-aridane-el-28-de-diciembre\/#breadcrumb\",\"itemListElement\":[{\"@type\":\"ListItem\",\"position\":1,\"name\":\"Portada\",\"item\":\"https:\/\/www.aridane.org\/city\/\"},{\"@type\":\"ListItem\",\"position\":2,\"name\":\"El D\u00eda Blanco abre la campa\u00f1a navide\u00f1a en Los Llanos de Aridane el 28 de noviembre\"}]},{\"@type\":\"WebSite\",\"@id\":\"https:\/\/www.aridane.org\/city\/#website\",\"url\":\"https:\/\/www.aridane.org\/city\/\",\"name\":\"Ayuntamiento de Los Llanos de Aridane\",\"description\":\"\",\"potentialAction\":[{\"@type\":\"SearchAction\",\"target\":{\"@type\":\"EntryPoint\",\"urlTemplate\":\"https:\/\/www.aridane.org\/city\/?s={search_term_string}\"},\"query-input\":\"required name=search_term_string\"}],\"inLanguage\":\"es\"},{\"@type\":\"Person\",\"@id\":\"https:\/\/www.aridane.org\/city\/#\/schema\/person\/89ebd376b223dc94cc1dbcf200c8e6da\",\"name\":\"Corresponsal\",\"image\":{\"@type\":\"ImageObject\",\"inLanguage\":\"es\",\"@id\":\"https:\/\/www.aridane.org\/city\/#\/schema\/person\/image\/\",\"url\":\"https:\/\/secure.gravatar.com\/avatar\/1c476992411e4ccf153da63b2b2f5ea0bb4cb1c85f3ceab8512f04325ad5579c?s=96&d=mm&r=g\",\"contentUrl\":\"https:\/\/secure.gravatar.com\/avatar\/1c476992411e4ccf153da63b2b2f5ea0bb4cb1c85f3ceab8512f04325ad5579c?s=96&d=mm&r=g\",\"caption\":\"Corresponsal\"},\"url\":\"https:\/\/www.aridane.org\/city\/author\/corresponsal\/\"}]}<\/script>\n<!-- \/ Yoast SEO plugin. -->","yoast_head_json":{"title":"El D\u00eda Blanco abre la campa\u00f1a navide\u00f1a en Los Llanos de Aridane el 28 de noviembre - Ayuntamiento de Los Llanos de Aridane","robots":{"index":"index","follow":"follow","max-snippet":"max-snippet:-1","max-image-preview":"max-image-preview:large","max-video-preview":"max-video-preview:-1"},"canonical":"https:\/\/www.aridane.org\/city\/2025\/11\/25\/el-dia-blanco-abre-la-campana-navidena-en-los-llanos-de-aridane-el-28-de-diciembre\/","og_locale":"es_ES","og_type":"article","og_title":"El D\u00eda Blanco abre la campa\u00f1a navide\u00f1a en Los Llanos de Aridane el 28 de noviembre - Ayuntamiento de Los Llanos de Aridane","og_description":"Esta iniciativa supone un impulso fundamental para el comercio local a las puertas de la Navidad","og_url":"https:\/\/www.aridane.org\/city\/2025\/11\/25\/el-dia-blanco-abre-la-campana-navidena-en-los-llanos-de-aridane-el-28-de-diciembre\/","og_site_name":"Ayuntamiento de Los Llanos de Aridane","article_published_time":"2025-11-25T09:48:25+00:00","article_modified_time":"2025-11-25T09:49:08+00:00","og_image":[{"width":1600,"height":1200,"url":"https:\/\/www.aridane.org\/city\/wp-content\/uploads\/2025\/11\/Dia-Blanco.jpeg","type":"image\/jpeg"}],"author":"Corresponsal","twitter_card":"summary_large_image","twitter_misc":{"Escrito por":"Corresponsal","Tiempo de lectura":"3 minutos"},"schema":{"@context":"https:\/\/schema.org","@graph":[{"@type":"WebPage","@id":"https:\/\/www.aridane.org\/city\/2025\/11\/25\/el-dia-blanco-abre-la-campana-navidena-en-los-llanos-de-aridane-el-28-de-diciembre\/","url":"https:\/\/www.aridane.org\/city\/2025\/11\/25\/el-dia-blanco-abre-la-campana-navidena-en-los-llanos-de-aridane-el-28-de-diciembre\/","name":"El D\u00eda Blanco abre la campa\u00f1a navide\u00f1a en Los Llanos de Aridane el 28 de noviembre - Ayuntamiento de Los Llanos de Aridane","isPartOf":{"@id":"https:\/\/www.aridane.org\/city\/#website"},"primaryImageOfPage":{"@id":"https:\/\/www.aridane.org\/city\/2025\/11\/25\/el-dia-blanco-abre-la-campana-navidena-en-los-llanos-de-aridane-el-28-de-diciembre\/#primaryimage"},"image":{"@id":"https:\/\/www.aridane.org\/city\/2025\/11\/25\/el-dia-blanco-abre-la-campana-navidena-en-los-llanos-de-aridane-el-28-de-diciembre\/#primaryimage"},"thumbnailUrl":"https:\/\/www.aridane.org\/city\/wp-content\/uploads\/2025\/11\/Dia-Blanco.jpeg","datePublished":"2025-11-25T09:48:25+00:00","dateModified":"2025-11-25T09:49:08+00:00","author":{"@id":"https:\/\/www.aridane.org\/city\/#\/schema\/person\/89ebd376b223dc94cc1dbcf200c8e6da"},"breadcrumb":{"@id":"https:\/\/www.aridane.org\/city\/2025\/11\/25\/el-dia-blanco-abre-la-campana-navidena-en-los-llanos-de-aridane-el-28-de-diciembre\/#breadcrumb"},"inLanguage":"es","potentialAction":[{"@type":"ReadAction","target":["https:\/\/www.aridane.org\/city\/2025\/11\/25\/el-dia-blanco-abre-la-campana-navidena-en-los-llanos-de-aridane-el-28-de-diciembre\/"]}]},{"@type":"ImageObject","inLanguage":"es","@id":"https:\/\/www.aridane.org\/city\/2025\/11\/25\/el-dia-blanco-abre-la-campana-navidena-en-los-llanos-de-aridane-el-28-de-diciembre\/#primaryimage","url":"https:\/\/www.aridane.org\/city\/wp-content\/uploads\/2025\/11\/Dia-Blanco.jpeg","contentUrl":"https:\/\/www.aridane.org\/city\/wp-content\/uploads\/2025\/11\/Dia-Blanco.jpeg","width":1600,"height":1200},{"@type":"BreadcrumbList","@id":"https:\/\/www.aridane.org\/city\/2025\/11\/25\/el-dia-blanco-abre-la-campana-navidena-en-los-llanos-de-aridane-el-28-de-diciembre\/#breadcrumb","itemListElement":[{"@type":"ListItem","position":1,"name":"Portada","item":"https:\/\/www.aridane.org\/city\/"},{"@type":"ListItem","position":2,"name":"El D\u00eda Blanco abre la campa\u00f1a navide\u00f1a en Los Llanos de Aridane el 28 de noviembre"}]},{"@type":"WebSite","@id":"https:\/\/www.aridane.org\/city\/#website","url":"https:\/\/www.aridane.org\/city\/","name":"Ayuntamiento de Los Llanos de Aridane","description":"","potentialAction":[{"@type":"SearchAction","target":{"@type":"EntryPoint","urlTemplate":"https:\/\/www.aridane.org\/city\/?s={search_term_string}"},"query-input":"required name=search_term_string"}],"inLanguage":"es"},{"@type":"Person","@id":"https:\/\/www.aridane.org\/city\/#\/schema\/person\/89ebd376b223dc94cc1dbcf200c8e6da","name":"Corresponsal","image":{"@type":"ImageObject","inLanguage":"es","@id":"https:\/\/www.aridane.org\/city\/#\/schema\/person\/image\/","url":"https:\/\/secure.gravatar.com\/avatar\/1c476992411e4ccf153da63b2b2f5ea0bb4cb1c85f3ceab8512f04325ad5579c?s=96&d=mm&r=g","contentUrl":"https:\/\/secure.gravatar.com\/avatar\/1c476992411e4ccf153da63b2b2f5ea0bb4cb1c85f3ceab8512f04325ad5579c?s=96&d=mm&r=g","caption":"Corresponsal"},"url":"https:\/\/www.aridane.org\/city\/author\/corresponsal\/"}]}},"_links":{"self":[{"href":"https:\/\/www.aridane.org\/city\/wp-json\/wp\/v2\/posts\/4881","targetHints":{"allow":["GET"]}}],"collection":[{"href":"https:\/\/www.aridane.org\/city\/wp-json\/wp\/v2\/posts"}],"about":[{"href":"https:\/\/www.aridane.org\/city\/wp-json\/wp\/v2\/types\/post"}],"author":[{"embeddable":true,"href":"https:\/\/www.aridane.org\/city\/wp-json\/wp\/v2\/users\/4"}],"replies":[{"embeddable":true,"href":"https:\/\/www.aridane.org\/city\/wp-json\/wp\/v2\/comments?post=4881"}],"version-history":[{"count":2,"href":"https:\/\/www.aridane.org\/city\/wp-json\/wp\/v2\/posts\/4881\/revisions"}],"predecessor-version":[{"id":4884,"href":"https:\/\/www.aridane.org\/city\/wp-json\/wp\/v2\/posts\/4881\/revisions\/4884"}],"wp:featuredmedia":[{"embeddable":true,"href":"https:\/\/www.aridane.org\/city\/wp-json\/wp\/v2\/media\/4882"}],"wp:attachment":[{"href":"https:\/\/www.aridane.org\/city\/wp-json\/wp\/v2\/media?parent=4881"}],"wp:term":[{"taxonomy":"category","embeddable":true,"href":"https:\/\/www.aridane.org\/city\/wp-json\/wp\/v2\/categories?post=4881"},{"taxonomy":"post_tag","embeddable":true,"href":"https:\/\/www.aridane.org\/city\/wp-json\/wp\/v2\/tags?post=4881"}],"curies":[{"name":"wp","href":"https:\/\/api.w.org\/{rel}","templated":true}]}}