{"id":4885,"date":"2025-11-25T09:50:58","date_gmt":"2025-11-25T09:50:58","guid":{"rendered":"https:\/\/www.aridane.org\/city\/?p=4885"},"modified":"2025-11-25T09:50:58","modified_gmt":"2025-11-25T09:50:58","slug":"los-llanos-de-aridane-reconoce-el-talento-de-mas-de-140-entidades-y-atletas-en-la-gala-del-deporte","status":"publish","type":"post","link":"https:\/\/www.aridane.org\/city\/2025\/11\/25\/los-llanos-de-aridane-reconoce-el-talento-de-mas-de-140-entidades-y-atletas-en-la-gala-del-deporte\/","title":{"rendered":"Los Llanos de Aridane reconoce el talento de m\u00e1s de 140 entidades y atletas en la Gala del Deporte"},"content":{"rendered":"<p data-start=\"100\" data-end=\"267\"><em>Los reconocimientos especiales recayeron en el CD Argual y en los deportistas Valeria Hern\u00e1ndez, Gabriela Rodr\u00edguez y Mateo Capote por su destacada trayectoria en 2024<\/em><!--more--><\/p>\n<p data-start=\"269\" data-end=\"587\">El Ayuntamiento de Los Llanos de Aridane celebr\u00f3 este domingo, 23 de noviembre, a las 20:30 horas en la Plaza de Espa\u00f1a, la XIX Edici\u00f3n de la Gala del Deporte. El acto reuni\u00f3 a m\u00e1s de 140 deportistas y entidades locales que lograron p\u00f3dium y \u00e9xitos a nivel regional, nacional e internacional durante la temporada 2024.<\/p>\n<p data-start=\"589\" data-end=\"898\">Entre los premios especiales figuraron el CD Argual como Mejor Gesti\u00f3n Deportiva; Valeria Hern\u00e1ndez como Proyecci\u00f3n y Talento Deportivo Joven; Gabriela Rodr\u00edguez como Mejor Deportista Femenina 2024 \u2013 Premio Rosanna Sim\u00f3n \u00c1lamo; y Mateo Capote como Mejor Deportista Masculino 2024 \u2013 Premio Rosanna Sim\u00f3n \u00c1lamo.<\/p>\n<p data-start=\"900\" data-end=\"1256\">El concejal de Deportes, V\u00edctor Gonz\u00e1lez, hizo extensiva su felicitaci\u00f3n a todos los deportistas, equipos y entidades reconocidas. Se\u00f1al\u00f3 que \u201cagradecieron la labor de las escuelas deportivas, monitores, directivos y t\u00e9cnicos, un trabajo constante que impulsa el crecimiento del deporte local y que se reflej\u00f3 en los resultados celebrados durante la gala\u201d.<\/p>\n<p data-start=\"1258\" data-end=\"1637\">En este sentido, el alcalde, Javier Llamas, explic\u00f3 que la Gala del Deporte fue \u201cun reconocimiento al esfuerzo, la dedicaci\u00f3n y el esp\u00edritu de superaci\u00f3n de cientos de deportistas que representaron al municipio dentro y fuera de la isla\u201d. A\u00f1adi\u00f3 que \u201ccada logro fue un motivo de orgullo colectivo y un ejemplo de lo que una comunidad comprometida con el deporte puede conseguir\u201d.<\/p>\n<p data-start=\"1639\" data-end=\"1751\">La gala estuvo presentada por la periodista Nadia Guizaoui y por Ayoze P\u00e9rez, especialista en comunicaci\u00f3n oral.<\/p>\n<p data-start=\"1753\" data-end=\"2012\" data-is-last-node=\"\" data-is-only-node=\"\">Desde el Ayuntamiento se destac\u00f3 el papel del deporte como elemento dinamizador y como motor econ\u00f3mico y social, gracias a los m\u00e1s de 40 eventos deportivos que se celebran cada a\u00f1o y que consolidan a Los Llanos de Aridane como un referente insular y regional.<\/p>\n","protected":false},"excerpt":{"rendered":"<p>Los reconocimientos especiales recayeron en el CD Argual y en los deportistas Valeria Hern\u00e1ndez, Gabriela Rodr\u00edguez y Mateo Capote por su destacada trayectoria en 2024<\/p>\n","protected":false},"author":4,"featured_media":4886,"comment_status":"open","ping_status":"open","sticky":false,"template":"","format":"standard","meta":{"footnotes":""},"categories":[1],"tags":[],"class_list":["post-4885","post","type-post","status-publish","format-standard","has-post-thumbnail","hentry","category-sin-categoria"],"yoast_head":"<!-- This site is optimized with the Yoast SEO plugin v22.7 - https:\/\/yoast.com\/wordpress\/plugins\/seo\/ -->\n<title>Los Llanos de Aridane reconoce el talento de m\u00e1s de 140 entidades y atletas en la Gala del Deporte - Ayuntamiento de Los Llanos de Aridane<\/title>\n<meta name=\"robots\" content=\"index, follow, max-snippet:-1, max-image-preview:large, max-video-preview:-1\" \/>\n<link rel=\"canonical\" href=\"https:\/\/www.aridane.org\/city\/2025\/11\/25\/los-llanos-de-aridane-reconoce-el-talento-de-mas-de-140-entidades-y-atletas-en-la-gala-del-deporte\/\" \/>\n<meta property=\"og:locale\" content=\"es_ES\" \/>\n<meta property=\"og:type\" content=\"article\" \/>\n<meta property=\"og:title\" content=\"Los Llanos de Aridane reconoce el talento de m\u00e1s de 140 entidades y atletas en la Gala del Deporte - Ayuntamiento de Los Llanos de Aridane\" \/>\n<meta property=\"og:description\" content=\"Los reconocimientos especiales recayeron en el CD Argual y en los deportistas Valeria Hern\u00e1ndez, Gabriela Rodr\u00edguez y Mateo Capote por su destacada trayectoria en 2024\" \/>\n<meta property=\"og:url\" content=\"https:\/\/www.aridane.org\/city\/2025\/11\/25\/los-llanos-de-aridane-reconoce-el-talento-de-mas-de-140-entidades-y-atletas-en-la-gala-del-deporte\/\" \/>\n<meta property=\"og:site_name\" content=\"Ayuntamiento de Los Llanos de Aridane\" \/>\n<meta property=\"article:published_time\" content=\"2025-11-25T09:50:58+00:00\" \/>\n<meta property=\"og:image\" content=\"https:\/\/www.aridane.org\/city\/wp-content\/uploads\/2025\/11\/Gala-del-Deporte-2025.jpg\" \/>\n\t<meta property=\"og:image:width\" content=\"1440\" \/>\n\t<meta property=\"og:image:height\" content=\"959\" \/>\n\t<meta property=\"og:image:type\" content=\"image\/jpeg\" \/>\n<meta name=\"author\" content=\"Corresponsal\" \/>\n<meta name=\"twitter:card\" content=\"summary_large_image\" \/>\n<meta name=\"twitter:label1\" content=\"Escrito por\" \/>\n\t<meta name=\"twitter:data1\" content=\"Corresponsal\" \/>\n\t<meta name=\"twitter:label2\" content=\"Tiempo de lectura\" \/>\n\t<meta name=\"twitter:data2\" content=\"2 minutos\" \/>\n<script type=\"application\/ld+json\" class=\"yoast-schema-graph\">{\"@context\":\"https:\/\/schema.org\",\"@graph\":[{\"@type\":\"WebPage\",\"@id\":\"https:\/\/www.aridane.org\/city\/2025\/11\/25\/los-llanos-de-aridane-reconoce-el-talento-de-mas-de-140-entidades-y-atletas-en-la-gala-del-deporte\/\",\"url\":\"https:\/\/www.aridane.org\/city\/2025\/11\/25\/los-llanos-de-aridane-reconoce-el-talento-de-mas-de-140-entidades-y-atletas-en-la-gala-del-deporte\/\",\"name\":\"Los Llanos de Aridane reconoce el talento de m\u00e1s de 140 entidades y atletas en la Gala del Deporte - Ayuntamiento de Los Llanos de Aridane\",\"isPartOf\":{\"@id\":\"https:\/\/www.aridane.org\/city\/#website\"},\"primaryImageOfPage\":{\"@id\":\"https:\/\/www.aridane.org\/city\/2025\/11\/25\/los-llanos-de-aridane-reconoce-el-talento-de-mas-de-140-entidades-y-atletas-en-la-gala-del-deporte\/#primaryimage\"},\"image\":{\"@id\":\"https:\/\/www.aridane.org\/city\/2025\/11\/25\/los-llanos-de-aridane-reconoce-el-talento-de-mas-de-140-entidades-y-atletas-en-la-gala-del-deporte\/#primaryimage\"},\"thumbnailUrl\":\"https:\/\/www.aridane.org\/city\/wp-content\/uploads\/2025\/11\/Gala-del-Deporte-2025.jpg\",\"datePublished\":\"2025-11-25T09:50:58+00:00\",\"dateModified\":\"2025-11-25T09:50:58+00:00\",\"author\":{\"@id\":\"https:\/\/www.aridane.org\/city\/#\/schema\/person\/89ebd376b223dc94cc1dbcf200c8e6da\"},\"breadcrumb\":{\"@id\":\"https:\/\/www.aridane.org\/city\/2025\/11\/25\/los-llanos-de-aridane-reconoce-el-talento-de-mas-de-140-entidades-y-atletas-en-la-gala-del-deporte\/#breadcrumb\"},\"inLanguage\":\"es\",\"potentialAction\":[{\"@type\":\"ReadAction\",\"target\":[\"https:\/\/www.aridane.org\/city\/2025\/11\/25\/los-llanos-de-aridane-reconoce-el-talento-de-mas-de-140-entidades-y-atletas-en-la-gala-del-deporte\/\"]}]},{\"@type\":\"ImageObject\",\"inLanguage\":\"es\",\"@id\":\"https:\/\/www.aridane.org\/city\/2025\/11\/25\/los-llanos-de-aridane-reconoce-el-talento-de-mas-de-140-entidades-y-atletas-en-la-gala-del-deporte\/#primaryimage\",\"url\":\"https:\/\/www.aridane.org\/city\/wp-content\/uploads\/2025\/11\/Gala-del-Deporte-2025.jpg\",\"contentUrl\":\"https:\/\/www.aridane.org\/city\/wp-content\/uploads\/2025\/11\/Gala-del-Deporte-2025.jpg\",\"width\":1440,\"height\":959},{\"@type\":\"BreadcrumbList\",\"@id\":\"https:\/\/www.aridane.org\/city\/2025\/11\/25\/los-llanos-de-aridane-reconoce-el-talento-de-mas-de-140-entidades-y-atletas-en-la-gala-del-deporte\/#breadcrumb\",\"itemListElement\":[{\"@type\":\"ListItem\",\"position\":1,\"name\":\"Portada\",\"item\":\"https:\/\/www.aridane.org\/city\/\"},{\"@type\":\"ListItem\",\"position\":2,\"name\":\"Los Llanos de Aridane reconoce el talento de m\u00e1s de 140 entidades y atletas en la Gala del Deporte\"}]},{\"@type\":\"WebSite\",\"@id\":\"https:\/\/www.aridane.org\/city\/#website\",\"url\":\"https:\/\/www.aridane.org\/city\/\",\"name\":\"Ayuntamiento de Los Llanos de Aridane\",\"description\":\"\",\"potentialAction\":[{\"@type\":\"SearchAction\",\"target\":{\"@type\":\"EntryPoint\",\"urlTemplate\":\"https:\/\/www.aridane.org\/city\/?s={search_term_string}\"},\"query-input\":\"required name=search_term_string\"}],\"inLanguage\":\"es\"},{\"@type\":\"Person\",\"@id\":\"https:\/\/www.aridane.org\/city\/#\/schema\/person\/89ebd376b223dc94cc1dbcf200c8e6da\",\"name\":\"Corresponsal\",\"image\":{\"@type\":\"ImageObject\",\"inLanguage\":\"es\",\"@id\":\"https:\/\/www.aridane.org\/city\/#\/schema\/person\/image\/\",\"url\":\"https:\/\/secure.gravatar.com\/avatar\/1c476992411e4ccf153da63b2b2f5ea0bb4cb1c85f3ceab8512f04325ad5579c?s=96&d=mm&r=g\",\"contentUrl\":\"https:\/\/secure.gravatar.com\/avatar\/1c476992411e4ccf153da63b2b2f5ea0bb4cb1c85f3ceab8512f04325ad5579c?s=96&d=mm&r=g\",\"caption\":\"Corresponsal\"},\"url\":\"https:\/\/www.aridane.org\/city\/author\/corresponsal\/\"}]}<\/script>\n<!-- \/ Yoast SEO plugin. -->","yoast_head_json":{"title":"Los Llanos de Aridane reconoce el talento de m\u00e1s de 140 entidades y atletas en la Gala del Deporte - Ayuntamiento de Los Llanos de Aridane","robots":{"index":"index","follow":"follow","max-snippet":"max-snippet:-1","max-image-preview":"max-image-preview:large","max-video-preview":"max-video-preview:-1"},"canonical":"https:\/\/www.aridane.org\/city\/2025\/11\/25\/los-llanos-de-aridane-reconoce-el-talento-de-mas-de-140-entidades-y-atletas-en-la-gala-del-deporte\/","og_locale":"es_ES","og_type":"article","og_title":"Los Llanos de Aridane reconoce el talento de m\u00e1s de 140 entidades y atletas en la Gala del Deporte - Ayuntamiento de Los Llanos de Aridane","og_description":"Los reconocimientos especiales recayeron en el CD Argual y en los deportistas Valeria Hern\u00e1ndez, Gabriela Rodr\u00edguez y Mateo Capote por su destacada trayectoria en 2024","og_url":"https:\/\/www.aridane.org\/city\/2025\/11\/25\/los-llanos-de-aridane-reconoce-el-talento-de-mas-de-140-entidades-y-atletas-en-la-gala-del-deporte\/","og_site_name":"Ayuntamiento de Los Llanos de Aridane","article_published_time":"2025-11-25T09:50:58+00:00","og_image":[{"width":1440,"height":959,"url":"https:\/\/www.aridane.org\/city\/wp-content\/uploads\/2025\/11\/Gala-del-Deporte-2025.jpg","type":"image\/jpeg"}],"author":"Corresponsal","twitter_card":"summary_large_image","twitter_misc":{"Escrito por":"Corresponsal","Tiempo de lectura":"2 minutos"},"schema":{"@context":"https:\/\/schema.org","@graph":[{"@type":"WebPage","@id":"https:\/\/www.aridane.org\/city\/2025\/11\/25\/los-llanos-de-aridane-reconoce-el-talento-de-mas-de-140-entidades-y-atletas-en-la-gala-del-deporte\/","url":"https:\/\/www.aridane.org\/city\/2025\/11\/25\/los-llanos-de-aridane-reconoce-el-talento-de-mas-de-140-entidades-y-atletas-en-la-gala-del-deporte\/","name":"Los Llanos de Aridane reconoce el talento de m\u00e1s de 140 entidades y atletas en la Gala del Deporte - Ayuntamiento de Los Llanos de Aridane","isPartOf":{"@id":"https:\/\/www.aridane.org\/city\/#website"},"primaryImageOfPage":{"@id":"https:\/\/www.aridane.org\/city\/2025\/11\/25\/los-llanos-de-aridane-reconoce-el-talento-de-mas-de-140-entidades-y-atletas-en-la-gala-del-deporte\/#primaryimage"},"image":{"@id":"https:\/\/www.aridane.org\/city\/2025\/11\/25\/los-llanos-de-aridane-reconoce-el-talento-de-mas-de-140-entidades-y-atletas-en-la-gala-del-deporte\/#primaryimage"},"thumbnailUrl":"https:\/\/www.aridane.org\/city\/wp-content\/uploads\/2025\/11\/Gala-del-Deporte-2025.jpg","datePublished":"2025-11-25T09:50:58+00:00","dateModified":"2025-11-25T09:50:58+00:00","author":{"@id":"https:\/\/www.aridane.org\/city\/#\/schema\/person\/89ebd376b223dc94cc1dbcf200c8e6da"},"breadcrumb":{"@id":"https:\/\/www.aridane.org\/city\/2025\/11\/25\/los-llanos-de-aridane-reconoce-el-talento-de-mas-de-140-entidades-y-atletas-en-la-gala-del-deporte\/#breadcrumb"},"inLanguage":"es","potentialAction":[{"@type":"ReadAction","target":["https:\/\/www.aridane.org\/city\/2025\/11\/25\/los-llanos-de-aridane-reconoce-el-talento-de-mas-de-140-entidades-y-atletas-en-la-gala-del-deporte\/"]}]},{"@type":"ImageObject","inLanguage":"es","@id":"https:\/\/www.aridane.org\/city\/2025\/11\/25\/los-llanos-de-aridane-reconoce-el-talento-de-mas-de-140-entidades-y-atletas-en-la-gala-del-deporte\/#primaryimage","url":"https:\/\/www.aridane.org\/city\/wp-content\/uploads\/2025\/11\/Gala-del-Deporte-2025.jpg","contentUrl":"https:\/\/www.aridane.org\/city\/wp-content\/uploads\/2025\/11\/Gala-del-Deporte-2025.jpg","width":1440,"height":959},{"@type":"BreadcrumbList","@id":"https:\/\/www.aridane.org\/city\/2025\/11\/25\/los-llanos-de-aridane-reconoce-el-talento-de-mas-de-140-entidades-y-atletas-en-la-gala-del-deporte\/#breadcrumb","itemListElement":[{"@type":"ListItem","position":1,"name":"Portada","item":"https:\/\/www.aridane.org\/city\/"},{"@type":"ListItem","position":2,"name":"Los Llanos de Aridane reconoce el talento de m\u00e1s de 140 entidades y atletas en la Gala del Deporte"}]},{"@type":"WebSite","@id":"https:\/\/www.aridane.org\/city\/#website","url":"https:\/\/www.aridane.org\/city\/","name":"Ayuntamiento de Los Llanos de Aridane","description":"","potentialAction":[{"@type":"SearchAction","target":{"@type":"EntryPoint","urlTemplate":"https:\/\/www.aridane.org\/city\/?s={search_term_string}"},"query-input":"required name=search_term_string"}],"inLanguage":"es"},{"@type":"Person","@id":"https:\/\/www.aridane.org\/city\/#\/schema\/person\/89ebd376b223dc94cc1dbcf200c8e6da","name":"Corresponsal","image":{"@type":"ImageObject","inLanguage":"es","@id":"https:\/\/www.aridane.org\/city\/#\/schema\/person\/image\/","url":"https:\/\/secure.gravatar.com\/avatar\/1c476992411e4ccf153da63b2b2f5ea0bb4cb1c85f3ceab8512f04325ad5579c?s=96&d=mm&r=g","contentUrl":"https:\/\/secure.gravatar.com\/avatar\/1c476992411e4ccf153da63b2b2f5ea0bb4cb1c85f3ceab8512f04325ad5579c?s=96&d=mm&r=g","caption":"Corresponsal"},"url":"https:\/\/www.aridane.org\/city\/author\/corresponsal\/"}]}},"_links":{"self":[{"href":"https:\/\/www.aridane.org\/city\/wp-json\/wp\/v2\/posts\/4885","targetHints":{"allow":["GET"]}}],"collection":[{"href":"https:\/\/www.aridane.org\/city\/wp-json\/wp\/v2\/posts"}],"about":[{"href":"https:\/\/www.aridane.org\/city\/wp-json\/wp\/v2\/types\/post"}],"author":[{"embeddable":true,"href":"https:\/\/www.aridane.org\/city\/wp-json\/wp\/v2\/users\/4"}],"replies":[{"embeddable":true,"href":"https:\/\/www.aridane.org\/city\/wp-json\/wp\/v2\/comments?post=4885"}],"version-history":[{"count":1,"href":"https:\/\/www.aridane.org\/city\/wp-json\/wp\/v2\/posts\/4885\/revisions"}],"predecessor-version":[{"id":4887,"href":"https:\/\/www.aridane.org\/city\/wp-json\/wp\/v2\/posts\/4885\/revisions\/4887"}],"wp:featuredmedia":[{"embeddable":true,"href":"https:\/\/www.aridane.org\/city\/wp-json\/wp\/v2\/media\/4886"}],"wp:attachment":[{"href":"https:\/\/www.aridane.org\/city\/wp-json\/wp\/v2\/media?parent=4885"}],"wp:term":[{"taxonomy":"category","embeddable":true,"href":"https:\/\/www.aridane.org\/city\/wp-json\/wp\/v2\/categories?post=4885"},{"taxonomy":"post_tag","embeddable":true,"href":"https:\/\/www.aridane.org\/city\/wp-json\/wp\/v2\/tags?post=4885"}],"curies":[{"name":"wp","href":"https:\/\/api.w.org\/{rel}","templated":true}]}}