{"id":4888,"date":"2025-11-25T09:52:55","date_gmt":"2025-11-25T09:52:55","guid":{"rendered":"https:\/\/www.aridane.org\/city\/?p=4888"},"modified":"2025-11-25T09:52:55","modified_gmt":"2025-11-25T09:52:55","slug":"el-ayuntamiento-de-los-llanos-de-aridane-apoyara-a-los-comercios-que-apuesten-por-el-kilometro-cero","status":"publish","type":"post","link":"https:\/\/www.aridane.org\/city\/2025\/11\/25\/el-ayuntamiento-de-los-llanos-de-aridane-apoyara-a-los-comercios-que-apuesten-por-el-kilometro-cero\/","title":{"rendered":"El Ayuntamiento de Los Llanos de Aridane apoyar\u00e1 a los comercios que apuesten por el kil\u00f3metro cero"},"content":{"rendered":"<p><em>La corporaci\u00f3n lanza una l\u00ednea de subvenciones para los comercios y establecimientos que contribuyen a dinamizar el consumo local<\/em><!--more--><\/p>\n<div id=\"v1forwardbody1\">\n<p>El Ayuntamiento de Los Llanos de Aridane impulsa una nueva l\u00ednea de apoyo al sector comercial y hostelero del municipio con la concesi\u00f3n de una subvenci\u00f3n de 60.000 euros destinada a fomentar la compra y el uso de productos agroalimentarios de kil\u00f3metro cero.<\/p>\n<p>La concejala de Turismo, Inmaculada Fern\u00e1ndez, destaca que esta iniciativa refuerza el compromiso de la corporaci\u00f3n con el desarrollo econ\u00f3mico y con la sostenibilidad, apoyando a los comercios y establecimientos que contribuyen a dinamizar el consumo local.<\/p>\n<p>\u201cApostar por el kil\u00f3metro cero es apostar por un modelo de municipio m\u00e1s responsable, con identidad propia y que genera oportunidades en el territorio\u201d, se\u00f1ala Fern\u00e1ndez.<\/p>\n<p>En este sentido, que esta l\u00ednea de ayudas promueve la colaboraci\u00f3n entre productores y restauradores, impulsando un modelo de consumo responsable y coherente con la estrategia tur\u00edstica del municipio.<\/p>\n<p>\u201cEsta subvenci\u00f3n reconoce el esfuerzo de quienes incorporan productos locales a su actividad diaria, generando una cadena de valor que beneficia tanto al campo como a la restauraci\u00f3n y al comercio. Fomentar el consumo de kil\u00f3metro cero es esencial para mantener viva nuestra econom\u00eda rural y reducir la huella ambiental\u201d, apunta.<\/p>\n<p>Podr\u00e1n ser beneficiarias de estas ayudas las personas aut\u00f3nomas, microempresas y peque\u00f1as empresas con entre dos y diez trabajadores, as\u00ed como las comunidades de bienes legalmente constituidas que sean titulares de negocios de restauraci\u00f3n u hosteler\u00eda (restaurantes, cafeter\u00edas o bares). De forma general, los solicitantes deber\u00e1n tener su domicilio fiscal y\/o social, y desarrollar su actividad, en el municipio de Los Llanos de Aridane.<\/p>\n<p>Esta medida forma parte del Plan de Sostenibilidad Tur\u00edstica en Destino (PSTD), dentro del eje \u2018Transici\u00f3n Verde y Sostenible: Agricultura sostenible y productos de proximidad\u2019, con el prop\u00f3sito de fortalecer la econom\u00eda local y promover una oferta gastron\u00f3mica basada en la sostenibilidad y el producto local.<\/p>\n<p>Las personas y entidades interesadas podr\u00e1n presentar su solicitud hasta el 23 de diciembre, ambos inclusive.<\/p>\n<\/div>\n","protected":false},"excerpt":{"rendered":"<p>La corporaci\u00f3n lanza una l\u00ednea de subvenciones para los comercios y establecimientos que contribuyen a dinamizar el consumo local<\/p>\n","protected":false},"author":4,"featured_media":4889,"comment_status":"open","ping_status":"open","sticky":false,"template":"","format":"standard","meta":{"footnotes":""},"categories":[1],"tags":[],"class_list":["post-4888","post","type-post","status-publish","format-standard","has-post-thumbnail","hentry","category-sin-categoria"],"yoast_head":"<!-- This site is optimized with the Yoast SEO plugin v22.7 - https:\/\/yoast.com\/wordpress\/plugins\/seo\/ -->\n<title>El Ayuntamiento de Los Llanos de Aridane apoyar\u00e1 a los comercios que apuesten por el kil\u00f3metro cero - Ayuntamiento de Los Llanos de Aridane<\/title>\n<meta name=\"robots\" content=\"index, follow, max-snippet:-1, max-image-preview:large, max-video-preview:-1\" \/>\n<link rel=\"canonical\" href=\"https:\/\/www.aridane.org\/city\/2025\/11\/25\/el-ayuntamiento-de-los-llanos-de-aridane-apoyara-a-los-comercios-que-apuesten-por-el-kilometro-cero\/\" \/>\n<meta property=\"og:locale\" content=\"es_ES\" \/>\n<meta property=\"og:type\" content=\"article\" \/>\n<meta property=\"og:title\" content=\"El Ayuntamiento de Los Llanos de Aridane apoyar\u00e1 a los comercios que apuesten por el kil\u00f3metro cero - Ayuntamiento de Los Llanos de Aridane\" \/>\n<meta property=\"og:description\" content=\"La corporaci\u00f3n lanza una l\u00ednea de subvenciones para los comercios y establecimientos que contribuyen a dinamizar el consumo local\" \/>\n<meta property=\"og:url\" content=\"https:\/\/www.aridane.org\/city\/2025\/11\/25\/el-ayuntamiento-de-los-llanos-de-aridane-apoyara-a-los-comercios-que-apuesten-por-el-kilometro-cero\/\" \/>\n<meta property=\"og:site_name\" content=\"Ayuntamiento de Los Llanos de Aridane\" \/>\n<meta property=\"article:published_time\" content=\"2025-11-25T09:52:55+00:00\" \/>\n<meta property=\"og:image\" content=\"https:\/\/www.aridane.org\/city\/wp-content\/uploads\/2025\/11\/Macu-Fernandez-e1764064366268.jpeg\" \/>\n\t<meta property=\"og:image:width\" content=\"1200\" \/>\n\t<meta property=\"og:image:height\" content=\"930\" \/>\n\t<meta property=\"og:image:type\" content=\"image\/jpeg\" \/>\n<meta name=\"author\" content=\"Corresponsal\" \/>\n<meta name=\"twitter:card\" content=\"summary_large_image\" \/>\n<meta name=\"twitter:label1\" content=\"Escrito por\" \/>\n\t<meta name=\"twitter:data1\" content=\"Corresponsal\" \/>\n\t<meta name=\"twitter:label2\" content=\"Tiempo de lectura\" \/>\n\t<meta name=\"twitter:data2\" content=\"2 minutos\" \/>\n<script type=\"application\/ld+json\" class=\"yoast-schema-graph\">{\"@context\":\"https:\/\/schema.org\",\"@graph\":[{\"@type\":\"WebPage\",\"@id\":\"https:\/\/www.aridane.org\/city\/2025\/11\/25\/el-ayuntamiento-de-los-llanos-de-aridane-apoyara-a-los-comercios-que-apuesten-por-el-kilometro-cero\/\",\"url\":\"https:\/\/www.aridane.org\/city\/2025\/11\/25\/el-ayuntamiento-de-los-llanos-de-aridane-apoyara-a-los-comercios-que-apuesten-por-el-kilometro-cero\/\",\"name\":\"El Ayuntamiento de Los Llanos de Aridane apoyar\u00e1 a los comercios que apuesten por el kil\u00f3metro cero - Ayuntamiento de Los Llanos de Aridane\",\"isPartOf\":{\"@id\":\"https:\/\/www.aridane.org\/city\/#website\"},\"primaryImageOfPage\":{\"@id\":\"https:\/\/www.aridane.org\/city\/2025\/11\/25\/el-ayuntamiento-de-los-llanos-de-aridane-apoyara-a-los-comercios-que-apuesten-por-el-kilometro-cero\/#primaryimage\"},\"image\":{\"@id\":\"https:\/\/www.aridane.org\/city\/2025\/11\/25\/el-ayuntamiento-de-los-llanos-de-aridane-apoyara-a-los-comercios-que-apuesten-por-el-kilometro-cero\/#primaryimage\"},\"thumbnailUrl\":\"https:\/\/www.aridane.org\/city\/wp-content\/uploads\/2025\/11\/Macu-Fernandez-e1764064366268.jpeg\",\"datePublished\":\"2025-11-25T09:52:55+00:00\",\"dateModified\":\"2025-11-25T09:52:55+00:00\",\"author\":{\"@id\":\"https:\/\/www.aridane.org\/city\/#\/schema\/person\/89ebd376b223dc94cc1dbcf200c8e6da\"},\"breadcrumb\":{\"@id\":\"https:\/\/www.aridane.org\/city\/2025\/11\/25\/el-ayuntamiento-de-los-llanos-de-aridane-apoyara-a-los-comercios-que-apuesten-por-el-kilometro-cero\/#breadcrumb\"},\"inLanguage\":\"es\",\"potentialAction\":[{\"@type\":\"ReadAction\",\"target\":[\"https:\/\/www.aridane.org\/city\/2025\/11\/25\/el-ayuntamiento-de-los-llanos-de-aridane-apoyara-a-los-comercios-que-apuesten-por-el-kilometro-cero\/\"]}]},{\"@type\":\"ImageObject\",\"inLanguage\":\"es\",\"@id\":\"https:\/\/www.aridane.org\/city\/2025\/11\/25\/el-ayuntamiento-de-los-llanos-de-aridane-apoyara-a-los-comercios-que-apuesten-por-el-kilometro-cero\/#primaryimage\",\"url\":\"https:\/\/www.aridane.org\/city\/wp-content\/uploads\/2025\/11\/Macu-Fernandez-e1764064366268.jpeg\",\"contentUrl\":\"https:\/\/www.aridane.org\/city\/wp-content\/uploads\/2025\/11\/Macu-Fernandez-e1764064366268.jpeg\",\"width\":1200,\"height\":930},{\"@type\":\"BreadcrumbList\",\"@id\":\"https:\/\/www.aridane.org\/city\/2025\/11\/25\/el-ayuntamiento-de-los-llanos-de-aridane-apoyara-a-los-comercios-que-apuesten-por-el-kilometro-cero\/#breadcrumb\",\"itemListElement\":[{\"@type\":\"ListItem\",\"position\":1,\"name\":\"Portada\",\"item\":\"https:\/\/www.aridane.org\/city\/\"},{\"@type\":\"ListItem\",\"position\":2,\"name\":\"El Ayuntamiento de Los Llanos de Aridane apoyar\u00e1 a los comercios que apuesten por el kil\u00f3metro cero\"}]},{\"@type\":\"WebSite\",\"@id\":\"https:\/\/www.aridane.org\/city\/#website\",\"url\":\"https:\/\/www.aridane.org\/city\/\",\"name\":\"Ayuntamiento de Los Llanos de Aridane\",\"description\":\"\",\"potentialAction\":[{\"@type\":\"SearchAction\",\"target\":{\"@type\":\"EntryPoint\",\"urlTemplate\":\"https:\/\/www.aridane.org\/city\/?s={search_term_string}\"},\"query-input\":\"required name=search_term_string\"}],\"inLanguage\":\"es\"},{\"@type\":\"Person\",\"@id\":\"https:\/\/www.aridane.org\/city\/#\/schema\/person\/89ebd376b223dc94cc1dbcf200c8e6da\",\"name\":\"Corresponsal\",\"image\":{\"@type\":\"ImageObject\",\"inLanguage\":\"es\",\"@id\":\"https:\/\/www.aridane.org\/city\/#\/schema\/person\/image\/\",\"url\":\"https:\/\/secure.gravatar.com\/avatar\/1c476992411e4ccf153da63b2b2f5ea0bb4cb1c85f3ceab8512f04325ad5579c?s=96&d=mm&r=g\",\"contentUrl\":\"https:\/\/secure.gravatar.com\/avatar\/1c476992411e4ccf153da63b2b2f5ea0bb4cb1c85f3ceab8512f04325ad5579c?s=96&d=mm&r=g\",\"caption\":\"Corresponsal\"},\"url\":\"https:\/\/www.aridane.org\/city\/author\/corresponsal\/\"}]}<\/script>\n<!-- \/ Yoast SEO plugin. -->","yoast_head_json":{"title":"El Ayuntamiento de Los Llanos de Aridane apoyar\u00e1 a los comercios que apuesten por el kil\u00f3metro cero - Ayuntamiento de Los Llanos de Aridane","robots":{"index":"index","follow":"follow","max-snippet":"max-snippet:-1","max-image-preview":"max-image-preview:large","max-video-preview":"max-video-preview:-1"},"canonical":"https:\/\/www.aridane.org\/city\/2025\/11\/25\/el-ayuntamiento-de-los-llanos-de-aridane-apoyara-a-los-comercios-que-apuesten-por-el-kilometro-cero\/","og_locale":"es_ES","og_type":"article","og_title":"El Ayuntamiento de Los Llanos de Aridane apoyar\u00e1 a los comercios que apuesten por el kil\u00f3metro cero - Ayuntamiento de Los Llanos de Aridane","og_description":"La corporaci\u00f3n lanza una l\u00ednea de subvenciones para los comercios y establecimientos que contribuyen a dinamizar el consumo local","og_url":"https:\/\/www.aridane.org\/city\/2025\/11\/25\/el-ayuntamiento-de-los-llanos-de-aridane-apoyara-a-los-comercios-que-apuesten-por-el-kilometro-cero\/","og_site_name":"Ayuntamiento de Los Llanos de Aridane","article_published_time":"2025-11-25T09:52:55+00:00","og_image":[{"width":1200,"height":930,"url":"https:\/\/www.aridane.org\/city\/wp-content\/uploads\/2025\/11\/Macu-Fernandez-e1764064366268.jpeg","type":"image\/jpeg"}],"author":"Corresponsal","twitter_card":"summary_large_image","twitter_misc":{"Escrito por":"Corresponsal","Tiempo de lectura":"2 minutos"},"schema":{"@context":"https:\/\/schema.org","@graph":[{"@type":"WebPage","@id":"https:\/\/www.aridane.org\/city\/2025\/11\/25\/el-ayuntamiento-de-los-llanos-de-aridane-apoyara-a-los-comercios-que-apuesten-por-el-kilometro-cero\/","url":"https:\/\/www.aridane.org\/city\/2025\/11\/25\/el-ayuntamiento-de-los-llanos-de-aridane-apoyara-a-los-comercios-que-apuesten-por-el-kilometro-cero\/","name":"El Ayuntamiento de Los Llanos de Aridane apoyar\u00e1 a los comercios que apuesten por el kil\u00f3metro cero - Ayuntamiento de Los Llanos de Aridane","isPartOf":{"@id":"https:\/\/www.aridane.org\/city\/#website"},"primaryImageOfPage":{"@id":"https:\/\/www.aridane.org\/city\/2025\/11\/25\/el-ayuntamiento-de-los-llanos-de-aridane-apoyara-a-los-comercios-que-apuesten-por-el-kilometro-cero\/#primaryimage"},"image":{"@id":"https:\/\/www.aridane.org\/city\/2025\/11\/25\/el-ayuntamiento-de-los-llanos-de-aridane-apoyara-a-los-comercios-que-apuesten-por-el-kilometro-cero\/#primaryimage"},"thumbnailUrl":"https:\/\/www.aridane.org\/city\/wp-content\/uploads\/2025\/11\/Macu-Fernandez-e1764064366268.jpeg","datePublished":"2025-11-25T09:52:55+00:00","dateModified":"2025-11-25T09:52:55+00:00","author":{"@id":"https:\/\/www.aridane.org\/city\/#\/schema\/person\/89ebd376b223dc94cc1dbcf200c8e6da"},"breadcrumb":{"@id":"https:\/\/www.aridane.org\/city\/2025\/11\/25\/el-ayuntamiento-de-los-llanos-de-aridane-apoyara-a-los-comercios-que-apuesten-por-el-kilometro-cero\/#breadcrumb"},"inLanguage":"es","potentialAction":[{"@type":"ReadAction","target":["https:\/\/www.aridane.org\/city\/2025\/11\/25\/el-ayuntamiento-de-los-llanos-de-aridane-apoyara-a-los-comercios-que-apuesten-por-el-kilometro-cero\/"]}]},{"@type":"ImageObject","inLanguage":"es","@id":"https:\/\/www.aridane.org\/city\/2025\/11\/25\/el-ayuntamiento-de-los-llanos-de-aridane-apoyara-a-los-comercios-que-apuesten-por-el-kilometro-cero\/#primaryimage","url":"https:\/\/www.aridane.org\/city\/wp-content\/uploads\/2025\/11\/Macu-Fernandez-e1764064366268.jpeg","contentUrl":"https:\/\/www.aridane.org\/city\/wp-content\/uploads\/2025\/11\/Macu-Fernandez-e1764064366268.jpeg","width":1200,"height":930},{"@type":"BreadcrumbList","@id":"https:\/\/www.aridane.org\/city\/2025\/11\/25\/el-ayuntamiento-de-los-llanos-de-aridane-apoyara-a-los-comercios-que-apuesten-por-el-kilometro-cero\/#breadcrumb","itemListElement":[{"@type":"ListItem","position":1,"name":"Portada","item":"https:\/\/www.aridane.org\/city\/"},{"@type":"ListItem","position":2,"name":"El Ayuntamiento de Los Llanos de Aridane apoyar\u00e1 a los comercios que apuesten por el kil\u00f3metro cero"}]},{"@type":"WebSite","@id":"https:\/\/www.aridane.org\/city\/#website","url":"https:\/\/www.aridane.org\/city\/","name":"Ayuntamiento de Los Llanos de Aridane","description":"","potentialAction":[{"@type":"SearchAction","target":{"@type":"EntryPoint","urlTemplate":"https:\/\/www.aridane.org\/city\/?s={search_term_string}"},"query-input":"required name=search_term_string"}],"inLanguage":"es"},{"@type":"Person","@id":"https:\/\/www.aridane.org\/city\/#\/schema\/person\/89ebd376b223dc94cc1dbcf200c8e6da","name":"Corresponsal","image":{"@type":"ImageObject","inLanguage":"es","@id":"https:\/\/www.aridane.org\/city\/#\/schema\/person\/image\/","url":"https:\/\/secure.gravatar.com\/avatar\/1c476992411e4ccf153da63b2b2f5ea0bb4cb1c85f3ceab8512f04325ad5579c?s=96&d=mm&r=g","contentUrl":"https:\/\/secure.gravatar.com\/avatar\/1c476992411e4ccf153da63b2b2f5ea0bb4cb1c85f3ceab8512f04325ad5579c?s=96&d=mm&r=g","caption":"Corresponsal"},"url":"https:\/\/www.aridane.org\/city\/author\/corresponsal\/"}]}},"_links":{"self":[{"href":"https:\/\/www.aridane.org\/city\/wp-json\/wp\/v2\/posts\/4888","targetHints":{"allow":["GET"]}}],"collection":[{"href":"https:\/\/www.aridane.org\/city\/wp-json\/wp\/v2\/posts"}],"about":[{"href":"https:\/\/www.aridane.org\/city\/wp-json\/wp\/v2\/types\/post"}],"author":[{"embeddable":true,"href":"https:\/\/www.aridane.org\/city\/wp-json\/wp\/v2\/users\/4"}],"replies":[{"embeddable":true,"href":"https:\/\/www.aridane.org\/city\/wp-json\/wp\/v2\/comments?post=4888"}],"version-history":[{"count":1,"href":"https:\/\/www.aridane.org\/city\/wp-json\/wp\/v2\/posts\/4888\/revisions"}],"predecessor-version":[{"id":4890,"href":"https:\/\/www.aridane.org\/city\/wp-json\/wp\/v2\/posts\/4888\/revisions\/4890"}],"wp:featuredmedia":[{"embeddable":true,"href":"https:\/\/www.aridane.org\/city\/wp-json\/wp\/v2\/media\/4889"}],"wp:attachment":[{"href":"https:\/\/www.aridane.org\/city\/wp-json\/wp\/v2\/media?parent=4888"}],"wp:term":[{"taxonomy":"category","embeddable":true,"href":"https:\/\/www.aridane.org\/city\/wp-json\/wp\/v2\/categories?post=4888"},{"taxonomy":"post_tag","embeddable":true,"href":"https:\/\/www.aridane.org\/city\/wp-json\/wp\/v2\/tags?post=4888"}],"curies":[{"name":"wp","href":"https:\/\/api.w.org\/{rel}","templated":true}]}}