{"id":4891,"date":"2025-11-25T09:54:48","date_gmt":"2025-11-25T09:54:48","guid":{"rendered":"https:\/\/www.aridane.org\/city\/?p=4891"},"modified":"2025-11-25T10:27:15","modified_gmt":"2025-11-25T10:27:15","slug":"el-ayuntamiento-de-los-llanos-de-aridane-renueva-los-carteles-de-una-veintena-de-calles","status":"publish","type":"post","link":"https:\/\/www.aridane.org\/city\/2025\/11\/25\/el-ayuntamiento-de-los-llanos-de-aridane-renueva-los-carteles-de-una-veintena-de-calles\/","title":{"rendered":"El Ayuntamiento de Los Llanos de Aridane renueva los carteles de una veintena de calles"},"content":{"rendered":"<p><em>La corporaci\u00f3n municipal continuar\u00e1 actualizando los carteles de las calles, en colaboraci\u00f3n con los t\u00e9cnicos y la ciudadan\u00eda<\/em><!--more--><\/p>\n<div id=\"v1forwardbody1\">\n<p>El Ayuntamiento de Los Llanos de Aridane renueva los carteles de una veintena de calles para facilitar la localizaci\u00f3n de viviendas, comercios y servicios. Esta mejora tambi\u00e9n optimiza las rutas de reparto y hace m\u00e1s c\u00f3modo moverse por los distintos barrios.<\/p>\n<p>La concejala de Urbanismo, Tamara Acosta, explica que muchos de estos r\u00f3tulos presentaban desgaste por el paso del tiempo, colores poco visibles o datos que necesitaban actualizaci\u00f3n. \u201cRenovar estos carteles es una forma de cuidar los detalles del municipio y de apostar por una se\u00f1alizaci\u00f3n clara, \u00fatil y acorde a lo que Los Llanos de Aridane necesita hoy\u201d, se\u00f1ala.<\/p>\n<p>Acosta a\u00f1ade que \u201cla actuaci\u00f3n se realiza en coordinaci\u00f3n con el personal de Seguridad, que conoce de primera mano las zonas donde una se\u00f1al clara puede marcar la diferencia\u201d.<\/p>\n<p>La concejala tambi\u00e9n apunta que contar con carteles actualizados y bien ubicados permite que los servicios de emergencia identifiquen antes cada punto del municipio, algo clave en situaciones en las que cada minuto cuenta. Tambi\u00e9n ayuda a evitar confusiones en zonas donde la se\u00f1alizaci\u00f3n antigua generaba dudas o era dif\u00edcil de leer.<\/p>\n<p>Acosta destaca que \u201cel Ayuntamiento sigue escuchando a la ciudadan\u00eda para detectar otras calles que requieran mejoras\u201d. Subraya que esta renovaci\u00f3n forma parte del trabajo constante para mantener un municipio c\u00f3modo, accesible y bien atendido, donde cada peque\u00f1o gesto suma para mejorar la vida diaria.<\/p>\n<\/div>\n","protected":false},"excerpt":{"rendered":"<p>La corporaci\u00f3n municipal continuar\u00e1 actualizando los carteles de las calles, en colaboraci\u00f3n con los t\u00e9cnicos y la ciudadan\u00eda<\/p>\n","protected":false},"author":4,"featured_media":4892,"comment_status":"open","ping_status":"open","sticky":false,"template":"","format":"standard","meta":{"footnotes":""},"categories":[1],"tags":[],"class_list":["post-4891","post","type-post","status-publish","format-standard","has-post-thumbnail","hentry","category-sin-categoria"],"yoast_head":"<!-- This site is optimized with the Yoast SEO plugin v22.7 - https:\/\/yoast.com\/wordpress\/plugins\/seo\/ -->\n<title>El Ayuntamiento de Los Llanos de Aridane renueva los carteles de una veintena de calles - Ayuntamiento de Los Llanos de Aridane<\/title>\n<meta name=\"robots\" content=\"index, follow, max-snippet:-1, max-image-preview:large, max-video-preview:-1\" \/>\n<link rel=\"canonical\" href=\"https:\/\/www.aridane.org\/city\/2025\/11\/25\/el-ayuntamiento-de-los-llanos-de-aridane-renueva-los-carteles-de-una-veintena-de-calles\/\" \/>\n<meta property=\"og:locale\" content=\"es_ES\" \/>\n<meta property=\"og:type\" content=\"article\" \/>\n<meta property=\"og:title\" content=\"El Ayuntamiento de Los Llanos de Aridane renueva los carteles de una veintena de calles - Ayuntamiento de Los Llanos de Aridane\" \/>\n<meta property=\"og:description\" content=\"La corporaci\u00f3n municipal continuar\u00e1 actualizando los carteles de las calles, en colaboraci\u00f3n con los t\u00e9cnicos y la ciudadan\u00eda\" \/>\n<meta property=\"og:url\" content=\"https:\/\/www.aridane.org\/city\/2025\/11\/25\/el-ayuntamiento-de-los-llanos-de-aridane-renueva-los-carteles-de-una-veintena-de-calles\/\" \/>\n<meta property=\"og:site_name\" content=\"Ayuntamiento de Los Llanos de Aridane\" \/>\n<meta property=\"article:published_time\" content=\"2025-11-25T09:54:48+00:00\" \/>\n<meta property=\"article:modified_time\" content=\"2025-11-25T10:27:15+00:00\" \/>\n<meta property=\"og:image\" content=\"https:\/\/www.aridane.org\/city\/wp-content\/uploads\/2025\/11\/Carteles-Los-Llanos-4-e1764064479648.jpeg\" \/>\n\t<meta property=\"og:image:width\" content=\"1200\" \/>\n\t<meta property=\"og:image:height\" content=\"1002\" \/>\n\t<meta property=\"og:image:type\" content=\"image\/jpeg\" \/>\n<meta name=\"author\" content=\"Corresponsal\" \/>\n<meta name=\"twitter:card\" content=\"summary_large_image\" \/>\n<meta name=\"twitter:label1\" content=\"Escrito por\" \/>\n\t<meta name=\"twitter:data1\" content=\"Corresponsal\" \/>\n\t<meta name=\"twitter:label2\" content=\"Tiempo de lectura\" \/>\n\t<meta name=\"twitter:data2\" content=\"2 minutos\" \/>\n<script type=\"application\/ld+json\" class=\"yoast-schema-graph\">{\"@context\":\"https:\/\/schema.org\",\"@graph\":[{\"@type\":\"WebPage\",\"@id\":\"https:\/\/www.aridane.org\/city\/2025\/11\/25\/el-ayuntamiento-de-los-llanos-de-aridane-renueva-los-carteles-de-una-veintena-de-calles\/\",\"url\":\"https:\/\/www.aridane.org\/city\/2025\/11\/25\/el-ayuntamiento-de-los-llanos-de-aridane-renueva-los-carteles-de-una-veintena-de-calles\/\",\"name\":\"El Ayuntamiento de Los Llanos de Aridane renueva los carteles de una veintena de calles - Ayuntamiento de Los Llanos de Aridane\",\"isPartOf\":{\"@id\":\"https:\/\/www.aridane.org\/city\/#website\"},\"primaryImageOfPage\":{\"@id\":\"https:\/\/www.aridane.org\/city\/2025\/11\/25\/el-ayuntamiento-de-los-llanos-de-aridane-renueva-los-carteles-de-una-veintena-de-calles\/#primaryimage\"},\"image\":{\"@id\":\"https:\/\/www.aridane.org\/city\/2025\/11\/25\/el-ayuntamiento-de-los-llanos-de-aridane-renueva-los-carteles-de-una-veintena-de-calles\/#primaryimage\"},\"thumbnailUrl\":\"https:\/\/www.aridane.org\/city\/wp-content\/uploads\/2025\/11\/Carteles-Los-Llanos-4-e1764064479648.jpeg\",\"datePublished\":\"2025-11-25T09:54:48+00:00\",\"dateModified\":\"2025-11-25T10:27:15+00:00\",\"author\":{\"@id\":\"https:\/\/www.aridane.org\/city\/#\/schema\/person\/89ebd376b223dc94cc1dbcf200c8e6da\"},\"breadcrumb\":{\"@id\":\"https:\/\/www.aridane.org\/city\/2025\/11\/25\/el-ayuntamiento-de-los-llanos-de-aridane-renueva-los-carteles-de-una-veintena-de-calles\/#breadcrumb\"},\"inLanguage\":\"es\",\"potentialAction\":[{\"@type\":\"ReadAction\",\"target\":[\"https:\/\/www.aridane.org\/city\/2025\/11\/25\/el-ayuntamiento-de-los-llanos-de-aridane-renueva-los-carteles-de-una-veintena-de-calles\/\"]}]},{\"@type\":\"ImageObject\",\"inLanguage\":\"es\",\"@id\":\"https:\/\/www.aridane.org\/city\/2025\/11\/25\/el-ayuntamiento-de-los-llanos-de-aridane-renueva-los-carteles-de-una-veintena-de-calles\/#primaryimage\",\"url\":\"https:\/\/www.aridane.org\/city\/wp-content\/uploads\/2025\/11\/Carteles-Los-Llanos-4-e1764064479648.jpeg\",\"contentUrl\":\"https:\/\/www.aridane.org\/city\/wp-content\/uploads\/2025\/11\/Carteles-Los-Llanos-4-e1764064479648.jpeg\",\"width\":1200,\"height\":1002},{\"@type\":\"BreadcrumbList\",\"@id\":\"https:\/\/www.aridane.org\/city\/2025\/11\/25\/el-ayuntamiento-de-los-llanos-de-aridane-renueva-los-carteles-de-una-veintena-de-calles\/#breadcrumb\",\"itemListElement\":[{\"@type\":\"ListItem\",\"position\":1,\"name\":\"Portada\",\"item\":\"https:\/\/www.aridane.org\/city\/\"},{\"@type\":\"ListItem\",\"position\":2,\"name\":\"El Ayuntamiento de Los Llanos de Aridane renueva los carteles de una veintena de calles\"}]},{\"@type\":\"WebSite\",\"@id\":\"https:\/\/www.aridane.org\/city\/#website\",\"url\":\"https:\/\/www.aridane.org\/city\/\",\"name\":\"Ayuntamiento de Los Llanos de Aridane\",\"description\":\"\",\"potentialAction\":[{\"@type\":\"SearchAction\",\"target\":{\"@type\":\"EntryPoint\",\"urlTemplate\":\"https:\/\/www.aridane.org\/city\/?s={search_term_string}\"},\"query-input\":\"required name=search_term_string\"}],\"inLanguage\":\"es\"},{\"@type\":\"Person\",\"@id\":\"https:\/\/www.aridane.org\/city\/#\/schema\/person\/89ebd376b223dc94cc1dbcf200c8e6da\",\"name\":\"Corresponsal\",\"image\":{\"@type\":\"ImageObject\",\"inLanguage\":\"es\",\"@id\":\"https:\/\/www.aridane.org\/city\/#\/schema\/person\/image\/\",\"url\":\"https:\/\/secure.gravatar.com\/avatar\/1c476992411e4ccf153da63b2b2f5ea0bb4cb1c85f3ceab8512f04325ad5579c?s=96&d=mm&r=g\",\"contentUrl\":\"https:\/\/secure.gravatar.com\/avatar\/1c476992411e4ccf153da63b2b2f5ea0bb4cb1c85f3ceab8512f04325ad5579c?s=96&d=mm&r=g\",\"caption\":\"Corresponsal\"},\"url\":\"https:\/\/www.aridane.org\/city\/author\/corresponsal\/\"}]}<\/script>\n<!-- \/ Yoast SEO plugin. -->","yoast_head_json":{"title":"El Ayuntamiento de Los Llanos de Aridane renueva los carteles de una veintena de calles - Ayuntamiento de Los Llanos de Aridane","robots":{"index":"index","follow":"follow","max-snippet":"max-snippet:-1","max-image-preview":"max-image-preview:large","max-video-preview":"max-video-preview:-1"},"canonical":"https:\/\/www.aridane.org\/city\/2025\/11\/25\/el-ayuntamiento-de-los-llanos-de-aridane-renueva-los-carteles-de-una-veintena-de-calles\/","og_locale":"es_ES","og_type":"article","og_title":"El Ayuntamiento de Los Llanos de Aridane renueva los carteles de una veintena de calles - Ayuntamiento de Los Llanos de Aridane","og_description":"La corporaci\u00f3n municipal continuar\u00e1 actualizando los carteles de las calles, en colaboraci\u00f3n con los t\u00e9cnicos y la ciudadan\u00eda","og_url":"https:\/\/www.aridane.org\/city\/2025\/11\/25\/el-ayuntamiento-de-los-llanos-de-aridane-renueva-los-carteles-de-una-veintena-de-calles\/","og_site_name":"Ayuntamiento de Los Llanos de Aridane","article_published_time":"2025-11-25T09:54:48+00:00","article_modified_time":"2025-11-25T10:27:15+00:00","og_image":[{"width":1200,"height":1002,"url":"https:\/\/www.aridane.org\/city\/wp-content\/uploads\/2025\/11\/Carteles-Los-Llanos-4-e1764064479648.jpeg","type":"image\/jpeg"}],"author":"Corresponsal","twitter_card":"summary_large_image","twitter_misc":{"Escrito por":"Corresponsal","Tiempo de lectura":"2 minutos"},"schema":{"@context":"https:\/\/schema.org","@graph":[{"@type":"WebPage","@id":"https:\/\/www.aridane.org\/city\/2025\/11\/25\/el-ayuntamiento-de-los-llanos-de-aridane-renueva-los-carteles-de-una-veintena-de-calles\/","url":"https:\/\/www.aridane.org\/city\/2025\/11\/25\/el-ayuntamiento-de-los-llanos-de-aridane-renueva-los-carteles-de-una-veintena-de-calles\/","name":"El Ayuntamiento de Los Llanos de Aridane renueva los carteles de una veintena de calles - Ayuntamiento de Los Llanos de Aridane","isPartOf":{"@id":"https:\/\/www.aridane.org\/city\/#website"},"primaryImageOfPage":{"@id":"https:\/\/www.aridane.org\/city\/2025\/11\/25\/el-ayuntamiento-de-los-llanos-de-aridane-renueva-los-carteles-de-una-veintena-de-calles\/#primaryimage"},"image":{"@id":"https:\/\/www.aridane.org\/city\/2025\/11\/25\/el-ayuntamiento-de-los-llanos-de-aridane-renueva-los-carteles-de-una-veintena-de-calles\/#primaryimage"},"thumbnailUrl":"https:\/\/www.aridane.org\/city\/wp-content\/uploads\/2025\/11\/Carteles-Los-Llanos-4-e1764064479648.jpeg","datePublished":"2025-11-25T09:54:48+00:00","dateModified":"2025-11-25T10:27:15+00:00","author":{"@id":"https:\/\/www.aridane.org\/city\/#\/schema\/person\/89ebd376b223dc94cc1dbcf200c8e6da"},"breadcrumb":{"@id":"https:\/\/www.aridane.org\/city\/2025\/11\/25\/el-ayuntamiento-de-los-llanos-de-aridane-renueva-los-carteles-de-una-veintena-de-calles\/#breadcrumb"},"inLanguage":"es","potentialAction":[{"@type":"ReadAction","target":["https:\/\/www.aridane.org\/city\/2025\/11\/25\/el-ayuntamiento-de-los-llanos-de-aridane-renueva-los-carteles-de-una-veintena-de-calles\/"]}]},{"@type":"ImageObject","inLanguage":"es","@id":"https:\/\/www.aridane.org\/city\/2025\/11\/25\/el-ayuntamiento-de-los-llanos-de-aridane-renueva-los-carteles-de-una-veintena-de-calles\/#primaryimage","url":"https:\/\/www.aridane.org\/city\/wp-content\/uploads\/2025\/11\/Carteles-Los-Llanos-4-e1764064479648.jpeg","contentUrl":"https:\/\/www.aridane.org\/city\/wp-content\/uploads\/2025\/11\/Carteles-Los-Llanos-4-e1764064479648.jpeg","width":1200,"height":1002},{"@type":"BreadcrumbList","@id":"https:\/\/www.aridane.org\/city\/2025\/11\/25\/el-ayuntamiento-de-los-llanos-de-aridane-renueva-los-carteles-de-una-veintena-de-calles\/#breadcrumb","itemListElement":[{"@type":"ListItem","position":1,"name":"Portada","item":"https:\/\/www.aridane.org\/city\/"},{"@type":"ListItem","position":2,"name":"El Ayuntamiento de Los Llanos de Aridane renueva los carteles de una veintena de calles"}]},{"@type":"WebSite","@id":"https:\/\/www.aridane.org\/city\/#website","url":"https:\/\/www.aridane.org\/city\/","name":"Ayuntamiento de Los Llanos de Aridane","description":"","potentialAction":[{"@type":"SearchAction","target":{"@type":"EntryPoint","urlTemplate":"https:\/\/www.aridane.org\/city\/?s={search_term_string}"},"query-input":"required name=search_term_string"}],"inLanguage":"es"},{"@type":"Person","@id":"https:\/\/www.aridane.org\/city\/#\/schema\/person\/89ebd376b223dc94cc1dbcf200c8e6da","name":"Corresponsal","image":{"@type":"ImageObject","inLanguage":"es","@id":"https:\/\/www.aridane.org\/city\/#\/schema\/person\/image\/","url":"https:\/\/secure.gravatar.com\/avatar\/1c476992411e4ccf153da63b2b2f5ea0bb4cb1c85f3ceab8512f04325ad5579c?s=96&d=mm&r=g","contentUrl":"https:\/\/secure.gravatar.com\/avatar\/1c476992411e4ccf153da63b2b2f5ea0bb4cb1c85f3ceab8512f04325ad5579c?s=96&d=mm&r=g","caption":"Corresponsal"},"url":"https:\/\/www.aridane.org\/city\/author\/corresponsal\/"}]}},"_links":{"self":[{"href":"https:\/\/www.aridane.org\/city\/wp-json\/wp\/v2\/posts\/4891","targetHints":{"allow":["GET"]}}],"collection":[{"href":"https:\/\/www.aridane.org\/city\/wp-json\/wp\/v2\/posts"}],"about":[{"href":"https:\/\/www.aridane.org\/city\/wp-json\/wp\/v2\/types\/post"}],"author":[{"embeddable":true,"href":"https:\/\/www.aridane.org\/city\/wp-json\/wp\/v2\/users\/4"}],"replies":[{"embeddable":true,"href":"https:\/\/www.aridane.org\/city\/wp-json\/wp\/v2\/comments?post=4891"}],"version-history":[{"count":1,"href":"https:\/\/www.aridane.org\/city\/wp-json\/wp\/v2\/posts\/4891\/revisions"}],"predecessor-version":[{"id":4893,"href":"https:\/\/www.aridane.org\/city\/wp-json\/wp\/v2\/posts\/4891\/revisions\/4893"}],"wp:featuredmedia":[{"embeddable":true,"href":"https:\/\/www.aridane.org\/city\/wp-json\/wp\/v2\/media\/4892"}],"wp:attachment":[{"href":"https:\/\/www.aridane.org\/city\/wp-json\/wp\/v2\/media?parent=4891"}],"wp:term":[{"taxonomy":"category","embeddable":true,"href":"https:\/\/www.aridane.org\/city\/wp-json\/wp\/v2\/categories?post=4891"},{"taxonomy":"post_tag","embeddable":true,"href":"https:\/\/www.aridane.org\/city\/wp-json\/wp\/v2\/tags?post=4891"}],"curies":[{"name":"wp","href":"https:\/\/api.w.org\/{rel}","templated":true}]}}