{"id":4894,"date":"2025-11-25T09:18:41","date_gmt":"2025-11-25T09:18:41","guid":{"rendered":"https:\/\/www.aridane.org\/city\/?p=4894"},"modified":"2025-12-01T10:34:03","modified_gmt":"2025-12-01T10:34:03","slug":"el-ayuntamiento-y-los-comercios-de-los-llanos-acercan-a-la-ciudadania-los-servicios-contra-la-violencia-machista","status":"publish","type":"post","link":"https:\/\/www.aridane.org\/city\/2025\/11\/25\/el-ayuntamiento-y-los-comercios-de-los-llanos-acercan-a-la-ciudadania-los-servicios-contra-la-violencia-machista\/","title":{"rendered":"El Ayuntamiento y los comercios de Los Llanos acercan a la ciudadan\u00eda los servicios contra la violencia machista"},"content":{"rendered":"<p><em>La acci\u00f3n se realiza de la mano con las asociaciones comerciales ACZA y ZCA<\/em><!--more--><\/p>\n<div id=\"v1forwardbody1\">\n<p>El Ayuntamiento de Los Llanos de Aridane impulsa una campa\u00f1a de visibilizaci\u00f3n de los recursos de atenci\u00f3n para mujeres y menores en situaci\u00f3n de violencia, dentro del programa de acciones del D\u00eda de la Eliminaci\u00f3n de la Violencia contra las Mujeres, que se celebra este martes, 25 de noviembre. La iniciativa acerca a la ciudadan\u00eda tarjetas con informaci\u00f3n directa sobre los servicios insulares disponibles, con horarios, tel\u00e9fonos de contacto y v\u00edas de acceso a los equipos especializados.<\/p>\n<p>La concejala de Igualdad, Idaira P\u00e9rez, explica que la acci\u00f3n se desarrolla para que \u201clas mujeres tengan a mano, de forma sencilla, los contactos y recursos que pueden activar en cualquier momento\u201d. Se\u00f1ala que \u201cesta informaci\u00f3n clara y visible resulta esencial para que cualquier persona que est\u00e9 viviendo una situaci\u00f3n de violencia sepa a d\u00f3nde acudir y sienta que cuenta con acompa\u00f1amiento profesional\u201d.<\/p>\n<p>La concejala de Comercio y Desarrollo Local, Ver\u00f3nica P\u00e9rez, destaca la colaboraci\u00f3n de las asociaciones comerciales Asociaci\u00f3n de Comerciantes Zona Abierta (ACZA) y Zona Comercial Abierta (ZCA). \u201cSu implicaci\u00f3n permite que los recursos lleguen a m\u00e1s espacios del municipio y refuerza el papel del comercio local como aliado en la protecci\u00f3n y apoyo a las mujeres\u201d, a\u00f1ade.<\/p>\n<p>Entre los recursos que se difunden se encuentra el Servicio de Atenci\u00f3n e Intervenci\u00f3n Integral a Mujeres y Menores V\u00edctimas de Violencia de G\u00e9nero, del Cabildo de La Palma, disponible a trav\u00e9s del 922 423 100, extensi\u00f3n 4492, en horario de 8:00 a 15:00 horas y en el correo mujer.intervencion@cablapalma.es.<\/p>\n<p>Tambi\u00e9n se incluye informaci\u00f3n del Centro de Asistencia Integral para V\u00edctimas de Violencia Sexual en La Palma, dependiente del Instituto Canario de Igualdad, operativo las 24 horas en el tel\u00e9fono 647 754 985 y en el correo cclpa@fundacionideo.com, as\u00ed como accesos adicionales a trav\u00e9s de esc\u00e1ner QR y del sitio web caeviolenciasexual.com.<\/p>\n<\/div>\n","protected":false},"excerpt":{"rendered":"<p>La acci\u00f3n se realiza de la mano con las asociaciones comerciales ACZA y ZCA<\/p>\n","protected":false},"author":4,"featured_media":4898,"comment_status":"open","ping_status":"open","sticky":false,"template":"","format":"standard","meta":{"footnotes":""},"categories":[1],"tags":[],"class_list":["post-4894","post","type-post","status-publish","format-standard","has-post-thumbnail","hentry","category-sin-categoria"],"yoast_head":"<!-- This site is optimized with the Yoast SEO plugin v22.7 - https:\/\/yoast.com\/wordpress\/plugins\/seo\/ -->\n<title>El Ayuntamiento y los comercios de Los Llanos acercan a la ciudadan\u00eda los servicios contra la violencia machista - Ayuntamiento de Los Llanos de Aridane<\/title>\n<meta name=\"robots\" content=\"index, follow, max-snippet:-1, max-image-preview:large, max-video-preview:-1\" \/>\n<link rel=\"canonical\" href=\"https:\/\/www.aridane.org\/city\/2025\/11\/25\/el-ayuntamiento-y-los-comercios-de-los-llanos-acercan-a-la-ciudadania-los-servicios-contra-la-violencia-machista\/\" \/>\n<meta property=\"og:locale\" content=\"es_ES\" \/>\n<meta property=\"og:type\" content=\"article\" \/>\n<meta property=\"og:title\" content=\"El Ayuntamiento y los comercios de Los Llanos acercan a la ciudadan\u00eda los servicios contra la violencia machista - Ayuntamiento de Los Llanos de Aridane\" \/>\n<meta property=\"og:description\" content=\"La acci\u00f3n se realiza de la mano con las asociaciones comerciales ACZA y ZCA\" \/>\n<meta property=\"og:url\" content=\"https:\/\/www.aridane.org\/city\/2025\/11\/25\/el-ayuntamiento-y-los-comercios-de-los-llanos-acercan-a-la-ciudadania-los-servicios-contra-la-violencia-machista\/\" \/>\n<meta property=\"og:site_name\" content=\"Ayuntamiento de Los Llanos de Aridane\" \/>\n<meta property=\"article:published_time\" content=\"2025-11-25T09:18:41+00:00\" \/>\n<meta property=\"article:modified_time\" content=\"2025-12-01T10:34:03+00:00\" \/>\n<meta property=\"og:image\" content=\"https:\/\/www.aridane.org\/city\/wp-content\/uploads\/2025\/12\/25N-comercios-1-scaled.jpeg\" \/>\n\t<meta property=\"og:image:width\" content=\"2560\" \/>\n\t<meta property=\"og:image:height\" content=\"1920\" \/>\n\t<meta property=\"og:image:type\" content=\"image\/jpeg\" \/>\n<meta name=\"author\" content=\"Corresponsal\" \/>\n<meta name=\"twitter:card\" content=\"summary_large_image\" \/>\n<meta name=\"twitter:label1\" content=\"Escrito por\" \/>\n\t<meta name=\"twitter:data1\" content=\"Corresponsal\" \/>\n\t<meta name=\"twitter:label2\" content=\"Tiempo de lectura\" \/>\n\t<meta name=\"twitter:data2\" content=\"2 minutos\" \/>\n<script type=\"application\/ld+json\" class=\"yoast-schema-graph\">{\"@context\":\"https:\/\/schema.org\",\"@graph\":[{\"@type\":\"WebPage\",\"@id\":\"https:\/\/www.aridane.org\/city\/2025\/11\/25\/el-ayuntamiento-y-los-comercios-de-los-llanos-acercan-a-la-ciudadania-los-servicios-contra-la-violencia-machista\/\",\"url\":\"https:\/\/www.aridane.org\/city\/2025\/11\/25\/el-ayuntamiento-y-los-comercios-de-los-llanos-acercan-a-la-ciudadania-los-servicios-contra-la-violencia-machista\/\",\"name\":\"El Ayuntamiento y los comercios de Los Llanos acercan a la ciudadan\u00eda los servicios contra la violencia machista - Ayuntamiento de Los Llanos de Aridane\",\"isPartOf\":{\"@id\":\"https:\/\/www.aridane.org\/city\/#website\"},\"primaryImageOfPage\":{\"@id\":\"https:\/\/www.aridane.org\/city\/2025\/11\/25\/el-ayuntamiento-y-los-comercios-de-los-llanos-acercan-a-la-ciudadania-los-servicios-contra-la-violencia-machista\/#primaryimage\"},\"image\":{\"@id\":\"https:\/\/www.aridane.org\/city\/2025\/11\/25\/el-ayuntamiento-y-los-comercios-de-los-llanos-acercan-a-la-ciudadania-los-servicios-contra-la-violencia-machista\/#primaryimage\"},\"thumbnailUrl\":\"https:\/\/www.aridane.org\/city\/wp-content\/uploads\/2025\/12\/25N-comercios-1-scaled.jpeg\",\"datePublished\":\"2025-11-25T09:18:41+00:00\",\"dateModified\":\"2025-12-01T10:34:03+00:00\",\"author\":{\"@id\":\"https:\/\/www.aridane.org\/city\/#\/schema\/person\/89ebd376b223dc94cc1dbcf200c8e6da\"},\"breadcrumb\":{\"@id\":\"https:\/\/www.aridane.org\/city\/2025\/11\/25\/el-ayuntamiento-y-los-comercios-de-los-llanos-acercan-a-la-ciudadania-los-servicios-contra-la-violencia-machista\/#breadcrumb\"},\"inLanguage\":\"es\",\"potentialAction\":[{\"@type\":\"ReadAction\",\"target\":[\"https:\/\/www.aridane.org\/city\/2025\/11\/25\/el-ayuntamiento-y-los-comercios-de-los-llanos-acercan-a-la-ciudadania-los-servicios-contra-la-violencia-machista\/\"]}]},{\"@type\":\"ImageObject\",\"inLanguage\":\"es\",\"@id\":\"https:\/\/www.aridane.org\/city\/2025\/11\/25\/el-ayuntamiento-y-los-comercios-de-los-llanos-acercan-a-la-ciudadania-los-servicios-contra-la-violencia-machista\/#primaryimage\",\"url\":\"https:\/\/www.aridane.org\/city\/wp-content\/uploads\/2025\/12\/25N-comercios-1-scaled.jpeg\",\"contentUrl\":\"https:\/\/www.aridane.org\/city\/wp-content\/uploads\/2025\/12\/25N-comercios-1-scaled.jpeg\",\"width\":2560,\"height\":1920},{\"@type\":\"BreadcrumbList\",\"@id\":\"https:\/\/www.aridane.org\/city\/2025\/11\/25\/el-ayuntamiento-y-los-comercios-de-los-llanos-acercan-a-la-ciudadania-los-servicios-contra-la-violencia-machista\/#breadcrumb\",\"itemListElement\":[{\"@type\":\"ListItem\",\"position\":1,\"name\":\"Portada\",\"item\":\"https:\/\/www.aridane.org\/city\/\"},{\"@type\":\"ListItem\",\"position\":2,\"name\":\"El Ayuntamiento y los comercios de Los Llanos acercan a la ciudadan\u00eda los servicios contra la violencia machista\"}]},{\"@type\":\"WebSite\",\"@id\":\"https:\/\/www.aridane.org\/city\/#website\",\"url\":\"https:\/\/www.aridane.org\/city\/\",\"name\":\"Ayuntamiento de Los Llanos de Aridane\",\"description\":\"\",\"potentialAction\":[{\"@type\":\"SearchAction\",\"target\":{\"@type\":\"EntryPoint\",\"urlTemplate\":\"https:\/\/www.aridane.org\/city\/?s={search_term_string}\"},\"query-input\":\"required name=search_term_string\"}],\"inLanguage\":\"es\"},{\"@type\":\"Person\",\"@id\":\"https:\/\/www.aridane.org\/city\/#\/schema\/person\/89ebd376b223dc94cc1dbcf200c8e6da\",\"name\":\"Corresponsal\",\"image\":{\"@type\":\"ImageObject\",\"inLanguage\":\"es\",\"@id\":\"https:\/\/www.aridane.org\/city\/#\/schema\/person\/image\/\",\"url\":\"https:\/\/secure.gravatar.com\/avatar\/1c476992411e4ccf153da63b2b2f5ea0bb4cb1c85f3ceab8512f04325ad5579c?s=96&d=mm&r=g\",\"contentUrl\":\"https:\/\/secure.gravatar.com\/avatar\/1c476992411e4ccf153da63b2b2f5ea0bb4cb1c85f3ceab8512f04325ad5579c?s=96&d=mm&r=g\",\"caption\":\"Corresponsal\"},\"url\":\"https:\/\/www.aridane.org\/city\/author\/corresponsal\/\"}]}<\/script>\n<!-- \/ Yoast SEO plugin. -->","yoast_head_json":{"title":"El Ayuntamiento y los comercios de Los Llanos acercan a la ciudadan\u00eda los servicios contra la violencia machista - Ayuntamiento de Los Llanos de Aridane","robots":{"index":"index","follow":"follow","max-snippet":"max-snippet:-1","max-image-preview":"max-image-preview:large","max-video-preview":"max-video-preview:-1"},"canonical":"https:\/\/www.aridane.org\/city\/2025\/11\/25\/el-ayuntamiento-y-los-comercios-de-los-llanos-acercan-a-la-ciudadania-los-servicios-contra-la-violencia-machista\/","og_locale":"es_ES","og_type":"article","og_title":"El Ayuntamiento y los comercios de Los Llanos acercan a la ciudadan\u00eda los servicios contra la violencia machista - Ayuntamiento de Los Llanos de Aridane","og_description":"La acci\u00f3n se realiza de la mano con las asociaciones comerciales ACZA y ZCA","og_url":"https:\/\/www.aridane.org\/city\/2025\/11\/25\/el-ayuntamiento-y-los-comercios-de-los-llanos-acercan-a-la-ciudadania-los-servicios-contra-la-violencia-machista\/","og_site_name":"Ayuntamiento de Los Llanos de Aridane","article_published_time":"2025-11-25T09:18:41+00:00","article_modified_time":"2025-12-01T10:34:03+00:00","og_image":[{"width":2560,"height":1920,"url":"https:\/\/www.aridane.org\/city\/wp-content\/uploads\/2025\/12\/25N-comercios-1-scaled.jpeg","type":"image\/jpeg"}],"author":"Corresponsal","twitter_card":"summary_large_image","twitter_misc":{"Escrito por":"Corresponsal","Tiempo de lectura":"2 minutos"},"schema":{"@context":"https:\/\/schema.org","@graph":[{"@type":"WebPage","@id":"https:\/\/www.aridane.org\/city\/2025\/11\/25\/el-ayuntamiento-y-los-comercios-de-los-llanos-acercan-a-la-ciudadania-los-servicios-contra-la-violencia-machista\/","url":"https:\/\/www.aridane.org\/city\/2025\/11\/25\/el-ayuntamiento-y-los-comercios-de-los-llanos-acercan-a-la-ciudadania-los-servicios-contra-la-violencia-machista\/","name":"El Ayuntamiento y los comercios de Los Llanos acercan a la ciudadan\u00eda los servicios contra la violencia machista - Ayuntamiento de Los Llanos de Aridane","isPartOf":{"@id":"https:\/\/www.aridane.org\/city\/#website"},"primaryImageOfPage":{"@id":"https:\/\/www.aridane.org\/city\/2025\/11\/25\/el-ayuntamiento-y-los-comercios-de-los-llanos-acercan-a-la-ciudadania-los-servicios-contra-la-violencia-machista\/#primaryimage"},"image":{"@id":"https:\/\/www.aridane.org\/city\/2025\/11\/25\/el-ayuntamiento-y-los-comercios-de-los-llanos-acercan-a-la-ciudadania-los-servicios-contra-la-violencia-machista\/#primaryimage"},"thumbnailUrl":"https:\/\/www.aridane.org\/city\/wp-content\/uploads\/2025\/12\/25N-comercios-1-scaled.jpeg","datePublished":"2025-11-25T09:18:41+00:00","dateModified":"2025-12-01T10:34:03+00:00","author":{"@id":"https:\/\/www.aridane.org\/city\/#\/schema\/person\/89ebd376b223dc94cc1dbcf200c8e6da"},"breadcrumb":{"@id":"https:\/\/www.aridane.org\/city\/2025\/11\/25\/el-ayuntamiento-y-los-comercios-de-los-llanos-acercan-a-la-ciudadania-los-servicios-contra-la-violencia-machista\/#breadcrumb"},"inLanguage":"es","potentialAction":[{"@type":"ReadAction","target":["https:\/\/www.aridane.org\/city\/2025\/11\/25\/el-ayuntamiento-y-los-comercios-de-los-llanos-acercan-a-la-ciudadania-los-servicios-contra-la-violencia-machista\/"]}]},{"@type":"ImageObject","inLanguage":"es","@id":"https:\/\/www.aridane.org\/city\/2025\/11\/25\/el-ayuntamiento-y-los-comercios-de-los-llanos-acercan-a-la-ciudadania-los-servicios-contra-la-violencia-machista\/#primaryimage","url":"https:\/\/www.aridane.org\/city\/wp-content\/uploads\/2025\/12\/25N-comercios-1-scaled.jpeg","contentUrl":"https:\/\/www.aridane.org\/city\/wp-content\/uploads\/2025\/12\/25N-comercios-1-scaled.jpeg","width":2560,"height":1920},{"@type":"BreadcrumbList","@id":"https:\/\/www.aridane.org\/city\/2025\/11\/25\/el-ayuntamiento-y-los-comercios-de-los-llanos-acercan-a-la-ciudadania-los-servicios-contra-la-violencia-machista\/#breadcrumb","itemListElement":[{"@type":"ListItem","position":1,"name":"Portada","item":"https:\/\/www.aridane.org\/city\/"},{"@type":"ListItem","position":2,"name":"El Ayuntamiento y los comercios de Los Llanos acercan a la ciudadan\u00eda los servicios contra la violencia machista"}]},{"@type":"WebSite","@id":"https:\/\/www.aridane.org\/city\/#website","url":"https:\/\/www.aridane.org\/city\/","name":"Ayuntamiento de Los Llanos de Aridane","description":"","potentialAction":[{"@type":"SearchAction","target":{"@type":"EntryPoint","urlTemplate":"https:\/\/www.aridane.org\/city\/?s={search_term_string}"},"query-input":"required name=search_term_string"}],"inLanguage":"es"},{"@type":"Person","@id":"https:\/\/www.aridane.org\/city\/#\/schema\/person\/89ebd376b223dc94cc1dbcf200c8e6da","name":"Corresponsal","image":{"@type":"ImageObject","inLanguage":"es","@id":"https:\/\/www.aridane.org\/city\/#\/schema\/person\/image\/","url":"https:\/\/secure.gravatar.com\/avatar\/1c476992411e4ccf153da63b2b2f5ea0bb4cb1c85f3ceab8512f04325ad5579c?s=96&d=mm&r=g","contentUrl":"https:\/\/secure.gravatar.com\/avatar\/1c476992411e4ccf153da63b2b2f5ea0bb4cb1c85f3ceab8512f04325ad5579c?s=96&d=mm&r=g","caption":"Corresponsal"},"url":"https:\/\/www.aridane.org\/city\/author\/corresponsal\/"}]}},"_links":{"self":[{"href":"https:\/\/www.aridane.org\/city\/wp-json\/wp\/v2\/posts\/4894","targetHints":{"allow":["GET"]}}],"collection":[{"href":"https:\/\/www.aridane.org\/city\/wp-json\/wp\/v2\/posts"}],"about":[{"href":"https:\/\/www.aridane.org\/city\/wp-json\/wp\/v2\/types\/post"}],"author":[{"embeddable":true,"href":"https:\/\/www.aridane.org\/city\/wp-json\/wp\/v2\/users\/4"}],"replies":[{"embeddable":true,"href":"https:\/\/www.aridane.org\/city\/wp-json\/wp\/v2\/comments?post=4894"}],"version-history":[{"count":1,"href":"https:\/\/www.aridane.org\/city\/wp-json\/wp\/v2\/posts\/4894\/revisions"}],"predecessor-version":[{"id":4899,"href":"https:\/\/www.aridane.org\/city\/wp-json\/wp\/v2\/posts\/4894\/revisions\/4899"}],"wp:featuredmedia":[{"embeddable":true,"href":"https:\/\/www.aridane.org\/city\/wp-json\/wp\/v2\/media\/4898"}],"wp:attachment":[{"href":"https:\/\/www.aridane.org\/city\/wp-json\/wp\/v2\/media?parent=4894"}],"wp:term":[{"taxonomy":"category","embeddable":true,"href":"https:\/\/www.aridane.org\/city\/wp-json\/wp\/v2\/categories?post=4894"},{"taxonomy":"post_tag","embeddable":true,"href":"https:\/\/www.aridane.org\/city\/wp-json\/wp\/v2\/tags?post=4894"}],"curies":[{"name":"wp","href":"https:\/\/api.w.org\/{rel}","templated":true}]}}