{"id":4900,"date":"2025-11-29T10:34:18","date_gmt":"2025-11-29T10:34:18","guid":{"rendered":"https:\/\/www.aridane.org\/city\/?p=4900"},"modified":"2025-12-01T10:36:29","modified_gmt":"2025-12-01T10:36:29","slug":"los-llanos-de-aridane-encendio-la-navidad-este-viernes-con-el-alumbrado-y-la-inauguracion-del-nacimiento","status":"publish","type":"post","link":"https:\/\/www.aridane.org\/city\/2025\/11\/29\/los-llanos-de-aridane-encendio-la-navidad-este-viernes-con-el-alumbrado-y-la-inauguracion-del-nacimiento\/","title":{"rendered":"Los Llanos de Aridane encendi\u00f3 la Navidad este viernes con el alumbrado y la inauguraci\u00f3n del Nacimiento"},"content":{"rendered":"<p><em>Adem\u00e1s, este viernes se celebr\u00f3 el D\u00eda Blanco, una jornada que dinamiz\u00f3 las zonas comerciales<\/em><!--more--><\/p>\n<p>El Ayuntamiento de Los Llanos de Aridane inici\u00f3 este viernes, 28 de noviembre, la programaci\u00f3n navide\u00f1a con una jornada que combin\u00f3 tradici\u00f3n, m\u00fasica y actividades para toda la ciudadan\u00eda. Bajo el lema \u201cEl Canto de los \u00c1ngeles Anuncia la Navidad\u201d, el municipio celebr\u00f3 la inauguraci\u00f3n del tradicional Nacimiento y el encendido del alumbrado, actos que marcaron el comienzo oficial de las fiestas.<\/p>\n<p>El alcalde, Javier Llamas, se\u00f1al\u00f3 que la Navidad representa un momento del a\u00f1o en el que las familias disfrutan juntas y los comercios viven unas fechas importantes para seguir adelante. \u201cEn estas fechas me gusta recordar a Los Arrieros y ese villancico que dice \u2018Brilla Los Llanos, brilla\u2019, porque precisamente en estas semanas se siente una luz especial en la gente y en cada rinc\u00f3n del municipio\u201d, expres\u00f3.<\/p>\n<p>En este sentido, el concejal de Fiestas, \u00c1lvaro Pages, explic\u00f3 que la programaci\u00f3n \u201cse dise\u00f1a para que todas las personas encuentren un espacio donde vivir la Navidad, desde las familias hasta quienes nos visitan\u201d.<\/p>\n<p>Pages destac\u00f3 que este arranque festivo \u201crefuerza la identidad del municipio y pone en valor el trabajo de los colectivos culturales y art\u00edsticos que participaron en esta noche especial\u201d.<\/p>\n<h2>La programaci\u00f3n de Navidad<\/h2>\n<p>La programaci\u00f3n navide\u00f1a arranc\u00f3 a las 18:00 horas con un recorrido de patinadoras con globos por las calles comerciales.<\/p>\n<p>A las 19:00 horas, el Aula Municipal de Ballet ofreci\u00f3 una actuaci\u00f3n en la calle D\u00edaz Pimienta.<\/p>\n<p>Uno de los actos centrales se celebr\u00f3 a las 20:30 horas con la inauguraci\u00f3n del Nacimiento, ubicado en los bajos de la Casa de la Cultura y acompa\u00f1ado por la m\u00fasica de Los Arrieros.<\/p>\n<p>A las 21:00 horas tuvo lugar el plato fuerte: el encendido del alumbrado navide\u00f1o frente al Ayuntamiento.<\/p>\n<p>Tras este momento, la noche continu\u00f3 con el Concierto Especial de Navidad a cargo de Family Soul Band junto al Gospel Choir de Los Llanos de Aridane. La jornada concluy\u00f3 a las 22:30 horas con una sesi\u00f3n de DJ en la Plaza de Espa\u00f1a.<\/p>\n<p>Adem\u00e1s, este viernes se celebr\u00f3 el D\u00eda Blanco, una jornada que dinamiz\u00f3 las zonas comerciales y anim\u00f3 a la ciudadan\u00eda a disfrutar del comercio local en unas fechas especialmente significativas para la actividad econ\u00f3mica y social del municipio.<\/p>\n","protected":false},"excerpt":{"rendered":"<p>Adem\u00e1s, este viernes se celebr\u00f3 el D\u00eda Blanco, una jornada que dinamiz\u00f3 las zonas comerciales<\/p>\n","protected":false},"author":4,"featured_media":4901,"comment_status":"open","ping_status":"open","sticky":false,"template":"","format":"standard","meta":{"footnotes":""},"categories":[1],"tags":[],"class_list":["post-4900","post","type-post","status-publish","format-standard","has-post-thumbnail","hentry","category-sin-categoria"],"yoast_head":"<!-- This site is optimized with the Yoast SEO plugin v22.7 - https:\/\/yoast.com\/wordpress\/plugins\/seo\/ -->\n<title>Los Llanos de Aridane encendi\u00f3 la Navidad este viernes con el alumbrado y la inauguraci\u00f3n del Nacimiento - Ayuntamiento de Los Llanos de Aridane<\/title>\n<meta name=\"robots\" content=\"index, follow, max-snippet:-1, max-image-preview:large, max-video-preview:-1\" \/>\n<link rel=\"canonical\" href=\"https:\/\/www.aridane.org\/city\/2025\/11\/29\/los-llanos-de-aridane-encendio-la-navidad-este-viernes-con-el-alumbrado-y-la-inauguracion-del-nacimiento\/\" \/>\n<meta property=\"og:locale\" content=\"es_ES\" \/>\n<meta property=\"og:type\" content=\"article\" \/>\n<meta property=\"og:title\" content=\"Los Llanos de Aridane encendi\u00f3 la Navidad este viernes con el alumbrado y la inauguraci\u00f3n del Nacimiento - Ayuntamiento de Los Llanos de Aridane\" \/>\n<meta property=\"og:description\" content=\"Adem\u00e1s, este viernes se celebr\u00f3 el D\u00eda Blanco, una jornada que dinamiz\u00f3 las zonas comerciales\" \/>\n<meta property=\"og:url\" content=\"https:\/\/www.aridane.org\/city\/2025\/11\/29\/los-llanos-de-aridane-encendio-la-navidad-este-viernes-con-el-alumbrado-y-la-inauguracion-del-nacimiento\/\" \/>\n<meta property=\"og:site_name\" content=\"Ayuntamiento de Los Llanos de Aridane\" \/>\n<meta property=\"article:published_time\" content=\"2025-11-29T10:34:18+00:00\" \/>\n<meta property=\"article:modified_time\" content=\"2025-12-01T10:36:29+00:00\" \/>\n<meta property=\"og:image\" content=\"https:\/\/www.aridane.org\/city\/wp-content\/uploads\/2025\/12\/587817368_18331953757233377_3095742766263195138_n.jpg\" \/>\n\t<meta property=\"og:image:width\" content=\"1065\" \/>\n\t<meta property=\"og:image:height\" content=\"710\" \/>\n\t<meta property=\"og:image:type\" content=\"image\/jpeg\" \/>\n<meta name=\"author\" content=\"Corresponsal\" \/>\n<meta name=\"twitter:card\" content=\"summary_large_image\" \/>\n<meta name=\"twitter:label1\" content=\"Escrito por\" \/>\n\t<meta name=\"twitter:data1\" content=\"Corresponsal\" \/>\n\t<meta name=\"twitter:label2\" content=\"Tiempo de lectura\" \/>\n\t<meta name=\"twitter:data2\" content=\"2 minutos\" \/>\n<script type=\"application\/ld+json\" class=\"yoast-schema-graph\">{\"@context\":\"https:\/\/schema.org\",\"@graph\":[{\"@type\":\"WebPage\",\"@id\":\"https:\/\/www.aridane.org\/city\/2025\/11\/29\/los-llanos-de-aridane-encendio-la-navidad-este-viernes-con-el-alumbrado-y-la-inauguracion-del-nacimiento\/\",\"url\":\"https:\/\/www.aridane.org\/city\/2025\/11\/29\/los-llanos-de-aridane-encendio-la-navidad-este-viernes-con-el-alumbrado-y-la-inauguracion-del-nacimiento\/\",\"name\":\"Los Llanos de Aridane encendi\u00f3 la Navidad este viernes con el alumbrado y la inauguraci\u00f3n del Nacimiento - Ayuntamiento de Los Llanos de Aridane\",\"isPartOf\":{\"@id\":\"https:\/\/www.aridane.org\/city\/#website\"},\"primaryImageOfPage\":{\"@id\":\"https:\/\/www.aridane.org\/city\/2025\/11\/29\/los-llanos-de-aridane-encendio-la-navidad-este-viernes-con-el-alumbrado-y-la-inauguracion-del-nacimiento\/#primaryimage\"},\"image\":{\"@id\":\"https:\/\/www.aridane.org\/city\/2025\/11\/29\/los-llanos-de-aridane-encendio-la-navidad-este-viernes-con-el-alumbrado-y-la-inauguracion-del-nacimiento\/#primaryimage\"},\"thumbnailUrl\":\"https:\/\/www.aridane.org\/city\/wp-content\/uploads\/2025\/12\/587817368_18331953757233377_3095742766263195138_n.jpg\",\"datePublished\":\"2025-11-29T10:34:18+00:00\",\"dateModified\":\"2025-12-01T10:36:29+00:00\",\"author\":{\"@id\":\"https:\/\/www.aridane.org\/city\/#\/schema\/person\/89ebd376b223dc94cc1dbcf200c8e6da\"},\"breadcrumb\":{\"@id\":\"https:\/\/www.aridane.org\/city\/2025\/11\/29\/los-llanos-de-aridane-encendio-la-navidad-este-viernes-con-el-alumbrado-y-la-inauguracion-del-nacimiento\/#breadcrumb\"},\"inLanguage\":\"es\",\"potentialAction\":[{\"@type\":\"ReadAction\",\"target\":[\"https:\/\/www.aridane.org\/city\/2025\/11\/29\/los-llanos-de-aridane-encendio-la-navidad-este-viernes-con-el-alumbrado-y-la-inauguracion-del-nacimiento\/\"]}]},{\"@type\":\"ImageObject\",\"inLanguage\":\"es\",\"@id\":\"https:\/\/www.aridane.org\/city\/2025\/11\/29\/los-llanos-de-aridane-encendio-la-navidad-este-viernes-con-el-alumbrado-y-la-inauguracion-del-nacimiento\/#primaryimage\",\"url\":\"https:\/\/www.aridane.org\/city\/wp-content\/uploads\/2025\/12\/587817368_18331953757233377_3095742766263195138_n.jpg\",\"contentUrl\":\"https:\/\/www.aridane.org\/city\/wp-content\/uploads\/2025\/12\/587817368_18331953757233377_3095742766263195138_n.jpg\",\"width\":1065,\"height\":710},{\"@type\":\"BreadcrumbList\",\"@id\":\"https:\/\/www.aridane.org\/city\/2025\/11\/29\/los-llanos-de-aridane-encendio-la-navidad-este-viernes-con-el-alumbrado-y-la-inauguracion-del-nacimiento\/#breadcrumb\",\"itemListElement\":[{\"@type\":\"ListItem\",\"position\":1,\"name\":\"Portada\",\"item\":\"https:\/\/www.aridane.org\/city\/\"},{\"@type\":\"ListItem\",\"position\":2,\"name\":\"Los Llanos de Aridane encendi\u00f3 la Navidad este viernes con el alumbrado y la inauguraci\u00f3n del Nacimiento\"}]},{\"@type\":\"WebSite\",\"@id\":\"https:\/\/www.aridane.org\/city\/#website\",\"url\":\"https:\/\/www.aridane.org\/city\/\",\"name\":\"Ayuntamiento de Los Llanos de Aridane\",\"description\":\"\",\"potentialAction\":[{\"@type\":\"SearchAction\",\"target\":{\"@type\":\"EntryPoint\",\"urlTemplate\":\"https:\/\/www.aridane.org\/city\/?s={search_term_string}\"},\"query-input\":\"required name=search_term_string\"}],\"inLanguage\":\"es\"},{\"@type\":\"Person\",\"@id\":\"https:\/\/www.aridane.org\/city\/#\/schema\/person\/89ebd376b223dc94cc1dbcf200c8e6da\",\"name\":\"Corresponsal\",\"image\":{\"@type\":\"ImageObject\",\"inLanguage\":\"es\",\"@id\":\"https:\/\/www.aridane.org\/city\/#\/schema\/person\/image\/\",\"url\":\"https:\/\/secure.gravatar.com\/avatar\/1c476992411e4ccf153da63b2b2f5ea0bb4cb1c85f3ceab8512f04325ad5579c?s=96&d=mm&r=g\",\"contentUrl\":\"https:\/\/secure.gravatar.com\/avatar\/1c476992411e4ccf153da63b2b2f5ea0bb4cb1c85f3ceab8512f04325ad5579c?s=96&d=mm&r=g\",\"caption\":\"Corresponsal\"},\"url\":\"https:\/\/www.aridane.org\/city\/author\/corresponsal\/\"}]}<\/script>\n<!-- \/ Yoast SEO plugin. -->","yoast_head_json":{"title":"Los Llanos de Aridane encendi\u00f3 la Navidad este viernes con el alumbrado y la inauguraci\u00f3n del Nacimiento - Ayuntamiento de Los Llanos de Aridane","robots":{"index":"index","follow":"follow","max-snippet":"max-snippet:-1","max-image-preview":"max-image-preview:large","max-video-preview":"max-video-preview:-1"},"canonical":"https:\/\/www.aridane.org\/city\/2025\/11\/29\/los-llanos-de-aridane-encendio-la-navidad-este-viernes-con-el-alumbrado-y-la-inauguracion-del-nacimiento\/","og_locale":"es_ES","og_type":"article","og_title":"Los Llanos de Aridane encendi\u00f3 la Navidad este viernes con el alumbrado y la inauguraci\u00f3n del Nacimiento - Ayuntamiento de Los Llanos de Aridane","og_description":"Adem\u00e1s, este viernes se celebr\u00f3 el D\u00eda Blanco, una jornada que dinamiz\u00f3 las zonas comerciales","og_url":"https:\/\/www.aridane.org\/city\/2025\/11\/29\/los-llanos-de-aridane-encendio-la-navidad-este-viernes-con-el-alumbrado-y-la-inauguracion-del-nacimiento\/","og_site_name":"Ayuntamiento de Los Llanos de Aridane","article_published_time":"2025-11-29T10:34:18+00:00","article_modified_time":"2025-12-01T10:36:29+00:00","og_image":[{"width":1065,"height":710,"url":"https:\/\/www.aridane.org\/city\/wp-content\/uploads\/2025\/12\/587817368_18331953757233377_3095742766263195138_n.jpg","type":"image\/jpeg"}],"author":"Corresponsal","twitter_card":"summary_large_image","twitter_misc":{"Escrito por":"Corresponsal","Tiempo de lectura":"2 minutos"},"schema":{"@context":"https:\/\/schema.org","@graph":[{"@type":"WebPage","@id":"https:\/\/www.aridane.org\/city\/2025\/11\/29\/los-llanos-de-aridane-encendio-la-navidad-este-viernes-con-el-alumbrado-y-la-inauguracion-del-nacimiento\/","url":"https:\/\/www.aridane.org\/city\/2025\/11\/29\/los-llanos-de-aridane-encendio-la-navidad-este-viernes-con-el-alumbrado-y-la-inauguracion-del-nacimiento\/","name":"Los Llanos de Aridane encendi\u00f3 la Navidad este viernes con el alumbrado y la inauguraci\u00f3n del Nacimiento - Ayuntamiento de Los Llanos de Aridane","isPartOf":{"@id":"https:\/\/www.aridane.org\/city\/#website"},"primaryImageOfPage":{"@id":"https:\/\/www.aridane.org\/city\/2025\/11\/29\/los-llanos-de-aridane-encendio-la-navidad-este-viernes-con-el-alumbrado-y-la-inauguracion-del-nacimiento\/#primaryimage"},"image":{"@id":"https:\/\/www.aridane.org\/city\/2025\/11\/29\/los-llanos-de-aridane-encendio-la-navidad-este-viernes-con-el-alumbrado-y-la-inauguracion-del-nacimiento\/#primaryimage"},"thumbnailUrl":"https:\/\/www.aridane.org\/city\/wp-content\/uploads\/2025\/12\/587817368_18331953757233377_3095742766263195138_n.jpg","datePublished":"2025-11-29T10:34:18+00:00","dateModified":"2025-12-01T10:36:29+00:00","author":{"@id":"https:\/\/www.aridane.org\/city\/#\/schema\/person\/89ebd376b223dc94cc1dbcf200c8e6da"},"breadcrumb":{"@id":"https:\/\/www.aridane.org\/city\/2025\/11\/29\/los-llanos-de-aridane-encendio-la-navidad-este-viernes-con-el-alumbrado-y-la-inauguracion-del-nacimiento\/#breadcrumb"},"inLanguage":"es","potentialAction":[{"@type":"ReadAction","target":["https:\/\/www.aridane.org\/city\/2025\/11\/29\/los-llanos-de-aridane-encendio-la-navidad-este-viernes-con-el-alumbrado-y-la-inauguracion-del-nacimiento\/"]}]},{"@type":"ImageObject","inLanguage":"es","@id":"https:\/\/www.aridane.org\/city\/2025\/11\/29\/los-llanos-de-aridane-encendio-la-navidad-este-viernes-con-el-alumbrado-y-la-inauguracion-del-nacimiento\/#primaryimage","url":"https:\/\/www.aridane.org\/city\/wp-content\/uploads\/2025\/12\/587817368_18331953757233377_3095742766263195138_n.jpg","contentUrl":"https:\/\/www.aridane.org\/city\/wp-content\/uploads\/2025\/12\/587817368_18331953757233377_3095742766263195138_n.jpg","width":1065,"height":710},{"@type":"BreadcrumbList","@id":"https:\/\/www.aridane.org\/city\/2025\/11\/29\/los-llanos-de-aridane-encendio-la-navidad-este-viernes-con-el-alumbrado-y-la-inauguracion-del-nacimiento\/#breadcrumb","itemListElement":[{"@type":"ListItem","position":1,"name":"Portada","item":"https:\/\/www.aridane.org\/city\/"},{"@type":"ListItem","position":2,"name":"Los Llanos de Aridane encendi\u00f3 la Navidad este viernes con el alumbrado y la inauguraci\u00f3n del Nacimiento"}]},{"@type":"WebSite","@id":"https:\/\/www.aridane.org\/city\/#website","url":"https:\/\/www.aridane.org\/city\/","name":"Ayuntamiento de Los Llanos de Aridane","description":"","potentialAction":[{"@type":"SearchAction","target":{"@type":"EntryPoint","urlTemplate":"https:\/\/www.aridane.org\/city\/?s={search_term_string}"},"query-input":"required name=search_term_string"}],"inLanguage":"es"},{"@type":"Person","@id":"https:\/\/www.aridane.org\/city\/#\/schema\/person\/89ebd376b223dc94cc1dbcf200c8e6da","name":"Corresponsal","image":{"@type":"ImageObject","inLanguage":"es","@id":"https:\/\/www.aridane.org\/city\/#\/schema\/person\/image\/","url":"https:\/\/secure.gravatar.com\/avatar\/1c476992411e4ccf153da63b2b2f5ea0bb4cb1c85f3ceab8512f04325ad5579c?s=96&d=mm&r=g","contentUrl":"https:\/\/secure.gravatar.com\/avatar\/1c476992411e4ccf153da63b2b2f5ea0bb4cb1c85f3ceab8512f04325ad5579c?s=96&d=mm&r=g","caption":"Corresponsal"},"url":"https:\/\/www.aridane.org\/city\/author\/corresponsal\/"}]}},"_links":{"self":[{"href":"https:\/\/www.aridane.org\/city\/wp-json\/wp\/v2\/posts\/4900","targetHints":{"allow":["GET"]}}],"collection":[{"href":"https:\/\/www.aridane.org\/city\/wp-json\/wp\/v2\/posts"}],"about":[{"href":"https:\/\/www.aridane.org\/city\/wp-json\/wp\/v2\/types\/post"}],"author":[{"embeddable":true,"href":"https:\/\/www.aridane.org\/city\/wp-json\/wp\/v2\/users\/4"}],"replies":[{"embeddable":true,"href":"https:\/\/www.aridane.org\/city\/wp-json\/wp\/v2\/comments?post=4900"}],"version-history":[{"count":1,"href":"https:\/\/www.aridane.org\/city\/wp-json\/wp\/v2\/posts\/4900\/revisions"}],"predecessor-version":[{"id":4902,"href":"https:\/\/www.aridane.org\/city\/wp-json\/wp\/v2\/posts\/4900\/revisions\/4902"}],"wp:featuredmedia":[{"embeddable":true,"href":"https:\/\/www.aridane.org\/city\/wp-json\/wp\/v2\/media\/4901"}],"wp:attachment":[{"href":"https:\/\/www.aridane.org\/city\/wp-json\/wp\/v2\/media?parent=4900"}],"wp:term":[{"taxonomy":"category","embeddable":true,"href":"https:\/\/www.aridane.org\/city\/wp-json\/wp\/v2\/categories?post=4900"},{"taxonomy":"post_tag","embeddable":true,"href":"https:\/\/www.aridane.org\/city\/wp-json\/wp\/v2\/tags?post=4900"}],"curies":[{"name":"wp","href":"https:\/\/api.w.org\/{rel}","templated":true}]}}