{"id":4903,"date":"2025-11-28T10:39:06","date_gmt":"2025-11-28T10:39:06","guid":{"rendered":"https:\/\/www.aridane.org\/city\/?p=4903"},"modified":"2025-12-01T10:39:25","modified_gmt":"2025-12-01T10:39:25","slug":"los-llanos-de-aridane-aprueba-una-nueva-ordenanza-para-proteger-a-las-familias-en-situacion-critica","status":"publish","type":"post","link":"https:\/\/www.aridane.org\/city\/2025\/11\/28\/los-llanos-de-aridane-aprueba-una-nueva-ordenanza-para-proteger-a-las-familias-en-situacion-critica\/","title":{"rendered":"Los Llanos de Aridane aprueba una nueva ordenanza para proteger a las familias en situaci\u00f3n cr\u00edtica"},"content":{"rendered":"<p><em>La ordenanza simplifica y unifica la respuesta en casos urgentes y fija criterios claros para actuar con rapidez y seguridad jur\u00eddica<\/em><!--more--><\/p>\n<div id=\"v1forwardbody1\">\n<p>El grupo de gobierno del Ayuntamiento de Los Llanos de Aridane aprob\u00f3 este jueves, 27 de noviembre, la nueva Ordenanza de Prestaciones Econ\u00f3micas de Emergencia Social, un marco que permitir\u00e1 responder de forma m\u00e1s \u00e1gil, clara y justa a las familias que atraviesan una situaci\u00f3n cr\u00edtica. La normativa sustituye a la de 2011 y se adapta a las circunstancias sociales actuales, as\u00ed como a la legislaci\u00f3n vigente en Canarias.<\/p>\n<p>La concejala de Servicios Sociales, Idaira P\u00e9rez, se\u00f1ala que la nueva ordenanza pone a las personas en el centro y actualiza una normativa que llevaba catorce a\u00f1os sin revisarse. \u201cEs una herramienta justa, que se abre a todas las excepcionalidades, m\u00e1s clara y m\u00e1s humana, que mejora la capacidad del Ayuntamiento para responder con agilidad y rigor all\u00ed donde hace falta\u201d, se\u00f1ala.<\/p>\n<p>La concejala a\u00f1ade que la ordenanza nace del trabajo directo del personal t\u00e9cnico del \u00e1rea, elaborado junto a las trabajadoras sociales que \u201cconocen de primera mano las necesidades de las familias, al tiempo que ha sido revisado y validado por la jurista del Ayuntamiento\u201d. Se\u00f1ala que \u201ceste proceso ofrece mayor seguridad jur\u00eddica tanto a la ciudadan\u00eda como a la instituci\u00f3n\u201d.<\/p>\n<p>En este sentido, el alcalde, Javier Llamas, destaca que la aprobaci\u00f3n refleja \u201cel compromiso de la corporaci\u00f3n con un sistema de apoyo social moderno, transparente y adaptado a la realidad que vive el municipio\u201d. \u201cEsta ordenanza permite proteger mejor a las familias y garantizar que cada recurso p\u00fablico se gestione con responsabilidad\u201d, se\u00f1ala.<\/p>\n<p>La ordenanza regula c\u00f3mo se tramitan las ayudas cuando una familia no puede afrontar el alquiler, cuando se corta un suministro b\u00e1sico, cuando una mujer superviviente de violencia de g\u00e9nero necesita apoyo inmediato o cuando una situaci\u00f3n urgente exige actuar sin demoras. Para estos casos, el nuevo texto establece criterios objetivos, procedimientos simplificados y herramientas de acompa\u00f1amiento que permiten dar respuesta con mayor rapidez y seguridad jur\u00eddica.<\/p>\n<p>El documento incorpora la perspectiva social que demanda el municipio: define qui\u00e9n puede acceder, ordena los tipos de prestaciones, flexibiliza requisitos en situaciones urgentes y refuerza el control del uso de recursos p\u00fablicos, garantizando un funcionamiento m\u00e1s transparente y eficaz.<\/p>\n<\/div>\n","protected":false},"excerpt":{"rendered":"<p>La ordenanza simplifica y unifica la respuesta en casos urgentes y fija criterios claros para actuar con rapidez y seguridad jur\u00eddica<\/p>\n","protected":false},"author":4,"featured_media":4904,"comment_status":"open","ping_status":"open","sticky":false,"template":"","format":"standard","meta":{"footnotes":""},"categories":[1],"tags":[],"class_list":["post-4903","post","type-post","status-publish","format-standard","has-post-thumbnail","hentry","category-sin-categoria"],"yoast_head":"<!-- This site is optimized with the Yoast SEO plugin v22.7 - https:\/\/yoast.com\/wordpress\/plugins\/seo\/ -->\n<title>Los Llanos de Aridane aprueba una nueva ordenanza para proteger a las familias en situaci\u00f3n cr\u00edtica - Ayuntamiento de Los Llanos de Aridane<\/title>\n<meta name=\"robots\" content=\"index, follow, max-snippet:-1, max-image-preview:large, max-video-preview:-1\" \/>\n<link rel=\"canonical\" href=\"https:\/\/www.aridane.org\/city\/2025\/11\/28\/los-llanos-de-aridane-aprueba-una-nueva-ordenanza-para-proteger-a-las-familias-en-situacion-critica\/\" \/>\n<meta property=\"og:locale\" content=\"es_ES\" \/>\n<meta property=\"og:type\" content=\"article\" \/>\n<meta property=\"og:title\" content=\"Los Llanos de Aridane aprueba una nueva ordenanza para proteger a las familias en situaci\u00f3n cr\u00edtica - Ayuntamiento de Los Llanos de Aridane\" \/>\n<meta property=\"og:description\" content=\"La ordenanza simplifica y unifica la respuesta en casos urgentes y fija criterios claros para actuar con rapidez y seguridad jur\u00eddica\" \/>\n<meta property=\"og:url\" content=\"https:\/\/www.aridane.org\/city\/2025\/11\/28\/los-llanos-de-aridane-aprueba-una-nueva-ordenanza-para-proteger-a-las-familias-en-situacion-critica\/\" \/>\n<meta property=\"og:site_name\" content=\"Ayuntamiento de Los Llanos de Aridane\" \/>\n<meta property=\"article:published_time\" content=\"2025-11-28T10:39:06+00:00\" \/>\n<meta property=\"article:modified_time\" content=\"2025-12-01T10:39:25+00:00\" \/>\n<meta property=\"og:image\" content=\"https:\/\/www.aridane.org\/city\/wp-content\/uploads\/2025\/12\/Idaira-Perez-Ordenanza-SSSS.jpeg\" \/>\n\t<meta property=\"og:image:width\" content=\"1600\" \/>\n\t<meta property=\"og:image:height\" content=\"1200\" \/>\n\t<meta property=\"og:image:type\" content=\"image\/jpeg\" \/>\n<meta name=\"author\" content=\"Corresponsal\" \/>\n<meta name=\"twitter:card\" content=\"summary_large_image\" \/>\n<meta name=\"twitter:label1\" content=\"Escrito por\" \/>\n\t<meta name=\"twitter:data1\" content=\"Corresponsal\" \/>\n\t<meta name=\"twitter:label2\" content=\"Tiempo de lectura\" \/>\n\t<meta name=\"twitter:data2\" content=\"2 minutos\" \/>\n<script type=\"application\/ld+json\" class=\"yoast-schema-graph\">{\"@context\":\"https:\/\/schema.org\",\"@graph\":[{\"@type\":\"WebPage\",\"@id\":\"https:\/\/www.aridane.org\/city\/2025\/11\/28\/los-llanos-de-aridane-aprueba-una-nueva-ordenanza-para-proteger-a-las-familias-en-situacion-critica\/\",\"url\":\"https:\/\/www.aridane.org\/city\/2025\/11\/28\/los-llanos-de-aridane-aprueba-una-nueva-ordenanza-para-proteger-a-las-familias-en-situacion-critica\/\",\"name\":\"Los Llanos de Aridane aprueba una nueva ordenanza para proteger a las familias en situaci\u00f3n cr\u00edtica - Ayuntamiento de Los Llanos de Aridane\",\"isPartOf\":{\"@id\":\"https:\/\/www.aridane.org\/city\/#website\"},\"primaryImageOfPage\":{\"@id\":\"https:\/\/www.aridane.org\/city\/2025\/11\/28\/los-llanos-de-aridane-aprueba-una-nueva-ordenanza-para-proteger-a-las-familias-en-situacion-critica\/#primaryimage\"},\"image\":{\"@id\":\"https:\/\/www.aridane.org\/city\/2025\/11\/28\/los-llanos-de-aridane-aprueba-una-nueva-ordenanza-para-proteger-a-las-familias-en-situacion-critica\/#primaryimage\"},\"thumbnailUrl\":\"https:\/\/www.aridane.org\/city\/wp-content\/uploads\/2025\/12\/Idaira-Perez-Ordenanza-SSSS.jpeg\",\"datePublished\":\"2025-11-28T10:39:06+00:00\",\"dateModified\":\"2025-12-01T10:39:25+00:00\",\"author\":{\"@id\":\"https:\/\/www.aridane.org\/city\/#\/schema\/person\/89ebd376b223dc94cc1dbcf200c8e6da\"},\"breadcrumb\":{\"@id\":\"https:\/\/www.aridane.org\/city\/2025\/11\/28\/los-llanos-de-aridane-aprueba-una-nueva-ordenanza-para-proteger-a-las-familias-en-situacion-critica\/#breadcrumb\"},\"inLanguage\":\"es\",\"potentialAction\":[{\"@type\":\"ReadAction\",\"target\":[\"https:\/\/www.aridane.org\/city\/2025\/11\/28\/los-llanos-de-aridane-aprueba-una-nueva-ordenanza-para-proteger-a-las-familias-en-situacion-critica\/\"]}]},{\"@type\":\"ImageObject\",\"inLanguage\":\"es\",\"@id\":\"https:\/\/www.aridane.org\/city\/2025\/11\/28\/los-llanos-de-aridane-aprueba-una-nueva-ordenanza-para-proteger-a-las-familias-en-situacion-critica\/#primaryimage\",\"url\":\"https:\/\/www.aridane.org\/city\/wp-content\/uploads\/2025\/12\/Idaira-Perez-Ordenanza-SSSS.jpeg\",\"contentUrl\":\"https:\/\/www.aridane.org\/city\/wp-content\/uploads\/2025\/12\/Idaira-Perez-Ordenanza-SSSS.jpeg\",\"width\":1600,\"height\":1200},{\"@type\":\"BreadcrumbList\",\"@id\":\"https:\/\/www.aridane.org\/city\/2025\/11\/28\/los-llanos-de-aridane-aprueba-una-nueva-ordenanza-para-proteger-a-las-familias-en-situacion-critica\/#breadcrumb\",\"itemListElement\":[{\"@type\":\"ListItem\",\"position\":1,\"name\":\"Portada\",\"item\":\"https:\/\/www.aridane.org\/city\/\"},{\"@type\":\"ListItem\",\"position\":2,\"name\":\"Los Llanos de Aridane aprueba una nueva ordenanza para proteger a las familias en situaci\u00f3n cr\u00edtica\"}]},{\"@type\":\"WebSite\",\"@id\":\"https:\/\/www.aridane.org\/city\/#website\",\"url\":\"https:\/\/www.aridane.org\/city\/\",\"name\":\"Ayuntamiento de Los Llanos de Aridane\",\"description\":\"\",\"potentialAction\":[{\"@type\":\"SearchAction\",\"target\":{\"@type\":\"EntryPoint\",\"urlTemplate\":\"https:\/\/www.aridane.org\/city\/?s={search_term_string}\"},\"query-input\":\"required name=search_term_string\"}],\"inLanguage\":\"es\"},{\"@type\":\"Person\",\"@id\":\"https:\/\/www.aridane.org\/city\/#\/schema\/person\/89ebd376b223dc94cc1dbcf200c8e6da\",\"name\":\"Corresponsal\",\"image\":{\"@type\":\"ImageObject\",\"inLanguage\":\"es\",\"@id\":\"https:\/\/www.aridane.org\/city\/#\/schema\/person\/image\/\",\"url\":\"https:\/\/secure.gravatar.com\/avatar\/1c476992411e4ccf153da63b2b2f5ea0bb4cb1c85f3ceab8512f04325ad5579c?s=96&d=mm&r=g\",\"contentUrl\":\"https:\/\/secure.gravatar.com\/avatar\/1c476992411e4ccf153da63b2b2f5ea0bb4cb1c85f3ceab8512f04325ad5579c?s=96&d=mm&r=g\",\"caption\":\"Corresponsal\"},\"url\":\"https:\/\/www.aridane.org\/city\/author\/corresponsal\/\"}]}<\/script>\n<!-- \/ Yoast SEO plugin. -->","yoast_head_json":{"title":"Los Llanos de Aridane aprueba una nueva ordenanza para proteger a las familias en situaci\u00f3n cr\u00edtica - Ayuntamiento de Los Llanos de Aridane","robots":{"index":"index","follow":"follow","max-snippet":"max-snippet:-1","max-image-preview":"max-image-preview:large","max-video-preview":"max-video-preview:-1"},"canonical":"https:\/\/www.aridane.org\/city\/2025\/11\/28\/los-llanos-de-aridane-aprueba-una-nueva-ordenanza-para-proteger-a-las-familias-en-situacion-critica\/","og_locale":"es_ES","og_type":"article","og_title":"Los Llanos de Aridane aprueba una nueva ordenanza para proteger a las familias en situaci\u00f3n cr\u00edtica - Ayuntamiento de Los Llanos de Aridane","og_description":"La ordenanza simplifica y unifica la respuesta en casos urgentes y fija criterios claros para actuar con rapidez y seguridad jur\u00eddica","og_url":"https:\/\/www.aridane.org\/city\/2025\/11\/28\/los-llanos-de-aridane-aprueba-una-nueva-ordenanza-para-proteger-a-las-familias-en-situacion-critica\/","og_site_name":"Ayuntamiento de Los Llanos de Aridane","article_published_time":"2025-11-28T10:39:06+00:00","article_modified_time":"2025-12-01T10:39:25+00:00","og_image":[{"width":1600,"height":1200,"url":"https:\/\/www.aridane.org\/city\/wp-content\/uploads\/2025\/12\/Idaira-Perez-Ordenanza-SSSS.jpeg","type":"image\/jpeg"}],"author":"Corresponsal","twitter_card":"summary_large_image","twitter_misc":{"Escrito por":"Corresponsal","Tiempo de lectura":"2 minutos"},"schema":{"@context":"https:\/\/schema.org","@graph":[{"@type":"WebPage","@id":"https:\/\/www.aridane.org\/city\/2025\/11\/28\/los-llanos-de-aridane-aprueba-una-nueva-ordenanza-para-proteger-a-las-familias-en-situacion-critica\/","url":"https:\/\/www.aridane.org\/city\/2025\/11\/28\/los-llanos-de-aridane-aprueba-una-nueva-ordenanza-para-proteger-a-las-familias-en-situacion-critica\/","name":"Los Llanos de Aridane aprueba una nueva ordenanza para proteger a las familias en situaci\u00f3n cr\u00edtica - Ayuntamiento de Los Llanos de Aridane","isPartOf":{"@id":"https:\/\/www.aridane.org\/city\/#website"},"primaryImageOfPage":{"@id":"https:\/\/www.aridane.org\/city\/2025\/11\/28\/los-llanos-de-aridane-aprueba-una-nueva-ordenanza-para-proteger-a-las-familias-en-situacion-critica\/#primaryimage"},"image":{"@id":"https:\/\/www.aridane.org\/city\/2025\/11\/28\/los-llanos-de-aridane-aprueba-una-nueva-ordenanza-para-proteger-a-las-familias-en-situacion-critica\/#primaryimage"},"thumbnailUrl":"https:\/\/www.aridane.org\/city\/wp-content\/uploads\/2025\/12\/Idaira-Perez-Ordenanza-SSSS.jpeg","datePublished":"2025-11-28T10:39:06+00:00","dateModified":"2025-12-01T10:39:25+00:00","author":{"@id":"https:\/\/www.aridane.org\/city\/#\/schema\/person\/89ebd376b223dc94cc1dbcf200c8e6da"},"breadcrumb":{"@id":"https:\/\/www.aridane.org\/city\/2025\/11\/28\/los-llanos-de-aridane-aprueba-una-nueva-ordenanza-para-proteger-a-las-familias-en-situacion-critica\/#breadcrumb"},"inLanguage":"es","potentialAction":[{"@type":"ReadAction","target":["https:\/\/www.aridane.org\/city\/2025\/11\/28\/los-llanos-de-aridane-aprueba-una-nueva-ordenanza-para-proteger-a-las-familias-en-situacion-critica\/"]}]},{"@type":"ImageObject","inLanguage":"es","@id":"https:\/\/www.aridane.org\/city\/2025\/11\/28\/los-llanos-de-aridane-aprueba-una-nueva-ordenanza-para-proteger-a-las-familias-en-situacion-critica\/#primaryimage","url":"https:\/\/www.aridane.org\/city\/wp-content\/uploads\/2025\/12\/Idaira-Perez-Ordenanza-SSSS.jpeg","contentUrl":"https:\/\/www.aridane.org\/city\/wp-content\/uploads\/2025\/12\/Idaira-Perez-Ordenanza-SSSS.jpeg","width":1600,"height":1200},{"@type":"BreadcrumbList","@id":"https:\/\/www.aridane.org\/city\/2025\/11\/28\/los-llanos-de-aridane-aprueba-una-nueva-ordenanza-para-proteger-a-las-familias-en-situacion-critica\/#breadcrumb","itemListElement":[{"@type":"ListItem","position":1,"name":"Portada","item":"https:\/\/www.aridane.org\/city\/"},{"@type":"ListItem","position":2,"name":"Los Llanos de Aridane aprueba una nueva ordenanza para proteger a las familias en situaci\u00f3n cr\u00edtica"}]},{"@type":"WebSite","@id":"https:\/\/www.aridane.org\/city\/#website","url":"https:\/\/www.aridane.org\/city\/","name":"Ayuntamiento de Los Llanos de Aridane","description":"","potentialAction":[{"@type":"SearchAction","target":{"@type":"EntryPoint","urlTemplate":"https:\/\/www.aridane.org\/city\/?s={search_term_string}"},"query-input":"required name=search_term_string"}],"inLanguage":"es"},{"@type":"Person","@id":"https:\/\/www.aridane.org\/city\/#\/schema\/person\/89ebd376b223dc94cc1dbcf200c8e6da","name":"Corresponsal","image":{"@type":"ImageObject","inLanguage":"es","@id":"https:\/\/www.aridane.org\/city\/#\/schema\/person\/image\/","url":"https:\/\/secure.gravatar.com\/avatar\/1c476992411e4ccf153da63b2b2f5ea0bb4cb1c85f3ceab8512f04325ad5579c?s=96&d=mm&r=g","contentUrl":"https:\/\/secure.gravatar.com\/avatar\/1c476992411e4ccf153da63b2b2f5ea0bb4cb1c85f3ceab8512f04325ad5579c?s=96&d=mm&r=g","caption":"Corresponsal"},"url":"https:\/\/www.aridane.org\/city\/author\/corresponsal\/"}]}},"_links":{"self":[{"href":"https:\/\/www.aridane.org\/city\/wp-json\/wp\/v2\/posts\/4903","targetHints":{"allow":["GET"]}}],"collection":[{"href":"https:\/\/www.aridane.org\/city\/wp-json\/wp\/v2\/posts"}],"about":[{"href":"https:\/\/www.aridane.org\/city\/wp-json\/wp\/v2\/types\/post"}],"author":[{"embeddable":true,"href":"https:\/\/www.aridane.org\/city\/wp-json\/wp\/v2\/users\/4"}],"replies":[{"embeddable":true,"href":"https:\/\/www.aridane.org\/city\/wp-json\/wp\/v2\/comments?post=4903"}],"version-history":[{"count":1,"href":"https:\/\/www.aridane.org\/city\/wp-json\/wp\/v2\/posts\/4903\/revisions"}],"predecessor-version":[{"id":4905,"href":"https:\/\/www.aridane.org\/city\/wp-json\/wp\/v2\/posts\/4903\/revisions\/4905"}],"wp:featuredmedia":[{"embeddable":true,"href":"https:\/\/www.aridane.org\/city\/wp-json\/wp\/v2\/media\/4904"}],"wp:attachment":[{"href":"https:\/\/www.aridane.org\/city\/wp-json\/wp\/v2\/media?parent=4903"}],"wp:term":[{"taxonomy":"category","embeddable":true,"href":"https:\/\/www.aridane.org\/city\/wp-json\/wp\/v2\/categories?post=4903"},{"taxonomy":"post_tag","embeddable":true,"href":"https:\/\/www.aridane.org\/city\/wp-json\/wp\/v2\/tags?post=4903"}],"curies":[{"name":"wp","href":"https:\/\/api.w.org\/{rel}","templated":true}]}}