{"id":4906,"date":"2025-12-01T10:43:18","date_gmt":"2025-12-01T10:43:18","guid":{"rendered":"https:\/\/www.aridane.org\/city\/?p=4906"},"modified":"2025-12-01T10:43:18","modified_gmt":"2025-12-01T10:43:18","slug":"el-ayuntamiento-de-los-llanos-de-aridane-asfalta-el-camino-aniceto-para-dar-acceso-a-40-parcelas","status":"publish","type":"post","link":"https:\/\/www.aridane.org\/city\/2025\/12\/01\/el-ayuntamiento-de-los-llanos-de-aridane-asfalta-el-camino-aniceto-para-dar-acceso-a-40-parcelas\/","title":{"rendered":"El Ayuntamiento de Los Llanos de Aridane asfalta el camino Aniceto para dar acceso a 40 parcelas"},"content":{"rendered":"<p><em>Hace una semana, el Ayuntamiento reuni\u00f3 a los vecinos y vecinas para explicarles en detalle el desarrollo de este proyecto<\/em><!--more--><\/p>\n<p>El Ayuntamiento de Los Llanos de Aridane contin\u00faa la recuperaci\u00f3n de las v\u00edas da\u00f1adas por el volc\u00e1n. Este viernes, 28 de noviembre, comenz\u00f3 el asfaltado provisional del camino Aniceto, una intervenci\u00f3n que devuelve el acceso a unas 40 parcelas y supone un paso importante para mejorar la movilidad y la tranquilidad de quienes viven en esta zona.<\/p>\n<p>El alcalde, Javier Llamas, se\u00f1ala que cada v\u00eda que se abre o se mejora es un avance real en la vida cotidiana. \u201cEstas actuaciones permiten recuperar la normalidad, reconectar barrios y devolver la seguridad a las familias\u201d, afirma.<\/p>\n<p>La concejala de Urbanismo, Tamara Acosta, detalla que este asfaltado provisional asegura un acceso estable mientras avanzan las siguientes fases del proyecto: el soterramiento de los servicios, la consolidaci\u00f3n del firme y la finalizaci\u00f3n completa de la v\u00eda. \u201cEl equipo trabaja con una planificaci\u00f3n clara y que cada avance se refleja en el d\u00eda a d\u00eda del municipio\u201d, recuerda.<\/p>\n<p>Hace una semana, el Ayuntamiento reuni\u00f3 a los vecinos y vecinas para explicarles en detalle el desarrollo de este proyecto, las fases previstas y c\u00f3mo cada actuaci\u00f3n encaja en la reconstrucci\u00f3n del municipio. Un encuentro que sirvi\u00f3 para aclarar dudas, marcar tiempos y reforzar el compromiso de trabajar con transparencia y una comunicaci\u00f3n directa con la ciudadan\u00eda.<\/p>\n<p>Por otro lado, tambi\u00e9n se destaca que la obra la ejecuta una empresa local, reforzando la econom\u00eda del municipio. Adem\u00e1s, se recuerda que la evoluci\u00f3n de todas las actuaciones se puede seguir a trav\u00e9s del portal municipal habilitado para este fin\u00a0<a href=\"https:\/\/experience.arcgis.com\/experience\/c225e3e68dba40fc86084bd8ef805990\" target=\"_blank\" rel=\"noopener noreferrer\">https:\/\/experience.arcgis.com\/experience\/c225e3e68dba40fc86084bd8ef805990<\/a><\/p>\n","protected":false},"excerpt":{"rendered":"<p>Hace una semana, el Ayuntamiento reuni\u00f3 a los vecinos y vecinas para explicarles en detalle el desarrollo de este proyecto<\/p>\n","protected":false},"author":4,"featured_media":4907,"comment_status":"open","ping_status":"open","sticky":false,"template":"","format":"standard","meta":{"footnotes":""},"categories":[1],"tags":[],"class_list":["post-4906","post","type-post","status-publish","format-standard","has-post-thumbnail","hentry","category-sin-categoria"],"yoast_head":"<!-- This site is optimized with the Yoast SEO plugin v22.7 - https:\/\/yoast.com\/wordpress\/plugins\/seo\/ -->\n<title>El Ayuntamiento de Los Llanos de Aridane asfalta el camino Aniceto para dar acceso a 40 parcelas - Ayuntamiento de Los Llanos de Aridane<\/title>\n<meta name=\"robots\" content=\"index, follow, max-snippet:-1, max-image-preview:large, max-video-preview:-1\" \/>\n<link rel=\"canonical\" href=\"https:\/\/www.aridane.org\/city\/2025\/12\/01\/el-ayuntamiento-de-los-llanos-de-aridane-asfalta-el-camino-aniceto-para-dar-acceso-a-40-parcelas\/\" \/>\n<meta property=\"og:locale\" content=\"es_ES\" \/>\n<meta property=\"og:type\" content=\"article\" \/>\n<meta property=\"og:title\" content=\"El Ayuntamiento de Los Llanos de Aridane asfalta el camino Aniceto para dar acceso a 40 parcelas - Ayuntamiento de Los Llanos de Aridane\" \/>\n<meta property=\"og:description\" content=\"Hace una semana, el Ayuntamiento reuni\u00f3 a los vecinos y vecinas para explicarles en detalle el desarrollo de este proyecto\" \/>\n<meta property=\"og:url\" content=\"https:\/\/www.aridane.org\/city\/2025\/12\/01\/el-ayuntamiento-de-los-llanos-de-aridane-asfalta-el-camino-aniceto-para-dar-acceso-a-40-parcelas\/\" \/>\n<meta property=\"og:site_name\" content=\"Ayuntamiento de Los Llanos de Aridane\" \/>\n<meta property=\"article:published_time\" content=\"2025-12-01T10:43:18+00:00\" \/>\n<meta property=\"og:image\" content=\"https:\/\/www.aridane.org\/city\/wp-content\/uploads\/2025\/12\/Aniceto-2.jpeg\" \/>\n\t<meta property=\"og:image:width\" content=\"1600\" \/>\n\t<meta property=\"og:image:height\" content=\"1200\" \/>\n\t<meta property=\"og:image:type\" content=\"image\/jpeg\" \/>\n<meta name=\"author\" content=\"Corresponsal\" \/>\n<meta name=\"twitter:card\" content=\"summary_large_image\" \/>\n<meta name=\"twitter:label1\" content=\"Escrito por\" \/>\n\t<meta name=\"twitter:data1\" content=\"Corresponsal\" \/>\n\t<meta name=\"twitter:label2\" content=\"Tiempo de lectura\" \/>\n\t<meta name=\"twitter:data2\" content=\"2 minutos\" \/>\n<script type=\"application\/ld+json\" class=\"yoast-schema-graph\">{\"@context\":\"https:\/\/schema.org\",\"@graph\":[{\"@type\":\"WebPage\",\"@id\":\"https:\/\/www.aridane.org\/city\/2025\/12\/01\/el-ayuntamiento-de-los-llanos-de-aridane-asfalta-el-camino-aniceto-para-dar-acceso-a-40-parcelas\/\",\"url\":\"https:\/\/www.aridane.org\/city\/2025\/12\/01\/el-ayuntamiento-de-los-llanos-de-aridane-asfalta-el-camino-aniceto-para-dar-acceso-a-40-parcelas\/\",\"name\":\"El Ayuntamiento de Los Llanos de Aridane asfalta el camino Aniceto para dar acceso a 40 parcelas - Ayuntamiento de Los Llanos de Aridane\",\"isPartOf\":{\"@id\":\"https:\/\/www.aridane.org\/city\/#website\"},\"primaryImageOfPage\":{\"@id\":\"https:\/\/www.aridane.org\/city\/2025\/12\/01\/el-ayuntamiento-de-los-llanos-de-aridane-asfalta-el-camino-aniceto-para-dar-acceso-a-40-parcelas\/#primaryimage\"},\"image\":{\"@id\":\"https:\/\/www.aridane.org\/city\/2025\/12\/01\/el-ayuntamiento-de-los-llanos-de-aridane-asfalta-el-camino-aniceto-para-dar-acceso-a-40-parcelas\/#primaryimage\"},\"thumbnailUrl\":\"https:\/\/www.aridane.org\/city\/wp-content\/uploads\/2025\/12\/Aniceto-2.jpeg\",\"datePublished\":\"2025-12-01T10:43:18+00:00\",\"dateModified\":\"2025-12-01T10:43:18+00:00\",\"author\":{\"@id\":\"https:\/\/www.aridane.org\/city\/#\/schema\/person\/89ebd376b223dc94cc1dbcf200c8e6da\"},\"breadcrumb\":{\"@id\":\"https:\/\/www.aridane.org\/city\/2025\/12\/01\/el-ayuntamiento-de-los-llanos-de-aridane-asfalta-el-camino-aniceto-para-dar-acceso-a-40-parcelas\/#breadcrumb\"},\"inLanguage\":\"es\",\"potentialAction\":[{\"@type\":\"ReadAction\",\"target\":[\"https:\/\/www.aridane.org\/city\/2025\/12\/01\/el-ayuntamiento-de-los-llanos-de-aridane-asfalta-el-camino-aniceto-para-dar-acceso-a-40-parcelas\/\"]}]},{\"@type\":\"ImageObject\",\"inLanguage\":\"es\",\"@id\":\"https:\/\/www.aridane.org\/city\/2025\/12\/01\/el-ayuntamiento-de-los-llanos-de-aridane-asfalta-el-camino-aniceto-para-dar-acceso-a-40-parcelas\/#primaryimage\",\"url\":\"https:\/\/www.aridane.org\/city\/wp-content\/uploads\/2025\/12\/Aniceto-2.jpeg\",\"contentUrl\":\"https:\/\/www.aridane.org\/city\/wp-content\/uploads\/2025\/12\/Aniceto-2.jpeg\",\"width\":1600,\"height\":1200},{\"@type\":\"BreadcrumbList\",\"@id\":\"https:\/\/www.aridane.org\/city\/2025\/12\/01\/el-ayuntamiento-de-los-llanos-de-aridane-asfalta-el-camino-aniceto-para-dar-acceso-a-40-parcelas\/#breadcrumb\",\"itemListElement\":[{\"@type\":\"ListItem\",\"position\":1,\"name\":\"Portada\",\"item\":\"https:\/\/www.aridane.org\/city\/\"},{\"@type\":\"ListItem\",\"position\":2,\"name\":\"El Ayuntamiento de Los Llanos de Aridane asfalta el camino Aniceto para dar acceso a 40 parcelas\"}]},{\"@type\":\"WebSite\",\"@id\":\"https:\/\/www.aridane.org\/city\/#website\",\"url\":\"https:\/\/www.aridane.org\/city\/\",\"name\":\"Ayuntamiento de Los Llanos de Aridane\",\"description\":\"\",\"potentialAction\":[{\"@type\":\"SearchAction\",\"target\":{\"@type\":\"EntryPoint\",\"urlTemplate\":\"https:\/\/www.aridane.org\/city\/?s={search_term_string}\"},\"query-input\":\"required name=search_term_string\"}],\"inLanguage\":\"es\"},{\"@type\":\"Person\",\"@id\":\"https:\/\/www.aridane.org\/city\/#\/schema\/person\/89ebd376b223dc94cc1dbcf200c8e6da\",\"name\":\"Corresponsal\",\"image\":{\"@type\":\"ImageObject\",\"inLanguage\":\"es\",\"@id\":\"https:\/\/www.aridane.org\/city\/#\/schema\/person\/image\/\",\"url\":\"https:\/\/secure.gravatar.com\/avatar\/1c476992411e4ccf153da63b2b2f5ea0bb4cb1c85f3ceab8512f04325ad5579c?s=96&d=mm&r=g\",\"contentUrl\":\"https:\/\/secure.gravatar.com\/avatar\/1c476992411e4ccf153da63b2b2f5ea0bb4cb1c85f3ceab8512f04325ad5579c?s=96&d=mm&r=g\",\"caption\":\"Corresponsal\"},\"url\":\"https:\/\/www.aridane.org\/city\/author\/corresponsal\/\"}]}<\/script>\n<!-- \/ Yoast SEO plugin. -->","yoast_head_json":{"title":"El Ayuntamiento de Los Llanos de Aridane asfalta el camino Aniceto para dar acceso a 40 parcelas - Ayuntamiento de Los Llanos de Aridane","robots":{"index":"index","follow":"follow","max-snippet":"max-snippet:-1","max-image-preview":"max-image-preview:large","max-video-preview":"max-video-preview:-1"},"canonical":"https:\/\/www.aridane.org\/city\/2025\/12\/01\/el-ayuntamiento-de-los-llanos-de-aridane-asfalta-el-camino-aniceto-para-dar-acceso-a-40-parcelas\/","og_locale":"es_ES","og_type":"article","og_title":"El Ayuntamiento de Los Llanos de Aridane asfalta el camino Aniceto para dar acceso a 40 parcelas - Ayuntamiento de Los Llanos de Aridane","og_description":"Hace una semana, el Ayuntamiento reuni\u00f3 a los vecinos y vecinas para explicarles en detalle el desarrollo de este proyecto","og_url":"https:\/\/www.aridane.org\/city\/2025\/12\/01\/el-ayuntamiento-de-los-llanos-de-aridane-asfalta-el-camino-aniceto-para-dar-acceso-a-40-parcelas\/","og_site_name":"Ayuntamiento de Los Llanos de Aridane","article_published_time":"2025-12-01T10:43:18+00:00","og_image":[{"width":1600,"height":1200,"url":"https:\/\/www.aridane.org\/city\/wp-content\/uploads\/2025\/12\/Aniceto-2.jpeg","type":"image\/jpeg"}],"author":"Corresponsal","twitter_card":"summary_large_image","twitter_misc":{"Escrito por":"Corresponsal","Tiempo de lectura":"2 minutos"},"schema":{"@context":"https:\/\/schema.org","@graph":[{"@type":"WebPage","@id":"https:\/\/www.aridane.org\/city\/2025\/12\/01\/el-ayuntamiento-de-los-llanos-de-aridane-asfalta-el-camino-aniceto-para-dar-acceso-a-40-parcelas\/","url":"https:\/\/www.aridane.org\/city\/2025\/12\/01\/el-ayuntamiento-de-los-llanos-de-aridane-asfalta-el-camino-aniceto-para-dar-acceso-a-40-parcelas\/","name":"El Ayuntamiento de Los Llanos de Aridane asfalta el camino Aniceto para dar acceso a 40 parcelas - Ayuntamiento de Los Llanos de Aridane","isPartOf":{"@id":"https:\/\/www.aridane.org\/city\/#website"},"primaryImageOfPage":{"@id":"https:\/\/www.aridane.org\/city\/2025\/12\/01\/el-ayuntamiento-de-los-llanos-de-aridane-asfalta-el-camino-aniceto-para-dar-acceso-a-40-parcelas\/#primaryimage"},"image":{"@id":"https:\/\/www.aridane.org\/city\/2025\/12\/01\/el-ayuntamiento-de-los-llanos-de-aridane-asfalta-el-camino-aniceto-para-dar-acceso-a-40-parcelas\/#primaryimage"},"thumbnailUrl":"https:\/\/www.aridane.org\/city\/wp-content\/uploads\/2025\/12\/Aniceto-2.jpeg","datePublished":"2025-12-01T10:43:18+00:00","dateModified":"2025-12-01T10:43:18+00:00","author":{"@id":"https:\/\/www.aridane.org\/city\/#\/schema\/person\/89ebd376b223dc94cc1dbcf200c8e6da"},"breadcrumb":{"@id":"https:\/\/www.aridane.org\/city\/2025\/12\/01\/el-ayuntamiento-de-los-llanos-de-aridane-asfalta-el-camino-aniceto-para-dar-acceso-a-40-parcelas\/#breadcrumb"},"inLanguage":"es","potentialAction":[{"@type":"ReadAction","target":["https:\/\/www.aridane.org\/city\/2025\/12\/01\/el-ayuntamiento-de-los-llanos-de-aridane-asfalta-el-camino-aniceto-para-dar-acceso-a-40-parcelas\/"]}]},{"@type":"ImageObject","inLanguage":"es","@id":"https:\/\/www.aridane.org\/city\/2025\/12\/01\/el-ayuntamiento-de-los-llanos-de-aridane-asfalta-el-camino-aniceto-para-dar-acceso-a-40-parcelas\/#primaryimage","url":"https:\/\/www.aridane.org\/city\/wp-content\/uploads\/2025\/12\/Aniceto-2.jpeg","contentUrl":"https:\/\/www.aridane.org\/city\/wp-content\/uploads\/2025\/12\/Aniceto-2.jpeg","width":1600,"height":1200},{"@type":"BreadcrumbList","@id":"https:\/\/www.aridane.org\/city\/2025\/12\/01\/el-ayuntamiento-de-los-llanos-de-aridane-asfalta-el-camino-aniceto-para-dar-acceso-a-40-parcelas\/#breadcrumb","itemListElement":[{"@type":"ListItem","position":1,"name":"Portada","item":"https:\/\/www.aridane.org\/city\/"},{"@type":"ListItem","position":2,"name":"El Ayuntamiento de Los Llanos de Aridane asfalta el camino Aniceto para dar acceso a 40 parcelas"}]},{"@type":"WebSite","@id":"https:\/\/www.aridane.org\/city\/#website","url":"https:\/\/www.aridane.org\/city\/","name":"Ayuntamiento de Los Llanos de Aridane","description":"","potentialAction":[{"@type":"SearchAction","target":{"@type":"EntryPoint","urlTemplate":"https:\/\/www.aridane.org\/city\/?s={search_term_string}"},"query-input":"required name=search_term_string"}],"inLanguage":"es"},{"@type":"Person","@id":"https:\/\/www.aridane.org\/city\/#\/schema\/person\/89ebd376b223dc94cc1dbcf200c8e6da","name":"Corresponsal","image":{"@type":"ImageObject","inLanguage":"es","@id":"https:\/\/www.aridane.org\/city\/#\/schema\/person\/image\/","url":"https:\/\/secure.gravatar.com\/avatar\/1c476992411e4ccf153da63b2b2f5ea0bb4cb1c85f3ceab8512f04325ad5579c?s=96&d=mm&r=g","contentUrl":"https:\/\/secure.gravatar.com\/avatar\/1c476992411e4ccf153da63b2b2f5ea0bb4cb1c85f3ceab8512f04325ad5579c?s=96&d=mm&r=g","caption":"Corresponsal"},"url":"https:\/\/www.aridane.org\/city\/author\/corresponsal\/"}]}},"_links":{"self":[{"href":"https:\/\/www.aridane.org\/city\/wp-json\/wp\/v2\/posts\/4906","targetHints":{"allow":["GET"]}}],"collection":[{"href":"https:\/\/www.aridane.org\/city\/wp-json\/wp\/v2\/posts"}],"about":[{"href":"https:\/\/www.aridane.org\/city\/wp-json\/wp\/v2\/types\/post"}],"author":[{"embeddable":true,"href":"https:\/\/www.aridane.org\/city\/wp-json\/wp\/v2\/users\/4"}],"replies":[{"embeddable":true,"href":"https:\/\/www.aridane.org\/city\/wp-json\/wp\/v2\/comments?post=4906"}],"version-history":[{"count":1,"href":"https:\/\/www.aridane.org\/city\/wp-json\/wp\/v2\/posts\/4906\/revisions"}],"predecessor-version":[{"id":4908,"href":"https:\/\/www.aridane.org\/city\/wp-json\/wp\/v2\/posts\/4906\/revisions\/4908"}],"wp:featuredmedia":[{"embeddable":true,"href":"https:\/\/www.aridane.org\/city\/wp-json\/wp\/v2\/media\/4907"}],"wp:attachment":[{"href":"https:\/\/www.aridane.org\/city\/wp-json\/wp\/v2\/media?parent=4906"}],"wp:term":[{"taxonomy":"category","embeddable":true,"href":"https:\/\/www.aridane.org\/city\/wp-json\/wp\/v2\/categories?post=4906"},{"taxonomy":"post_tag","embeddable":true,"href":"https:\/\/www.aridane.org\/city\/wp-json\/wp\/v2\/tags?post=4906"}],"curies":[{"name":"wp","href":"https:\/\/api.w.org\/{rel}","templated":true}]}}