{"id":4909,"date":"2025-12-01T10:57:20","date_gmt":"2025-12-01T10:57:20","guid":{"rendered":"https:\/\/www.aridane.org\/city\/?p=4909"},"modified":"2025-12-01T10:57:20","modified_gmt":"2025-12-01T10:57:20","slug":"los-llanos-de-aridane-abre-del-1-al-10-de-diciembre-la-inscripcion-para-la-feria-de-artesania-de-navidad-2","status":"publish","type":"post","link":"https:\/\/www.aridane.org\/city\/2025\/12\/01\/los-llanos-de-aridane-abre-del-1-al-10-de-diciembre-la-inscripcion-para-la-feria-de-artesania-de-navidad-2\/","title":{"rendered":"Los Llanos de Aridane abre del 1 al 10 de diciembre la inscripci\u00f3n para la Feria de Artesan\u00eda de Navidad"},"content":{"rendered":"<p><em>La feria se desarrolla del 17 al 20 de diciembre en horario de 10:00 a 21:00 horas<\/em><!--more--><\/p>\n<p>El Ayuntamiento de Los Llanos de Aridane anuncia la apertura del plazo de inscripci\u00f3n para la Feria de Artesan\u00eda de Navidad 2025, que se celebra del 17 al 20 de diciembre en la avenida D\u00edaz Pimienta. Las personas artesanas interesadas pueden presentar su solicitud del 1 al 10 de diciembre, tanto a trav\u00e9s de la sede electr\u00f3nica como de manera presencial en las oficinas de atenci\u00f3n a la ciudadan\u00eda.<\/p>\n<p>La concejala de Artesan\u00eda, Marlene Gonz\u00e1lez, explica que el objetivo es facilitar que \u201cprofesionales de distintos oficios puedan incorporarse a un espacio que cada a\u00f1o gana p\u00fablico y que se ha convertido en un punto de encuentro para la creaci\u00f3n, la identidad y la econom\u00eda local\u201d.<\/p>\n<p>A\u00f1ade que la artesan\u00eda en Canarias mantiene un peso cultural y econ\u00f3mico notable, con t\u00e9cnicas que han ido pasando de generaci\u00f3n en generaci\u00f3n: cester\u00eda, roseta palmera, cer\u00e1mica tradicional, madera, textil o joyer\u00eda artesanal. \u201cLa Palma, en particular, conserva un legado que forma parte de su identidad, con oficios que siguen activos gracias al trabajo continuo de las personas artesanas, muchas de ellas vinculadas a Los Llanos de Aridane\u201d, a\u00f1ade.<\/p>\n<p>En este sentido, la feria sirve para poner en valor ese trabajo, acercarlo a la ciudadan\u00eda y reforzar el papel que ocupa en la vida cultural del municipio. \u201cApoyar a las personas artesanas significa sostener un tejido econ\u00f3mico que trabaja con procesos lentos, materiales cuidados y una conexi\u00f3n directa con el territorio\u201d, sostiene Gonz\u00e1lez.<\/p>\n<p>La feria se desarrolla del 17 al 20 de diciembre en horario de 10:00 a 21:00 horas, salvo el d\u00eda 17, cuya inauguraci\u00f3n est\u00e1 prevista a las 17:00 horas.<\/p>\n<p>El Ayuntamiento recuerda que las personas participantes contar\u00e1n con stand equipado, iluminaci\u00f3n, vigilancia, limpieza y servicios de coordinaci\u00f3n, garantizando un entorno adecuado para la exposici\u00f3n y venta de sus piezas.<\/p>\n<p>El Ayuntamiento anima a las personas artesanas a inscribirse dentro del plazo establecido y a formar parte de esta edici\u00f3n especial de Navidad, que vuelve a convertir la avenida D\u00edaz Pimienta en un espacio para la creatividad, la tradici\u00f3n y el comercio local.<\/p>\n","protected":false},"excerpt":{"rendered":"<p>La feria se desarrolla del 17 al 20 de diciembre en horario de 10:00 a 21:00 horas<\/p>\n","protected":false},"author":4,"featured_media":4910,"comment_status":"open","ping_status":"open","sticky":false,"template":"","format":"standard","meta":{"footnotes":""},"categories":[1],"tags":[],"class_list":["post-4909","post","type-post","status-publish","format-standard","has-post-thumbnail","hentry","category-sin-categoria"],"yoast_head":"<!-- This site is optimized with the Yoast SEO plugin v22.7 - https:\/\/yoast.com\/wordpress\/plugins\/seo\/ -->\n<title>Los Llanos de Aridane abre del 1 al 10 de diciembre la inscripci\u00f3n para la Feria de Artesan\u00eda de Navidad - Ayuntamiento de Los Llanos de Aridane<\/title>\n<meta name=\"robots\" content=\"index, follow, max-snippet:-1, max-image-preview:large, max-video-preview:-1\" \/>\n<link rel=\"canonical\" href=\"https:\/\/www.aridane.org\/city\/2025\/12\/01\/los-llanos-de-aridane-abre-del-1-al-10-de-diciembre-la-inscripcion-para-la-feria-de-artesania-de-navidad-2\/\" \/>\n<meta property=\"og:locale\" content=\"es_ES\" \/>\n<meta property=\"og:type\" content=\"article\" \/>\n<meta property=\"og:title\" content=\"Los Llanos de Aridane abre del 1 al 10 de diciembre la inscripci\u00f3n para la Feria de Artesan\u00eda de Navidad - Ayuntamiento de Los Llanos de Aridane\" \/>\n<meta property=\"og:description\" content=\"La feria se desarrolla del 17 al 20 de diciembre en horario de 10:00 a 21:00 horas\" \/>\n<meta property=\"og:url\" content=\"https:\/\/www.aridane.org\/city\/2025\/12\/01\/los-llanos-de-aridane-abre-del-1-al-10-de-diciembre-la-inscripcion-para-la-feria-de-artesania-de-navidad-2\/\" \/>\n<meta property=\"og:site_name\" content=\"Ayuntamiento de Los Llanos de Aridane\" \/>\n<meta property=\"article:published_time\" content=\"2025-12-01T10:57:20+00:00\" \/>\n<meta property=\"og:image\" content=\"https:\/\/www.aridane.org\/city\/wp-content\/uploads\/2025\/12\/NP-Feria-de-Artesania-1.jpeg\" \/>\n\t<meta property=\"og:image:width\" content=\"1131\" \/>\n\t<meta property=\"og:image:height\" content=\"1600\" \/>\n\t<meta property=\"og:image:type\" content=\"image\/jpeg\" \/>\n<meta name=\"author\" content=\"Corresponsal\" \/>\n<meta name=\"twitter:card\" content=\"summary_large_image\" \/>\n<meta name=\"twitter:label1\" content=\"Escrito por\" \/>\n\t<meta name=\"twitter:data1\" content=\"Corresponsal\" \/>\n\t<meta name=\"twitter:label2\" content=\"Tiempo de lectura\" \/>\n\t<meta name=\"twitter:data2\" content=\"2 minutos\" \/>\n<script type=\"application\/ld+json\" class=\"yoast-schema-graph\">{\"@context\":\"https:\/\/schema.org\",\"@graph\":[{\"@type\":\"WebPage\",\"@id\":\"https:\/\/www.aridane.org\/city\/2025\/12\/01\/los-llanos-de-aridane-abre-del-1-al-10-de-diciembre-la-inscripcion-para-la-feria-de-artesania-de-navidad-2\/\",\"url\":\"https:\/\/www.aridane.org\/city\/2025\/12\/01\/los-llanos-de-aridane-abre-del-1-al-10-de-diciembre-la-inscripcion-para-la-feria-de-artesania-de-navidad-2\/\",\"name\":\"Los Llanos de Aridane abre del 1 al 10 de diciembre la inscripci\u00f3n para la Feria de Artesan\u00eda de Navidad - Ayuntamiento de Los Llanos de Aridane\",\"isPartOf\":{\"@id\":\"https:\/\/www.aridane.org\/city\/#website\"},\"primaryImageOfPage\":{\"@id\":\"https:\/\/www.aridane.org\/city\/2025\/12\/01\/los-llanos-de-aridane-abre-del-1-al-10-de-diciembre-la-inscripcion-para-la-feria-de-artesania-de-navidad-2\/#primaryimage\"},\"image\":{\"@id\":\"https:\/\/www.aridane.org\/city\/2025\/12\/01\/los-llanos-de-aridane-abre-del-1-al-10-de-diciembre-la-inscripcion-para-la-feria-de-artesania-de-navidad-2\/#primaryimage\"},\"thumbnailUrl\":\"https:\/\/www.aridane.org\/city\/wp-content\/uploads\/2025\/12\/NP-Feria-de-Artesania-1.jpeg\",\"datePublished\":\"2025-12-01T10:57:20+00:00\",\"dateModified\":\"2025-12-01T10:57:20+00:00\",\"author\":{\"@id\":\"https:\/\/www.aridane.org\/city\/#\/schema\/person\/89ebd376b223dc94cc1dbcf200c8e6da\"},\"breadcrumb\":{\"@id\":\"https:\/\/www.aridane.org\/city\/2025\/12\/01\/los-llanos-de-aridane-abre-del-1-al-10-de-diciembre-la-inscripcion-para-la-feria-de-artesania-de-navidad-2\/#breadcrumb\"},\"inLanguage\":\"es\",\"potentialAction\":[{\"@type\":\"ReadAction\",\"target\":[\"https:\/\/www.aridane.org\/city\/2025\/12\/01\/los-llanos-de-aridane-abre-del-1-al-10-de-diciembre-la-inscripcion-para-la-feria-de-artesania-de-navidad-2\/\"]}]},{\"@type\":\"ImageObject\",\"inLanguage\":\"es\",\"@id\":\"https:\/\/www.aridane.org\/city\/2025\/12\/01\/los-llanos-de-aridane-abre-del-1-al-10-de-diciembre-la-inscripcion-para-la-feria-de-artesania-de-navidad-2\/#primaryimage\",\"url\":\"https:\/\/www.aridane.org\/city\/wp-content\/uploads\/2025\/12\/NP-Feria-de-Artesania-1.jpeg\",\"contentUrl\":\"https:\/\/www.aridane.org\/city\/wp-content\/uploads\/2025\/12\/NP-Feria-de-Artesania-1.jpeg\",\"width\":1131,\"height\":1600},{\"@type\":\"BreadcrumbList\",\"@id\":\"https:\/\/www.aridane.org\/city\/2025\/12\/01\/los-llanos-de-aridane-abre-del-1-al-10-de-diciembre-la-inscripcion-para-la-feria-de-artesania-de-navidad-2\/#breadcrumb\",\"itemListElement\":[{\"@type\":\"ListItem\",\"position\":1,\"name\":\"Portada\",\"item\":\"https:\/\/www.aridane.org\/city\/\"},{\"@type\":\"ListItem\",\"position\":2,\"name\":\"Los Llanos de Aridane abre del 1 al 10 de diciembre la inscripci\u00f3n para la Feria de Artesan\u00eda de Navidad\"}]},{\"@type\":\"WebSite\",\"@id\":\"https:\/\/www.aridane.org\/city\/#website\",\"url\":\"https:\/\/www.aridane.org\/city\/\",\"name\":\"Ayuntamiento de Los Llanos de Aridane\",\"description\":\"\",\"potentialAction\":[{\"@type\":\"SearchAction\",\"target\":{\"@type\":\"EntryPoint\",\"urlTemplate\":\"https:\/\/www.aridane.org\/city\/?s={search_term_string}\"},\"query-input\":\"required name=search_term_string\"}],\"inLanguage\":\"es\"},{\"@type\":\"Person\",\"@id\":\"https:\/\/www.aridane.org\/city\/#\/schema\/person\/89ebd376b223dc94cc1dbcf200c8e6da\",\"name\":\"Corresponsal\",\"image\":{\"@type\":\"ImageObject\",\"inLanguage\":\"es\",\"@id\":\"https:\/\/www.aridane.org\/city\/#\/schema\/person\/image\/\",\"url\":\"https:\/\/secure.gravatar.com\/avatar\/1c476992411e4ccf153da63b2b2f5ea0bb4cb1c85f3ceab8512f04325ad5579c?s=96&d=mm&r=g\",\"contentUrl\":\"https:\/\/secure.gravatar.com\/avatar\/1c476992411e4ccf153da63b2b2f5ea0bb4cb1c85f3ceab8512f04325ad5579c?s=96&d=mm&r=g\",\"caption\":\"Corresponsal\"},\"url\":\"https:\/\/www.aridane.org\/city\/author\/corresponsal\/\"}]}<\/script>\n<!-- \/ Yoast SEO plugin. -->","yoast_head_json":{"title":"Los Llanos de Aridane abre del 1 al 10 de diciembre la inscripci\u00f3n para la Feria de Artesan\u00eda de Navidad - Ayuntamiento de Los Llanos de Aridane","robots":{"index":"index","follow":"follow","max-snippet":"max-snippet:-1","max-image-preview":"max-image-preview:large","max-video-preview":"max-video-preview:-1"},"canonical":"https:\/\/www.aridane.org\/city\/2025\/12\/01\/los-llanos-de-aridane-abre-del-1-al-10-de-diciembre-la-inscripcion-para-la-feria-de-artesania-de-navidad-2\/","og_locale":"es_ES","og_type":"article","og_title":"Los Llanos de Aridane abre del 1 al 10 de diciembre la inscripci\u00f3n para la Feria de Artesan\u00eda de Navidad - Ayuntamiento de Los Llanos de Aridane","og_description":"La feria se desarrolla del 17 al 20 de diciembre en horario de 10:00 a 21:00 horas","og_url":"https:\/\/www.aridane.org\/city\/2025\/12\/01\/los-llanos-de-aridane-abre-del-1-al-10-de-diciembre-la-inscripcion-para-la-feria-de-artesania-de-navidad-2\/","og_site_name":"Ayuntamiento de Los Llanos de Aridane","article_published_time":"2025-12-01T10:57:20+00:00","og_image":[{"width":1131,"height":1600,"url":"https:\/\/www.aridane.org\/city\/wp-content\/uploads\/2025\/12\/NP-Feria-de-Artesania-1.jpeg","type":"image\/jpeg"}],"author":"Corresponsal","twitter_card":"summary_large_image","twitter_misc":{"Escrito por":"Corresponsal","Tiempo de lectura":"2 minutos"},"schema":{"@context":"https:\/\/schema.org","@graph":[{"@type":"WebPage","@id":"https:\/\/www.aridane.org\/city\/2025\/12\/01\/los-llanos-de-aridane-abre-del-1-al-10-de-diciembre-la-inscripcion-para-la-feria-de-artesania-de-navidad-2\/","url":"https:\/\/www.aridane.org\/city\/2025\/12\/01\/los-llanos-de-aridane-abre-del-1-al-10-de-diciembre-la-inscripcion-para-la-feria-de-artesania-de-navidad-2\/","name":"Los Llanos de Aridane abre del 1 al 10 de diciembre la inscripci\u00f3n para la Feria de Artesan\u00eda de Navidad - Ayuntamiento de Los Llanos de Aridane","isPartOf":{"@id":"https:\/\/www.aridane.org\/city\/#website"},"primaryImageOfPage":{"@id":"https:\/\/www.aridane.org\/city\/2025\/12\/01\/los-llanos-de-aridane-abre-del-1-al-10-de-diciembre-la-inscripcion-para-la-feria-de-artesania-de-navidad-2\/#primaryimage"},"image":{"@id":"https:\/\/www.aridane.org\/city\/2025\/12\/01\/los-llanos-de-aridane-abre-del-1-al-10-de-diciembre-la-inscripcion-para-la-feria-de-artesania-de-navidad-2\/#primaryimage"},"thumbnailUrl":"https:\/\/www.aridane.org\/city\/wp-content\/uploads\/2025\/12\/NP-Feria-de-Artesania-1.jpeg","datePublished":"2025-12-01T10:57:20+00:00","dateModified":"2025-12-01T10:57:20+00:00","author":{"@id":"https:\/\/www.aridane.org\/city\/#\/schema\/person\/89ebd376b223dc94cc1dbcf200c8e6da"},"breadcrumb":{"@id":"https:\/\/www.aridane.org\/city\/2025\/12\/01\/los-llanos-de-aridane-abre-del-1-al-10-de-diciembre-la-inscripcion-para-la-feria-de-artesania-de-navidad-2\/#breadcrumb"},"inLanguage":"es","potentialAction":[{"@type":"ReadAction","target":["https:\/\/www.aridane.org\/city\/2025\/12\/01\/los-llanos-de-aridane-abre-del-1-al-10-de-diciembre-la-inscripcion-para-la-feria-de-artesania-de-navidad-2\/"]}]},{"@type":"ImageObject","inLanguage":"es","@id":"https:\/\/www.aridane.org\/city\/2025\/12\/01\/los-llanos-de-aridane-abre-del-1-al-10-de-diciembre-la-inscripcion-para-la-feria-de-artesania-de-navidad-2\/#primaryimage","url":"https:\/\/www.aridane.org\/city\/wp-content\/uploads\/2025\/12\/NP-Feria-de-Artesania-1.jpeg","contentUrl":"https:\/\/www.aridane.org\/city\/wp-content\/uploads\/2025\/12\/NP-Feria-de-Artesania-1.jpeg","width":1131,"height":1600},{"@type":"BreadcrumbList","@id":"https:\/\/www.aridane.org\/city\/2025\/12\/01\/los-llanos-de-aridane-abre-del-1-al-10-de-diciembre-la-inscripcion-para-la-feria-de-artesania-de-navidad-2\/#breadcrumb","itemListElement":[{"@type":"ListItem","position":1,"name":"Portada","item":"https:\/\/www.aridane.org\/city\/"},{"@type":"ListItem","position":2,"name":"Los Llanos de Aridane abre del 1 al 10 de diciembre la inscripci\u00f3n para la Feria de Artesan\u00eda de Navidad"}]},{"@type":"WebSite","@id":"https:\/\/www.aridane.org\/city\/#website","url":"https:\/\/www.aridane.org\/city\/","name":"Ayuntamiento de Los Llanos de Aridane","description":"","potentialAction":[{"@type":"SearchAction","target":{"@type":"EntryPoint","urlTemplate":"https:\/\/www.aridane.org\/city\/?s={search_term_string}"},"query-input":"required name=search_term_string"}],"inLanguage":"es"},{"@type":"Person","@id":"https:\/\/www.aridane.org\/city\/#\/schema\/person\/89ebd376b223dc94cc1dbcf200c8e6da","name":"Corresponsal","image":{"@type":"ImageObject","inLanguage":"es","@id":"https:\/\/www.aridane.org\/city\/#\/schema\/person\/image\/","url":"https:\/\/secure.gravatar.com\/avatar\/1c476992411e4ccf153da63b2b2f5ea0bb4cb1c85f3ceab8512f04325ad5579c?s=96&d=mm&r=g","contentUrl":"https:\/\/secure.gravatar.com\/avatar\/1c476992411e4ccf153da63b2b2f5ea0bb4cb1c85f3ceab8512f04325ad5579c?s=96&d=mm&r=g","caption":"Corresponsal"},"url":"https:\/\/www.aridane.org\/city\/author\/corresponsal\/"}]}},"_links":{"self":[{"href":"https:\/\/www.aridane.org\/city\/wp-json\/wp\/v2\/posts\/4909","targetHints":{"allow":["GET"]}}],"collection":[{"href":"https:\/\/www.aridane.org\/city\/wp-json\/wp\/v2\/posts"}],"about":[{"href":"https:\/\/www.aridane.org\/city\/wp-json\/wp\/v2\/types\/post"}],"author":[{"embeddable":true,"href":"https:\/\/www.aridane.org\/city\/wp-json\/wp\/v2\/users\/4"}],"replies":[{"embeddable":true,"href":"https:\/\/www.aridane.org\/city\/wp-json\/wp\/v2\/comments?post=4909"}],"version-history":[{"count":1,"href":"https:\/\/www.aridane.org\/city\/wp-json\/wp\/v2\/posts\/4909\/revisions"}],"predecessor-version":[{"id":4911,"href":"https:\/\/www.aridane.org\/city\/wp-json\/wp\/v2\/posts\/4909\/revisions\/4911"}],"wp:featuredmedia":[{"embeddable":true,"href":"https:\/\/www.aridane.org\/city\/wp-json\/wp\/v2\/media\/4910"}],"wp:attachment":[{"href":"https:\/\/www.aridane.org\/city\/wp-json\/wp\/v2\/media?parent=4909"}],"wp:term":[{"taxonomy":"category","embeddable":true,"href":"https:\/\/www.aridane.org\/city\/wp-json\/wp\/v2\/categories?post=4909"},{"taxonomy":"post_tag","embeddable":true,"href":"https:\/\/www.aridane.org\/city\/wp-json\/wp\/v2\/tags?post=4909"}],"curies":[{"name":"wp","href":"https:\/\/api.w.org\/{rel}","templated":true}]}}