{"id":4912,"date":"2025-12-01T10:58:18","date_gmt":"2025-12-01T10:58:18","guid":{"rendered":"https:\/\/www.aridane.org\/city\/?p=4912"},"modified":"2025-12-01T10:58:18","modified_gmt":"2025-12-01T10:58:18","slug":"el-ayuntamiento-refuerza-su-apoyo-a-los-viticultores-de-las-manchas-con-una-subvencion-de-80-000-euros","status":"publish","type":"post","link":"https:\/\/www.aridane.org\/city\/2025\/12\/01\/el-ayuntamiento-refuerza-su-apoyo-a-los-viticultores-de-las-manchas-con-una-subvencion-de-80-000-euros\/","title":{"rendered":"El Ayuntamiento refuerza su apoyo a los viticultores de Las Manchas con una subvenci\u00f3n de 80.000 euros"},"content":{"rendered":"<p><em>Javier Llamas destaca que esta actuaci\u00f3n \u201crepresenta una nueva muestra del compromiso del Ayuntamiento con la reconstrucci\u00f3n integral del municipio\u201d<\/em><!--more--><\/p>\n<div id=\"v1forwardbody1\">\n<p>El Ayuntamiento de Los Llanos de Aridane refuerza su compromiso con el sector vitivin\u00edcola del municipio con la concesi\u00f3n de una subvenci\u00f3n de 80.000 euros dirigida a los viticultores de la zona de Las Manchas afectados por la erupci\u00f3n volc\u00e1nica.<\/p>\n<p>El alcalde, Javier Llamas, destaca que esta actuaci\u00f3n \u201crepresenta una nueva muestra del compromiso del Ayuntamiento con la reconstrucci\u00f3n integral del municipio, apostando por quienes trabajan d\u00eda a d\u00eda para mantener viva una de nuestras se\u00f1as de identidad\u201d. \u201cEl vino y el paisaje vitivin\u00edcola de Las Manchas forman parte de la historia de Los Llanos de Aridane y seguir\u00e1n siendo un s\u00edmbolo de esfuerzo, recuperaci\u00f3n y futuro\u201d, a\u00f1ade.<\/p>\n<p>En este sentido, la concejala de Turismo, Inmaculada Fern\u00e1ndez, explica que \u201cestas ayudas se integran en el Plan de Sostenibilidad Tur\u00edstica como una acci\u00f3n que vincula la actividad agraria con el desarrollo tur\u00edstico sostenible\u201d. Sostiene que \u201crecuperar los vi\u00f1edos es tambi\u00e9n recuperar un atractivo tur\u00edstico y paisaj\u00edstico que enriquece nuestra oferta y diversifica la econom\u00eda local\u201d.<\/p>\n<p>Caber recordar que esta medida forma parte del Plan de Sostenibilidad Tur\u00edstica en Destino (PSTD), dentro del eje \u2018Transici\u00f3n Verde y Sostenible: Recuperaci\u00f3n de la zona vitivin\u00edcola de Las Manchas\u2019, con el objetivo de impulsar la reactivaci\u00f3n econ\u00f3mica y la recuperaci\u00f3n del paisaje agrario.<\/p>\n<p>Por su parte, el concejal de Sector Primario, Ar\u00f3n Le\u00f3n, resalta que \u201cesta l\u00ednea de apoyo supone un reconocimiento al trabajo de los viticultores, que han sabido adaptarse y mantener la producci\u00f3n a pesar de las dificultades\u201d. \u201cNuestro objetivo es seguir acompa\u00f1ando al sector con medidas que contribuyan a consolidar su recuperaci\u00f3n y garantizar su continuidad en el tiempo\u201d, a\u00f1ade.<\/p>\n<p>Podr\u00e1n ser beneficiarias de estas ayudas las personas mayores de edad o entidades titulares de explotaciones vitivin\u00edcolas que cumplan con los siguientes requisitos: estar dadas de alta en el Consejo Regulador de la Denominaci\u00f3n de Origen Protegida (DOP) Vinos La Palma a fecha de solicitud, y desarrollar su actividad en el municipio de Los Llanos de Aridane, dentro de los pol\u00edgonos catastrales 2, 3, 4, 5 y 24, o en las parcelas urbanas comprendidas en estos pol\u00edgonos, correspondientes a la zona de Cuatro Caminos, en el barrio de Las Manchas de Abajo.<\/p>\n<p>Las personas interesadas pueden presentar su solicitud hasta el 30 de diciembre de este a\u00f1o.<\/p>\n<\/div>\n","protected":false},"excerpt":{"rendered":"<p>Javier Llamas destaca que esta actuaci\u00f3n \u201crepresenta una nueva muestra del compromiso del Ayuntamiento con la reconstrucci\u00f3n integral del municipio\u201d<\/p>\n","protected":false},"author":4,"featured_media":4827,"comment_status":"open","ping_status":"open","sticky":false,"template":"","format":"standard","meta":{"footnotes":""},"categories":[1],"tags":[],"class_list":["post-4912","post","type-post","status-publish","format-standard","has-post-thumbnail","hentry","category-sin-categoria"],"yoast_head":"<!-- This site is optimized with the Yoast SEO plugin v22.7 - https:\/\/yoast.com\/wordpress\/plugins\/seo\/ -->\n<title>El Ayuntamiento refuerza su apoyo a los viticultores de Las Manchas con una subvenci\u00f3n de 80.000 euros - Ayuntamiento de Los Llanos de Aridane<\/title>\n<meta name=\"robots\" content=\"index, follow, max-snippet:-1, max-image-preview:large, max-video-preview:-1\" \/>\n<link rel=\"canonical\" href=\"https:\/\/www.aridane.org\/city\/2025\/12\/01\/el-ayuntamiento-refuerza-su-apoyo-a-los-viticultores-de-las-manchas-con-una-subvencion-de-80-000-euros\/\" \/>\n<meta property=\"og:locale\" content=\"es_ES\" \/>\n<meta property=\"og:type\" content=\"article\" \/>\n<meta property=\"og:title\" content=\"El Ayuntamiento refuerza su apoyo a los viticultores de Las Manchas con una subvenci\u00f3n de 80.000 euros - Ayuntamiento de Los Llanos de Aridane\" \/>\n<meta property=\"og:description\" content=\"Javier Llamas destaca que esta actuaci\u00f3n \u201crepresenta una nueva muestra del compromiso del Ayuntamiento con la reconstrucci\u00f3n integral del municipio\u201d\" \/>\n<meta property=\"og:url\" content=\"https:\/\/www.aridane.org\/city\/2025\/12\/01\/el-ayuntamiento-refuerza-su-apoyo-a-los-viticultores-de-las-manchas-con-una-subvencion-de-80-000-euros\/\" \/>\n<meta property=\"og:site_name\" content=\"Ayuntamiento de Los Llanos de Aridane\" \/>\n<meta property=\"article:published_time\" content=\"2025-12-01T10:58:18+00:00\" \/>\n<meta property=\"og:image\" content=\"https:\/\/www.aridane.org\/city\/wp-content\/uploads\/2025\/10\/Javier-y-Macu-scaled.jpeg\" \/>\n\t<meta property=\"og:image:width\" content=\"2560\" \/>\n\t<meta property=\"og:image:height\" content=\"1919\" \/>\n\t<meta property=\"og:image:type\" content=\"image\/jpeg\" \/>\n<meta name=\"author\" content=\"Corresponsal\" \/>\n<meta name=\"twitter:card\" content=\"summary_large_image\" \/>\n<meta name=\"twitter:label1\" content=\"Escrito por\" \/>\n\t<meta name=\"twitter:data1\" content=\"Corresponsal\" \/>\n\t<meta name=\"twitter:label2\" content=\"Tiempo de lectura\" \/>\n\t<meta name=\"twitter:data2\" content=\"3 minutos\" \/>\n<script type=\"application\/ld+json\" class=\"yoast-schema-graph\">{\"@context\":\"https:\/\/schema.org\",\"@graph\":[{\"@type\":\"WebPage\",\"@id\":\"https:\/\/www.aridane.org\/city\/2025\/12\/01\/el-ayuntamiento-refuerza-su-apoyo-a-los-viticultores-de-las-manchas-con-una-subvencion-de-80-000-euros\/\",\"url\":\"https:\/\/www.aridane.org\/city\/2025\/12\/01\/el-ayuntamiento-refuerza-su-apoyo-a-los-viticultores-de-las-manchas-con-una-subvencion-de-80-000-euros\/\",\"name\":\"El Ayuntamiento refuerza su apoyo a los viticultores de Las Manchas con una subvenci\u00f3n de 80.000 euros - Ayuntamiento de Los Llanos de Aridane\",\"isPartOf\":{\"@id\":\"https:\/\/www.aridane.org\/city\/#website\"},\"primaryImageOfPage\":{\"@id\":\"https:\/\/www.aridane.org\/city\/2025\/12\/01\/el-ayuntamiento-refuerza-su-apoyo-a-los-viticultores-de-las-manchas-con-una-subvencion-de-80-000-euros\/#primaryimage\"},\"image\":{\"@id\":\"https:\/\/www.aridane.org\/city\/2025\/12\/01\/el-ayuntamiento-refuerza-su-apoyo-a-los-viticultores-de-las-manchas-con-una-subvencion-de-80-000-euros\/#primaryimage\"},\"thumbnailUrl\":\"https:\/\/www.aridane.org\/city\/wp-content\/uploads\/2025\/10\/Javier-y-Macu-scaled.jpeg\",\"datePublished\":\"2025-12-01T10:58:18+00:00\",\"dateModified\":\"2025-12-01T10:58:18+00:00\",\"author\":{\"@id\":\"https:\/\/www.aridane.org\/city\/#\/schema\/person\/89ebd376b223dc94cc1dbcf200c8e6da\"},\"breadcrumb\":{\"@id\":\"https:\/\/www.aridane.org\/city\/2025\/12\/01\/el-ayuntamiento-refuerza-su-apoyo-a-los-viticultores-de-las-manchas-con-una-subvencion-de-80-000-euros\/#breadcrumb\"},\"inLanguage\":\"es\",\"potentialAction\":[{\"@type\":\"ReadAction\",\"target\":[\"https:\/\/www.aridane.org\/city\/2025\/12\/01\/el-ayuntamiento-refuerza-su-apoyo-a-los-viticultores-de-las-manchas-con-una-subvencion-de-80-000-euros\/\"]}]},{\"@type\":\"ImageObject\",\"inLanguage\":\"es\",\"@id\":\"https:\/\/www.aridane.org\/city\/2025\/12\/01\/el-ayuntamiento-refuerza-su-apoyo-a-los-viticultores-de-las-manchas-con-una-subvencion-de-80-000-euros\/#primaryimage\",\"url\":\"https:\/\/www.aridane.org\/city\/wp-content\/uploads\/2025\/10\/Javier-y-Macu-scaled.jpeg\",\"contentUrl\":\"https:\/\/www.aridane.org\/city\/wp-content\/uploads\/2025\/10\/Javier-y-Macu-scaled.jpeg\",\"width\":2560,\"height\":1919},{\"@type\":\"BreadcrumbList\",\"@id\":\"https:\/\/www.aridane.org\/city\/2025\/12\/01\/el-ayuntamiento-refuerza-su-apoyo-a-los-viticultores-de-las-manchas-con-una-subvencion-de-80-000-euros\/#breadcrumb\",\"itemListElement\":[{\"@type\":\"ListItem\",\"position\":1,\"name\":\"Portada\",\"item\":\"https:\/\/www.aridane.org\/city\/\"},{\"@type\":\"ListItem\",\"position\":2,\"name\":\"El Ayuntamiento refuerza su apoyo a los viticultores de Las Manchas con una subvenci\u00f3n de 80.000 euros\"}]},{\"@type\":\"WebSite\",\"@id\":\"https:\/\/www.aridane.org\/city\/#website\",\"url\":\"https:\/\/www.aridane.org\/city\/\",\"name\":\"Ayuntamiento de Los Llanos de Aridane\",\"description\":\"\",\"potentialAction\":[{\"@type\":\"SearchAction\",\"target\":{\"@type\":\"EntryPoint\",\"urlTemplate\":\"https:\/\/www.aridane.org\/city\/?s={search_term_string}\"},\"query-input\":\"required name=search_term_string\"}],\"inLanguage\":\"es\"},{\"@type\":\"Person\",\"@id\":\"https:\/\/www.aridane.org\/city\/#\/schema\/person\/89ebd376b223dc94cc1dbcf200c8e6da\",\"name\":\"Corresponsal\",\"image\":{\"@type\":\"ImageObject\",\"inLanguage\":\"es\",\"@id\":\"https:\/\/www.aridane.org\/city\/#\/schema\/person\/image\/\",\"url\":\"https:\/\/secure.gravatar.com\/avatar\/1c476992411e4ccf153da63b2b2f5ea0bb4cb1c85f3ceab8512f04325ad5579c?s=96&d=mm&r=g\",\"contentUrl\":\"https:\/\/secure.gravatar.com\/avatar\/1c476992411e4ccf153da63b2b2f5ea0bb4cb1c85f3ceab8512f04325ad5579c?s=96&d=mm&r=g\",\"caption\":\"Corresponsal\"},\"url\":\"https:\/\/www.aridane.org\/city\/author\/corresponsal\/\"}]}<\/script>\n<!-- \/ Yoast SEO plugin. -->","yoast_head_json":{"title":"El Ayuntamiento refuerza su apoyo a los viticultores de Las Manchas con una subvenci\u00f3n de 80.000 euros - Ayuntamiento de Los Llanos de Aridane","robots":{"index":"index","follow":"follow","max-snippet":"max-snippet:-1","max-image-preview":"max-image-preview:large","max-video-preview":"max-video-preview:-1"},"canonical":"https:\/\/www.aridane.org\/city\/2025\/12\/01\/el-ayuntamiento-refuerza-su-apoyo-a-los-viticultores-de-las-manchas-con-una-subvencion-de-80-000-euros\/","og_locale":"es_ES","og_type":"article","og_title":"El Ayuntamiento refuerza su apoyo a los viticultores de Las Manchas con una subvenci\u00f3n de 80.000 euros - Ayuntamiento de Los Llanos de Aridane","og_description":"Javier Llamas destaca que esta actuaci\u00f3n \u201crepresenta una nueva muestra del compromiso del Ayuntamiento con la reconstrucci\u00f3n integral del municipio\u201d","og_url":"https:\/\/www.aridane.org\/city\/2025\/12\/01\/el-ayuntamiento-refuerza-su-apoyo-a-los-viticultores-de-las-manchas-con-una-subvencion-de-80-000-euros\/","og_site_name":"Ayuntamiento de Los Llanos de Aridane","article_published_time":"2025-12-01T10:58:18+00:00","og_image":[{"width":2560,"height":1919,"url":"https:\/\/www.aridane.org\/city\/wp-content\/uploads\/2025\/10\/Javier-y-Macu-scaled.jpeg","type":"image\/jpeg"}],"author":"Corresponsal","twitter_card":"summary_large_image","twitter_misc":{"Escrito por":"Corresponsal","Tiempo de lectura":"3 minutos"},"schema":{"@context":"https:\/\/schema.org","@graph":[{"@type":"WebPage","@id":"https:\/\/www.aridane.org\/city\/2025\/12\/01\/el-ayuntamiento-refuerza-su-apoyo-a-los-viticultores-de-las-manchas-con-una-subvencion-de-80-000-euros\/","url":"https:\/\/www.aridane.org\/city\/2025\/12\/01\/el-ayuntamiento-refuerza-su-apoyo-a-los-viticultores-de-las-manchas-con-una-subvencion-de-80-000-euros\/","name":"El Ayuntamiento refuerza su apoyo a los viticultores de Las Manchas con una subvenci\u00f3n de 80.000 euros - Ayuntamiento de Los Llanos de Aridane","isPartOf":{"@id":"https:\/\/www.aridane.org\/city\/#website"},"primaryImageOfPage":{"@id":"https:\/\/www.aridane.org\/city\/2025\/12\/01\/el-ayuntamiento-refuerza-su-apoyo-a-los-viticultores-de-las-manchas-con-una-subvencion-de-80-000-euros\/#primaryimage"},"image":{"@id":"https:\/\/www.aridane.org\/city\/2025\/12\/01\/el-ayuntamiento-refuerza-su-apoyo-a-los-viticultores-de-las-manchas-con-una-subvencion-de-80-000-euros\/#primaryimage"},"thumbnailUrl":"https:\/\/www.aridane.org\/city\/wp-content\/uploads\/2025\/10\/Javier-y-Macu-scaled.jpeg","datePublished":"2025-12-01T10:58:18+00:00","dateModified":"2025-12-01T10:58:18+00:00","author":{"@id":"https:\/\/www.aridane.org\/city\/#\/schema\/person\/89ebd376b223dc94cc1dbcf200c8e6da"},"breadcrumb":{"@id":"https:\/\/www.aridane.org\/city\/2025\/12\/01\/el-ayuntamiento-refuerza-su-apoyo-a-los-viticultores-de-las-manchas-con-una-subvencion-de-80-000-euros\/#breadcrumb"},"inLanguage":"es","potentialAction":[{"@type":"ReadAction","target":["https:\/\/www.aridane.org\/city\/2025\/12\/01\/el-ayuntamiento-refuerza-su-apoyo-a-los-viticultores-de-las-manchas-con-una-subvencion-de-80-000-euros\/"]}]},{"@type":"ImageObject","inLanguage":"es","@id":"https:\/\/www.aridane.org\/city\/2025\/12\/01\/el-ayuntamiento-refuerza-su-apoyo-a-los-viticultores-de-las-manchas-con-una-subvencion-de-80-000-euros\/#primaryimage","url":"https:\/\/www.aridane.org\/city\/wp-content\/uploads\/2025\/10\/Javier-y-Macu-scaled.jpeg","contentUrl":"https:\/\/www.aridane.org\/city\/wp-content\/uploads\/2025\/10\/Javier-y-Macu-scaled.jpeg","width":2560,"height":1919},{"@type":"BreadcrumbList","@id":"https:\/\/www.aridane.org\/city\/2025\/12\/01\/el-ayuntamiento-refuerza-su-apoyo-a-los-viticultores-de-las-manchas-con-una-subvencion-de-80-000-euros\/#breadcrumb","itemListElement":[{"@type":"ListItem","position":1,"name":"Portada","item":"https:\/\/www.aridane.org\/city\/"},{"@type":"ListItem","position":2,"name":"El Ayuntamiento refuerza su apoyo a los viticultores de Las Manchas con una subvenci\u00f3n de 80.000 euros"}]},{"@type":"WebSite","@id":"https:\/\/www.aridane.org\/city\/#website","url":"https:\/\/www.aridane.org\/city\/","name":"Ayuntamiento de Los Llanos de Aridane","description":"","potentialAction":[{"@type":"SearchAction","target":{"@type":"EntryPoint","urlTemplate":"https:\/\/www.aridane.org\/city\/?s={search_term_string}"},"query-input":"required name=search_term_string"}],"inLanguage":"es"},{"@type":"Person","@id":"https:\/\/www.aridane.org\/city\/#\/schema\/person\/89ebd376b223dc94cc1dbcf200c8e6da","name":"Corresponsal","image":{"@type":"ImageObject","inLanguage":"es","@id":"https:\/\/www.aridane.org\/city\/#\/schema\/person\/image\/","url":"https:\/\/secure.gravatar.com\/avatar\/1c476992411e4ccf153da63b2b2f5ea0bb4cb1c85f3ceab8512f04325ad5579c?s=96&d=mm&r=g","contentUrl":"https:\/\/secure.gravatar.com\/avatar\/1c476992411e4ccf153da63b2b2f5ea0bb4cb1c85f3ceab8512f04325ad5579c?s=96&d=mm&r=g","caption":"Corresponsal"},"url":"https:\/\/www.aridane.org\/city\/author\/corresponsal\/"}]}},"_links":{"self":[{"href":"https:\/\/www.aridane.org\/city\/wp-json\/wp\/v2\/posts\/4912","targetHints":{"allow":["GET"]}}],"collection":[{"href":"https:\/\/www.aridane.org\/city\/wp-json\/wp\/v2\/posts"}],"about":[{"href":"https:\/\/www.aridane.org\/city\/wp-json\/wp\/v2\/types\/post"}],"author":[{"embeddable":true,"href":"https:\/\/www.aridane.org\/city\/wp-json\/wp\/v2\/users\/4"}],"replies":[{"embeddable":true,"href":"https:\/\/www.aridane.org\/city\/wp-json\/wp\/v2\/comments?post=4912"}],"version-history":[{"count":1,"href":"https:\/\/www.aridane.org\/city\/wp-json\/wp\/v2\/posts\/4912\/revisions"}],"predecessor-version":[{"id":4913,"href":"https:\/\/www.aridane.org\/city\/wp-json\/wp\/v2\/posts\/4912\/revisions\/4913"}],"wp:featuredmedia":[{"embeddable":true,"href":"https:\/\/www.aridane.org\/city\/wp-json\/wp\/v2\/media\/4827"}],"wp:attachment":[{"href":"https:\/\/www.aridane.org\/city\/wp-json\/wp\/v2\/media?parent=4912"}],"wp:term":[{"taxonomy":"category","embeddable":true,"href":"https:\/\/www.aridane.org\/city\/wp-json\/wp\/v2\/categories?post=4912"},{"taxonomy":"post_tag","embeddable":true,"href":"https:\/\/www.aridane.org\/city\/wp-json\/wp\/v2\/tags?post=4912"}],"curies":[{"name":"wp","href":"https:\/\/api.w.org\/{rel}","templated":true}]}}