{"id":4914,"date":"2025-12-01T14:04:42","date_gmt":"2025-12-01T14:04:42","guid":{"rendered":"https:\/\/www.aridane.org\/city\/?p=4914"},"modified":"2025-12-01T14:04:42","modified_gmt":"2025-12-01T14:04:42","slug":"el-mercado-navideno-de-los-llanos-de-aridane-viene-con-cuatro-dias-de-comercio-local-musica-y-talleres","status":"publish","type":"post","link":"https:\/\/www.aridane.org\/city\/2025\/12\/01\/el-mercado-navideno-de-los-llanos-de-aridane-viene-con-cuatro-dias-de-comercio-local-musica-y-talleres\/","title":{"rendered":"El Mercado Navide\u00f1o de Los Llanos de Aridane viene con cuatro d\u00edas de comercio local, m\u00fasica y talleres"},"content":{"rendered":"<p><em>El evento se celebrar\u00e1 del jueves al domingo en la plaza de Espa\u00f1a<\/em><!--more--><\/p>\n<p>El Ayuntamiento de Los Llanos de Aridane, en colaboraci\u00f3n con la Asociaci\u00f3n de Comerciantes Zona Abierta (ACZA) y la Zona Comercial Abierta (ZCA), organiza una nueva edici\u00f3n del Mercado Navide\u00f1o, uno de los eventos m\u00e1s esperados del periodo festivo en el municipio.<\/p>\n<p>En total, quince comercios locales participan en este mercadillo, que se desarrolla en la plaza de Espa\u00f1a del jueves 4 al domingo 7 de diciembre. La cita re\u00fane actividades para todos los p\u00fablicos, desde talleres y espect\u00e1culos hasta actuaciones musicales, en un entorno que impulsa la visibilidad y el consumo en el tejido comercial del municipio.<\/p>\n<p>La concejala de Comercio y Desarrollo Local, Ver\u00f3nica Gonz\u00e1lez, destaca el valor que tiene esta iniciativa para el sector local y para la propia campa\u00f1a navide\u00f1a. \u201cLa Navidad es una \u00e9poca ideal para el comercio; nuestros establecimientos tienen la oportunidad de promocionar sus productos en un entorno agradable y hogare\u00f1o, pudiendo de esta manera impulsar su econom\u00eda\u201d, a\u00f1ade.<\/p>\n<p><strong>Un programa con actividades variadas<\/strong><\/p>\n<p>La inauguraci\u00f3n tiene lugar el jueves 4, a las 17:00 horas, y ese mismo d\u00eda, a las 20:00 horas, se celebra el mon\u00f3logo de humor <em>Pili soy yo<\/em>.<\/p>\n<p>El viernes 5 est\u00e1 orientado al disfrute en familia. A las 12:00 horas se imparte un taller de envolver regalos, y a las 17:00 horas un taller de villancicos en lengua de signos. La jornada concluye con un concierto de m\u00fasica navide\u00f1a a las 20:00 horas.<\/p>\n<p>El s\u00e1bado 6 y el domingo 7 mantienen la l\u00ednea cultural y creativa. El s\u00e1bado arranca con un taller de centros de Navidad a partir de las 11:00 horas, seguido de un musical Disney a las 12:30 horas. La velada continuar\u00e1 con un taller de estampaci\u00f3n de tarjetas navide\u00f1as a las 17:00 horas y finalizar\u00e1 con la actuaci\u00f3n del solista l\u00edrico Valmes a las 20:00 horas.<\/p>\n<p>El domingo pone el cierre a esta edici\u00f3n con un taller de cuentacuentos de Navidad, acompa\u00f1ado de manualidades y un villancico infantil a las 12:00 horas, completando una programaci\u00f3n que invita a disfrutar de la Navidad en el coraz\u00f3n de Los Llanos de Aridane.<\/p>\n","protected":false},"excerpt":{"rendered":"<p>El evento se celebrar\u00e1 del jueves al domingo en la plaza de Espa\u00f1a<\/p>\n","protected":false},"author":4,"featured_media":4915,"comment_status":"open","ping_status":"open","sticky":false,"template":"","format":"standard","meta":{"footnotes":""},"categories":[1],"tags":[],"class_list":["post-4914","post","type-post","status-publish","format-standard","has-post-thumbnail","hentry","category-sin-categoria"],"yoast_head":"<!-- This site is optimized with the Yoast SEO plugin v22.7 - https:\/\/yoast.com\/wordpress\/plugins\/seo\/ -->\n<title>El Mercado Navide\u00f1o de Los Llanos de Aridane viene con cuatro d\u00edas de comercio local, m\u00fasica y talleres - Ayuntamiento de Los Llanos de Aridane<\/title>\n<meta name=\"robots\" content=\"index, follow, max-snippet:-1, max-image-preview:large, max-video-preview:-1\" \/>\n<link rel=\"canonical\" href=\"https:\/\/www.aridane.org\/city\/2025\/12\/01\/el-mercado-navideno-de-los-llanos-de-aridane-viene-con-cuatro-dias-de-comercio-local-musica-y-talleres\/\" \/>\n<meta property=\"og:locale\" content=\"es_ES\" \/>\n<meta property=\"og:type\" content=\"article\" \/>\n<meta property=\"og:title\" content=\"El Mercado Navide\u00f1o de Los Llanos de Aridane viene con cuatro d\u00edas de comercio local, m\u00fasica y talleres - Ayuntamiento de Los Llanos de Aridane\" \/>\n<meta property=\"og:description\" content=\"El evento se celebrar\u00e1 del jueves al domingo en la plaza de Espa\u00f1a\" \/>\n<meta property=\"og:url\" content=\"https:\/\/www.aridane.org\/city\/2025\/12\/01\/el-mercado-navideno-de-los-llanos-de-aridane-viene-con-cuatro-dias-de-comercio-local-musica-y-talleres\/\" \/>\n<meta property=\"og:site_name\" content=\"Ayuntamiento de Los Llanos de Aridane\" \/>\n<meta property=\"article:published_time\" content=\"2025-12-01T14:04:42+00:00\" \/>\n<meta property=\"og:image\" content=\"https:\/\/www.aridane.org\/city\/wp-content\/uploads\/2025\/12\/NP-Actividades-mercadillo-scaled.jpeg\" \/>\n\t<meta property=\"og:image:width\" content=\"2560\" \/>\n\t<meta property=\"og:image:height\" content=\"1920\" \/>\n\t<meta property=\"og:image:type\" content=\"image\/jpeg\" \/>\n<meta name=\"author\" content=\"Corresponsal\" \/>\n<meta name=\"twitter:card\" content=\"summary_large_image\" \/>\n<meta name=\"twitter:label1\" content=\"Escrito por\" \/>\n\t<meta name=\"twitter:data1\" content=\"Corresponsal\" \/>\n\t<meta name=\"twitter:label2\" content=\"Tiempo de lectura\" \/>\n\t<meta name=\"twitter:data2\" content=\"2 minutos\" \/>\n<script type=\"application\/ld+json\" class=\"yoast-schema-graph\">{\"@context\":\"https:\/\/schema.org\",\"@graph\":[{\"@type\":\"WebPage\",\"@id\":\"https:\/\/www.aridane.org\/city\/2025\/12\/01\/el-mercado-navideno-de-los-llanos-de-aridane-viene-con-cuatro-dias-de-comercio-local-musica-y-talleres\/\",\"url\":\"https:\/\/www.aridane.org\/city\/2025\/12\/01\/el-mercado-navideno-de-los-llanos-de-aridane-viene-con-cuatro-dias-de-comercio-local-musica-y-talleres\/\",\"name\":\"El Mercado Navide\u00f1o de Los Llanos de Aridane viene con cuatro d\u00edas de comercio local, m\u00fasica y talleres - Ayuntamiento de Los Llanos de Aridane\",\"isPartOf\":{\"@id\":\"https:\/\/www.aridane.org\/city\/#website\"},\"primaryImageOfPage\":{\"@id\":\"https:\/\/www.aridane.org\/city\/2025\/12\/01\/el-mercado-navideno-de-los-llanos-de-aridane-viene-con-cuatro-dias-de-comercio-local-musica-y-talleres\/#primaryimage\"},\"image\":{\"@id\":\"https:\/\/www.aridane.org\/city\/2025\/12\/01\/el-mercado-navideno-de-los-llanos-de-aridane-viene-con-cuatro-dias-de-comercio-local-musica-y-talleres\/#primaryimage\"},\"thumbnailUrl\":\"https:\/\/www.aridane.org\/city\/wp-content\/uploads\/2025\/12\/NP-Actividades-mercadillo-scaled.jpeg\",\"datePublished\":\"2025-12-01T14:04:42+00:00\",\"dateModified\":\"2025-12-01T14:04:42+00:00\",\"author\":{\"@id\":\"https:\/\/www.aridane.org\/city\/#\/schema\/person\/89ebd376b223dc94cc1dbcf200c8e6da\"},\"breadcrumb\":{\"@id\":\"https:\/\/www.aridane.org\/city\/2025\/12\/01\/el-mercado-navideno-de-los-llanos-de-aridane-viene-con-cuatro-dias-de-comercio-local-musica-y-talleres\/#breadcrumb\"},\"inLanguage\":\"es\",\"potentialAction\":[{\"@type\":\"ReadAction\",\"target\":[\"https:\/\/www.aridane.org\/city\/2025\/12\/01\/el-mercado-navideno-de-los-llanos-de-aridane-viene-con-cuatro-dias-de-comercio-local-musica-y-talleres\/\"]}]},{\"@type\":\"ImageObject\",\"inLanguage\":\"es\",\"@id\":\"https:\/\/www.aridane.org\/city\/2025\/12\/01\/el-mercado-navideno-de-los-llanos-de-aridane-viene-con-cuatro-dias-de-comercio-local-musica-y-talleres\/#primaryimage\",\"url\":\"https:\/\/www.aridane.org\/city\/wp-content\/uploads\/2025\/12\/NP-Actividades-mercadillo-scaled.jpeg\",\"contentUrl\":\"https:\/\/www.aridane.org\/city\/wp-content\/uploads\/2025\/12\/NP-Actividades-mercadillo-scaled.jpeg\",\"width\":2560,\"height\":1920},{\"@type\":\"BreadcrumbList\",\"@id\":\"https:\/\/www.aridane.org\/city\/2025\/12\/01\/el-mercado-navideno-de-los-llanos-de-aridane-viene-con-cuatro-dias-de-comercio-local-musica-y-talleres\/#breadcrumb\",\"itemListElement\":[{\"@type\":\"ListItem\",\"position\":1,\"name\":\"Portada\",\"item\":\"https:\/\/www.aridane.org\/city\/\"},{\"@type\":\"ListItem\",\"position\":2,\"name\":\"El Mercado Navide\u00f1o de Los Llanos de Aridane viene con cuatro d\u00edas de comercio local, m\u00fasica y talleres\"}]},{\"@type\":\"WebSite\",\"@id\":\"https:\/\/www.aridane.org\/city\/#website\",\"url\":\"https:\/\/www.aridane.org\/city\/\",\"name\":\"Ayuntamiento de Los Llanos de Aridane\",\"description\":\"\",\"potentialAction\":[{\"@type\":\"SearchAction\",\"target\":{\"@type\":\"EntryPoint\",\"urlTemplate\":\"https:\/\/www.aridane.org\/city\/?s={search_term_string}\"},\"query-input\":\"required name=search_term_string\"}],\"inLanguage\":\"es\"},{\"@type\":\"Person\",\"@id\":\"https:\/\/www.aridane.org\/city\/#\/schema\/person\/89ebd376b223dc94cc1dbcf200c8e6da\",\"name\":\"Corresponsal\",\"image\":{\"@type\":\"ImageObject\",\"inLanguage\":\"es\",\"@id\":\"https:\/\/www.aridane.org\/city\/#\/schema\/person\/image\/\",\"url\":\"https:\/\/secure.gravatar.com\/avatar\/1c476992411e4ccf153da63b2b2f5ea0bb4cb1c85f3ceab8512f04325ad5579c?s=96&d=mm&r=g\",\"contentUrl\":\"https:\/\/secure.gravatar.com\/avatar\/1c476992411e4ccf153da63b2b2f5ea0bb4cb1c85f3ceab8512f04325ad5579c?s=96&d=mm&r=g\",\"caption\":\"Corresponsal\"},\"url\":\"https:\/\/www.aridane.org\/city\/author\/corresponsal\/\"}]}<\/script>\n<!-- \/ Yoast SEO plugin. -->","yoast_head_json":{"title":"El Mercado Navide\u00f1o de Los Llanos de Aridane viene con cuatro d\u00edas de comercio local, m\u00fasica y talleres - Ayuntamiento de Los Llanos de Aridane","robots":{"index":"index","follow":"follow","max-snippet":"max-snippet:-1","max-image-preview":"max-image-preview:large","max-video-preview":"max-video-preview:-1"},"canonical":"https:\/\/www.aridane.org\/city\/2025\/12\/01\/el-mercado-navideno-de-los-llanos-de-aridane-viene-con-cuatro-dias-de-comercio-local-musica-y-talleres\/","og_locale":"es_ES","og_type":"article","og_title":"El Mercado Navide\u00f1o de Los Llanos de Aridane viene con cuatro d\u00edas de comercio local, m\u00fasica y talleres - Ayuntamiento de Los Llanos de Aridane","og_description":"El evento se celebrar\u00e1 del jueves al domingo en la plaza de Espa\u00f1a","og_url":"https:\/\/www.aridane.org\/city\/2025\/12\/01\/el-mercado-navideno-de-los-llanos-de-aridane-viene-con-cuatro-dias-de-comercio-local-musica-y-talleres\/","og_site_name":"Ayuntamiento de Los Llanos de Aridane","article_published_time":"2025-12-01T14:04:42+00:00","og_image":[{"width":2560,"height":1920,"url":"https:\/\/www.aridane.org\/city\/wp-content\/uploads\/2025\/12\/NP-Actividades-mercadillo-scaled.jpeg","type":"image\/jpeg"}],"author":"Corresponsal","twitter_card":"summary_large_image","twitter_misc":{"Escrito por":"Corresponsal","Tiempo de lectura":"2 minutos"},"schema":{"@context":"https:\/\/schema.org","@graph":[{"@type":"WebPage","@id":"https:\/\/www.aridane.org\/city\/2025\/12\/01\/el-mercado-navideno-de-los-llanos-de-aridane-viene-con-cuatro-dias-de-comercio-local-musica-y-talleres\/","url":"https:\/\/www.aridane.org\/city\/2025\/12\/01\/el-mercado-navideno-de-los-llanos-de-aridane-viene-con-cuatro-dias-de-comercio-local-musica-y-talleres\/","name":"El Mercado Navide\u00f1o de Los Llanos de Aridane viene con cuatro d\u00edas de comercio local, m\u00fasica y talleres - Ayuntamiento de Los Llanos de Aridane","isPartOf":{"@id":"https:\/\/www.aridane.org\/city\/#website"},"primaryImageOfPage":{"@id":"https:\/\/www.aridane.org\/city\/2025\/12\/01\/el-mercado-navideno-de-los-llanos-de-aridane-viene-con-cuatro-dias-de-comercio-local-musica-y-talleres\/#primaryimage"},"image":{"@id":"https:\/\/www.aridane.org\/city\/2025\/12\/01\/el-mercado-navideno-de-los-llanos-de-aridane-viene-con-cuatro-dias-de-comercio-local-musica-y-talleres\/#primaryimage"},"thumbnailUrl":"https:\/\/www.aridane.org\/city\/wp-content\/uploads\/2025\/12\/NP-Actividades-mercadillo-scaled.jpeg","datePublished":"2025-12-01T14:04:42+00:00","dateModified":"2025-12-01T14:04:42+00:00","author":{"@id":"https:\/\/www.aridane.org\/city\/#\/schema\/person\/89ebd376b223dc94cc1dbcf200c8e6da"},"breadcrumb":{"@id":"https:\/\/www.aridane.org\/city\/2025\/12\/01\/el-mercado-navideno-de-los-llanos-de-aridane-viene-con-cuatro-dias-de-comercio-local-musica-y-talleres\/#breadcrumb"},"inLanguage":"es","potentialAction":[{"@type":"ReadAction","target":["https:\/\/www.aridane.org\/city\/2025\/12\/01\/el-mercado-navideno-de-los-llanos-de-aridane-viene-con-cuatro-dias-de-comercio-local-musica-y-talleres\/"]}]},{"@type":"ImageObject","inLanguage":"es","@id":"https:\/\/www.aridane.org\/city\/2025\/12\/01\/el-mercado-navideno-de-los-llanos-de-aridane-viene-con-cuatro-dias-de-comercio-local-musica-y-talleres\/#primaryimage","url":"https:\/\/www.aridane.org\/city\/wp-content\/uploads\/2025\/12\/NP-Actividades-mercadillo-scaled.jpeg","contentUrl":"https:\/\/www.aridane.org\/city\/wp-content\/uploads\/2025\/12\/NP-Actividades-mercadillo-scaled.jpeg","width":2560,"height":1920},{"@type":"BreadcrumbList","@id":"https:\/\/www.aridane.org\/city\/2025\/12\/01\/el-mercado-navideno-de-los-llanos-de-aridane-viene-con-cuatro-dias-de-comercio-local-musica-y-talleres\/#breadcrumb","itemListElement":[{"@type":"ListItem","position":1,"name":"Portada","item":"https:\/\/www.aridane.org\/city\/"},{"@type":"ListItem","position":2,"name":"El Mercado Navide\u00f1o de Los Llanos de Aridane viene con cuatro d\u00edas de comercio local, m\u00fasica y talleres"}]},{"@type":"WebSite","@id":"https:\/\/www.aridane.org\/city\/#website","url":"https:\/\/www.aridane.org\/city\/","name":"Ayuntamiento de Los Llanos de Aridane","description":"","potentialAction":[{"@type":"SearchAction","target":{"@type":"EntryPoint","urlTemplate":"https:\/\/www.aridane.org\/city\/?s={search_term_string}"},"query-input":"required name=search_term_string"}],"inLanguage":"es"},{"@type":"Person","@id":"https:\/\/www.aridane.org\/city\/#\/schema\/person\/89ebd376b223dc94cc1dbcf200c8e6da","name":"Corresponsal","image":{"@type":"ImageObject","inLanguage":"es","@id":"https:\/\/www.aridane.org\/city\/#\/schema\/person\/image\/","url":"https:\/\/secure.gravatar.com\/avatar\/1c476992411e4ccf153da63b2b2f5ea0bb4cb1c85f3ceab8512f04325ad5579c?s=96&d=mm&r=g","contentUrl":"https:\/\/secure.gravatar.com\/avatar\/1c476992411e4ccf153da63b2b2f5ea0bb4cb1c85f3ceab8512f04325ad5579c?s=96&d=mm&r=g","caption":"Corresponsal"},"url":"https:\/\/www.aridane.org\/city\/author\/corresponsal\/"}]}},"_links":{"self":[{"href":"https:\/\/www.aridane.org\/city\/wp-json\/wp\/v2\/posts\/4914","targetHints":{"allow":["GET"]}}],"collection":[{"href":"https:\/\/www.aridane.org\/city\/wp-json\/wp\/v2\/posts"}],"about":[{"href":"https:\/\/www.aridane.org\/city\/wp-json\/wp\/v2\/types\/post"}],"author":[{"embeddable":true,"href":"https:\/\/www.aridane.org\/city\/wp-json\/wp\/v2\/users\/4"}],"replies":[{"embeddable":true,"href":"https:\/\/www.aridane.org\/city\/wp-json\/wp\/v2\/comments?post=4914"}],"version-history":[{"count":1,"href":"https:\/\/www.aridane.org\/city\/wp-json\/wp\/v2\/posts\/4914\/revisions"}],"predecessor-version":[{"id":4916,"href":"https:\/\/www.aridane.org\/city\/wp-json\/wp\/v2\/posts\/4914\/revisions\/4916"}],"wp:featuredmedia":[{"embeddable":true,"href":"https:\/\/www.aridane.org\/city\/wp-json\/wp\/v2\/media\/4915"}],"wp:attachment":[{"href":"https:\/\/www.aridane.org\/city\/wp-json\/wp\/v2\/media?parent=4914"}],"wp:term":[{"taxonomy":"category","embeddable":true,"href":"https:\/\/www.aridane.org\/city\/wp-json\/wp\/v2\/categories?post=4914"},{"taxonomy":"post_tag","embeddable":true,"href":"https:\/\/www.aridane.org\/city\/wp-json\/wp\/v2\/tags?post=4914"}],"curies":[{"name":"wp","href":"https:\/\/api.w.org\/{rel}","templated":true}]}}