{"id":4918,"date":"2025-12-01T08:26:23","date_gmt":"2025-12-01T08:26:23","guid":{"rendered":"https:\/\/www.aridane.org\/city\/?p=4918"},"modified":"2025-12-02T09:27:28","modified_gmt":"2025-12-02T09:27:28","slug":"los-llanos-de-aridane-relanza-su-campana-solidaria-para-que-ningun-nino-se-quede-sin-regalo-de-navidad","status":"publish","type":"post","link":"https:\/\/www.aridane.org\/city\/2025\/12\/01\/los-llanos-de-aridane-relanza-su-campana-solidaria-para-que-ningun-nino-se-quede-sin-regalo-de-navidad\/","title":{"rendered":"Los Llanos de Aridane relanza su campa\u00f1a solidaria para que ning\u00fan ni\u00f1o se quede sin regalo de Navidad"},"content":{"rendered":"<p><i><span style=\"font-weight: 400;\">El Ayuntamiento anima a la ciudadan\u00eda a convertirse en Rey Mago y hacer realidad los deseos de los m\u00e1s peque\u00f1os del municipio<\/span><\/i><!--more--><\/p>\n<p><span style=\"font-weight: 400;\">El Ayuntamiento de Los Llanos de Aridane pone en marcha una nueva edici\u00f3n de la campa\u00f1a solidaria <\/span><i><span style=\"font-weight: 400;\">T\u00fa puedes ser Rey Mago<\/span><\/i><span style=\"font-weight: 400;\">, una iniciativa que busca garantizar que todos los ni\u00f1os y ni\u00f1as del municipio reciban un regalo en estas fechas tan especiales.<\/span><\/p>\n<p><span style=\"font-weight: 400;\">La concejala de Servicios Sociales e Igualdad, Idaira P\u00e9rez, se\u00f1ala que \u201cesta campa\u00f1a se ha convertido en un gesto de enorme valor para muchas familias del municipio, que viven estas fiestas con ilusi\u00f3n pero tambi\u00e9n con dificultades\u201d. \u201cGracias a la solidaridad de nuestros vecinos y vecinas podemos seguir llevando alegr\u00eda y esperanza a los hogares que m\u00e1s lo necesitan\u201d, a\u00f1ade, poniendo en valor el trabajo del equipo municipal que lidera esta iniciativa.<\/span><\/p>\n<p><span style=\"font-weight: 400;\">El proyecto se articula a partir de las cartas que los peque\u00f1os escriben a los Reyes Magos, en las que incluyen tres posibles regalos que les gustar\u00eda recibir. Posteriormente, cada carta se asigna a una persona voluntaria que participa en la campa\u00f1a y que se encarga de localizar uno de esos regalos, prepararlo y entregarlo en la direcci\u00f3n indicada.<\/span><\/p>\n<p><span style=\"font-weight: 400;\">El Ayuntamiento invita a la ciudadan\u00eda a sumarse y convertirse en Rey Mago, aportando un momento de felicidad a los m\u00e1s peque\u00f1os.\u00a0<\/span><\/p>\n<p><span style=\"font-weight: 400;\">Las personas interesadas deben confirmar su participaci\u00f3n antes del 9 de diciembre a trav\u00e9s de los tel\u00e9fonos 922 425 523 y 639 671 034, o mediante WhatsApp en el 659 294 240. El plazo de entrega de juguetes estar\u00e1 abierto hasta el 22 de diciembre de 2025.<\/span><\/p>\n<p><span style=\"font-weight: 400;\">Para m\u00e1s informaci\u00f3n, la ciudadan\u00eda puede acudir a los Servicios Sociales del Ayuntamiento de Los Llanos de Aridane, en la avenida Enrique Mederos n\u00famero 50, o escribir al correo electr\u00f3nico pci@aridane.org.<\/span><\/p>\n<p><span style=\"font-weight: 400;\">Con esta iniciativa, el Ayuntamiento de Los Llanos de Aridane reafirma su compromiso con el bienestar de la infancia y con el fomento de una sociedad m\u00e1s solidaria y cohesionada, y agradece la participaci\u00f3n de todas las personas que hacen posible que la magia de la Navidad llegue a cada hogar del municipio.<\/span><\/p>\n<p>&nbsp;<\/p>\n","protected":false},"excerpt":{"rendered":"<p>El Ayuntamiento anima a la ciudadan\u00eda a convertirse en Rey Mago y hacer realidad los deseos de los m\u00e1s peque\u00f1os del municipio<\/p>\n","protected":false},"author":4,"featured_media":4919,"comment_status":"open","ping_status":"open","sticky":false,"template":"","format":"standard","meta":{"footnotes":""},"categories":[1],"tags":[],"class_list":["post-4918","post","type-post","status-publish","format-standard","has-post-thumbnail","hentry","category-sin-categoria"],"yoast_head":"<!-- This site is optimized with the Yoast SEO plugin v22.7 - https:\/\/yoast.com\/wordpress\/plugins\/seo\/ -->\n<title>Los Llanos de Aridane relanza su campa\u00f1a solidaria para que ning\u00fan ni\u00f1o se quede sin regalo de Navidad - Ayuntamiento de Los Llanos de Aridane<\/title>\n<meta name=\"robots\" content=\"index, follow, max-snippet:-1, max-image-preview:large, max-video-preview:-1\" \/>\n<link rel=\"canonical\" href=\"https:\/\/www.aridane.org\/city\/2025\/12\/01\/los-llanos-de-aridane-relanza-su-campana-solidaria-para-que-ningun-nino-se-quede-sin-regalo-de-navidad\/\" \/>\n<meta property=\"og:locale\" content=\"es_ES\" \/>\n<meta property=\"og:type\" content=\"article\" \/>\n<meta property=\"og:title\" content=\"Los Llanos de Aridane relanza su campa\u00f1a solidaria para que ning\u00fan ni\u00f1o se quede sin regalo de Navidad - Ayuntamiento de Los Llanos de Aridane\" \/>\n<meta property=\"og:description\" content=\"El Ayuntamiento anima a la ciudadan\u00eda a convertirse en Rey Mago y hacer realidad los deseos de los m\u00e1s peque\u00f1os del municipio\" \/>\n<meta property=\"og:url\" content=\"https:\/\/www.aridane.org\/city\/2025\/12\/01\/los-llanos-de-aridane-relanza-su-campana-solidaria-para-que-ningun-nino-se-quede-sin-regalo-de-navidad\/\" \/>\n<meta property=\"og:site_name\" content=\"Ayuntamiento de Los Llanos de Aridane\" \/>\n<meta property=\"article:published_time\" content=\"2025-12-01T08:26:23+00:00\" \/>\n<meta property=\"article:modified_time\" content=\"2025-12-02T09:27:28+00:00\" \/>\n<meta property=\"og:image\" content=\"https:\/\/www.aridane.org\/city\/wp-content\/uploads\/2025\/12\/WhatsApp-Image-2025-11-21-at-22.05.34.jpeg\" \/>\n\t<meta property=\"og:image:width\" content=\"1600\" \/>\n\t<meta property=\"og:image:height\" content=\"840\" \/>\n\t<meta property=\"og:image:type\" content=\"image\/jpeg\" \/>\n<meta name=\"author\" content=\"Corresponsal\" \/>\n<meta name=\"twitter:card\" content=\"summary_large_image\" \/>\n<meta name=\"twitter:label1\" content=\"Escrito por\" \/>\n\t<meta name=\"twitter:data1\" content=\"Corresponsal\" \/>\n\t<meta name=\"twitter:label2\" content=\"Tiempo de lectura\" \/>\n\t<meta name=\"twitter:data2\" content=\"2 minutos\" \/>\n<script type=\"application\/ld+json\" class=\"yoast-schema-graph\">{\"@context\":\"https:\/\/schema.org\",\"@graph\":[{\"@type\":\"WebPage\",\"@id\":\"https:\/\/www.aridane.org\/city\/2025\/12\/01\/los-llanos-de-aridane-relanza-su-campana-solidaria-para-que-ningun-nino-se-quede-sin-regalo-de-navidad\/\",\"url\":\"https:\/\/www.aridane.org\/city\/2025\/12\/01\/los-llanos-de-aridane-relanza-su-campana-solidaria-para-que-ningun-nino-se-quede-sin-regalo-de-navidad\/\",\"name\":\"Los Llanos de Aridane relanza su campa\u00f1a solidaria para que ning\u00fan ni\u00f1o se quede sin regalo de Navidad - Ayuntamiento de Los Llanos de Aridane\",\"isPartOf\":{\"@id\":\"https:\/\/www.aridane.org\/city\/#website\"},\"primaryImageOfPage\":{\"@id\":\"https:\/\/www.aridane.org\/city\/2025\/12\/01\/los-llanos-de-aridane-relanza-su-campana-solidaria-para-que-ningun-nino-se-quede-sin-regalo-de-navidad\/#primaryimage\"},\"image\":{\"@id\":\"https:\/\/www.aridane.org\/city\/2025\/12\/01\/los-llanos-de-aridane-relanza-su-campana-solidaria-para-que-ningun-nino-se-quede-sin-regalo-de-navidad\/#primaryimage\"},\"thumbnailUrl\":\"https:\/\/www.aridane.org\/city\/wp-content\/uploads\/2025\/12\/WhatsApp-Image-2025-11-21-at-22.05.34.jpeg\",\"datePublished\":\"2025-12-01T08:26:23+00:00\",\"dateModified\":\"2025-12-02T09:27:28+00:00\",\"author\":{\"@id\":\"https:\/\/www.aridane.org\/city\/#\/schema\/person\/89ebd376b223dc94cc1dbcf200c8e6da\"},\"breadcrumb\":{\"@id\":\"https:\/\/www.aridane.org\/city\/2025\/12\/01\/los-llanos-de-aridane-relanza-su-campana-solidaria-para-que-ningun-nino-se-quede-sin-regalo-de-navidad\/#breadcrumb\"},\"inLanguage\":\"es\",\"potentialAction\":[{\"@type\":\"ReadAction\",\"target\":[\"https:\/\/www.aridane.org\/city\/2025\/12\/01\/los-llanos-de-aridane-relanza-su-campana-solidaria-para-que-ningun-nino-se-quede-sin-regalo-de-navidad\/\"]}]},{\"@type\":\"ImageObject\",\"inLanguage\":\"es\",\"@id\":\"https:\/\/www.aridane.org\/city\/2025\/12\/01\/los-llanos-de-aridane-relanza-su-campana-solidaria-para-que-ningun-nino-se-quede-sin-regalo-de-navidad\/#primaryimage\",\"url\":\"https:\/\/www.aridane.org\/city\/wp-content\/uploads\/2025\/12\/WhatsApp-Image-2025-11-21-at-22.05.34.jpeg\",\"contentUrl\":\"https:\/\/www.aridane.org\/city\/wp-content\/uploads\/2025\/12\/WhatsApp-Image-2025-11-21-at-22.05.34.jpeg\",\"width\":1600,\"height\":840},{\"@type\":\"BreadcrumbList\",\"@id\":\"https:\/\/www.aridane.org\/city\/2025\/12\/01\/los-llanos-de-aridane-relanza-su-campana-solidaria-para-que-ningun-nino-se-quede-sin-regalo-de-navidad\/#breadcrumb\",\"itemListElement\":[{\"@type\":\"ListItem\",\"position\":1,\"name\":\"Portada\",\"item\":\"https:\/\/www.aridane.org\/city\/\"},{\"@type\":\"ListItem\",\"position\":2,\"name\":\"Los Llanos de Aridane relanza su campa\u00f1a solidaria para que ning\u00fan ni\u00f1o se quede sin regalo de Navidad\"}]},{\"@type\":\"WebSite\",\"@id\":\"https:\/\/www.aridane.org\/city\/#website\",\"url\":\"https:\/\/www.aridane.org\/city\/\",\"name\":\"Ayuntamiento de Los Llanos de Aridane\",\"description\":\"\",\"potentialAction\":[{\"@type\":\"SearchAction\",\"target\":{\"@type\":\"EntryPoint\",\"urlTemplate\":\"https:\/\/www.aridane.org\/city\/?s={search_term_string}\"},\"query-input\":\"required name=search_term_string\"}],\"inLanguage\":\"es\"},{\"@type\":\"Person\",\"@id\":\"https:\/\/www.aridane.org\/city\/#\/schema\/person\/89ebd376b223dc94cc1dbcf200c8e6da\",\"name\":\"Corresponsal\",\"image\":{\"@type\":\"ImageObject\",\"inLanguage\":\"es\",\"@id\":\"https:\/\/www.aridane.org\/city\/#\/schema\/person\/image\/\",\"url\":\"https:\/\/secure.gravatar.com\/avatar\/1c476992411e4ccf153da63b2b2f5ea0bb4cb1c85f3ceab8512f04325ad5579c?s=96&d=mm&r=g\",\"contentUrl\":\"https:\/\/secure.gravatar.com\/avatar\/1c476992411e4ccf153da63b2b2f5ea0bb4cb1c85f3ceab8512f04325ad5579c?s=96&d=mm&r=g\",\"caption\":\"Corresponsal\"},\"url\":\"https:\/\/www.aridane.org\/city\/author\/corresponsal\/\"}]}<\/script>\n<!-- \/ Yoast SEO plugin. -->","yoast_head_json":{"title":"Los Llanos de Aridane relanza su campa\u00f1a solidaria para que ning\u00fan ni\u00f1o se quede sin regalo de Navidad - Ayuntamiento de Los Llanos de Aridane","robots":{"index":"index","follow":"follow","max-snippet":"max-snippet:-1","max-image-preview":"max-image-preview:large","max-video-preview":"max-video-preview:-1"},"canonical":"https:\/\/www.aridane.org\/city\/2025\/12\/01\/los-llanos-de-aridane-relanza-su-campana-solidaria-para-que-ningun-nino-se-quede-sin-regalo-de-navidad\/","og_locale":"es_ES","og_type":"article","og_title":"Los Llanos de Aridane relanza su campa\u00f1a solidaria para que ning\u00fan ni\u00f1o se quede sin regalo de Navidad - Ayuntamiento de Los Llanos de Aridane","og_description":"El Ayuntamiento anima a la ciudadan\u00eda a convertirse en Rey Mago y hacer realidad los deseos de los m\u00e1s peque\u00f1os del municipio","og_url":"https:\/\/www.aridane.org\/city\/2025\/12\/01\/los-llanos-de-aridane-relanza-su-campana-solidaria-para-que-ningun-nino-se-quede-sin-regalo-de-navidad\/","og_site_name":"Ayuntamiento de Los Llanos de Aridane","article_published_time":"2025-12-01T08:26:23+00:00","article_modified_time":"2025-12-02T09:27:28+00:00","og_image":[{"width":1600,"height":840,"url":"https:\/\/www.aridane.org\/city\/wp-content\/uploads\/2025\/12\/WhatsApp-Image-2025-11-21-at-22.05.34.jpeg","type":"image\/jpeg"}],"author":"Corresponsal","twitter_card":"summary_large_image","twitter_misc":{"Escrito por":"Corresponsal","Tiempo de lectura":"2 minutos"},"schema":{"@context":"https:\/\/schema.org","@graph":[{"@type":"WebPage","@id":"https:\/\/www.aridane.org\/city\/2025\/12\/01\/los-llanos-de-aridane-relanza-su-campana-solidaria-para-que-ningun-nino-se-quede-sin-regalo-de-navidad\/","url":"https:\/\/www.aridane.org\/city\/2025\/12\/01\/los-llanos-de-aridane-relanza-su-campana-solidaria-para-que-ningun-nino-se-quede-sin-regalo-de-navidad\/","name":"Los Llanos de Aridane relanza su campa\u00f1a solidaria para que ning\u00fan ni\u00f1o se quede sin regalo de Navidad - Ayuntamiento de Los Llanos de Aridane","isPartOf":{"@id":"https:\/\/www.aridane.org\/city\/#website"},"primaryImageOfPage":{"@id":"https:\/\/www.aridane.org\/city\/2025\/12\/01\/los-llanos-de-aridane-relanza-su-campana-solidaria-para-que-ningun-nino-se-quede-sin-regalo-de-navidad\/#primaryimage"},"image":{"@id":"https:\/\/www.aridane.org\/city\/2025\/12\/01\/los-llanos-de-aridane-relanza-su-campana-solidaria-para-que-ningun-nino-se-quede-sin-regalo-de-navidad\/#primaryimage"},"thumbnailUrl":"https:\/\/www.aridane.org\/city\/wp-content\/uploads\/2025\/12\/WhatsApp-Image-2025-11-21-at-22.05.34.jpeg","datePublished":"2025-12-01T08:26:23+00:00","dateModified":"2025-12-02T09:27:28+00:00","author":{"@id":"https:\/\/www.aridane.org\/city\/#\/schema\/person\/89ebd376b223dc94cc1dbcf200c8e6da"},"breadcrumb":{"@id":"https:\/\/www.aridane.org\/city\/2025\/12\/01\/los-llanos-de-aridane-relanza-su-campana-solidaria-para-que-ningun-nino-se-quede-sin-regalo-de-navidad\/#breadcrumb"},"inLanguage":"es","potentialAction":[{"@type":"ReadAction","target":["https:\/\/www.aridane.org\/city\/2025\/12\/01\/los-llanos-de-aridane-relanza-su-campana-solidaria-para-que-ningun-nino-se-quede-sin-regalo-de-navidad\/"]}]},{"@type":"ImageObject","inLanguage":"es","@id":"https:\/\/www.aridane.org\/city\/2025\/12\/01\/los-llanos-de-aridane-relanza-su-campana-solidaria-para-que-ningun-nino-se-quede-sin-regalo-de-navidad\/#primaryimage","url":"https:\/\/www.aridane.org\/city\/wp-content\/uploads\/2025\/12\/WhatsApp-Image-2025-11-21-at-22.05.34.jpeg","contentUrl":"https:\/\/www.aridane.org\/city\/wp-content\/uploads\/2025\/12\/WhatsApp-Image-2025-11-21-at-22.05.34.jpeg","width":1600,"height":840},{"@type":"BreadcrumbList","@id":"https:\/\/www.aridane.org\/city\/2025\/12\/01\/los-llanos-de-aridane-relanza-su-campana-solidaria-para-que-ningun-nino-se-quede-sin-regalo-de-navidad\/#breadcrumb","itemListElement":[{"@type":"ListItem","position":1,"name":"Portada","item":"https:\/\/www.aridane.org\/city\/"},{"@type":"ListItem","position":2,"name":"Los Llanos de Aridane relanza su campa\u00f1a solidaria para que ning\u00fan ni\u00f1o se quede sin regalo de Navidad"}]},{"@type":"WebSite","@id":"https:\/\/www.aridane.org\/city\/#website","url":"https:\/\/www.aridane.org\/city\/","name":"Ayuntamiento de Los Llanos de Aridane","description":"","potentialAction":[{"@type":"SearchAction","target":{"@type":"EntryPoint","urlTemplate":"https:\/\/www.aridane.org\/city\/?s={search_term_string}"},"query-input":"required name=search_term_string"}],"inLanguage":"es"},{"@type":"Person","@id":"https:\/\/www.aridane.org\/city\/#\/schema\/person\/89ebd376b223dc94cc1dbcf200c8e6da","name":"Corresponsal","image":{"@type":"ImageObject","inLanguage":"es","@id":"https:\/\/www.aridane.org\/city\/#\/schema\/person\/image\/","url":"https:\/\/secure.gravatar.com\/avatar\/1c476992411e4ccf153da63b2b2f5ea0bb4cb1c85f3ceab8512f04325ad5579c?s=96&d=mm&r=g","contentUrl":"https:\/\/secure.gravatar.com\/avatar\/1c476992411e4ccf153da63b2b2f5ea0bb4cb1c85f3ceab8512f04325ad5579c?s=96&d=mm&r=g","caption":"Corresponsal"},"url":"https:\/\/www.aridane.org\/city\/author\/corresponsal\/"}]}},"_links":{"self":[{"href":"https:\/\/www.aridane.org\/city\/wp-json\/wp\/v2\/posts\/4918","targetHints":{"allow":["GET"]}}],"collection":[{"href":"https:\/\/www.aridane.org\/city\/wp-json\/wp\/v2\/posts"}],"about":[{"href":"https:\/\/www.aridane.org\/city\/wp-json\/wp\/v2\/types\/post"}],"author":[{"embeddable":true,"href":"https:\/\/www.aridane.org\/city\/wp-json\/wp\/v2\/users\/4"}],"replies":[{"embeddable":true,"href":"https:\/\/www.aridane.org\/city\/wp-json\/wp\/v2\/comments?post=4918"}],"version-history":[{"count":1,"href":"https:\/\/www.aridane.org\/city\/wp-json\/wp\/v2\/posts\/4918\/revisions"}],"predecessor-version":[{"id":4920,"href":"https:\/\/www.aridane.org\/city\/wp-json\/wp\/v2\/posts\/4918\/revisions\/4920"}],"wp:featuredmedia":[{"embeddable":true,"href":"https:\/\/www.aridane.org\/city\/wp-json\/wp\/v2\/media\/4919"}],"wp:attachment":[{"href":"https:\/\/www.aridane.org\/city\/wp-json\/wp\/v2\/media?parent=4918"}],"wp:term":[{"taxonomy":"category","embeddable":true,"href":"https:\/\/www.aridane.org\/city\/wp-json\/wp\/v2\/categories?post=4918"},{"taxonomy":"post_tag","embeddable":true,"href":"https:\/\/www.aridane.org\/city\/wp-json\/wp\/v2\/tags?post=4918"}],"curies":[{"name":"wp","href":"https:\/\/api.w.org\/{rel}","templated":true}]}}