{"id":4936,"date":"2025-12-09T10:13:47","date_gmt":"2025-12-09T10:13:47","guid":{"rendered":"https:\/\/www.aridane.org\/city\/?p=4936"},"modified":"2025-12-09T14:44:46","modified_gmt":"2025-12-09T14:44:46","slug":"los-llanos-celebra-el-dia-del-municipio-con-un-reconocimiento-a-asociaciones-entidades-sociales-y-voluntariado","status":"publish","type":"post","link":"https:\/\/www.aridane.org\/city\/2025\/12\/09\/los-llanos-celebra-el-dia-del-municipio-con-un-reconocimiento-a-asociaciones-entidades-sociales-y-voluntariado\/","title":{"rendered":"Los Llanos celebra el D\u00eda del Municipio con un reconocimiento a asociaciones, entidades sociales y voluntariado"},"content":{"rendered":"<p><em>La jornada incluy\u00f3 tambi\u00e9n un reconocimiento especial a Protecci\u00f3n Civil en su d\u00e9cimo aniversario<\/em><!--more--><\/p>\n<div id=\"v1forwardbody1\">\n<p>El Ayuntamiento de Los Llanos de Aridane celebr\u00f3 este lunes, 8 de diciembre, la segunda edici\u00f3n del D\u00eda del Municipio con un acto institucional en la plaza de La Glorieta, en Las Manchas. El evento reuni\u00f3 a asociaciones de vecinos, colectivos de mayores, entidades sociales y personal voluntario para reconocer el trabajo que desarrollan a lo largo del a\u00f1o y que sostiene la vida comunitaria del municipio. La jornada incluy\u00f3 tambi\u00e9n un reconocimiento especial a la Agrupaci\u00f3n de Voluntarios de Protecci\u00f3n Civil de Los Llanos de Aridane, que est\u00e1 celebrando su d\u00e9cimo aniversario.<\/p>\n<p>A lo largo del evento intervinieron el alcalde, Javier Llamas; el teniente de alcalde, V\u00edctor Gonz\u00e1lez; y la portavoz de la oposici\u00f3n, Alicia Vanoostende, quienes pusieron en valor la labor del tejido asociativo del municipio, que acompa\u00f1a de manera permanente a la ciudadan\u00eda, especialmente momentos delicados como la reciente erupci\u00f3n volc\u00e1nica o en las emergencias silenciosas que ocurren d\u00eda a d\u00eda. En este mismo sentido se expres\u00f3 el presidente del Cabildo de La Palma, Sergio Rodr\u00edguez, quien asisti\u00f3 e intervino en el acto.<\/p>\n<h2><strong>Los reconocimientos<\/strong><\/h2>\n<p>En este segundo D\u00eda del Municipio se distingui\u00f3 a las asociaciones de vecinos Timaba de Todoque; La Laguna de Tajuya y Sociedad Velia; Los Barros y Los Pedregales; Aterure de El Remo; Tirimara de Argual; Monta\u00f1a Tenisca; Birigoyo de Triana; Varadero de La Bombilla; Las Manchas; El Retamar; as\u00ed como a la Real Sociedad de Instrucci\u00f3n y Recreo Aridane.<\/p>\n<p>Tambi\u00e9n se reconoci\u00f3 a las asociaciones de mayores Magdalena Carballo y Las Camelias, custodias de la memoria local.<\/p>\n<p>El acto incorpor\u00f3 adem\u00e1s la entrega de distinciones a numerosas entidades sociales del municipio y de la isla, entre ellas Fundaci\u00f3n Canaria Solidaridad La Palma, Salud Mental La Palma, AFA La Palma, Colectivo Violetas LGTBI+, Kalen, C\u00e1ritas Diocesana, Funcasor, Asociaci\u00f3n Espa\u00f1ola Contra el C\u00e1ncer, ADFILPA, Cruz Roja, Fasican, ACAPS, la Asociaci\u00f3n Feminista Jacaranda Palmera, Compartiendo Metas, la Asociaci\u00f3n para la Diabetes Isla Bonita, Nuevo Futuro, Psic\u00f3logos para Tod@s, Indispal, NEP, la Asociaci\u00f3n Parkinson La Palma y Emerpal.<\/p>\n<p>Finalmente, se concedi\u00f3 una menci\u00f3n especial a la Agrupaci\u00f3n de Voluntarios de Protecci\u00f3n Civil de Los Llanos de Aridane por su dedicaci\u00f3n y servicio durante una d\u00e9cada.<\/p>\n<h2><strong>Sobre el D\u00eda del Municipio<\/strong><\/h2>\n<p>Cabe recordar que el D\u00eda del Municipio es una celebraci\u00f3n institucional que Los Llanos de Aridane impulsa desde el a\u00f1o pasado para reconocer la identidad, la historia y el trabajo comunitario que sostiene la vida local. La fecha, designada por acuerdo plenario, se escoge porque el 8 de diciembre de 1812 se constituy\u00f3 formalmente la primera corpora\u00adci\u00f3n municipal bajo la responsabilidad del alcalde Francisco D\u00edaz.<\/p>\n<p>Esta segunda edici\u00f3n del D\u00eda del Municipio vuelve a desarrollarse en formato de pleno extraordinario y mantiene su car\u00e1cter itinerante por los distintos barrios, con el objetivo de acercar la instituci\u00f3n a la ciudadan\u00eda y poner en valor cada territorio.<\/p>\n<p>El pasado a\u00f1o, en su primera convocatoria en la plaza de Espa\u00f1a, la jornada estuvo dedicada a honrar a los concejales y concejalas de la primera legislatura democr\u00e1tica, un gesto que marc\u00f3 el inicio de esta l\u00ednea de reconocimientos que ahora se abre al tejido vecinal, social y voluntario del municipio.<\/p>\n<\/div>\n","protected":false},"excerpt":{"rendered":"<p>La jornada incluy\u00f3 tambi\u00e9n un reconocimiento especial a Protecci\u00f3n Civil en su d\u00e9cimo aniversario<\/p>\n","protected":false},"author":4,"featured_media":4937,"comment_status":"open","ping_status":"open","sticky":false,"template":"","format":"standard","meta":{"footnotes":""},"categories":[1],"tags":[],"class_list":["post-4936","post","type-post","status-publish","format-standard","has-post-thumbnail","hentry","category-sin-categoria"],"yoast_head":"<!-- This site is optimized with the Yoast SEO plugin v22.7 - https:\/\/yoast.com\/wordpress\/plugins\/seo\/ -->\n<title>Los Llanos celebra el D\u00eda del Municipio con un reconocimiento a asociaciones, entidades sociales y voluntariado - Ayuntamiento de Los Llanos de Aridane<\/title>\n<meta name=\"robots\" content=\"index, follow, max-snippet:-1, max-image-preview:large, max-video-preview:-1\" \/>\n<link rel=\"canonical\" href=\"https:\/\/www.aridane.org\/city\/2025\/12\/09\/los-llanos-celebra-el-dia-del-municipio-con-un-reconocimiento-a-asociaciones-entidades-sociales-y-voluntariado\/\" \/>\n<meta property=\"og:locale\" content=\"es_ES\" \/>\n<meta property=\"og:type\" content=\"article\" \/>\n<meta property=\"og:title\" content=\"Los Llanos celebra el D\u00eda del Municipio con un reconocimiento a asociaciones, entidades sociales y voluntariado - Ayuntamiento de Los Llanos de Aridane\" \/>\n<meta property=\"og:description\" content=\"La jornada incluy\u00f3 tambi\u00e9n un reconocimiento especial a Protecci\u00f3n Civil en su d\u00e9cimo aniversario\" \/>\n<meta property=\"og:url\" content=\"https:\/\/www.aridane.org\/city\/2025\/12\/09\/los-llanos-celebra-el-dia-del-municipio-con-un-reconocimiento-a-asociaciones-entidades-sociales-y-voluntariado\/\" \/>\n<meta property=\"og:site_name\" content=\"Ayuntamiento de Los Llanos de Aridane\" \/>\n<meta property=\"article:published_time\" content=\"2025-12-09T10:13:47+00:00\" \/>\n<meta property=\"article:modified_time\" content=\"2025-12-09T14:44:46+00:00\" \/>\n<meta property=\"og:image\" content=\"https:\/\/www.aridane.org\/city\/wp-content\/uploads\/2025\/12\/Dia-del-Municipio.jpeg\" \/>\n\t<meta property=\"og:image:width\" content=\"1600\" \/>\n\t<meta property=\"og:image:height\" content=\"1066\" \/>\n\t<meta property=\"og:image:type\" content=\"image\/jpeg\" \/>\n<meta name=\"author\" content=\"Corresponsal\" \/>\n<meta name=\"twitter:card\" content=\"summary_large_image\" \/>\n<meta name=\"twitter:label1\" content=\"Escrito por\" \/>\n\t<meta name=\"twitter:data1\" content=\"Corresponsal\" \/>\n\t<meta name=\"twitter:label2\" content=\"Tiempo de lectura\" \/>\n\t<meta name=\"twitter:data2\" content=\"3 minutos\" \/>\n<script type=\"application\/ld+json\" class=\"yoast-schema-graph\">{\"@context\":\"https:\/\/schema.org\",\"@graph\":[{\"@type\":\"WebPage\",\"@id\":\"https:\/\/www.aridane.org\/city\/2025\/12\/09\/los-llanos-celebra-el-dia-del-municipio-con-un-reconocimiento-a-asociaciones-entidades-sociales-y-voluntariado\/\",\"url\":\"https:\/\/www.aridane.org\/city\/2025\/12\/09\/los-llanos-celebra-el-dia-del-municipio-con-un-reconocimiento-a-asociaciones-entidades-sociales-y-voluntariado\/\",\"name\":\"Los Llanos celebra el D\u00eda del Municipio con un reconocimiento a asociaciones, entidades sociales y voluntariado - Ayuntamiento de Los Llanos de Aridane\",\"isPartOf\":{\"@id\":\"https:\/\/www.aridane.org\/city\/#website\"},\"primaryImageOfPage\":{\"@id\":\"https:\/\/www.aridane.org\/city\/2025\/12\/09\/los-llanos-celebra-el-dia-del-municipio-con-un-reconocimiento-a-asociaciones-entidades-sociales-y-voluntariado\/#primaryimage\"},\"image\":{\"@id\":\"https:\/\/www.aridane.org\/city\/2025\/12\/09\/los-llanos-celebra-el-dia-del-municipio-con-un-reconocimiento-a-asociaciones-entidades-sociales-y-voluntariado\/#primaryimage\"},\"thumbnailUrl\":\"https:\/\/www.aridane.org\/city\/wp-content\/uploads\/2025\/12\/Dia-del-Municipio.jpeg\",\"datePublished\":\"2025-12-09T10:13:47+00:00\",\"dateModified\":\"2025-12-09T14:44:46+00:00\",\"author\":{\"@id\":\"https:\/\/www.aridane.org\/city\/#\/schema\/person\/89ebd376b223dc94cc1dbcf200c8e6da\"},\"breadcrumb\":{\"@id\":\"https:\/\/www.aridane.org\/city\/2025\/12\/09\/los-llanos-celebra-el-dia-del-municipio-con-un-reconocimiento-a-asociaciones-entidades-sociales-y-voluntariado\/#breadcrumb\"},\"inLanguage\":\"es\",\"potentialAction\":[{\"@type\":\"ReadAction\",\"target\":[\"https:\/\/www.aridane.org\/city\/2025\/12\/09\/los-llanos-celebra-el-dia-del-municipio-con-un-reconocimiento-a-asociaciones-entidades-sociales-y-voluntariado\/\"]}]},{\"@type\":\"ImageObject\",\"inLanguage\":\"es\",\"@id\":\"https:\/\/www.aridane.org\/city\/2025\/12\/09\/los-llanos-celebra-el-dia-del-municipio-con-un-reconocimiento-a-asociaciones-entidades-sociales-y-voluntariado\/#primaryimage\",\"url\":\"https:\/\/www.aridane.org\/city\/wp-content\/uploads\/2025\/12\/Dia-del-Municipio.jpeg\",\"contentUrl\":\"https:\/\/www.aridane.org\/city\/wp-content\/uploads\/2025\/12\/Dia-del-Municipio.jpeg\",\"width\":1600,\"height\":1066},{\"@type\":\"BreadcrumbList\",\"@id\":\"https:\/\/www.aridane.org\/city\/2025\/12\/09\/los-llanos-celebra-el-dia-del-municipio-con-un-reconocimiento-a-asociaciones-entidades-sociales-y-voluntariado\/#breadcrumb\",\"itemListElement\":[{\"@type\":\"ListItem\",\"position\":1,\"name\":\"Portada\",\"item\":\"https:\/\/www.aridane.org\/city\/\"},{\"@type\":\"ListItem\",\"position\":2,\"name\":\"Los Llanos celebra el D\u00eda del Municipio con un reconocimiento a asociaciones, entidades sociales y voluntariado\"}]},{\"@type\":\"WebSite\",\"@id\":\"https:\/\/www.aridane.org\/city\/#website\",\"url\":\"https:\/\/www.aridane.org\/city\/\",\"name\":\"Ayuntamiento de Los Llanos de Aridane\",\"description\":\"\",\"potentialAction\":[{\"@type\":\"SearchAction\",\"target\":{\"@type\":\"EntryPoint\",\"urlTemplate\":\"https:\/\/www.aridane.org\/city\/?s={search_term_string}\"},\"query-input\":\"required name=search_term_string\"}],\"inLanguage\":\"es\"},{\"@type\":\"Person\",\"@id\":\"https:\/\/www.aridane.org\/city\/#\/schema\/person\/89ebd376b223dc94cc1dbcf200c8e6da\",\"name\":\"Corresponsal\",\"image\":{\"@type\":\"ImageObject\",\"inLanguage\":\"es\",\"@id\":\"https:\/\/www.aridane.org\/city\/#\/schema\/person\/image\/\",\"url\":\"https:\/\/secure.gravatar.com\/avatar\/1c476992411e4ccf153da63b2b2f5ea0bb4cb1c85f3ceab8512f04325ad5579c?s=96&d=mm&r=g\",\"contentUrl\":\"https:\/\/secure.gravatar.com\/avatar\/1c476992411e4ccf153da63b2b2f5ea0bb4cb1c85f3ceab8512f04325ad5579c?s=96&d=mm&r=g\",\"caption\":\"Corresponsal\"},\"url\":\"https:\/\/www.aridane.org\/city\/author\/corresponsal\/\"}]}<\/script>\n<!-- \/ Yoast SEO plugin. -->","yoast_head_json":{"title":"Los Llanos celebra el D\u00eda del Municipio con un reconocimiento a asociaciones, entidades sociales y voluntariado - Ayuntamiento de Los Llanos de Aridane","robots":{"index":"index","follow":"follow","max-snippet":"max-snippet:-1","max-image-preview":"max-image-preview:large","max-video-preview":"max-video-preview:-1"},"canonical":"https:\/\/www.aridane.org\/city\/2025\/12\/09\/los-llanos-celebra-el-dia-del-municipio-con-un-reconocimiento-a-asociaciones-entidades-sociales-y-voluntariado\/","og_locale":"es_ES","og_type":"article","og_title":"Los Llanos celebra el D\u00eda del Municipio con un reconocimiento a asociaciones, entidades sociales y voluntariado - Ayuntamiento de Los Llanos de Aridane","og_description":"La jornada incluy\u00f3 tambi\u00e9n un reconocimiento especial a Protecci\u00f3n Civil en su d\u00e9cimo aniversario","og_url":"https:\/\/www.aridane.org\/city\/2025\/12\/09\/los-llanos-celebra-el-dia-del-municipio-con-un-reconocimiento-a-asociaciones-entidades-sociales-y-voluntariado\/","og_site_name":"Ayuntamiento de Los Llanos de Aridane","article_published_time":"2025-12-09T10:13:47+00:00","article_modified_time":"2025-12-09T14:44:46+00:00","og_image":[{"width":1600,"height":1066,"url":"https:\/\/www.aridane.org\/city\/wp-content\/uploads\/2025\/12\/Dia-del-Municipio.jpeg","type":"image\/jpeg"}],"author":"Corresponsal","twitter_card":"summary_large_image","twitter_misc":{"Escrito por":"Corresponsal","Tiempo de lectura":"3 minutos"},"schema":{"@context":"https:\/\/schema.org","@graph":[{"@type":"WebPage","@id":"https:\/\/www.aridane.org\/city\/2025\/12\/09\/los-llanos-celebra-el-dia-del-municipio-con-un-reconocimiento-a-asociaciones-entidades-sociales-y-voluntariado\/","url":"https:\/\/www.aridane.org\/city\/2025\/12\/09\/los-llanos-celebra-el-dia-del-municipio-con-un-reconocimiento-a-asociaciones-entidades-sociales-y-voluntariado\/","name":"Los Llanos celebra el D\u00eda del Municipio con un reconocimiento a asociaciones, entidades sociales y voluntariado - Ayuntamiento de Los Llanos de Aridane","isPartOf":{"@id":"https:\/\/www.aridane.org\/city\/#website"},"primaryImageOfPage":{"@id":"https:\/\/www.aridane.org\/city\/2025\/12\/09\/los-llanos-celebra-el-dia-del-municipio-con-un-reconocimiento-a-asociaciones-entidades-sociales-y-voluntariado\/#primaryimage"},"image":{"@id":"https:\/\/www.aridane.org\/city\/2025\/12\/09\/los-llanos-celebra-el-dia-del-municipio-con-un-reconocimiento-a-asociaciones-entidades-sociales-y-voluntariado\/#primaryimage"},"thumbnailUrl":"https:\/\/www.aridane.org\/city\/wp-content\/uploads\/2025\/12\/Dia-del-Municipio.jpeg","datePublished":"2025-12-09T10:13:47+00:00","dateModified":"2025-12-09T14:44:46+00:00","author":{"@id":"https:\/\/www.aridane.org\/city\/#\/schema\/person\/89ebd376b223dc94cc1dbcf200c8e6da"},"breadcrumb":{"@id":"https:\/\/www.aridane.org\/city\/2025\/12\/09\/los-llanos-celebra-el-dia-del-municipio-con-un-reconocimiento-a-asociaciones-entidades-sociales-y-voluntariado\/#breadcrumb"},"inLanguage":"es","potentialAction":[{"@type":"ReadAction","target":["https:\/\/www.aridane.org\/city\/2025\/12\/09\/los-llanos-celebra-el-dia-del-municipio-con-un-reconocimiento-a-asociaciones-entidades-sociales-y-voluntariado\/"]}]},{"@type":"ImageObject","inLanguage":"es","@id":"https:\/\/www.aridane.org\/city\/2025\/12\/09\/los-llanos-celebra-el-dia-del-municipio-con-un-reconocimiento-a-asociaciones-entidades-sociales-y-voluntariado\/#primaryimage","url":"https:\/\/www.aridane.org\/city\/wp-content\/uploads\/2025\/12\/Dia-del-Municipio.jpeg","contentUrl":"https:\/\/www.aridane.org\/city\/wp-content\/uploads\/2025\/12\/Dia-del-Municipio.jpeg","width":1600,"height":1066},{"@type":"BreadcrumbList","@id":"https:\/\/www.aridane.org\/city\/2025\/12\/09\/los-llanos-celebra-el-dia-del-municipio-con-un-reconocimiento-a-asociaciones-entidades-sociales-y-voluntariado\/#breadcrumb","itemListElement":[{"@type":"ListItem","position":1,"name":"Portada","item":"https:\/\/www.aridane.org\/city\/"},{"@type":"ListItem","position":2,"name":"Los Llanos celebra el D\u00eda del Municipio con un reconocimiento a asociaciones, entidades sociales y voluntariado"}]},{"@type":"WebSite","@id":"https:\/\/www.aridane.org\/city\/#website","url":"https:\/\/www.aridane.org\/city\/","name":"Ayuntamiento de Los Llanos de Aridane","description":"","potentialAction":[{"@type":"SearchAction","target":{"@type":"EntryPoint","urlTemplate":"https:\/\/www.aridane.org\/city\/?s={search_term_string}"},"query-input":"required name=search_term_string"}],"inLanguage":"es"},{"@type":"Person","@id":"https:\/\/www.aridane.org\/city\/#\/schema\/person\/89ebd376b223dc94cc1dbcf200c8e6da","name":"Corresponsal","image":{"@type":"ImageObject","inLanguage":"es","@id":"https:\/\/www.aridane.org\/city\/#\/schema\/person\/image\/","url":"https:\/\/secure.gravatar.com\/avatar\/1c476992411e4ccf153da63b2b2f5ea0bb4cb1c85f3ceab8512f04325ad5579c?s=96&d=mm&r=g","contentUrl":"https:\/\/secure.gravatar.com\/avatar\/1c476992411e4ccf153da63b2b2f5ea0bb4cb1c85f3ceab8512f04325ad5579c?s=96&d=mm&r=g","caption":"Corresponsal"},"url":"https:\/\/www.aridane.org\/city\/author\/corresponsal\/"}]}},"_links":{"self":[{"href":"https:\/\/www.aridane.org\/city\/wp-json\/wp\/v2\/posts\/4936","targetHints":{"allow":["GET"]}}],"collection":[{"href":"https:\/\/www.aridane.org\/city\/wp-json\/wp\/v2\/posts"}],"about":[{"href":"https:\/\/www.aridane.org\/city\/wp-json\/wp\/v2\/types\/post"}],"author":[{"embeddable":true,"href":"https:\/\/www.aridane.org\/city\/wp-json\/wp\/v2\/users\/4"}],"replies":[{"embeddable":true,"href":"https:\/\/www.aridane.org\/city\/wp-json\/wp\/v2\/comments?post=4936"}],"version-history":[{"count":2,"href":"https:\/\/www.aridane.org\/city\/wp-json\/wp\/v2\/posts\/4936\/revisions"}],"predecessor-version":[{"id":4939,"href":"https:\/\/www.aridane.org\/city\/wp-json\/wp\/v2\/posts\/4936\/revisions\/4939"}],"wp:featuredmedia":[{"embeddable":true,"href":"https:\/\/www.aridane.org\/city\/wp-json\/wp\/v2\/media\/4937"}],"wp:attachment":[{"href":"https:\/\/www.aridane.org\/city\/wp-json\/wp\/v2\/media?parent=4936"}],"wp:term":[{"taxonomy":"category","embeddable":true,"href":"https:\/\/www.aridane.org\/city\/wp-json\/wp\/v2\/categories?post=4936"},{"taxonomy":"post_tag","embeddable":true,"href":"https:\/\/www.aridane.org\/city\/wp-json\/wp\/v2\/tags?post=4936"}],"curies":[{"name":"wp","href":"https:\/\/api.w.org\/{rel}","templated":true}]}}