{"id":4941,"date":"2025-12-18T10:22:00","date_gmt":"2025-12-18T10:22:00","guid":{"rendered":"https:\/\/www.aridane.org\/city\/?p=4941"},"modified":"2025-12-18T10:22:00","modified_gmt":"2025-12-18T10:22:00","slug":"neon-run-abre-las-inscripciones-para-celebrar-su-10o-aniversario-en-los-llanos","status":"publish","type":"post","link":"https:\/\/www.aridane.org\/city\/2025\/12\/18\/neon-run-abre-las-inscripciones-para-celebrar-su-10o-aniversario-en-los-llanos\/","title":{"rendered":"NEON RUN abre las inscripciones para celebrar su 10\u00ba aniversario en Los Llanos"},"content":{"rendered":"<p><em>La prueba cuenta con cuatro modalidades, pensadas para todos los p\u00fablicos y niveles: NEON RUN\u00ae 10 Km, 5 Km, Kids y Access<\/em><!--more--><\/p>\n<div id=\"v1forwardbody1\">\n<p>El Ayuntamiento de Los Llanos de Aridane informa de la apertura de inscripciones para la NEON RUN\u00ae, que regresa al municipio en abril para celebrar su d\u00e9cimo aniversario. La prueba pone a disposici\u00f3n un total de 2.000 plazas. La edici\u00f3n de 2026 acoge adem\u00e1s el Campeonato de Canarias de 5 y 10 kil\u00f3metros, reforzando el car\u00e1cter competitivo y la proyecci\u00f3n regional del evento.<\/p>\n<p>Las inscripciones estar\u00e1n disponibles desde ma\u00f1ana jueves, 18 de diciembre, en la web<a href=\"http:\/\/www.neonrun.es\/\" target=\"_blank\" rel=\"noopener noreferrer\">\u00a0www.neonrun.es<\/a>. La prueba se celebrar\u00e1 el 18 de abril.<\/p>\n<p>El concejal de Deportes y primer teniente de alcalde, V\u00edctor Gonz\u00e1lez, destaca que la prueba \u201ces una cita esperada por la ciudadan\u00eda, capaz de llenar de energ\u00eda el municipio y de transformar la noche en deporte y buena energ\u00eda\u201d.<\/p>\n<p>Por su parte, el consejero de Deportes del Cabildo de La Palma, Yurguen Hern\u00e1ndez, destaca el impacto de la NEON RUN\u00ae en los h\u00e1bitos de los palmeros y las palmeras, ya que \u201cmotiva a la poblaci\u00f3n a moverse, a cuidarse y a vivir el deporte desde una perspectiva positiva y moderna\u201d.<\/p>\n<p>Asimismo, el promotor y director de NEON RUN\u00ae, Armando Acosta, pone en valor la evoluci\u00f3n del proyecto: \u201cCumplir 10 a\u00f1os es motivo de un enorme orgullo. Hemos evolucionado, hemos crecido y hoy somos una marca s\u00f3lida que no ha dejado de avanzar. Lo que naci\u00f3 como una idea diferente se ha convertido en un evento que a\u00f1o tras a\u00f1o suma participantes, experiencias y emociones, gracias al trabajo de un gran equipo y a una comunidad que no deja de crecer\u201d, se\u00f1ala.<\/p>\n<h2><strong>Una prueba consolidada<\/strong><\/h2>\n<p>La NEON RUN\u00ae se consolida tras diez ediciones como una de las citas deportivas m\u00e1s singulares del calendario canario, al convertir el running nocturno en una experiencia que combina deporte, salud y emoci\u00f3n. A lo largo de su trayectoria, el evento evoluciona hasta convertirse en una experiencia que va m\u00e1s all\u00e1 de correr, vinculada al bienestar, la comunidad y la celebraci\u00f3n de la vida activa.<\/p>\n<p>La prueba cuenta con cuatro modalidades, pensadas para todos los p\u00fablicos y niveles: NEON RUN\u00ae 10 km, 5 km, Kids y Access, reforzando su car\u00e1cter inclusivo.<\/p>\n<\/div>\n","protected":false},"excerpt":{"rendered":"<p>La prueba cuenta con cuatro modalidades, pensadas para todos los p\u00fablicos y niveles: NEON RUN\u00ae 10 Km, 5 Km, Kids y Access<\/p>\n","protected":false},"author":4,"featured_media":4942,"comment_status":"open","ping_status":"open","sticky":false,"template":"","format":"standard","meta":{"footnotes":""},"categories":[1],"tags":[],"class_list":["post-4941","post","type-post","status-publish","format-standard","has-post-thumbnail","hentry","category-sin-categoria"],"yoast_head":"<!-- This site is optimized with the Yoast SEO plugin v22.7 - https:\/\/yoast.com\/wordpress\/plugins\/seo\/ -->\n<title>NEON RUN abre las inscripciones para celebrar su 10\u00ba aniversario en Los Llanos - Ayuntamiento de Los Llanos de Aridane<\/title>\n<meta name=\"robots\" content=\"index, follow, max-snippet:-1, max-image-preview:large, max-video-preview:-1\" \/>\n<link rel=\"canonical\" href=\"https:\/\/www.aridane.org\/city\/2025\/12\/18\/neon-run-abre-las-inscripciones-para-celebrar-su-10o-aniversario-en-los-llanos\/\" \/>\n<meta property=\"og:locale\" content=\"es_ES\" \/>\n<meta property=\"og:type\" content=\"article\" \/>\n<meta property=\"og:title\" content=\"NEON RUN abre las inscripciones para celebrar su 10\u00ba aniversario en Los Llanos - Ayuntamiento de Los Llanos de Aridane\" \/>\n<meta property=\"og:description\" content=\"La prueba cuenta con cuatro modalidades, pensadas para todos los p\u00fablicos y niveles: NEON RUN\u00ae 10 Km, 5 Km, Kids y Access\" \/>\n<meta property=\"og:url\" content=\"https:\/\/www.aridane.org\/city\/2025\/12\/18\/neon-run-abre-las-inscripciones-para-celebrar-su-10o-aniversario-en-los-llanos\/\" \/>\n<meta property=\"og:site_name\" content=\"Ayuntamiento de Los Llanos de Aridane\" \/>\n<meta property=\"article:published_time\" content=\"2025-12-18T10:22:00+00:00\" \/>\n<meta property=\"og:image\" content=\"https:\/\/www.aridane.org\/city\/wp-content\/uploads\/2025\/12\/NEON-RUN.jpg\" \/>\n\t<meta property=\"og:image:width\" content=\"1440\" \/>\n\t<meta property=\"og:image:height\" content=\"1800\" \/>\n\t<meta property=\"og:image:type\" content=\"image\/jpeg\" \/>\n<meta name=\"author\" content=\"Corresponsal\" \/>\n<meta name=\"twitter:card\" content=\"summary_large_image\" \/>\n<meta name=\"twitter:label1\" content=\"Escrito por\" \/>\n\t<meta name=\"twitter:data1\" content=\"Corresponsal\" \/>\n\t<meta name=\"twitter:label2\" content=\"Tiempo de lectura\" \/>\n\t<meta name=\"twitter:data2\" content=\"2 minutos\" \/>\n<script type=\"application\/ld+json\" class=\"yoast-schema-graph\">{\"@context\":\"https:\/\/schema.org\",\"@graph\":[{\"@type\":\"WebPage\",\"@id\":\"https:\/\/www.aridane.org\/city\/2025\/12\/18\/neon-run-abre-las-inscripciones-para-celebrar-su-10o-aniversario-en-los-llanos\/\",\"url\":\"https:\/\/www.aridane.org\/city\/2025\/12\/18\/neon-run-abre-las-inscripciones-para-celebrar-su-10o-aniversario-en-los-llanos\/\",\"name\":\"NEON RUN abre las inscripciones para celebrar su 10\u00ba aniversario en Los Llanos - Ayuntamiento de Los Llanos de Aridane\",\"isPartOf\":{\"@id\":\"https:\/\/www.aridane.org\/city\/#website\"},\"primaryImageOfPage\":{\"@id\":\"https:\/\/www.aridane.org\/city\/2025\/12\/18\/neon-run-abre-las-inscripciones-para-celebrar-su-10o-aniversario-en-los-llanos\/#primaryimage\"},\"image\":{\"@id\":\"https:\/\/www.aridane.org\/city\/2025\/12\/18\/neon-run-abre-las-inscripciones-para-celebrar-su-10o-aniversario-en-los-llanos\/#primaryimage\"},\"thumbnailUrl\":\"https:\/\/www.aridane.org\/city\/wp-content\/uploads\/2025\/12\/NEON-RUN.jpg\",\"datePublished\":\"2025-12-18T10:22:00+00:00\",\"dateModified\":\"2025-12-18T10:22:00+00:00\",\"author\":{\"@id\":\"https:\/\/www.aridane.org\/city\/#\/schema\/person\/89ebd376b223dc94cc1dbcf200c8e6da\"},\"breadcrumb\":{\"@id\":\"https:\/\/www.aridane.org\/city\/2025\/12\/18\/neon-run-abre-las-inscripciones-para-celebrar-su-10o-aniversario-en-los-llanos\/#breadcrumb\"},\"inLanguage\":\"es\",\"potentialAction\":[{\"@type\":\"ReadAction\",\"target\":[\"https:\/\/www.aridane.org\/city\/2025\/12\/18\/neon-run-abre-las-inscripciones-para-celebrar-su-10o-aniversario-en-los-llanos\/\"]}]},{\"@type\":\"ImageObject\",\"inLanguage\":\"es\",\"@id\":\"https:\/\/www.aridane.org\/city\/2025\/12\/18\/neon-run-abre-las-inscripciones-para-celebrar-su-10o-aniversario-en-los-llanos\/#primaryimage\",\"url\":\"https:\/\/www.aridane.org\/city\/wp-content\/uploads\/2025\/12\/NEON-RUN.jpg\",\"contentUrl\":\"https:\/\/www.aridane.org\/city\/wp-content\/uploads\/2025\/12\/NEON-RUN.jpg\",\"width\":1440,\"height\":1800},{\"@type\":\"BreadcrumbList\",\"@id\":\"https:\/\/www.aridane.org\/city\/2025\/12\/18\/neon-run-abre-las-inscripciones-para-celebrar-su-10o-aniversario-en-los-llanos\/#breadcrumb\",\"itemListElement\":[{\"@type\":\"ListItem\",\"position\":1,\"name\":\"Portada\",\"item\":\"https:\/\/www.aridane.org\/city\/\"},{\"@type\":\"ListItem\",\"position\":2,\"name\":\"NEON RUN abre las inscripciones para celebrar su 10\u00ba aniversario en Los Llanos\"}]},{\"@type\":\"WebSite\",\"@id\":\"https:\/\/www.aridane.org\/city\/#website\",\"url\":\"https:\/\/www.aridane.org\/city\/\",\"name\":\"Ayuntamiento de Los Llanos de Aridane\",\"description\":\"\",\"potentialAction\":[{\"@type\":\"SearchAction\",\"target\":{\"@type\":\"EntryPoint\",\"urlTemplate\":\"https:\/\/www.aridane.org\/city\/?s={search_term_string}\"},\"query-input\":\"required name=search_term_string\"}],\"inLanguage\":\"es\"},{\"@type\":\"Person\",\"@id\":\"https:\/\/www.aridane.org\/city\/#\/schema\/person\/89ebd376b223dc94cc1dbcf200c8e6da\",\"name\":\"Corresponsal\",\"image\":{\"@type\":\"ImageObject\",\"inLanguage\":\"es\",\"@id\":\"https:\/\/www.aridane.org\/city\/#\/schema\/person\/image\/\",\"url\":\"https:\/\/secure.gravatar.com\/avatar\/1c476992411e4ccf153da63b2b2f5ea0bb4cb1c85f3ceab8512f04325ad5579c?s=96&d=mm&r=g\",\"contentUrl\":\"https:\/\/secure.gravatar.com\/avatar\/1c476992411e4ccf153da63b2b2f5ea0bb4cb1c85f3ceab8512f04325ad5579c?s=96&d=mm&r=g\",\"caption\":\"Corresponsal\"},\"url\":\"https:\/\/www.aridane.org\/city\/author\/corresponsal\/\"}]}<\/script>\n<!-- \/ Yoast SEO plugin. -->","yoast_head_json":{"title":"NEON RUN abre las inscripciones para celebrar su 10\u00ba aniversario en Los Llanos - Ayuntamiento de Los Llanos de Aridane","robots":{"index":"index","follow":"follow","max-snippet":"max-snippet:-1","max-image-preview":"max-image-preview:large","max-video-preview":"max-video-preview:-1"},"canonical":"https:\/\/www.aridane.org\/city\/2025\/12\/18\/neon-run-abre-las-inscripciones-para-celebrar-su-10o-aniversario-en-los-llanos\/","og_locale":"es_ES","og_type":"article","og_title":"NEON RUN abre las inscripciones para celebrar su 10\u00ba aniversario en Los Llanos - Ayuntamiento de Los Llanos de Aridane","og_description":"La prueba cuenta con cuatro modalidades, pensadas para todos los p\u00fablicos y niveles: NEON RUN\u00ae 10 Km, 5 Km, Kids y Access","og_url":"https:\/\/www.aridane.org\/city\/2025\/12\/18\/neon-run-abre-las-inscripciones-para-celebrar-su-10o-aniversario-en-los-llanos\/","og_site_name":"Ayuntamiento de Los Llanos de Aridane","article_published_time":"2025-12-18T10:22:00+00:00","og_image":[{"width":1440,"height":1800,"url":"https:\/\/www.aridane.org\/city\/wp-content\/uploads\/2025\/12\/NEON-RUN.jpg","type":"image\/jpeg"}],"author":"Corresponsal","twitter_card":"summary_large_image","twitter_misc":{"Escrito por":"Corresponsal","Tiempo de lectura":"2 minutos"},"schema":{"@context":"https:\/\/schema.org","@graph":[{"@type":"WebPage","@id":"https:\/\/www.aridane.org\/city\/2025\/12\/18\/neon-run-abre-las-inscripciones-para-celebrar-su-10o-aniversario-en-los-llanos\/","url":"https:\/\/www.aridane.org\/city\/2025\/12\/18\/neon-run-abre-las-inscripciones-para-celebrar-su-10o-aniversario-en-los-llanos\/","name":"NEON RUN abre las inscripciones para celebrar su 10\u00ba aniversario en Los Llanos - Ayuntamiento de Los Llanos de Aridane","isPartOf":{"@id":"https:\/\/www.aridane.org\/city\/#website"},"primaryImageOfPage":{"@id":"https:\/\/www.aridane.org\/city\/2025\/12\/18\/neon-run-abre-las-inscripciones-para-celebrar-su-10o-aniversario-en-los-llanos\/#primaryimage"},"image":{"@id":"https:\/\/www.aridane.org\/city\/2025\/12\/18\/neon-run-abre-las-inscripciones-para-celebrar-su-10o-aniversario-en-los-llanos\/#primaryimage"},"thumbnailUrl":"https:\/\/www.aridane.org\/city\/wp-content\/uploads\/2025\/12\/NEON-RUN.jpg","datePublished":"2025-12-18T10:22:00+00:00","dateModified":"2025-12-18T10:22:00+00:00","author":{"@id":"https:\/\/www.aridane.org\/city\/#\/schema\/person\/89ebd376b223dc94cc1dbcf200c8e6da"},"breadcrumb":{"@id":"https:\/\/www.aridane.org\/city\/2025\/12\/18\/neon-run-abre-las-inscripciones-para-celebrar-su-10o-aniversario-en-los-llanos\/#breadcrumb"},"inLanguage":"es","potentialAction":[{"@type":"ReadAction","target":["https:\/\/www.aridane.org\/city\/2025\/12\/18\/neon-run-abre-las-inscripciones-para-celebrar-su-10o-aniversario-en-los-llanos\/"]}]},{"@type":"ImageObject","inLanguage":"es","@id":"https:\/\/www.aridane.org\/city\/2025\/12\/18\/neon-run-abre-las-inscripciones-para-celebrar-su-10o-aniversario-en-los-llanos\/#primaryimage","url":"https:\/\/www.aridane.org\/city\/wp-content\/uploads\/2025\/12\/NEON-RUN.jpg","contentUrl":"https:\/\/www.aridane.org\/city\/wp-content\/uploads\/2025\/12\/NEON-RUN.jpg","width":1440,"height":1800},{"@type":"BreadcrumbList","@id":"https:\/\/www.aridane.org\/city\/2025\/12\/18\/neon-run-abre-las-inscripciones-para-celebrar-su-10o-aniversario-en-los-llanos\/#breadcrumb","itemListElement":[{"@type":"ListItem","position":1,"name":"Portada","item":"https:\/\/www.aridane.org\/city\/"},{"@type":"ListItem","position":2,"name":"NEON RUN abre las inscripciones para celebrar su 10\u00ba aniversario en Los Llanos"}]},{"@type":"WebSite","@id":"https:\/\/www.aridane.org\/city\/#website","url":"https:\/\/www.aridane.org\/city\/","name":"Ayuntamiento de Los Llanos de Aridane","description":"","potentialAction":[{"@type":"SearchAction","target":{"@type":"EntryPoint","urlTemplate":"https:\/\/www.aridane.org\/city\/?s={search_term_string}"},"query-input":"required name=search_term_string"}],"inLanguage":"es"},{"@type":"Person","@id":"https:\/\/www.aridane.org\/city\/#\/schema\/person\/89ebd376b223dc94cc1dbcf200c8e6da","name":"Corresponsal","image":{"@type":"ImageObject","inLanguage":"es","@id":"https:\/\/www.aridane.org\/city\/#\/schema\/person\/image\/","url":"https:\/\/secure.gravatar.com\/avatar\/1c476992411e4ccf153da63b2b2f5ea0bb4cb1c85f3ceab8512f04325ad5579c?s=96&d=mm&r=g","contentUrl":"https:\/\/secure.gravatar.com\/avatar\/1c476992411e4ccf153da63b2b2f5ea0bb4cb1c85f3ceab8512f04325ad5579c?s=96&d=mm&r=g","caption":"Corresponsal"},"url":"https:\/\/www.aridane.org\/city\/author\/corresponsal\/"}]}},"_links":{"self":[{"href":"https:\/\/www.aridane.org\/city\/wp-json\/wp\/v2\/posts\/4941","targetHints":{"allow":["GET"]}}],"collection":[{"href":"https:\/\/www.aridane.org\/city\/wp-json\/wp\/v2\/posts"}],"about":[{"href":"https:\/\/www.aridane.org\/city\/wp-json\/wp\/v2\/types\/post"}],"author":[{"embeddable":true,"href":"https:\/\/www.aridane.org\/city\/wp-json\/wp\/v2\/users\/4"}],"replies":[{"embeddable":true,"href":"https:\/\/www.aridane.org\/city\/wp-json\/wp\/v2\/comments?post=4941"}],"version-history":[{"count":1,"href":"https:\/\/www.aridane.org\/city\/wp-json\/wp\/v2\/posts\/4941\/revisions"}],"predecessor-version":[{"id":4943,"href":"https:\/\/www.aridane.org\/city\/wp-json\/wp\/v2\/posts\/4941\/revisions\/4943"}],"wp:featuredmedia":[{"embeddable":true,"href":"https:\/\/www.aridane.org\/city\/wp-json\/wp\/v2\/media\/4942"}],"wp:attachment":[{"href":"https:\/\/www.aridane.org\/city\/wp-json\/wp\/v2\/media?parent=4941"}],"wp:term":[{"taxonomy":"category","embeddable":true,"href":"https:\/\/www.aridane.org\/city\/wp-json\/wp\/v2\/categories?post=4941"},{"taxonomy":"post_tag","embeddable":true,"href":"https:\/\/www.aridane.org\/city\/wp-json\/wp\/v2\/tags?post=4941"}],"curies":[{"name":"wp","href":"https:\/\/api.w.org\/{rel}","templated":true}]}}