{"id":4944,"date":"2025-12-17T10:23:06","date_gmt":"2025-12-17T10:23:06","guid":{"rendered":"https:\/\/www.aridane.org\/city\/?p=4944"},"modified":"2025-12-18T10:28:09","modified_gmt":"2025-12-18T10:28:09","slug":"el-ayuntamiento-de-los-llanos-de-aridane-lanza-un-calendario-solidario-sobre-la-vestimenta-tradicional-canaria","status":"publish","type":"post","link":"https:\/\/www.aridane.org\/city\/2025\/12\/17\/el-ayuntamiento-de-los-llanos-de-aridane-lanza-un-calendario-solidario-sobre-la-vestimenta-tradicional-canaria\/","title":{"rendered":"El Ayuntamiento de Los Llanos de Aridane lanza un calendario solidario sobre la vestimenta tradicional canaria"},"content":{"rendered":"<p><em>Todo lo recaudado se destinar\u00e1 al alumnado de las Aulas Enclave de La Palma<\/em><!--more--><\/p>\n<div id=\"v1forwardbody1\">\n<p>El Ayuntamiento de Los Llanos de Aridane, de la mano con la Escuela Municipal de Folclore, presenta un calendario dedicado a la vestimenta tradicional canaria. La iniciativa se enmarca dentro de la programaci\u00f3n cultural municipal y tiene, adem\u00e1s, un fin solidario: todo lo recaudado se destinar\u00e1 al alumnado de las Aulas Enclave de La Palma.<\/p>\n<p>El calendario recorre los meses de enero a diciembre a trav\u00e9s de una serie de fotograf\u00edas centradas en la indumentaria tradicional canaria, realizadas por el fot\u00f3grafo Emilio Barrionuevo. El dise\u00f1o y la maquetaci\u00f3n corresponden al artista Xavi Roca, y las im\u00e1genes est\u00e1n protagonizadas por alumnado de la Escuela Municipal de Folclore.<\/p>\n<p>La concejala de Cultura del Ayuntamiento de Los Llanos de Aridane, Marlene Gonz\u00e1lez, se\u00f1ala que este proyecto \u201cpone en valor la vestimenta tradicional como parte fundamental de nuestra identidad cultural y, al mismo tiempo, refuerza el car\u00e1cter educativo y social de la Escuela Municipal de Folclore\u201d. La concejala a\u00f1ade que la iniciativa \u201cvincula cultura y solidaridad, implicando directamente al alumnado y a sus familias en una causa que beneficia a la comunidad educativa\u201d.<\/p>\n<p>La directora de la Escuela Municipal de Folclore de Los Llanos de Aridane, Melca P\u00e9rez, destaca que el calendario \u201ces el resultado de un trabajo colectivo en el que participa el alumnado, el equipo docente y profesionales vinculados a la fotograf\u00eda y el dise\u00f1o, con el objetivo de transmitir el valor de la tradici\u00f3n desde una mirada actual\u201d.<\/p>\n<h2><strong>M\u00e1s detalles<\/strong><\/h2>\n<p>Cabe apuntar que el calendario se apoya en un amplio trabajo fotogr\u00e1fico previo, desarrollado a lo largo de 15 sesiones diferentes, en las que se documentan con detalle distintas piezas, complementos y formas de uso de la vestimenta tradicional canaria.<\/p>\n<p>Parte de este material compone el calendario y el resto, que incluye im\u00e1genes individuales, detalles de la indumentaria y retratos de parejas, queda depositado en la oficina de Cultura para su utilizaci\u00f3n en futuras actividades culturales y en iniciativas vinculadas al Mes de Canarias, con el objetivo de facilitar su disfrute por parte del p\u00fablico y contribuir al embellecimiento del municipio. Las fotograf\u00edas tienen adem\u00e1s una clara vocaci\u00f3n divulgativa y pedag\u00f3gica, orientada a informar y asesorar a la ciudadan\u00eda sobre la vestimenta tradicional, aclarar dudas habituales y contribuir a desmontar estereotipos, mostrando la diversidad de complementos, adaptaciones y formas de vestir en funci\u00f3n del clima y de las zonas en las que vivieron hist\u00f3ricamente quienes la portaron.<\/p>\n<p>El calendario se puede adquirir desde este mismo viernes, 19 de diciembre, en la mesita habilitada para su venta frente al Ayuntamiento, as\u00ed como a trav\u00e9s de la propia Escuela Municipal de Folclore, contactando con Melca P\u00e9rez, o en las oficinas del Departamento de Cultura del Ayuntamiento de Los Llanos de Aridane.<\/p>\n<\/div>\n","protected":false},"excerpt":{"rendered":"<p>Todo lo recaudado se destinar\u00e1 al alumnado de las Aulas Enclave de La Palma<\/p>\n","protected":false},"author":4,"featured_media":4946,"comment_status":"open","ping_status":"open","sticky":false,"template":"","format":"standard","meta":{"footnotes":""},"categories":[1],"tags":[],"class_list":["post-4944","post","type-post","status-publish","format-standard","has-post-thumbnail","hentry","category-sin-categoria"],"yoast_head":"<!-- This site is optimized with the Yoast SEO plugin v22.7 - https:\/\/yoast.com\/wordpress\/plugins\/seo\/ -->\n<title>El Ayuntamiento de Los Llanos de Aridane lanza un calendario solidario sobre la vestimenta tradicional canaria - Ayuntamiento de Los Llanos de Aridane<\/title>\n<meta name=\"robots\" content=\"index, follow, max-snippet:-1, max-image-preview:large, max-video-preview:-1\" \/>\n<link rel=\"canonical\" href=\"https:\/\/www.aridane.org\/city\/2025\/12\/17\/el-ayuntamiento-de-los-llanos-de-aridane-lanza-un-calendario-solidario-sobre-la-vestimenta-tradicional-canaria\/\" \/>\n<meta property=\"og:locale\" content=\"es_ES\" \/>\n<meta property=\"og:type\" content=\"article\" \/>\n<meta property=\"og:title\" content=\"El Ayuntamiento de Los Llanos de Aridane lanza un calendario solidario sobre la vestimenta tradicional canaria - Ayuntamiento de Los Llanos de Aridane\" \/>\n<meta property=\"og:description\" content=\"Todo lo recaudado se destinar\u00e1 al alumnado de las Aulas Enclave de La Palma\" \/>\n<meta property=\"og:url\" content=\"https:\/\/www.aridane.org\/city\/2025\/12\/17\/el-ayuntamiento-de-los-llanos-de-aridane-lanza-un-calendario-solidario-sobre-la-vestimenta-tradicional-canaria\/\" \/>\n<meta property=\"og:site_name\" content=\"Ayuntamiento de Los Llanos de Aridane\" \/>\n<meta property=\"article:published_time\" content=\"2025-12-17T10:23:06+00:00\" \/>\n<meta property=\"article:modified_time\" content=\"2025-12-18T10:28:09+00:00\" \/>\n<meta property=\"og:image\" content=\"https:\/\/www.aridane.org\/city\/wp-content\/uploads\/2025\/12\/hq720.jpg\" \/>\n\t<meta property=\"og:image:width\" content=\"686\" \/>\n\t<meta property=\"og:image:height\" content=\"386\" \/>\n\t<meta property=\"og:image:type\" content=\"image\/jpeg\" \/>\n<meta name=\"author\" content=\"Corresponsal\" \/>\n<meta name=\"twitter:card\" content=\"summary_large_image\" \/>\n<meta name=\"twitter:label1\" content=\"Escrito por\" \/>\n\t<meta name=\"twitter:data1\" content=\"Corresponsal\" \/>\n\t<meta name=\"twitter:label2\" content=\"Tiempo de lectura\" \/>\n\t<meta name=\"twitter:data2\" content=\"3 minutos\" \/>\n<script type=\"application\/ld+json\" class=\"yoast-schema-graph\">{\"@context\":\"https:\/\/schema.org\",\"@graph\":[{\"@type\":\"WebPage\",\"@id\":\"https:\/\/www.aridane.org\/city\/2025\/12\/17\/el-ayuntamiento-de-los-llanos-de-aridane-lanza-un-calendario-solidario-sobre-la-vestimenta-tradicional-canaria\/\",\"url\":\"https:\/\/www.aridane.org\/city\/2025\/12\/17\/el-ayuntamiento-de-los-llanos-de-aridane-lanza-un-calendario-solidario-sobre-la-vestimenta-tradicional-canaria\/\",\"name\":\"El Ayuntamiento de Los Llanos de Aridane lanza un calendario solidario sobre la vestimenta tradicional canaria - Ayuntamiento de Los Llanos de Aridane\",\"isPartOf\":{\"@id\":\"https:\/\/www.aridane.org\/city\/#website\"},\"primaryImageOfPage\":{\"@id\":\"https:\/\/www.aridane.org\/city\/2025\/12\/17\/el-ayuntamiento-de-los-llanos-de-aridane-lanza-un-calendario-solidario-sobre-la-vestimenta-tradicional-canaria\/#primaryimage\"},\"image\":{\"@id\":\"https:\/\/www.aridane.org\/city\/2025\/12\/17\/el-ayuntamiento-de-los-llanos-de-aridane-lanza-un-calendario-solidario-sobre-la-vestimenta-tradicional-canaria\/#primaryimage\"},\"thumbnailUrl\":\"https:\/\/www.aridane.org\/city\/wp-content\/uploads\/2025\/12\/hq720.jpg\",\"datePublished\":\"2025-12-17T10:23:06+00:00\",\"dateModified\":\"2025-12-18T10:28:09+00:00\",\"author\":{\"@id\":\"https:\/\/www.aridane.org\/city\/#\/schema\/person\/89ebd376b223dc94cc1dbcf200c8e6da\"},\"breadcrumb\":{\"@id\":\"https:\/\/www.aridane.org\/city\/2025\/12\/17\/el-ayuntamiento-de-los-llanos-de-aridane-lanza-un-calendario-solidario-sobre-la-vestimenta-tradicional-canaria\/#breadcrumb\"},\"inLanguage\":\"es\",\"potentialAction\":[{\"@type\":\"ReadAction\",\"target\":[\"https:\/\/www.aridane.org\/city\/2025\/12\/17\/el-ayuntamiento-de-los-llanos-de-aridane-lanza-un-calendario-solidario-sobre-la-vestimenta-tradicional-canaria\/\"]}]},{\"@type\":\"ImageObject\",\"inLanguage\":\"es\",\"@id\":\"https:\/\/www.aridane.org\/city\/2025\/12\/17\/el-ayuntamiento-de-los-llanos-de-aridane-lanza-un-calendario-solidario-sobre-la-vestimenta-tradicional-canaria\/#primaryimage\",\"url\":\"https:\/\/www.aridane.org\/city\/wp-content\/uploads\/2025\/12\/hq720.jpg\",\"contentUrl\":\"https:\/\/www.aridane.org\/city\/wp-content\/uploads\/2025\/12\/hq720.jpg\",\"width\":686,\"height\":386},{\"@type\":\"BreadcrumbList\",\"@id\":\"https:\/\/www.aridane.org\/city\/2025\/12\/17\/el-ayuntamiento-de-los-llanos-de-aridane-lanza-un-calendario-solidario-sobre-la-vestimenta-tradicional-canaria\/#breadcrumb\",\"itemListElement\":[{\"@type\":\"ListItem\",\"position\":1,\"name\":\"Portada\",\"item\":\"https:\/\/www.aridane.org\/city\/\"},{\"@type\":\"ListItem\",\"position\":2,\"name\":\"El Ayuntamiento de Los Llanos de Aridane lanza un calendario solidario sobre la vestimenta tradicional canaria\"}]},{\"@type\":\"WebSite\",\"@id\":\"https:\/\/www.aridane.org\/city\/#website\",\"url\":\"https:\/\/www.aridane.org\/city\/\",\"name\":\"Ayuntamiento de Los Llanos de Aridane\",\"description\":\"\",\"potentialAction\":[{\"@type\":\"SearchAction\",\"target\":{\"@type\":\"EntryPoint\",\"urlTemplate\":\"https:\/\/www.aridane.org\/city\/?s={search_term_string}\"},\"query-input\":\"required name=search_term_string\"}],\"inLanguage\":\"es\"},{\"@type\":\"Person\",\"@id\":\"https:\/\/www.aridane.org\/city\/#\/schema\/person\/89ebd376b223dc94cc1dbcf200c8e6da\",\"name\":\"Corresponsal\",\"image\":{\"@type\":\"ImageObject\",\"inLanguage\":\"es\",\"@id\":\"https:\/\/www.aridane.org\/city\/#\/schema\/person\/image\/\",\"url\":\"https:\/\/secure.gravatar.com\/avatar\/1c476992411e4ccf153da63b2b2f5ea0bb4cb1c85f3ceab8512f04325ad5579c?s=96&d=mm&r=g\",\"contentUrl\":\"https:\/\/secure.gravatar.com\/avatar\/1c476992411e4ccf153da63b2b2f5ea0bb4cb1c85f3ceab8512f04325ad5579c?s=96&d=mm&r=g\",\"caption\":\"Corresponsal\"},\"url\":\"https:\/\/www.aridane.org\/city\/author\/corresponsal\/\"}]}<\/script>\n<!-- \/ Yoast SEO plugin. -->","yoast_head_json":{"title":"El Ayuntamiento de Los Llanos de Aridane lanza un calendario solidario sobre la vestimenta tradicional canaria - Ayuntamiento de Los Llanos de Aridane","robots":{"index":"index","follow":"follow","max-snippet":"max-snippet:-1","max-image-preview":"max-image-preview:large","max-video-preview":"max-video-preview:-1"},"canonical":"https:\/\/www.aridane.org\/city\/2025\/12\/17\/el-ayuntamiento-de-los-llanos-de-aridane-lanza-un-calendario-solidario-sobre-la-vestimenta-tradicional-canaria\/","og_locale":"es_ES","og_type":"article","og_title":"El Ayuntamiento de Los Llanos de Aridane lanza un calendario solidario sobre la vestimenta tradicional canaria - Ayuntamiento de Los Llanos de Aridane","og_description":"Todo lo recaudado se destinar\u00e1 al alumnado de las Aulas Enclave de La Palma","og_url":"https:\/\/www.aridane.org\/city\/2025\/12\/17\/el-ayuntamiento-de-los-llanos-de-aridane-lanza-un-calendario-solidario-sobre-la-vestimenta-tradicional-canaria\/","og_site_name":"Ayuntamiento de Los Llanos de Aridane","article_published_time":"2025-12-17T10:23:06+00:00","article_modified_time":"2025-12-18T10:28:09+00:00","og_image":[{"width":686,"height":386,"url":"https:\/\/www.aridane.org\/city\/wp-content\/uploads\/2025\/12\/hq720.jpg","type":"image\/jpeg"}],"author":"Corresponsal","twitter_card":"summary_large_image","twitter_misc":{"Escrito por":"Corresponsal","Tiempo de lectura":"3 minutos"},"schema":{"@context":"https:\/\/schema.org","@graph":[{"@type":"WebPage","@id":"https:\/\/www.aridane.org\/city\/2025\/12\/17\/el-ayuntamiento-de-los-llanos-de-aridane-lanza-un-calendario-solidario-sobre-la-vestimenta-tradicional-canaria\/","url":"https:\/\/www.aridane.org\/city\/2025\/12\/17\/el-ayuntamiento-de-los-llanos-de-aridane-lanza-un-calendario-solidario-sobre-la-vestimenta-tradicional-canaria\/","name":"El Ayuntamiento de Los Llanos de Aridane lanza un calendario solidario sobre la vestimenta tradicional canaria - Ayuntamiento de Los Llanos de Aridane","isPartOf":{"@id":"https:\/\/www.aridane.org\/city\/#website"},"primaryImageOfPage":{"@id":"https:\/\/www.aridane.org\/city\/2025\/12\/17\/el-ayuntamiento-de-los-llanos-de-aridane-lanza-un-calendario-solidario-sobre-la-vestimenta-tradicional-canaria\/#primaryimage"},"image":{"@id":"https:\/\/www.aridane.org\/city\/2025\/12\/17\/el-ayuntamiento-de-los-llanos-de-aridane-lanza-un-calendario-solidario-sobre-la-vestimenta-tradicional-canaria\/#primaryimage"},"thumbnailUrl":"https:\/\/www.aridane.org\/city\/wp-content\/uploads\/2025\/12\/hq720.jpg","datePublished":"2025-12-17T10:23:06+00:00","dateModified":"2025-12-18T10:28:09+00:00","author":{"@id":"https:\/\/www.aridane.org\/city\/#\/schema\/person\/89ebd376b223dc94cc1dbcf200c8e6da"},"breadcrumb":{"@id":"https:\/\/www.aridane.org\/city\/2025\/12\/17\/el-ayuntamiento-de-los-llanos-de-aridane-lanza-un-calendario-solidario-sobre-la-vestimenta-tradicional-canaria\/#breadcrumb"},"inLanguage":"es","potentialAction":[{"@type":"ReadAction","target":["https:\/\/www.aridane.org\/city\/2025\/12\/17\/el-ayuntamiento-de-los-llanos-de-aridane-lanza-un-calendario-solidario-sobre-la-vestimenta-tradicional-canaria\/"]}]},{"@type":"ImageObject","inLanguage":"es","@id":"https:\/\/www.aridane.org\/city\/2025\/12\/17\/el-ayuntamiento-de-los-llanos-de-aridane-lanza-un-calendario-solidario-sobre-la-vestimenta-tradicional-canaria\/#primaryimage","url":"https:\/\/www.aridane.org\/city\/wp-content\/uploads\/2025\/12\/hq720.jpg","contentUrl":"https:\/\/www.aridane.org\/city\/wp-content\/uploads\/2025\/12\/hq720.jpg","width":686,"height":386},{"@type":"BreadcrumbList","@id":"https:\/\/www.aridane.org\/city\/2025\/12\/17\/el-ayuntamiento-de-los-llanos-de-aridane-lanza-un-calendario-solidario-sobre-la-vestimenta-tradicional-canaria\/#breadcrumb","itemListElement":[{"@type":"ListItem","position":1,"name":"Portada","item":"https:\/\/www.aridane.org\/city\/"},{"@type":"ListItem","position":2,"name":"El Ayuntamiento de Los Llanos de Aridane lanza un calendario solidario sobre la vestimenta tradicional canaria"}]},{"@type":"WebSite","@id":"https:\/\/www.aridane.org\/city\/#website","url":"https:\/\/www.aridane.org\/city\/","name":"Ayuntamiento de Los Llanos de Aridane","description":"","potentialAction":[{"@type":"SearchAction","target":{"@type":"EntryPoint","urlTemplate":"https:\/\/www.aridane.org\/city\/?s={search_term_string}"},"query-input":"required name=search_term_string"}],"inLanguage":"es"},{"@type":"Person","@id":"https:\/\/www.aridane.org\/city\/#\/schema\/person\/89ebd376b223dc94cc1dbcf200c8e6da","name":"Corresponsal","image":{"@type":"ImageObject","inLanguage":"es","@id":"https:\/\/www.aridane.org\/city\/#\/schema\/person\/image\/","url":"https:\/\/secure.gravatar.com\/avatar\/1c476992411e4ccf153da63b2b2f5ea0bb4cb1c85f3ceab8512f04325ad5579c?s=96&d=mm&r=g","contentUrl":"https:\/\/secure.gravatar.com\/avatar\/1c476992411e4ccf153da63b2b2f5ea0bb4cb1c85f3ceab8512f04325ad5579c?s=96&d=mm&r=g","caption":"Corresponsal"},"url":"https:\/\/www.aridane.org\/city\/author\/corresponsal\/"}]}},"_links":{"self":[{"href":"https:\/\/www.aridane.org\/city\/wp-json\/wp\/v2\/posts\/4944","targetHints":{"allow":["GET"]}}],"collection":[{"href":"https:\/\/www.aridane.org\/city\/wp-json\/wp\/v2\/posts"}],"about":[{"href":"https:\/\/www.aridane.org\/city\/wp-json\/wp\/v2\/types\/post"}],"author":[{"embeddable":true,"href":"https:\/\/www.aridane.org\/city\/wp-json\/wp\/v2\/users\/4"}],"replies":[{"embeddable":true,"href":"https:\/\/www.aridane.org\/city\/wp-json\/wp\/v2\/comments?post=4944"}],"version-history":[{"count":1,"href":"https:\/\/www.aridane.org\/city\/wp-json\/wp\/v2\/posts\/4944\/revisions"}],"predecessor-version":[{"id":4945,"href":"https:\/\/www.aridane.org\/city\/wp-json\/wp\/v2\/posts\/4944\/revisions\/4945"}],"wp:featuredmedia":[{"embeddable":true,"href":"https:\/\/www.aridane.org\/city\/wp-json\/wp\/v2\/media\/4946"}],"wp:attachment":[{"href":"https:\/\/www.aridane.org\/city\/wp-json\/wp\/v2\/media?parent=4944"}],"wp:term":[{"taxonomy":"category","embeddable":true,"href":"https:\/\/www.aridane.org\/city\/wp-json\/wp\/v2\/categories?post=4944"},{"taxonomy":"post_tag","embeddable":true,"href":"https:\/\/www.aridane.org\/city\/wp-json\/wp\/v2\/tags?post=4944"}],"curies":[{"name":"wp","href":"https:\/\/api.w.org\/{rel}","templated":true}]}}