{"id":4947,"date":"2025-12-17T10:28:32","date_gmt":"2025-12-17T10:28:32","guid":{"rendered":"https:\/\/www.aridane.org\/city\/?p=4947"},"modified":"2025-12-18T10:29:32","modified_gmt":"2025-12-18T10:29:32","slug":"los-llanos-de-aridane-recupera-el-belen-viviente-de-montana-tenisca","status":"publish","type":"post","link":"https:\/\/www.aridane.org\/city\/2025\/12\/17\/los-llanos-de-aridane-recupera-el-belen-viviente-de-montana-tenisca\/","title":{"rendered":"Los Llanos de Aridane recupera el bel\u00e9n viviente de Monta\u00f1a Tenisca"},"content":{"rendered":"<p><em>El proyecto, dirigido por Rosana Gonz\u00e1lez, cuenta con la implicaci\u00f3n activa del vecindario, la Asociaci\u00f3n de Vecinos de Monta\u00f1a Tenisca y la colaboraci\u00f3n de la Concejal\u00eda de Cultura<\/em><!--more--><\/p>\n<div id=\"v1forwardbody1\">\n<p>El Ayuntamiento de Los Llanos de Aridane, de la mano con los vecinos y las vecinas de Monta\u00f1a Tenisca, recupera uno de sus s\u00edmbolos navide\u00f1os m\u00e1s singulares: el bel\u00e9n viviente del barrio, que tendr\u00e1 lugar el martes, 23 de diciembre, a partir de las 20:30 horas.<\/p>\n<p>La concejal de Cultura, Marlene Gonz\u00e1lez, explica que se trata de \u201cuna tradici\u00f3n que hace tres d\u00e9cadas fue referente en el municipio y que vuelve a cobrar vida gracias al trabajo colectivo de vecinos y vecinas\u201d.<\/p>\n<p>El proyecto, dirigido por la licenciada en arte dram\u00e1tico, Rosana Gonz\u00e1lez, cuenta con la implicaci\u00f3n activa del vecindario, la Asociaci\u00f3n de Vecinos de Monta\u00f1a Tenisca y la colaboraci\u00f3n del Ayuntamiento. \u201cLa iniciativa tiene la vocaci\u00f3n de convertirse nuevamente en un referente navide\u00f1o del municipio\u201d, asegura la concejala.<\/p>\n<p>El bel\u00e9n viviente de Monta\u00f1a Tenisca destac\u00f3 hist\u00f3ricamente por una puesta en escena singular, que transformaba la monta\u00f1a anexa a la plaza en un conjunto de peque\u00f1as casitas donde se situaban los distintos personajes. Estas estructuras han sido restauradas para esta edici\u00f3n, recuperando adem\u00e1s el tradicional recorrido de la estrella sobre el pesebre, uno de los elementos m\u00e1s emblem\u00e1ticos del bel\u00e9n.<\/p>\n<p>El espacio ha experimentado diferentes mejoras que permiten ampliar la representaci\u00f3n, incorporando un texto cuidado, una ambientaci\u00f3n acorde a la \u00e9poca y una mayor presencia de personajes en escena. M\u00e1s de una veintena de personas participan en esta recreaci\u00f3n, que se materializa tras un a\u00f1o de trabajo y preparaci\u00f3n.<\/p>\n<p>La jornada del pr\u00f3ximo 23 de diciembre incluye la celebraci\u00f3n de una misa, la representaci\u00f3n del bel\u00e9n y una recogida de alimentos no perecederos destinados a C\u00e1ritas.<\/p>\n<\/div>\n","protected":false},"excerpt":{"rendered":"<p>El proyecto, dirigido por Rosana Gonz\u00e1lez, cuenta con la implicaci\u00f3n activa del vecindario, la Asociaci\u00f3n de Vecinos de Monta\u00f1a Tenisca y la colaboraci\u00f3n de la Concejal\u00eda de Cultura<\/p>\n","protected":false},"author":4,"featured_media":4948,"comment_status":"open","ping_status":"open","sticky":false,"template":"","format":"standard","meta":{"footnotes":""},"categories":[1],"tags":[],"class_list":["post-4947","post","type-post","status-publish","format-standard","has-post-thumbnail","hentry","category-sin-categoria"],"yoast_head":"<!-- This site is optimized with the Yoast SEO plugin v22.7 - https:\/\/yoast.com\/wordpress\/plugins\/seo\/ -->\n<title>Los Llanos de Aridane recupera el bel\u00e9n viviente de Monta\u00f1a Tenisca - Ayuntamiento de Los Llanos de Aridane<\/title>\n<meta name=\"robots\" content=\"index, follow, max-snippet:-1, max-image-preview:large, max-video-preview:-1\" \/>\n<link rel=\"canonical\" href=\"https:\/\/www.aridane.org\/city\/2025\/12\/17\/los-llanos-de-aridane-recupera-el-belen-viviente-de-montana-tenisca\/\" \/>\n<meta property=\"og:locale\" content=\"es_ES\" \/>\n<meta property=\"og:type\" content=\"article\" \/>\n<meta property=\"og:title\" content=\"Los Llanos de Aridane recupera el bel\u00e9n viviente de Monta\u00f1a Tenisca - Ayuntamiento de Los Llanos de Aridane\" \/>\n<meta property=\"og:description\" content=\"El proyecto, dirigido por Rosana Gonz\u00e1lez, cuenta con la implicaci\u00f3n activa del vecindario, la Asociaci\u00f3n de Vecinos de Monta\u00f1a Tenisca y la colaboraci\u00f3n de la Concejal\u00eda de Cultura\" \/>\n<meta property=\"og:url\" content=\"https:\/\/www.aridane.org\/city\/2025\/12\/17\/los-llanos-de-aridane-recupera-el-belen-viviente-de-montana-tenisca\/\" \/>\n<meta property=\"og:site_name\" content=\"Ayuntamiento de Los Llanos de Aridane\" \/>\n<meta property=\"article:published_time\" content=\"2025-12-17T10:28:32+00:00\" \/>\n<meta property=\"article:modified_time\" content=\"2025-12-18T10:29:32+00:00\" \/>\n<meta property=\"og:image\" content=\"https:\/\/www.aridane.org\/city\/wp-content\/uploads\/2025\/12\/Belen-Viviente.jpeg\" \/>\n\t<meta property=\"og:image:width\" content=\"905\" \/>\n\t<meta property=\"og:image:height\" content=\"1280\" \/>\n\t<meta property=\"og:image:type\" content=\"image\/jpeg\" \/>\n<meta name=\"author\" content=\"Corresponsal\" \/>\n<meta name=\"twitter:card\" content=\"summary_large_image\" \/>\n<meta name=\"twitter:label1\" content=\"Escrito por\" \/>\n\t<meta name=\"twitter:data1\" content=\"Corresponsal\" \/>\n\t<meta name=\"twitter:label2\" content=\"Tiempo de lectura\" \/>\n\t<meta name=\"twitter:data2\" content=\"2 minutos\" \/>\n<script type=\"application\/ld+json\" class=\"yoast-schema-graph\">{\"@context\":\"https:\/\/schema.org\",\"@graph\":[{\"@type\":\"WebPage\",\"@id\":\"https:\/\/www.aridane.org\/city\/2025\/12\/17\/los-llanos-de-aridane-recupera-el-belen-viviente-de-montana-tenisca\/\",\"url\":\"https:\/\/www.aridane.org\/city\/2025\/12\/17\/los-llanos-de-aridane-recupera-el-belen-viviente-de-montana-tenisca\/\",\"name\":\"Los Llanos de Aridane recupera el bel\u00e9n viviente de Monta\u00f1a Tenisca - Ayuntamiento de Los Llanos de Aridane\",\"isPartOf\":{\"@id\":\"https:\/\/www.aridane.org\/city\/#website\"},\"primaryImageOfPage\":{\"@id\":\"https:\/\/www.aridane.org\/city\/2025\/12\/17\/los-llanos-de-aridane-recupera-el-belen-viviente-de-montana-tenisca\/#primaryimage\"},\"image\":{\"@id\":\"https:\/\/www.aridane.org\/city\/2025\/12\/17\/los-llanos-de-aridane-recupera-el-belen-viviente-de-montana-tenisca\/#primaryimage\"},\"thumbnailUrl\":\"https:\/\/www.aridane.org\/city\/wp-content\/uploads\/2025\/12\/Belen-Viviente.jpeg\",\"datePublished\":\"2025-12-17T10:28:32+00:00\",\"dateModified\":\"2025-12-18T10:29:32+00:00\",\"author\":{\"@id\":\"https:\/\/www.aridane.org\/city\/#\/schema\/person\/89ebd376b223dc94cc1dbcf200c8e6da\"},\"breadcrumb\":{\"@id\":\"https:\/\/www.aridane.org\/city\/2025\/12\/17\/los-llanos-de-aridane-recupera-el-belen-viviente-de-montana-tenisca\/#breadcrumb\"},\"inLanguage\":\"es\",\"potentialAction\":[{\"@type\":\"ReadAction\",\"target\":[\"https:\/\/www.aridane.org\/city\/2025\/12\/17\/los-llanos-de-aridane-recupera-el-belen-viviente-de-montana-tenisca\/\"]}]},{\"@type\":\"ImageObject\",\"inLanguage\":\"es\",\"@id\":\"https:\/\/www.aridane.org\/city\/2025\/12\/17\/los-llanos-de-aridane-recupera-el-belen-viviente-de-montana-tenisca\/#primaryimage\",\"url\":\"https:\/\/www.aridane.org\/city\/wp-content\/uploads\/2025\/12\/Belen-Viviente.jpeg\",\"contentUrl\":\"https:\/\/www.aridane.org\/city\/wp-content\/uploads\/2025\/12\/Belen-Viviente.jpeg\",\"width\":905,\"height\":1280},{\"@type\":\"BreadcrumbList\",\"@id\":\"https:\/\/www.aridane.org\/city\/2025\/12\/17\/los-llanos-de-aridane-recupera-el-belen-viviente-de-montana-tenisca\/#breadcrumb\",\"itemListElement\":[{\"@type\":\"ListItem\",\"position\":1,\"name\":\"Portada\",\"item\":\"https:\/\/www.aridane.org\/city\/\"},{\"@type\":\"ListItem\",\"position\":2,\"name\":\"Los Llanos de Aridane recupera el bel\u00e9n viviente de Monta\u00f1a Tenisca\"}]},{\"@type\":\"WebSite\",\"@id\":\"https:\/\/www.aridane.org\/city\/#website\",\"url\":\"https:\/\/www.aridane.org\/city\/\",\"name\":\"Ayuntamiento de Los Llanos de Aridane\",\"description\":\"\",\"potentialAction\":[{\"@type\":\"SearchAction\",\"target\":{\"@type\":\"EntryPoint\",\"urlTemplate\":\"https:\/\/www.aridane.org\/city\/?s={search_term_string}\"},\"query-input\":\"required name=search_term_string\"}],\"inLanguage\":\"es\"},{\"@type\":\"Person\",\"@id\":\"https:\/\/www.aridane.org\/city\/#\/schema\/person\/89ebd376b223dc94cc1dbcf200c8e6da\",\"name\":\"Corresponsal\",\"image\":{\"@type\":\"ImageObject\",\"inLanguage\":\"es\",\"@id\":\"https:\/\/www.aridane.org\/city\/#\/schema\/person\/image\/\",\"url\":\"https:\/\/secure.gravatar.com\/avatar\/1c476992411e4ccf153da63b2b2f5ea0bb4cb1c85f3ceab8512f04325ad5579c?s=96&d=mm&r=g\",\"contentUrl\":\"https:\/\/secure.gravatar.com\/avatar\/1c476992411e4ccf153da63b2b2f5ea0bb4cb1c85f3ceab8512f04325ad5579c?s=96&d=mm&r=g\",\"caption\":\"Corresponsal\"},\"url\":\"https:\/\/www.aridane.org\/city\/author\/corresponsal\/\"}]}<\/script>\n<!-- \/ Yoast SEO plugin. -->","yoast_head_json":{"title":"Los Llanos de Aridane recupera el bel\u00e9n viviente de Monta\u00f1a Tenisca - Ayuntamiento de Los Llanos de Aridane","robots":{"index":"index","follow":"follow","max-snippet":"max-snippet:-1","max-image-preview":"max-image-preview:large","max-video-preview":"max-video-preview:-1"},"canonical":"https:\/\/www.aridane.org\/city\/2025\/12\/17\/los-llanos-de-aridane-recupera-el-belen-viviente-de-montana-tenisca\/","og_locale":"es_ES","og_type":"article","og_title":"Los Llanos de Aridane recupera el bel\u00e9n viviente de Monta\u00f1a Tenisca - Ayuntamiento de Los Llanos de Aridane","og_description":"El proyecto, dirigido por Rosana Gonz\u00e1lez, cuenta con la implicaci\u00f3n activa del vecindario, la Asociaci\u00f3n de Vecinos de Monta\u00f1a Tenisca y la colaboraci\u00f3n de la Concejal\u00eda de Cultura","og_url":"https:\/\/www.aridane.org\/city\/2025\/12\/17\/los-llanos-de-aridane-recupera-el-belen-viviente-de-montana-tenisca\/","og_site_name":"Ayuntamiento de Los Llanos de Aridane","article_published_time":"2025-12-17T10:28:32+00:00","article_modified_time":"2025-12-18T10:29:32+00:00","og_image":[{"width":905,"height":1280,"url":"https:\/\/www.aridane.org\/city\/wp-content\/uploads\/2025\/12\/Belen-Viviente.jpeg","type":"image\/jpeg"}],"author":"Corresponsal","twitter_card":"summary_large_image","twitter_misc":{"Escrito por":"Corresponsal","Tiempo de lectura":"2 minutos"},"schema":{"@context":"https:\/\/schema.org","@graph":[{"@type":"WebPage","@id":"https:\/\/www.aridane.org\/city\/2025\/12\/17\/los-llanos-de-aridane-recupera-el-belen-viviente-de-montana-tenisca\/","url":"https:\/\/www.aridane.org\/city\/2025\/12\/17\/los-llanos-de-aridane-recupera-el-belen-viviente-de-montana-tenisca\/","name":"Los Llanos de Aridane recupera el bel\u00e9n viviente de Monta\u00f1a Tenisca - Ayuntamiento de Los Llanos de Aridane","isPartOf":{"@id":"https:\/\/www.aridane.org\/city\/#website"},"primaryImageOfPage":{"@id":"https:\/\/www.aridane.org\/city\/2025\/12\/17\/los-llanos-de-aridane-recupera-el-belen-viviente-de-montana-tenisca\/#primaryimage"},"image":{"@id":"https:\/\/www.aridane.org\/city\/2025\/12\/17\/los-llanos-de-aridane-recupera-el-belen-viviente-de-montana-tenisca\/#primaryimage"},"thumbnailUrl":"https:\/\/www.aridane.org\/city\/wp-content\/uploads\/2025\/12\/Belen-Viviente.jpeg","datePublished":"2025-12-17T10:28:32+00:00","dateModified":"2025-12-18T10:29:32+00:00","author":{"@id":"https:\/\/www.aridane.org\/city\/#\/schema\/person\/89ebd376b223dc94cc1dbcf200c8e6da"},"breadcrumb":{"@id":"https:\/\/www.aridane.org\/city\/2025\/12\/17\/los-llanos-de-aridane-recupera-el-belen-viviente-de-montana-tenisca\/#breadcrumb"},"inLanguage":"es","potentialAction":[{"@type":"ReadAction","target":["https:\/\/www.aridane.org\/city\/2025\/12\/17\/los-llanos-de-aridane-recupera-el-belen-viviente-de-montana-tenisca\/"]}]},{"@type":"ImageObject","inLanguage":"es","@id":"https:\/\/www.aridane.org\/city\/2025\/12\/17\/los-llanos-de-aridane-recupera-el-belen-viviente-de-montana-tenisca\/#primaryimage","url":"https:\/\/www.aridane.org\/city\/wp-content\/uploads\/2025\/12\/Belen-Viviente.jpeg","contentUrl":"https:\/\/www.aridane.org\/city\/wp-content\/uploads\/2025\/12\/Belen-Viviente.jpeg","width":905,"height":1280},{"@type":"BreadcrumbList","@id":"https:\/\/www.aridane.org\/city\/2025\/12\/17\/los-llanos-de-aridane-recupera-el-belen-viviente-de-montana-tenisca\/#breadcrumb","itemListElement":[{"@type":"ListItem","position":1,"name":"Portada","item":"https:\/\/www.aridane.org\/city\/"},{"@type":"ListItem","position":2,"name":"Los Llanos de Aridane recupera el bel\u00e9n viviente de Monta\u00f1a Tenisca"}]},{"@type":"WebSite","@id":"https:\/\/www.aridane.org\/city\/#website","url":"https:\/\/www.aridane.org\/city\/","name":"Ayuntamiento de Los Llanos de Aridane","description":"","potentialAction":[{"@type":"SearchAction","target":{"@type":"EntryPoint","urlTemplate":"https:\/\/www.aridane.org\/city\/?s={search_term_string}"},"query-input":"required name=search_term_string"}],"inLanguage":"es"},{"@type":"Person","@id":"https:\/\/www.aridane.org\/city\/#\/schema\/person\/89ebd376b223dc94cc1dbcf200c8e6da","name":"Corresponsal","image":{"@type":"ImageObject","inLanguage":"es","@id":"https:\/\/www.aridane.org\/city\/#\/schema\/person\/image\/","url":"https:\/\/secure.gravatar.com\/avatar\/1c476992411e4ccf153da63b2b2f5ea0bb4cb1c85f3ceab8512f04325ad5579c?s=96&d=mm&r=g","contentUrl":"https:\/\/secure.gravatar.com\/avatar\/1c476992411e4ccf153da63b2b2f5ea0bb4cb1c85f3ceab8512f04325ad5579c?s=96&d=mm&r=g","caption":"Corresponsal"},"url":"https:\/\/www.aridane.org\/city\/author\/corresponsal\/"}]}},"_links":{"self":[{"href":"https:\/\/www.aridane.org\/city\/wp-json\/wp\/v2\/posts\/4947","targetHints":{"allow":["GET"]}}],"collection":[{"href":"https:\/\/www.aridane.org\/city\/wp-json\/wp\/v2\/posts"}],"about":[{"href":"https:\/\/www.aridane.org\/city\/wp-json\/wp\/v2\/types\/post"}],"author":[{"embeddable":true,"href":"https:\/\/www.aridane.org\/city\/wp-json\/wp\/v2\/users\/4"}],"replies":[{"embeddable":true,"href":"https:\/\/www.aridane.org\/city\/wp-json\/wp\/v2\/comments?post=4947"}],"version-history":[{"count":1,"href":"https:\/\/www.aridane.org\/city\/wp-json\/wp\/v2\/posts\/4947\/revisions"}],"predecessor-version":[{"id":4949,"href":"https:\/\/www.aridane.org\/city\/wp-json\/wp\/v2\/posts\/4947\/revisions\/4949"}],"wp:featuredmedia":[{"embeddable":true,"href":"https:\/\/www.aridane.org\/city\/wp-json\/wp\/v2\/media\/4948"}],"wp:attachment":[{"href":"https:\/\/www.aridane.org\/city\/wp-json\/wp\/v2\/media?parent=4947"}],"wp:term":[{"taxonomy":"category","embeddable":true,"href":"https:\/\/www.aridane.org\/city\/wp-json\/wp\/v2\/categories?post=4947"},{"taxonomy":"post_tag","embeddable":true,"href":"https:\/\/www.aridane.org\/city\/wp-json\/wp\/v2\/tags?post=4947"}],"curies":[{"name":"wp","href":"https:\/\/api.w.org\/{rel}","templated":true}]}}