{"id":4950,"date":"2025-12-16T10:32:25","date_gmt":"2025-12-16T10:32:25","guid":{"rendered":"https:\/\/www.aridane.org\/city\/?p=4950"},"modified":"2025-12-18T10:33:32","modified_gmt":"2025-12-18T10:33:32","slug":"papa-noel-recorrera-los-llanos-de-aridane-por-primera-vez-para-empezar-la-navidad","status":"publish","type":"post","link":"https:\/\/www.aridane.org\/city\/2025\/12\/16\/papa-noel-recorrera-los-llanos-de-aridane-por-primera-vez-para-empezar-la-navidad\/","title":{"rendered":"Pap\u00e1 Noel recorrer\u00e1 Los Llanos de Aridane por primera vez para empezar la Navidad"},"content":{"rendered":"<p><em>El evento se celebrar\u00e1 los pr\u00f3ximos 19 y 20 de diciembre, y contar\u00e1 con actividades para todos los p\u00fablicos\u00a0<\/em><!--more--><\/p>\n<p>El Ayuntamiento de Los Llanos de Aridane, a trav\u00e9s de su Concejal\u00eda de Comercio, da la bienvenida a la Navidad con la I Marcha de Noel, un evento que contar\u00e1 con actividades para todos los p\u00fablicos y que se celebrar\u00e1 los pr\u00f3ximos d\u00edas 19 y 20 de diciembre en la zona centro del municipio.<\/p>\n<p>La concejala del \u00e1rea, Ver\u00f3nica Gonz\u00e1lez, invita a la ciudadan\u00eda a disfrutar de esta actividad \u201cque dar\u00e1 el pistoletazo de salida a unos d\u00edas de magia e ilusi\u00f3n\u201d. \u201cSe trata de una velada perfecta para salir a las calles y disfrutar en familia, aprovechando tambi\u00e9n para realizar esas compras navide\u00f1as de \u00faltima hora\u201d, comenta la concejala.<\/p>\n<p>Por otro lado, Gonz\u00e1lez agradece a las entidades colaboradoras su apoyo, \u201cya que de lo contrario, no ser\u00eda posible llevar a cabo este evento con un programa tan nutrido y variado de actividades\u201d.<\/p>\n<h2><strong>Una bienvenida a la Navidad por todo lo alto<\/strong><\/h2>\n<p>La I Marcha de Noel comienza el viernes 19 a partir de las 17:30 horas en la zona de las letras con el taller navide\u00f1o infantil, donde los m\u00e1s peque\u00f1os podr\u00e1n crear su carta a Pap\u00e1 Noel con su certificado oficial, que podr\u00e1n entregar al finalizar el desfile. Esta actividad se retomar\u00e1 el s\u00e1bado 20 desde las 11:00 horas en la plaza de Espa\u00f1a.<\/p>\n<p>El plato fuerte tendr\u00e1 lugar en la tarde del s\u00e1bado 20 con la marcha triunfal de Pap\u00e1 Noel, que comenzar\u00e1 su recorrido por la Calle Real a las 19:00 horas, pasando por las avenidas Venezuela, Carlos Francisco Lorenzo Navarro y Doctor Fleming, finalizando en la plaza de Espa\u00f1a.<\/p>\n<p>Una vez terminado el desfile, en torno a las 20:30 horas, tendr\u00e1 lugar en la plaza de Espa\u00f1a la entrega oficial de cartas a Pap\u00e1 Noel en el photocall navide\u00f1o, amenizado por la actuaci\u00f3n de la coral Awara y el grupo de baile Stereo Studio Dance.<\/p>\n<p>Posteriormente, ser\u00e1 el turno para el show del payaso Pantorrilla y la tradicional chocolatada con magdalenas a cargo\u00a0 del food truck de Spar, con pintacaras y talleres navide\u00f1os en distintas ubicaciones de la zona centro.<\/p>\n","protected":false},"excerpt":{"rendered":"<p>El evento se celebrar\u00e1 los pr\u00f3ximos 19 y 20 de diciembre, y contar\u00e1 con actividades para todos los p\u00fablicos\u00a0<\/p>\n","protected":false},"author":4,"featured_media":4951,"comment_status":"open","ping_status":"open","sticky":false,"template":"","format":"standard","meta":{"footnotes":""},"categories":[1],"tags":[],"class_list":["post-4950","post","type-post","status-publish","format-standard","has-post-thumbnail","hentry","category-sin-categoria"],"yoast_head":"<!-- This site is optimized with the Yoast SEO plugin v22.7 - https:\/\/yoast.com\/wordpress\/plugins\/seo\/ -->\n<title>Pap\u00e1 Noel recorrer\u00e1 Los Llanos de Aridane por primera vez para empezar la Navidad - Ayuntamiento de Los Llanos de Aridane<\/title>\n<meta name=\"robots\" content=\"index, follow, max-snippet:-1, max-image-preview:large, max-video-preview:-1\" \/>\n<link rel=\"canonical\" href=\"https:\/\/www.aridane.org\/city\/2025\/12\/16\/papa-noel-recorrera-los-llanos-de-aridane-por-primera-vez-para-empezar-la-navidad\/\" \/>\n<meta property=\"og:locale\" content=\"es_ES\" \/>\n<meta property=\"og:type\" content=\"article\" \/>\n<meta property=\"og:title\" content=\"Pap\u00e1 Noel recorrer\u00e1 Los Llanos de Aridane por primera vez para empezar la Navidad - Ayuntamiento de Los Llanos de Aridane\" \/>\n<meta property=\"og:description\" content=\"El evento se celebrar\u00e1 los pr\u00f3ximos 19 y 20 de diciembre, y contar\u00e1 con actividades para todos los p\u00fablicos\u00a0\" \/>\n<meta property=\"og:url\" content=\"https:\/\/www.aridane.org\/city\/2025\/12\/16\/papa-noel-recorrera-los-llanos-de-aridane-por-primera-vez-para-empezar-la-navidad\/\" \/>\n<meta property=\"og:site_name\" content=\"Ayuntamiento de Los Llanos de Aridane\" \/>\n<meta property=\"article:published_time\" content=\"2025-12-16T10:32:25+00:00\" \/>\n<meta property=\"article:modified_time\" content=\"2025-12-18T10:33:32+00:00\" \/>\n<meta property=\"og:image\" content=\"https:\/\/www.aridane.org\/city\/wp-content\/uploads\/2025\/12\/NP-Marcha-Papa-Noel-scaled.jpeg\" \/>\n\t<meta property=\"og:image:width\" content=\"2560\" \/>\n\t<meta property=\"og:image:height\" content=\"1920\" \/>\n\t<meta property=\"og:image:type\" content=\"image\/jpeg\" \/>\n<meta name=\"author\" content=\"Corresponsal\" \/>\n<meta name=\"twitter:card\" content=\"summary_large_image\" \/>\n<meta name=\"twitter:label1\" content=\"Escrito por\" \/>\n\t<meta name=\"twitter:data1\" content=\"Corresponsal\" \/>\n\t<meta name=\"twitter:label2\" content=\"Tiempo de lectura\" \/>\n\t<meta name=\"twitter:data2\" content=\"2 minutos\" \/>\n<script type=\"application\/ld+json\" class=\"yoast-schema-graph\">{\"@context\":\"https:\/\/schema.org\",\"@graph\":[{\"@type\":\"WebPage\",\"@id\":\"https:\/\/www.aridane.org\/city\/2025\/12\/16\/papa-noel-recorrera-los-llanos-de-aridane-por-primera-vez-para-empezar-la-navidad\/\",\"url\":\"https:\/\/www.aridane.org\/city\/2025\/12\/16\/papa-noel-recorrera-los-llanos-de-aridane-por-primera-vez-para-empezar-la-navidad\/\",\"name\":\"Pap\u00e1 Noel recorrer\u00e1 Los Llanos de Aridane por primera vez para empezar la Navidad - Ayuntamiento de Los Llanos de Aridane\",\"isPartOf\":{\"@id\":\"https:\/\/www.aridane.org\/city\/#website\"},\"primaryImageOfPage\":{\"@id\":\"https:\/\/www.aridane.org\/city\/2025\/12\/16\/papa-noel-recorrera-los-llanos-de-aridane-por-primera-vez-para-empezar-la-navidad\/#primaryimage\"},\"image\":{\"@id\":\"https:\/\/www.aridane.org\/city\/2025\/12\/16\/papa-noel-recorrera-los-llanos-de-aridane-por-primera-vez-para-empezar-la-navidad\/#primaryimage\"},\"thumbnailUrl\":\"https:\/\/www.aridane.org\/city\/wp-content\/uploads\/2025\/12\/NP-Marcha-Papa-Noel-scaled.jpeg\",\"datePublished\":\"2025-12-16T10:32:25+00:00\",\"dateModified\":\"2025-12-18T10:33:32+00:00\",\"author\":{\"@id\":\"https:\/\/www.aridane.org\/city\/#\/schema\/person\/89ebd376b223dc94cc1dbcf200c8e6da\"},\"breadcrumb\":{\"@id\":\"https:\/\/www.aridane.org\/city\/2025\/12\/16\/papa-noel-recorrera-los-llanos-de-aridane-por-primera-vez-para-empezar-la-navidad\/#breadcrumb\"},\"inLanguage\":\"es\",\"potentialAction\":[{\"@type\":\"ReadAction\",\"target\":[\"https:\/\/www.aridane.org\/city\/2025\/12\/16\/papa-noel-recorrera-los-llanos-de-aridane-por-primera-vez-para-empezar-la-navidad\/\"]}]},{\"@type\":\"ImageObject\",\"inLanguage\":\"es\",\"@id\":\"https:\/\/www.aridane.org\/city\/2025\/12\/16\/papa-noel-recorrera-los-llanos-de-aridane-por-primera-vez-para-empezar-la-navidad\/#primaryimage\",\"url\":\"https:\/\/www.aridane.org\/city\/wp-content\/uploads\/2025\/12\/NP-Marcha-Papa-Noel-scaled.jpeg\",\"contentUrl\":\"https:\/\/www.aridane.org\/city\/wp-content\/uploads\/2025\/12\/NP-Marcha-Papa-Noel-scaled.jpeg\",\"width\":2560,\"height\":1920},{\"@type\":\"BreadcrumbList\",\"@id\":\"https:\/\/www.aridane.org\/city\/2025\/12\/16\/papa-noel-recorrera-los-llanos-de-aridane-por-primera-vez-para-empezar-la-navidad\/#breadcrumb\",\"itemListElement\":[{\"@type\":\"ListItem\",\"position\":1,\"name\":\"Portada\",\"item\":\"https:\/\/www.aridane.org\/city\/\"},{\"@type\":\"ListItem\",\"position\":2,\"name\":\"Pap\u00e1 Noel recorrer\u00e1 Los Llanos de Aridane por primera vez para empezar la Navidad\"}]},{\"@type\":\"WebSite\",\"@id\":\"https:\/\/www.aridane.org\/city\/#website\",\"url\":\"https:\/\/www.aridane.org\/city\/\",\"name\":\"Ayuntamiento de Los Llanos de Aridane\",\"description\":\"\",\"potentialAction\":[{\"@type\":\"SearchAction\",\"target\":{\"@type\":\"EntryPoint\",\"urlTemplate\":\"https:\/\/www.aridane.org\/city\/?s={search_term_string}\"},\"query-input\":\"required name=search_term_string\"}],\"inLanguage\":\"es\"},{\"@type\":\"Person\",\"@id\":\"https:\/\/www.aridane.org\/city\/#\/schema\/person\/89ebd376b223dc94cc1dbcf200c8e6da\",\"name\":\"Corresponsal\",\"image\":{\"@type\":\"ImageObject\",\"inLanguage\":\"es\",\"@id\":\"https:\/\/www.aridane.org\/city\/#\/schema\/person\/image\/\",\"url\":\"https:\/\/secure.gravatar.com\/avatar\/1c476992411e4ccf153da63b2b2f5ea0bb4cb1c85f3ceab8512f04325ad5579c?s=96&d=mm&r=g\",\"contentUrl\":\"https:\/\/secure.gravatar.com\/avatar\/1c476992411e4ccf153da63b2b2f5ea0bb4cb1c85f3ceab8512f04325ad5579c?s=96&d=mm&r=g\",\"caption\":\"Corresponsal\"},\"url\":\"https:\/\/www.aridane.org\/city\/author\/corresponsal\/\"}]}<\/script>\n<!-- \/ Yoast SEO plugin. -->","yoast_head_json":{"title":"Pap\u00e1 Noel recorrer\u00e1 Los Llanos de Aridane por primera vez para empezar la Navidad - Ayuntamiento de Los Llanos de Aridane","robots":{"index":"index","follow":"follow","max-snippet":"max-snippet:-1","max-image-preview":"max-image-preview:large","max-video-preview":"max-video-preview:-1"},"canonical":"https:\/\/www.aridane.org\/city\/2025\/12\/16\/papa-noel-recorrera-los-llanos-de-aridane-por-primera-vez-para-empezar-la-navidad\/","og_locale":"es_ES","og_type":"article","og_title":"Pap\u00e1 Noel recorrer\u00e1 Los Llanos de Aridane por primera vez para empezar la Navidad - Ayuntamiento de Los Llanos de Aridane","og_description":"El evento se celebrar\u00e1 los pr\u00f3ximos 19 y 20 de diciembre, y contar\u00e1 con actividades para todos los p\u00fablicos\u00a0","og_url":"https:\/\/www.aridane.org\/city\/2025\/12\/16\/papa-noel-recorrera-los-llanos-de-aridane-por-primera-vez-para-empezar-la-navidad\/","og_site_name":"Ayuntamiento de Los Llanos de Aridane","article_published_time":"2025-12-16T10:32:25+00:00","article_modified_time":"2025-12-18T10:33:32+00:00","og_image":[{"width":2560,"height":1920,"url":"https:\/\/www.aridane.org\/city\/wp-content\/uploads\/2025\/12\/NP-Marcha-Papa-Noel-scaled.jpeg","type":"image\/jpeg"}],"author":"Corresponsal","twitter_card":"summary_large_image","twitter_misc":{"Escrito por":"Corresponsal","Tiempo de lectura":"2 minutos"},"schema":{"@context":"https:\/\/schema.org","@graph":[{"@type":"WebPage","@id":"https:\/\/www.aridane.org\/city\/2025\/12\/16\/papa-noel-recorrera-los-llanos-de-aridane-por-primera-vez-para-empezar-la-navidad\/","url":"https:\/\/www.aridane.org\/city\/2025\/12\/16\/papa-noel-recorrera-los-llanos-de-aridane-por-primera-vez-para-empezar-la-navidad\/","name":"Pap\u00e1 Noel recorrer\u00e1 Los Llanos de Aridane por primera vez para empezar la Navidad - Ayuntamiento de Los Llanos de Aridane","isPartOf":{"@id":"https:\/\/www.aridane.org\/city\/#website"},"primaryImageOfPage":{"@id":"https:\/\/www.aridane.org\/city\/2025\/12\/16\/papa-noel-recorrera-los-llanos-de-aridane-por-primera-vez-para-empezar-la-navidad\/#primaryimage"},"image":{"@id":"https:\/\/www.aridane.org\/city\/2025\/12\/16\/papa-noel-recorrera-los-llanos-de-aridane-por-primera-vez-para-empezar-la-navidad\/#primaryimage"},"thumbnailUrl":"https:\/\/www.aridane.org\/city\/wp-content\/uploads\/2025\/12\/NP-Marcha-Papa-Noel-scaled.jpeg","datePublished":"2025-12-16T10:32:25+00:00","dateModified":"2025-12-18T10:33:32+00:00","author":{"@id":"https:\/\/www.aridane.org\/city\/#\/schema\/person\/89ebd376b223dc94cc1dbcf200c8e6da"},"breadcrumb":{"@id":"https:\/\/www.aridane.org\/city\/2025\/12\/16\/papa-noel-recorrera-los-llanos-de-aridane-por-primera-vez-para-empezar-la-navidad\/#breadcrumb"},"inLanguage":"es","potentialAction":[{"@type":"ReadAction","target":["https:\/\/www.aridane.org\/city\/2025\/12\/16\/papa-noel-recorrera-los-llanos-de-aridane-por-primera-vez-para-empezar-la-navidad\/"]}]},{"@type":"ImageObject","inLanguage":"es","@id":"https:\/\/www.aridane.org\/city\/2025\/12\/16\/papa-noel-recorrera-los-llanos-de-aridane-por-primera-vez-para-empezar-la-navidad\/#primaryimage","url":"https:\/\/www.aridane.org\/city\/wp-content\/uploads\/2025\/12\/NP-Marcha-Papa-Noel-scaled.jpeg","contentUrl":"https:\/\/www.aridane.org\/city\/wp-content\/uploads\/2025\/12\/NP-Marcha-Papa-Noel-scaled.jpeg","width":2560,"height":1920},{"@type":"BreadcrumbList","@id":"https:\/\/www.aridane.org\/city\/2025\/12\/16\/papa-noel-recorrera-los-llanos-de-aridane-por-primera-vez-para-empezar-la-navidad\/#breadcrumb","itemListElement":[{"@type":"ListItem","position":1,"name":"Portada","item":"https:\/\/www.aridane.org\/city\/"},{"@type":"ListItem","position":2,"name":"Pap\u00e1 Noel recorrer\u00e1 Los Llanos de Aridane por primera vez para empezar la Navidad"}]},{"@type":"WebSite","@id":"https:\/\/www.aridane.org\/city\/#website","url":"https:\/\/www.aridane.org\/city\/","name":"Ayuntamiento de Los Llanos de Aridane","description":"","potentialAction":[{"@type":"SearchAction","target":{"@type":"EntryPoint","urlTemplate":"https:\/\/www.aridane.org\/city\/?s={search_term_string}"},"query-input":"required name=search_term_string"}],"inLanguage":"es"},{"@type":"Person","@id":"https:\/\/www.aridane.org\/city\/#\/schema\/person\/89ebd376b223dc94cc1dbcf200c8e6da","name":"Corresponsal","image":{"@type":"ImageObject","inLanguage":"es","@id":"https:\/\/www.aridane.org\/city\/#\/schema\/person\/image\/","url":"https:\/\/secure.gravatar.com\/avatar\/1c476992411e4ccf153da63b2b2f5ea0bb4cb1c85f3ceab8512f04325ad5579c?s=96&d=mm&r=g","contentUrl":"https:\/\/secure.gravatar.com\/avatar\/1c476992411e4ccf153da63b2b2f5ea0bb4cb1c85f3ceab8512f04325ad5579c?s=96&d=mm&r=g","caption":"Corresponsal"},"url":"https:\/\/www.aridane.org\/city\/author\/corresponsal\/"}]}},"_links":{"self":[{"href":"https:\/\/www.aridane.org\/city\/wp-json\/wp\/v2\/posts\/4950","targetHints":{"allow":["GET"]}}],"collection":[{"href":"https:\/\/www.aridane.org\/city\/wp-json\/wp\/v2\/posts"}],"about":[{"href":"https:\/\/www.aridane.org\/city\/wp-json\/wp\/v2\/types\/post"}],"author":[{"embeddable":true,"href":"https:\/\/www.aridane.org\/city\/wp-json\/wp\/v2\/users\/4"}],"replies":[{"embeddable":true,"href":"https:\/\/www.aridane.org\/city\/wp-json\/wp\/v2\/comments?post=4950"}],"version-history":[{"count":1,"href":"https:\/\/www.aridane.org\/city\/wp-json\/wp\/v2\/posts\/4950\/revisions"}],"predecessor-version":[{"id":4952,"href":"https:\/\/www.aridane.org\/city\/wp-json\/wp\/v2\/posts\/4950\/revisions\/4952"}],"wp:featuredmedia":[{"embeddable":true,"href":"https:\/\/www.aridane.org\/city\/wp-json\/wp\/v2\/media\/4951"}],"wp:attachment":[{"href":"https:\/\/www.aridane.org\/city\/wp-json\/wp\/v2\/media?parent=4950"}],"wp:term":[{"taxonomy":"category","embeddable":true,"href":"https:\/\/www.aridane.org\/city\/wp-json\/wp\/v2\/categories?post=4950"},{"taxonomy":"post_tag","embeddable":true,"href":"https:\/\/www.aridane.org\/city\/wp-json\/wp\/v2\/tags?post=4950"}],"curies":[{"name":"wp","href":"https:\/\/api.w.org\/{rel}","templated":true}]}}