{"id":4956,"date":"2025-12-15T10:35:40","date_gmt":"2025-12-15T10:35:40","guid":{"rendered":"https:\/\/www.aridane.org\/city\/?p=4956"},"modified":"2025-12-18T10:42:04","modified_gmt":"2025-12-18T10:42:04","slug":"el-encuentro-de-caravanas-en-puerto-naos-genera-un-impacto-directo-de-mas-de-25-000-euros","status":"publish","type":"post","link":"https:\/\/www.aridane.org\/city\/2025\/12\/15\/el-encuentro-de-caravanas-en-puerto-naos-genera-un-impacto-directo-de-mas-de-25-000-euros\/","title":{"rendered":"El encuentro de caravanas en Puerto Naos genera un impacto directo de m\u00e1s de 25.000 euros"},"content":{"rendered":"<p><em>\u201cHemos pasado de un barrio totalmente cerrado, a uno donde los vecinos y las vecinas viven su d\u00eda a d\u00eda con normalidad\u201d, sostiene el alcalde, Javier Llamas<\/em><!--more--><\/p>\n<p>El Ayuntamiento de Los Llanos de Aridane celebra el impacto positivo del\u00a0 encuentro de caravanas celebrado durante el puente de diciembre en Puerto Naos. Un evento que se suma a los indicios de normalidad que han devuelto la rutina a un barrio que hace apenas dos a\u00f1os estaba completamente confinado por la emergencia provocada por los gases.<\/p>\n<p>A lo largo del fin de semana se gener\u00f3 un impacto econ\u00f3mico directo de 25.202,31\u20ac euros en Puerto Naos, as\u00ed como en los comercios del centro de Los Llanos de Aridane, resultado del gasto de las personas participantes, de las inscripciones de las 90 caravanas (31 venidas de fuera), que sumaron 4.900 euros, adem\u00e1s de la adquisici\u00f3n de otros productos locales y compras, incluso, en el Mercadillo Navide\u00f1o.<\/p>\n<p>El alcalde de Los Llanos de Aridane, Javier Llamas, destaca que este tipo de actividades \u201creflejan el cambio vivido por Puerto Naos en un periodo muy corto de tiempo\u201d. \u201cHemos pasado de un barrio totalmente cerrado, sin reparto postal y con accesos muy restringidos, a un lugar donde se disfruta del ocio, donde se abre el comercio y donde los vecinos y las vecinas viven su d\u00eda a d\u00eda con normalidad\u201d, sostiene.<\/p>\n<p>Llamas sostiene que esta evoluci\u00f3n responde \u201ca una nueva forma de hacer las cosas\u201d, en coordinaci\u00f3n con el Cabildo de La Palma y el Plan de Emergencias Insular (Peinpal). \u201cM\u00e1s de 1.300 sensores en viviendas y locales, y otros 200 en exteriores, han permitido que m\u00e1s de 1.000 familias puedan regresar a sus casas y que la econom\u00eda vuelva a funcionar\u201d, explica.<\/p>\n<p>En este sentido, la concejala de Comercio y Desarrollo Local, Ver\u00f3nica Gonz\u00e1lez, sostiene que eventos como el encuentro de caravanas \u201cno son solo una cifra econ\u00f3mica, sino se\u00f1ales del rumbo que toma Puerto Naos: volver a ser un espacio abierto, seguro y lleno de vida\u201d.<\/p>\n<div id=\"v1signature\">&#8212;<\/div>\n","protected":false},"excerpt":{"rendered":"<p>\u201cHemos pasado de un barrio totalmente cerrado, a uno donde los vecinos y las vecinas viven su d\u00eda a d\u00eda con normalidad\u201d, sostiene el alcalde, Javier Llamas<\/p>\n","protected":false},"author":4,"featured_media":4957,"comment_status":"open","ping_status":"open","sticky":false,"template":"","format":"standard","meta":{"footnotes":""},"categories":[1],"tags":[],"class_list":["post-4956","post","type-post","status-publish","format-standard","has-post-thumbnail","hentry","category-sin-categoria"],"yoast_head":"<!-- This site is optimized with the Yoast SEO plugin v22.7 - https:\/\/yoast.com\/wordpress\/plugins\/seo\/ -->\n<title>El encuentro de caravanas en Puerto Naos genera un impacto directo de m\u00e1s de 25.000 euros - Ayuntamiento de Los Llanos de Aridane<\/title>\n<meta name=\"robots\" content=\"index, follow, max-snippet:-1, max-image-preview:large, max-video-preview:-1\" \/>\n<link rel=\"canonical\" href=\"https:\/\/www.aridane.org\/city\/2025\/12\/15\/el-encuentro-de-caravanas-en-puerto-naos-genera-un-impacto-directo-de-mas-de-25-000-euros\/\" \/>\n<meta property=\"og:locale\" content=\"es_ES\" \/>\n<meta property=\"og:type\" content=\"article\" \/>\n<meta property=\"og:title\" content=\"El encuentro de caravanas en Puerto Naos genera un impacto directo de m\u00e1s de 25.000 euros - Ayuntamiento de Los Llanos de Aridane\" \/>\n<meta property=\"og:description\" content=\"\u201cHemos pasado de un barrio totalmente cerrado, a uno donde los vecinos y las vecinas viven su d\u00eda a d\u00eda con normalidad\u201d, sostiene el alcalde, Javier Llamas\" \/>\n<meta property=\"og:url\" content=\"https:\/\/www.aridane.org\/city\/2025\/12\/15\/el-encuentro-de-caravanas-en-puerto-naos-genera-un-impacto-directo-de-mas-de-25-000-euros\/\" \/>\n<meta property=\"og:site_name\" content=\"Ayuntamiento de Los Llanos de Aridane\" \/>\n<meta property=\"article:published_time\" content=\"2025-12-15T10:35:40+00:00\" \/>\n<meta property=\"article:modified_time\" content=\"2025-12-18T10:42:04+00:00\" \/>\n<meta property=\"og:image\" content=\"https:\/\/www.aridane.org\/city\/wp-content\/uploads\/2025\/12\/Encuentro-caravanas-2-scaled.jpeg\" \/>\n\t<meta property=\"og:image:width\" content=\"2560\" \/>\n\t<meta property=\"og:image:height\" content=\"1920\" \/>\n\t<meta property=\"og:image:type\" content=\"image\/jpeg\" \/>\n<meta name=\"author\" content=\"Corresponsal\" \/>\n<meta name=\"twitter:card\" content=\"summary_large_image\" \/>\n<meta name=\"twitter:label1\" content=\"Escrito por\" \/>\n\t<meta name=\"twitter:data1\" content=\"Corresponsal\" \/>\n\t<meta name=\"twitter:label2\" content=\"Tiempo de lectura\" \/>\n\t<meta name=\"twitter:data2\" content=\"2 minutos\" \/>\n<script type=\"application\/ld+json\" class=\"yoast-schema-graph\">{\"@context\":\"https:\/\/schema.org\",\"@graph\":[{\"@type\":\"WebPage\",\"@id\":\"https:\/\/www.aridane.org\/city\/2025\/12\/15\/el-encuentro-de-caravanas-en-puerto-naos-genera-un-impacto-directo-de-mas-de-25-000-euros\/\",\"url\":\"https:\/\/www.aridane.org\/city\/2025\/12\/15\/el-encuentro-de-caravanas-en-puerto-naos-genera-un-impacto-directo-de-mas-de-25-000-euros\/\",\"name\":\"El encuentro de caravanas en Puerto Naos genera un impacto directo de m\u00e1s de 25.000 euros - Ayuntamiento de Los Llanos de Aridane\",\"isPartOf\":{\"@id\":\"https:\/\/www.aridane.org\/city\/#website\"},\"primaryImageOfPage\":{\"@id\":\"https:\/\/www.aridane.org\/city\/2025\/12\/15\/el-encuentro-de-caravanas-en-puerto-naos-genera-un-impacto-directo-de-mas-de-25-000-euros\/#primaryimage\"},\"image\":{\"@id\":\"https:\/\/www.aridane.org\/city\/2025\/12\/15\/el-encuentro-de-caravanas-en-puerto-naos-genera-un-impacto-directo-de-mas-de-25-000-euros\/#primaryimage\"},\"thumbnailUrl\":\"https:\/\/www.aridane.org\/city\/wp-content\/uploads\/2025\/12\/Encuentro-caravanas-2-scaled.jpeg\",\"datePublished\":\"2025-12-15T10:35:40+00:00\",\"dateModified\":\"2025-12-18T10:42:04+00:00\",\"author\":{\"@id\":\"https:\/\/www.aridane.org\/city\/#\/schema\/person\/89ebd376b223dc94cc1dbcf200c8e6da\"},\"breadcrumb\":{\"@id\":\"https:\/\/www.aridane.org\/city\/2025\/12\/15\/el-encuentro-de-caravanas-en-puerto-naos-genera-un-impacto-directo-de-mas-de-25-000-euros\/#breadcrumb\"},\"inLanguage\":\"es\",\"potentialAction\":[{\"@type\":\"ReadAction\",\"target\":[\"https:\/\/www.aridane.org\/city\/2025\/12\/15\/el-encuentro-de-caravanas-en-puerto-naos-genera-un-impacto-directo-de-mas-de-25-000-euros\/\"]}]},{\"@type\":\"ImageObject\",\"inLanguage\":\"es\",\"@id\":\"https:\/\/www.aridane.org\/city\/2025\/12\/15\/el-encuentro-de-caravanas-en-puerto-naos-genera-un-impacto-directo-de-mas-de-25-000-euros\/#primaryimage\",\"url\":\"https:\/\/www.aridane.org\/city\/wp-content\/uploads\/2025\/12\/Encuentro-caravanas-2-scaled.jpeg\",\"contentUrl\":\"https:\/\/www.aridane.org\/city\/wp-content\/uploads\/2025\/12\/Encuentro-caravanas-2-scaled.jpeg\",\"width\":2560,\"height\":1920},{\"@type\":\"BreadcrumbList\",\"@id\":\"https:\/\/www.aridane.org\/city\/2025\/12\/15\/el-encuentro-de-caravanas-en-puerto-naos-genera-un-impacto-directo-de-mas-de-25-000-euros\/#breadcrumb\",\"itemListElement\":[{\"@type\":\"ListItem\",\"position\":1,\"name\":\"Portada\",\"item\":\"https:\/\/www.aridane.org\/city\/\"},{\"@type\":\"ListItem\",\"position\":2,\"name\":\"El encuentro de caravanas en Puerto Naos genera un impacto directo de m\u00e1s de 25.000 euros\"}]},{\"@type\":\"WebSite\",\"@id\":\"https:\/\/www.aridane.org\/city\/#website\",\"url\":\"https:\/\/www.aridane.org\/city\/\",\"name\":\"Ayuntamiento de Los Llanos de Aridane\",\"description\":\"\",\"potentialAction\":[{\"@type\":\"SearchAction\",\"target\":{\"@type\":\"EntryPoint\",\"urlTemplate\":\"https:\/\/www.aridane.org\/city\/?s={search_term_string}\"},\"query-input\":\"required name=search_term_string\"}],\"inLanguage\":\"es\"},{\"@type\":\"Person\",\"@id\":\"https:\/\/www.aridane.org\/city\/#\/schema\/person\/89ebd376b223dc94cc1dbcf200c8e6da\",\"name\":\"Corresponsal\",\"image\":{\"@type\":\"ImageObject\",\"inLanguage\":\"es\",\"@id\":\"https:\/\/www.aridane.org\/city\/#\/schema\/person\/image\/\",\"url\":\"https:\/\/secure.gravatar.com\/avatar\/1c476992411e4ccf153da63b2b2f5ea0bb4cb1c85f3ceab8512f04325ad5579c?s=96&d=mm&r=g\",\"contentUrl\":\"https:\/\/secure.gravatar.com\/avatar\/1c476992411e4ccf153da63b2b2f5ea0bb4cb1c85f3ceab8512f04325ad5579c?s=96&d=mm&r=g\",\"caption\":\"Corresponsal\"},\"url\":\"https:\/\/www.aridane.org\/city\/author\/corresponsal\/\"}]}<\/script>\n<!-- \/ Yoast SEO plugin. -->","yoast_head_json":{"title":"El encuentro de caravanas en Puerto Naos genera un impacto directo de m\u00e1s de 25.000 euros - Ayuntamiento de Los Llanos de Aridane","robots":{"index":"index","follow":"follow","max-snippet":"max-snippet:-1","max-image-preview":"max-image-preview:large","max-video-preview":"max-video-preview:-1"},"canonical":"https:\/\/www.aridane.org\/city\/2025\/12\/15\/el-encuentro-de-caravanas-en-puerto-naos-genera-un-impacto-directo-de-mas-de-25-000-euros\/","og_locale":"es_ES","og_type":"article","og_title":"El encuentro de caravanas en Puerto Naos genera un impacto directo de m\u00e1s de 25.000 euros - Ayuntamiento de Los Llanos de Aridane","og_description":"\u201cHemos pasado de un barrio totalmente cerrado, a uno donde los vecinos y las vecinas viven su d\u00eda a d\u00eda con normalidad\u201d, sostiene el alcalde, Javier Llamas","og_url":"https:\/\/www.aridane.org\/city\/2025\/12\/15\/el-encuentro-de-caravanas-en-puerto-naos-genera-un-impacto-directo-de-mas-de-25-000-euros\/","og_site_name":"Ayuntamiento de Los Llanos de Aridane","article_published_time":"2025-12-15T10:35:40+00:00","article_modified_time":"2025-12-18T10:42:04+00:00","og_image":[{"width":2560,"height":1920,"url":"https:\/\/www.aridane.org\/city\/wp-content\/uploads\/2025\/12\/Encuentro-caravanas-2-scaled.jpeg","type":"image\/jpeg"}],"author":"Corresponsal","twitter_card":"summary_large_image","twitter_misc":{"Escrito por":"Corresponsal","Tiempo de lectura":"2 minutos"},"schema":{"@context":"https:\/\/schema.org","@graph":[{"@type":"WebPage","@id":"https:\/\/www.aridane.org\/city\/2025\/12\/15\/el-encuentro-de-caravanas-en-puerto-naos-genera-un-impacto-directo-de-mas-de-25-000-euros\/","url":"https:\/\/www.aridane.org\/city\/2025\/12\/15\/el-encuentro-de-caravanas-en-puerto-naos-genera-un-impacto-directo-de-mas-de-25-000-euros\/","name":"El encuentro de caravanas en Puerto Naos genera un impacto directo de m\u00e1s de 25.000 euros - Ayuntamiento de Los Llanos de Aridane","isPartOf":{"@id":"https:\/\/www.aridane.org\/city\/#website"},"primaryImageOfPage":{"@id":"https:\/\/www.aridane.org\/city\/2025\/12\/15\/el-encuentro-de-caravanas-en-puerto-naos-genera-un-impacto-directo-de-mas-de-25-000-euros\/#primaryimage"},"image":{"@id":"https:\/\/www.aridane.org\/city\/2025\/12\/15\/el-encuentro-de-caravanas-en-puerto-naos-genera-un-impacto-directo-de-mas-de-25-000-euros\/#primaryimage"},"thumbnailUrl":"https:\/\/www.aridane.org\/city\/wp-content\/uploads\/2025\/12\/Encuentro-caravanas-2-scaled.jpeg","datePublished":"2025-12-15T10:35:40+00:00","dateModified":"2025-12-18T10:42:04+00:00","author":{"@id":"https:\/\/www.aridane.org\/city\/#\/schema\/person\/89ebd376b223dc94cc1dbcf200c8e6da"},"breadcrumb":{"@id":"https:\/\/www.aridane.org\/city\/2025\/12\/15\/el-encuentro-de-caravanas-en-puerto-naos-genera-un-impacto-directo-de-mas-de-25-000-euros\/#breadcrumb"},"inLanguage":"es","potentialAction":[{"@type":"ReadAction","target":["https:\/\/www.aridane.org\/city\/2025\/12\/15\/el-encuentro-de-caravanas-en-puerto-naos-genera-un-impacto-directo-de-mas-de-25-000-euros\/"]}]},{"@type":"ImageObject","inLanguage":"es","@id":"https:\/\/www.aridane.org\/city\/2025\/12\/15\/el-encuentro-de-caravanas-en-puerto-naos-genera-un-impacto-directo-de-mas-de-25-000-euros\/#primaryimage","url":"https:\/\/www.aridane.org\/city\/wp-content\/uploads\/2025\/12\/Encuentro-caravanas-2-scaled.jpeg","contentUrl":"https:\/\/www.aridane.org\/city\/wp-content\/uploads\/2025\/12\/Encuentro-caravanas-2-scaled.jpeg","width":2560,"height":1920},{"@type":"BreadcrumbList","@id":"https:\/\/www.aridane.org\/city\/2025\/12\/15\/el-encuentro-de-caravanas-en-puerto-naos-genera-un-impacto-directo-de-mas-de-25-000-euros\/#breadcrumb","itemListElement":[{"@type":"ListItem","position":1,"name":"Portada","item":"https:\/\/www.aridane.org\/city\/"},{"@type":"ListItem","position":2,"name":"El encuentro de caravanas en Puerto Naos genera un impacto directo de m\u00e1s de 25.000 euros"}]},{"@type":"WebSite","@id":"https:\/\/www.aridane.org\/city\/#website","url":"https:\/\/www.aridane.org\/city\/","name":"Ayuntamiento de Los Llanos de Aridane","description":"","potentialAction":[{"@type":"SearchAction","target":{"@type":"EntryPoint","urlTemplate":"https:\/\/www.aridane.org\/city\/?s={search_term_string}"},"query-input":"required name=search_term_string"}],"inLanguage":"es"},{"@type":"Person","@id":"https:\/\/www.aridane.org\/city\/#\/schema\/person\/89ebd376b223dc94cc1dbcf200c8e6da","name":"Corresponsal","image":{"@type":"ImageObject","inLanguage":"es","@id":"https:\/\/www.aridane.org\/city\/#\/schema\/person\/image\/","url":"https:\/\/secure.gravatar.com\/avatar\/1c476992411e4ccf153da63b2b2f5ea0bb4cb1c85f3ceab8512f04325ad5579c?s=96&d=mm&r=g","contentUrl":"https:\/\/secure.gravatar.com\/avatar\/1c476992411e4ccf153da63b2b2f5ea0bb4cb1c85f3ceab8512f04325ad5579c?s=96&d=mm&r=g","caption":"Corresponsal"},"url":"https:\/\/www.aridane.org\/city\/author\/corresponsal\/"}]}},"_links":{"self":[{"href":"https:\/\/www.aridane.org\/city\/wp-json\/wp\/v2\/posts\/4956","targetHints":{"allow":["GET"]}}],"collection":[{"href":"https:\/\/www.aridane.org\/city\/wp-json\/wp\/v2\/posts"}],"about":[{"href":"https:\/\/www.aridane.org\/city\/wp-json\/wp\/v2\/types\/post"}],"author":[{"embeddable":true,"href":"https:\/\/www.aridane.org\/city\/wp-json\/wp\/v2\/users\/4"}],"replies":[{"embeddable":true,"href":"https:\/\/www.aridane.org\/city\/wp-json\/wp\/v2\/comments?post=4956"}],"version-history":[{"count":1,"href":"https:\/\/www.aridane.org\/city\/wp-json\/wp\/v2\/posts\/4956\/revisions"}],"predecessor-version":[{"id":4958,"href":"https:\/\/www.aridane.org\/city\/wp-json\/wp\/v2\/posts\/4956\/revisions\/4958"}],"wp:featuredmedia":[{"embeddable":true,"href":"https:\/\/www.aridane.org\/city\/wp-json\/wp\/v2\/media\/4957"}],"wp:attachment":[{"href":"https:\/\/www.aridane.org\/city\/wp-json\/wp\/v2\/media?parent=4956"}],"wp:term":[{"taxonomy":"category","embeddable":true,"href":"https:\/\/www.aridane.org\/city\/wp-json\/wp\/v2\/categories?post=4956"},{"taxonomy":"post_tag","embeddable":true,"href":"https:\/\/www.aridane.org\/city\/wp-json\/wp\/v2\/tags?post=4956"}],"curies":[{"name":"wp","href":"https:\/\/api.w.org\/{rel}","templated":true}]}}