{"id":4960,"date":"2026-01-02T09:07:05","date_gmt":"2026-01-02T09:07:05","guid":{"rendered":"https:\/\/www.aridane.org\/city\/?p=4960"},"modified":"2026-01-07T10:05:15","modified_gmt":"2026-01-07T10:05:15","slug":"los-llanos-se-convierte-en-el-epicentro-internacional-de-la-poesia-con-el-encuentro-de-la-macaronesia","status":"publish","type":"post","link":"https:\/\/www.aridane.org\/city\/2026\/01\/02\/los-llanos-se-convierte-en-el-epicentro-internacional-de-la-poesia-con-el-encuentro-de-la-macaronesia\/","title":{"rendered":"Los Llanos se convierte en el epicentro internacional de la poes\u00eda con el Encuentro de La Macaronesia"},"content":{"rendered":"<p><em>La octava edici\u00f3n de este festival tendr\u00e1 lugar del 13 al 16 de enero<\/em><!--more--><\/p>\n<p>Los Llanos de Aridane acoger\u00e1\u00a0la octava edici\u00f3n del Encuentro Internacional de Poes\u00eda La Macaronesia, que se celebrar\u00e1\u00a0del 13 al 16 de enero, y que convertir\u00e1\u00a0al municipio en el epicentro internacional de este g\u00e9nero literario.<\/p>\n<p>Este evento contar\u00e1\u00a0con la presencia de una treintena de destacados poetas, gestores culturales, pol\u00edticos y profesores de toda La Macaronesia,\u00a0\u00a0que\u00a0participar\u00e1n en un programa repleto de actividades po\u00e9ticas, incluyendo encuentros, recitales, actividades educativas en los institutos del pueblo, presentaciones de poemarios, una mini feria del libro, dramatizaciones po\u00e9ticas, actuaciones musicales y conferencias.<\/p>\n<p>La concejala de Cultura, Marlene Gonz\u00e1lez, afirma que para Los Llanos de Aridane\u00a0\u201ces todo un orgullo acoger este importante encuentro para el sector de la literatura. En nuestro municipio se puede apreciar una gran pasi\u00f3n por los distintos g\u00e9neros literarios, por lo que este evento seguro que generar\u00e1\u00a0una gran expectaci\u00f3n\u201d, a\u00f1adi\u00f3.<\/p>\n<p>Por su parte, el director del festival, Aquiles Garc\u00eda, pone de manifiesto la importancia que tiene celebrar este evento\u00a0\u201cen un pueblo que hist\u00f3ricamente ha sido un punto de encuentro cultural \u00fanico e id\u00f3neo para celebrar la diversidad ling\u00fc\u00edstica y la riqueza cultural de La Macaronesia\u201d.<\/p>\n<p>Este encuentro est\u00e1\u00a0consolidado como un espacio fundamental para la apreciaci\u00f3n de las letras en el Atl\u00e1ntico Medio, reuniendo a autores de los archipi\u00e9lagos de Canarias, Azores, Madeira y Cabo Verde. El objetivo es fortalecer los lazos culturales y dar visibilidad a la literatura y la identidad propia del espacio macaron\u00e9sico en Europa.<\/p>\n<p>Los principales espacios del VIII Encuentro Internacional de Poes\u00eda de La Macaronesia ser\u00e1n el Sal\u00f3n de Actos de La Casa de la Cultura, la Plaza de Espa\u00f1a y el Espacio Cultural El Secadero. El acto de apertura tendr\u00e1\u00a0lugar en el Sal\u00f3n de Plenos del Excmo. Ayuntamiento de Los Llanos de Aridane.<\/p>\n<p>El acto inaugural contar\u00e1\u00a0con la lectura de una conferencia sobre los ocho a\u00f1os de actividad de EIPOEMA, a cargo de Marcelino de Castro, coordinador de los asesores culturales de los encuentros.\u00a0 Adem\u00e1s, se celebrar\u00e1\u00a0el 50 aniversario de la autonom\u00eda de Madeira y Azores con la teatralizaci\u00f3n de poemas de autores de ambos archipi\u00e9lagos, interpretados por la actriz y poetisa Eleonora Marino Duarte.<\/p>\n","protected":false},"excerpt":{"rendered":"<p>La octava edici\u00f3n de este festival tendr\u00e1 lugar del 13 al 16 de enero<\/p>\n","protected":false},"author":4,"featured_media":4961,"comment_status":"open","ping_status":"open","sticky":false,"template":"","format":"standard","meta":{"footnotes":""},"categories":[1],"tags":[],"class_list":["post-4960","post","type-post","status-publish","format-standard","has-post-thumbnail","hentry","category-sin-categoria"],"yoast_head":"<!-- This site is optimized with the Yoast SEO plugin v22.7 - https:\/\/yoast.com\/wordpress\/plugins\/seo\/ -->\n<title>Los Llanos se convierte en el epicentro internacional de la poes\u00eda con el Encuentro de La Macaronesia - Ayuntamiento de Los Llanos de Aridane<\/title>\n<meta name=\"robots\" content=\"index, follow, max-snippet:-1, max-image-preview:large, max-video-preview:-1\" \/>\n<link rel=\"canonical\" href=\"https:\/\/www.aridane.org\/city\/2026\/01\/02\/los-llanos-se-convierte-en-el-epicentro-internacional-de-la-poesia-con-el-encuentro-de-la-macaronesia\/\" \/>\n<meta property=\"og:locale\" content=\"es_ES\" \/>\n<meta property=\"og:type\" content=\"article\" \/>\n<meta property=\"og:title\" content=\"Los Llanos se convierte en el epicentro internacional de la poes\u00eda con el Encuentro de La Macaronesia - Ayuntamiento de Los Llanos de Aridane\" \/>\n<meta property=\"og:description\" content=\"La octava edici\u00f3n de este festival tendr\u00e1 lugar del 13 al 16 de enero\" \/>\n<meta property=\"og:url\" content=\"https:\/\/www.aridane.org\/city\/2026\/01\/02\/los-llanos-se-convierte-en-el-epicentro-internacional-de-la-poesia-con-el-encuentro-de-la-macaronesia\/\" \/>\n<meta property=\"og:site_name\" content=\"Ayuntamiento de Los Llanos de Aridane\" \/>\n<meta property=\"article:published_time\" content=\"2026-01-02T09:07:05+00:00\" \/>\n<meta property=\"article:modified_time\" content=\"2026-01-07T10:05:15+00:00\" \/>\n<meta property=\"og:image\" content=\"https:\/\/www.aridane.org\/city\/wp-content\/uploads\/2026\/01\/NP-Festival-Poesia-La-Macaronesia.jpeg\" \/>\n\t<meta property=\"og:image:width\" content=\"1117\" \/>\n\t<meta property=\"og:image:height\" content=\"963\" \/>\n\t<meta property=\"og:image:type\" content=\"image\/jpeg\" \/>\n<meta name=\"author\" content=\"Corresponsal\" \/>\n<meta name=\"twitter:card\" content=\"summary_large_image\" \/>\n<meta name=\"twitter:label1\" content=\"Escrito por\" \/>\n\t<meta name=\"twitter:data1\" content=\"Corresponsal\" \/>\n\t<meta name=\"twitter:label2\" content=\"Tiempo de lectura\" \/>\n\t<meta name=\"twitter:data2\" content=\"2 minutos\" \/>\n<script type=\"application\/ld+json\" class=\"yoast-schema-graph\">{\"@context\":\"https:\/\/schema.org\",\"@graph\":[{\"@type\":\"WebPage\",\"@id\":\"https:\/\/www.aridane.org\/city\/2026\/01\/02\/los-llanos-se-convierte-en-el-epicentro-internacional-de-la-poesia-con-el-encuentro-de-la-macaronesia\/\",\"url\":\"https:\/\/www.aridane.org\/city\/2026\/01\/02\/los-llanos-se-convierte-en-el-epicentro-internacional-de-la-poesia-con-el-encuentro-de-la-macaronesia\/\",\"name\":\"Los Llanos se convierte en el epicentro internacional de la poes\u00eda con el Encuentro de La Macaronesia - Ayuntamiento de Los Llanos de Aridane\",\"isPartOf\":{\"@id\":\"https:\/\/www.aridane.org\/city\/#website\"},\"primaryImageOfPage\":{\"@id\":\"https:\/\/www.aridane.org\/city\/2026\/01\/02\/los-llanos-se-convierte-en-el-epicentro-internacional-de-la-poesia-con-el-encuentro-de-la-macaronesia\/#primaryimage\"},\"image\":{\"@id\":\"https:\/\/www.aridane.org\/city\/2026\/01\/02\/los-llanos-se-convierte-en-el-epicentro-internacional-de-la-poesia-con-el-encuentro-de-la-macaronesia\/#primaryimage\"},\"thumbnailUrl\":\"https:\/\/www.aridane.org\/city\/wp-content\/uploads\/2026\/01\/NP-Festival-Poesia-La-Macaronesia.jpeg\",\"datePublished\":\"2026-01-02T09:07:05+00:00\",\"dateModified\":\"2026-01-07T10:05:15+00:00\",\"author\":{\"@id\":\"https:\/\/www.aridane.org\/city\/#\/schema\/person\/89ebd376b223dc94cc1dbcf200c8e6da\"},\"breadcrumb\":{\"@id\":\"https:\/\/www.aridane.org\/city\/2026\/01\/02\/los-llanos-se-convierte-en-el-epicentro-internacional-de-la-poesia-con-el-encuentro-de-la-macaronesia\/#breadcrumb\"},\"inLanguage\":\"es\",\"potentialAction\":[{\"@type\":\"ReadAction\",\"target\":[\"https:\/\/www.aridane.org\/city\/2026\/01\/02\/los-llanos-se-convierte-en-el-epicentro-internacional-de-la-poesia-con-el-encuentro-de-la-macaronesia\/\"]}]},{\"@type\":\"ImageObject\",\"inLanguage\":\"es\",\"@id\":\"https:\/\/www.aridane.org\/city\/2026\/01\/02\/los-llanos-se-convierte-en-el-epicentro-internacional-de-la-poesia-con-el-encuentro-de-la-macaronesia\/#primaryimage\",\"url\":\"https:\/\/www.aridane.org\/city\/wp-content\/uploads\/2026\/01\/NP-Festival-Poesia-La-Macaronesia.jpeg\",\"contentUrl\":\"https:\/\/www.aridane.org\/city\/wp-content\/uploads\/2026\/01\/NP-Festival-Poesia-La-Macaronesia.jpeg\",\"width\":1117,\"height\":963,\"caption\":\"Encuentro de La Macaronesia\"},{\"@type\":\"BreadcrumbList\",\"@id\":\"https:\/\/www.aridane.org\/city\/2026\/01\/02\/los-llanos-se-convierte-en-el-epicentro-internacional-de-la-poesia-con-el-encuentro-de-la-macaronesia\/#breadcrumb\",\"itemListElement\":[{\"@type\":\"ListItem\",\"position\":1,\"name\":\"Portada\",\"item\":\"https:\/\/www.aridane.org\/city\/\"},{\"@type\":\"ListItem\",\"position\":2,\"name\":\"Los Llanos se convierte en el epicentro internacional de la poes\u00eda con el Encuentro de La Macaronesia\"}]},{\"@type\":\"WebSite\",\"@id\":\"https:\/\/www.aridane.org\/city\/#website\",\"url\":\"https:\/\/www.aridane.org\/city\/\",\"name\":\"Ayuntamiento de Los Llanos de Aridane\",\"description\":\"\",\"potentialAction\":[{\"@type\":\"SearchAction\",\"target\":{\"@type\":\"EntryPoint\",\"urlTemplate\":\"https:\/\/www.aridane.org\/city\/?s={search_term_string}\"},\"query-input\":\"required name=search_term_string\"}],\"inLanguage\":\"es\"},{\"@type\":\"Person\",\"@id\":\"https:\/\/www.aridane.org\/city\/#\/schema\/person\/89ebd376b223dc94cc1dbcf200c8e6da\",\"name\":\"Corresponsal\",\"image\":{\"@type\":\"ImageObject\",\"inLanguage\":\"es\",\"@id\":\"https:\/\/www.aridane.org\/city\/#\/schema\/person\/image\/\",\"url\":\"https:\/\/secure.gravatar.com\/avatar\/1c476992411e4ccf153da63b2b2f5ea0bb4cb1c85f3ceab8512f04325ad5579c?s=96&d=mm&r=g\",\"contentUrl\":\"https:\/\/secure.gravatar.com\/avatar\/1c476992411e4ccf153da63b2b2f5ea0bb4cb1c85f3ceab8512f04325ad5579c?s=96&d=mm&r=g\",\"caption\":\"Corresponsal\"},\"url\":\"https:\/\/www.aridane.org\/city\/author\/corresponsal\/\"}]}<\/script>\n<!-- \/ Yoast SEO plugin. -->","yoast_head_json":{"title":"Los Llanos se convierte en el epicentro internacional de la poes\u00eda con el Encuentro de La Macaronesia - Ayuntamiento de Los Llanos de Aridane","robots":{"index":"index","follow":"follow","max-snippet":"max-snippet:-1","max-image-preview":"max-image-preview:large","max-video-preview":"max-video-preview:-1"},"canonical":"https:\/\/www.aridane.org\/city\/2026\/01\/02\/los-llanos-se-convierte-en-el-epicentro-internacional-de-la-poesia-con-el-encuentro-de-la-macaronesia\/","og_locale":"es_ES","og_type":"article","og_title":"Los Llanos se convierte en el epicentro internacional de la poes\u00eda con el Encuentro de La Macaronesia - Ayuntamiento de Los Llanos de Aridane","og_description":"La octava edici\u00f3n de este festival tendr\u00e1 lugar del 13 al 16 de enero","og_url":"https:\/\/www.aridane.org\/city\/2026\/01\/02\/los-llanos-se-convierte-en-el-epicentro-internacional-de-la-poesia-con-el-encuentro-de-la-macaronesia\/","og_site_name":"Ayuntamiento de Los Llanos de Aridane","article_published_time":"2026-01-02T09:07:05+00:00","article_modified_time":"2026-01-07T10:05:15+00:00","og_image":[{"width":1117,"height":963,"url":"https:\/\/www.aridane.org\/city\/wp-content\/uploads\/2026\/01\/NP-Festival-Poesia-La-Macaronesia.jpeg","type":"image\/jpeg"}],"author":"Corresponsal","twitter_card":"summary_large_image","twitter_misc":{"Escrito por":"Corresponsal","Tiempo de lectura":"2 minutos"},"schema":{"@context":"https:\/\/schema.org","@graph":[{"@type":"WebPage","@id":"https:\/\/www.aridane.org\/city\/2026\/01\/02\/los-llanos-se-convierte-en-el-epicentro-internacional-de-la-poesia-con-el-encuentro-de-la-macaronesia\/","url":"https:\/\/www.aridane.org\/city\/2026\/01\/02\/los-llanos-se-convierte-en-el-epicentro-internacional-de-la-poesia-con-el-encuentro-de-la-macaronesia\/","name":"Los Llanos se convierte en el epicentro internacional de la poes\u00eda con el Encuentro de La Macaronesia - Ayuntamiento de Los Llanos de Aridane","isPartOf":{"@id":"https:\/\/www.aridane.org\/city\/#website"},"primaryImageOfPage":{"@id":"https:\/\/www.aridane.org\/city\/2026\/01\/02\/los-llanos-se-convierte-en-el-epicentro-internacional-de-la-poesia-con-el-encuentro-de-la-macaronesia\/#primaryimage"},"image":{"@id":"https:\/\/www.aridane.org\/city\/2026\/01\/02\/los-llanos-se-convierte-en-el-epicentro-internacional-de-la-poesia-con-el-encuentro-de-la-macaronesia\/#primaryimage"},"thumbnailUrl":"https:\/\/www.aridane.org\/city\/wp-content\/uploads\/2026\/01\/NP-Festival-Poesia-La-Macaronesia.jpeg","datePublished":"2026-01-02T09:07:05+00:00","dateModified":"2026-01-07T10:05:15+00:00","author":{"@id":"https:\/\/www.aridane.org\/city\/#\/schema\/person\/89ebd376b223dc94cc1dbcf200c8e6da"},"breadcrumb":{"@id":"https:\/\/www.aridane.org\/city\/2026\/01\/02\/los-llanos-se-convierte-en-el-epicentro-internacional-de-la-poesia-con-el-encuentro-de-la-macaronesia\/#breadcrumb"},"inLanguage":"es","potentialAction":[{"@type":"ReadAction","target":["https:\/\/www.aridane.org\/city\/2026\/01\/02\/los-llanos-se-convierte-en-el-epicentro-internacional-de-la-poesia-con-el-encuentro-de-la-macaronesia\/"]}]},{"@type":"ImageObject","inLanguage":"es","@id":"https:\/\/www.aridane.org\/city\/2026\/01\/02\/los-llanos-se-convierte-en-el-epicentro-internacional-de-la-poesia-con-el-encuentro-de-la-macaronesia\/#primaryimage","url":"https:\/\/www.aridane.org\/city\/wp-content\/uploads\/2026\/01\/NP-Festival-Poesia-La-Macaronesia.jpeg","contentUrl":"https:\/\/www.aridane.org\/city\/wp-content\/uploads\/2026\/01\/NP-Festival-Poesia-La-Macaronesia.jpeg","width":1117,"height":963,"caption":"Encuentro de La Macaronesia"},{"@type":"BreadcrumbList","@id":"https:\/\/www.aridane.org\/city\/2026\/01\/02\/los-llanos-se-convierte-en-el-epicentro-internacional-de-la-poesia-con-el-encuentro-de-la-macaronesia\/#breadcrumb","itemListElement":[{"@type":"ListItem","position":1,"name":"Portada","item":"https:\/\/www.aridane.org\/city\/"},{"@type":"ListItem","position":2,"name":"Los Llanos se convierte en el epicentro internacional de la poes\u00eda con el Encuentro de La Macaronesia"}]},{"@type":"WebSite","@id":"https:\/\/www.aridane.org\/city\/#website","url":"https:\/\/www.aridane.org\/city\/","name":"Ayuntamiento de Los Llanos de Aridane","description":"","potentialAction":[{"@type":"SearchAction","target":{"@type":"EntryPoint","urlTemplate":"https:\/\/www.aridane.org\/city\/?s={search_term_string}"},"query-input":"required name=search_term_string"}],"inLanguage":"es"},{"@type":"Person","@id":"https:\/\/www.aridane.org\/city\/#\/schema\/person\/89ebd376b223dc94cc1dbcf200c8e6da","name":"Corresponsal","image":{"@type":"ImageObject","inLanguage":"es","@id":"https:\/\/www.aridane.org\/city\/#\/schema\/person\/image\/","url":"https:\/\/secure.gravatar.com\/avatar\/1c476992411e4ccf153da63b2b2f5ea0bb4cb1c85f3ceab8512f04325ad5579c?s=96&d=mm&r=g","contentUrl":"https:\/\/secure.gravatar.com\/avatar\/1c476992411e4ccf153da63b2b2f5ea0bb4cb1c85f3ceab8512f04325ad5579c?s=96&d=mm&r=g","caption":"Corresponsal"},"url":"https:\/\/www.aridane.org\/city\/author\/corresponsal\/"}]}},"_links":{"self":[{"href":"https:\/\/www.aridane.org\/city\/wp-json\/wp\/v2\/posts\/4960","targetHints":{"allow":["GET"]}}],"collection":[{"href":"https:\/\/www.aridane.org\/city\/wp-json\/wp\/v2\/posts"}],"about":[{"href":"https:\/\/www.aridane.org\/city\/wp-json\/wp\/v2\/types\/post"}],"author":[{"embeddable":true,"href":"https:\/\/www.aridane.org\/city\/wp-json\/wp\/v2\/users\/4"}],"replies":[{"embeddable":true,"href":"https:\/\/www.aridane.org\/city\/wp-json\/wp\/v2\/comments?post=4960"}],"version-history":[{"count":1,"href":"https:\/\/www.aridane.org\/city\/wp-json\/wp\/v2\/posts\/4960\/revisions"}],"predecessor-version":[{"id":4962,"href":"https:\/\/www.aridane.org\/city\/wp-json\/wp\/v2\/posts\/4960\/revisions\/4962"}],"wp:featuredmedia":[{"embeddable":true,"href":"https:\/\/www.aridane.org\/city\/wp-json\/wp\/v2\/media\/4961"}],"wp:attachment":[{"href":"https:\/\/www.aridane.org\/city\/wp-json\/wp\/v2\/media?parent=4960"}],"wp:term":[{"taxonomy":"category","embeddable":true,"href":"https:\/\/www.aridane.org\/city\/wp-json\/wp\/v2\/categories?post=4960"},{"taxonomy":"post_tag","embeddable":true,"href":"https:\/\/www.aridane.org\/city\/wp-json\/wp\/v2\/tags?post=4960"}],"curies":[{"name":"wp","href":"https:\/\/api.w.org\/{rel}","templated":true}]}}