{"id":4963,"date":"2026-01-12T14:50:09","date_gmt":"2026-01-12T14:50:09","guid":{"rendered":"https:\/\/www.aridane.org\/city\/?p=4963"},"modified":"2026-01-12T14:50:09","modified_gmt":"2026-01-12T14:50:09","slug":"los-llanos-de-aridane-da-luz-verde-a-las-ocho-propuestas-mas-votadas-de-los-presupuestos-participativos","status":"publish","type":"post","link":"https:\/\/www.aridane.org\/city\/2026\/01\/12\/los-llanos-de-aridane-da-luz-verde-a-las-ocho-propuestas-mas-votadas-de-los-presupuestos-participativos\/","title":{"rendered":"Los Llanos de Aridane da luz verde a las ocho propuestas m\u00e1s votadas de los Presupuestos Participativos"},"content":{"rendered":"<p><em>Tras un proceso con m\u00e1s de 800 votos, las iniciativas vencedoras recogen mejoras en accesibilidad, espacios p\u00fablicos, infraestructuras, equipamientos y seguridad vial<\/em><!--more--><\/p>\n<p>El Ayuntamiento de Los Llanos de Aridane da cuenta de las ocho propuestas ganadoras de los Presupuestos Participativos 2025, las cuales se ejecutan a lo largo de 2026 con una inversi\u00f3n total de 300.000 euros. Las iniciativas se distribuyen en los barrios de El Remo, Las Manchas, Argual y Retamar.<\/p>\n<p>El alcalde de Los Llanos de Aridane, Javier Llamas, valora que \u201clas propuestas seleccionadas responden a necesidades reales planteadas por los propios vecinos y vecinas, y permiten actuar de manera equilibrada en distintos puntos del municipio\u201d.<\/p>\n<p>\u201cLos Presupuestos Participativos son una herramienta clave para acercar la toma de decisiones a los barrios y para que la ciudadan\u00eda participe de forma directa en la mejora de su entorno\u201d, a\u00f1ade.<\/p>\n<p>Asimismo, el concejal de Participaci\u00f3n Ciudadana, Ar\u00f3n Le\u00f3n, destaca que \u201ceste proceso consolida un modelo de gobernanza m\u00e1s abierto y participativo, en el que la ciudadan\u00eda no solo opina, sino que decide sobre inversiones concretas\u201d. Asimismo, recuerda que las propuestas ya fueron trasladas a las diferentes asociaciones vecinales del municipio.<\/p>\n<p>En este sentido, Le\u00f3n pone en valor el Consejo de Barrios, como organismo que permite hacer seguimiento de los proyectos y reforzar el di\u00e1logo permanente entre el Ayuntamiento y los diferentes rincones del municipio. Asimismo, recuerda que \u201clos Presupuestos Participativos permiten al Ayuntamiento priorizar inversiones de proximidad y reforzar la cohesi\u00f3n del municipio, incorporando la visi\u00f3n y las propuestas de la ciudadan\u00eda en la planificaci\u00f3n municipal\u201d.<\/p>\n<h2><strong>Las propuestas elegidas<\/strong><\/h2>\n<p>Durante el proceso de votaci\u00f3n se registraron m\u00e1s de 800 votos. Las actuaciones recogen mejoras en accesibilidad, espacios p\u00fablicos, infraestructuras, equipamientos y seguridad vial.<\/p>\n<p>En el barrio de El Remo se contempla la colocaci\u00f3n de un aseo p\u00fablico accesible y el embellecimiento del paseo mar\u00edtimo mediante la instalaci\u00f3n de sombrillas, bancos y mesas.<\/p>\n<p>En Las Manchas se ejecuta la renovaci\u00f3n del jard\u00edn vertical de la plaza de La Glorieta y el acondicionamiento del Camino Tamanca con el objetivo de evitar problemas de escorrent\u00edas.<\/p>\n<p>En Argual se incluye la dotaci\u00f3n de mobiliario para eventos, la creaci\u00f3n de un mini campo de f\u00fatbol anexo al centro sociocultural y el compromiso de adoquinado en el tramo comprendido entre la zona de la represa y la calle Goya. Esta \u00faltima actuaci\u00f3n se desarrolla de forma coordinada con el \u00e1rea de Urbanismo, que dirige la concejala Tamara Acosta.<\/p>\n<p>Por \u00faltimo, en Retamar se acomete la rehabilitaci\u00f3n del empedrado del camino El Cantillo y la colocaci\u00f3n de reductores de velocidad en la zona de Barranco Cruz de La Paloma.<\/p>\n","protected":false},"excerpt":{"rendered":"<p>Tras un proceso con m\u00e1s de 800 votos, las iniciativas vencedoras recogen mejoras en accesibilidad, espacios p\u00fablicos, infraestructuras, equipamientos y seguridad vial<\/p>\n","protected":false},"author":4,"featured_media":4964,"comment_status":"open","ping_status":"open","sticky":false,"template":"","format":"standard","meta":{"footnotes":""},"categories":[1],"tags":[],"class_list":["post-4963","post","type-post","status-publish","format-standard","has-post-thumbnail","hentry","category-sin-categoria"],"yoast_head":"<!-- This site is optimized with the Yoast SEO plugin v22.7 - https:\/\/yoast.com\/wordpress\/plugins\/seo\/ -->\n<title>Los Llanos de Aridane da luz verde a las ocho propuestas m\u00e1s votadas de los Presupuestos Participativos - Ayuntamiento de Los Llanos de Aridane<\/title>\n<meta name=\"robots\" content=\"index, follow, max-snippet:-1, max-image-preview:large, max-video-preview:-1\" \/>\n<link rel=\"canonical\" href=\"https:\/\/www.aridane.org\/city\/2026\/01\/12\/los-llanos-de-aridane-da-luz-verde-a-las-ocho-propuestas-mas-votadas-de-los-presupuestos-participativos\/\" \/>\n<meta property=\"og:locale\" content=\"es_ES\" \/>\n<meta property=\"og:type\" content=\"article\" \/>\n<meta property=\"og:title\" content=\"Los Llanos de Aridane da luz verde a las ocho propuestas m\u00e1s votadas de los Presupuestos Participativos - Ayuntamiento de Los Llanos de Aridane\" \/>\n<meta property=\"og:description\" content=\"Tras un proceso con m\u00e1s de 800 votos, las iniciativas vencedoras recogen mejoras en accesibilidad, espacios p\u00fablicos, infraestructuras, equipamientos y seguridad vial\" \/>\n<meta property=\"og:url\" content=\"https:\/\/www.aridane.org\/city\/2026\/01\/12\/los-llanos-de-aridane-da-luz-verde-a-las-ocho-propuestas-mas-votadas-de-los-presupuestos-participativos\/\" \/>\n<meta property=\"og:site_name\" content=\"Ayuntamiento de Los Llanos de Aridane\" \/>\n<meta property=\"article:published_time\" content=\"2026-01-12T14:50:09+00:00\" \/>\n<meta property=\"og:image\" content=\"https:\/\/www.aridane.org\/city\/wp-content\/uploads\/2026\/01\/Presupuestos-participativos-2026.jpeg\" \/>\n\t<meta property=\"og:image:width\" content=\"1600\" \/>\n\t<meta property=\"og:image:height\" content=\"1200\" \/>\n\t<meta property=\"og:image:type\" content=\"image\/jpeg\" \/>\n<meta name=\"author\" content=\"Corresponsal\" \/>\n<meta name=\"twitter:card\" content=\"summary_large_image\" \/>\n<meta name=\"twitter:label1\" content=\"Escrito por\" \/>\n\t<meta name=\"twitter:data1\" content=\"Corresponsal\" \/>\n\t<meta name=\"twitter:label2\" content=\"Tiempo de lectura\" \/>\n\t<meta name=\"twitter:data2\" content=\"3 minutos\" \/>\n<script type=\"application\/ld+json\" class=\"yoast-schema-graph\">{\"@context\":\"https:\/\/schema.org\",\"@graph\":[{\"@type\":\"WebPage\",\"@id\":\"https:\/\/www.aridane.org\/city\/2026\/01\/12\/los-llanos-de-aridane-da-luz-verde-a-las-ocho-propuestas-mas-votadas-de-los-presupuestos-participativos\/\",\"url\":\"https:\/\/www.aridane.org\/city\/2026\/01\/12\/los-llanos-de-aridane-da-luz-verde-a-las-ocho-propuestas-mas-votadas-de-los-presupuestos-participativos\/\",\"name\":\"Los Llanos de Aridane da luz verde a las ocho propuestas m\u00e1s votadas de los Presupuestos Participativos - Ayuntamiento de Los Llanos de Aridane\",\"isPartOf\":{\"@id\":\"https:\/\/www.aridane.org\/city\/#website\"},\"primaryImageOfPage\":{\"@id\":\"https:\/\/www.aridane.org\/city\/2026\/01\/12\/los-llanos-de-aridane-da-luz-verde-a-las-ocho-propuestas-mas-votadas-de-los-presupuestos-participativos\/#primaryimage\"},\"image\":{\"@id\":\"https:\/\/www.aridane.org\/city\/2026\/01\/12\/los-llanos-de-aridane-da-luz-verde-a-las-ocho-propuestas-mas-votadas-de-los-presupuestos-participativos\/#primaryimage\"},\"thumbnailUrl\":\"https:\/\/www.aridane.org\/city\/wp-content\/uploads\/2026\/01\/Presupuestos-participativos-2026.jpeg\",\"datePublished\":\"2026-01-12T14:50:09+00:00\",\"dateModified\":\"2026-01-12T14:50:09+00:00\",\"author\":{\"@id\":\"https:\/\/www.aridane.org\/city\/#\/schema\/person\/89ebd376b223dc94cc1dbcf200c8e6da\"},\"breadcrumb\":{\"@id\":\"https:\/\/www.aridane.org\/city\/2026\/01\/12\/los-llanos-de-aridane-da-luz-verde-a-las-ocho-propuestas-mas-votadas-de-los-presupuestos-participativos\/#breadcrumb\"},\"inLanguage\":\"es\",\"potentialAction\":[{\"@type\":\"ReadAction\",\"target\":[\"https:\/\/www.aridane.org\/city\/2026\/01\/12\/los-llanos-de-aridane-da-luz-verde-a-las-ocho-propuestas-mas-votadas-de-los-presupuestos-participativos\/\"]}]},{\"@type\":\"ImageObject\",\"inLanguage\":\"es\",\"@id\":\"https:\/\/www.aridane.org\/city\/2026\/01\/12\/los-llanos-de-aridane-da-luz-verde-a-las-ocho-propuestas-mas-votadas-de-los-presupuestos-participativos\/#primaryimage\",\"url\":\"https:\/\/www.aridane.org\/city\/wp-content\/uploads\/2026\/01\/Presupuestos-participativos-2026.jpeg\",\"contentUrl\":\"https:\/\/www.aridane.org\/city\/wp-content\/uploads\/2026\/01\/Presupuestos-participativos-2026.jpeg\",\"width\":1600,\"height\":1200},{\"@type\":\"BreadcrumbList\",\"@id\":\"https:\/\/www.aridane.org\/city\/2026\/01\/12\/los-llanos-de-aridane-da-luz-verde-a-las-ocho-propuestas-mas-votadas-de-los-presupuestos-participativos\/#breadcrumb\",\"itemListElement\":[{\"@type\":\"ListItem\",\"position\":1,\"name\":\"Portada\",\"item\":\"https:\/\/www.aridane.org\/city\/\"},{\"@type\":\"ListItem\",\"position\":2,\"name\":\"Los Llanos de Aridane da luz verde a las ocho propuestas m\u00e1s votadas de los Presupuestos Participativos\"}]},{\"@type\":\"WebSite\",\"@id\":\"https:\/\/www.aridane.org\/city\/#website\",\"url\":\"https:\/\/www.aridane.org\/city\/\",\"name\":\"Ayuntamiento de Los Llanos de Aridane\",\"description\":\"\",\"potentialAction\":[{\"@type\":\"SearchAction\",\"target\":{\"@type\":\"EntryPoint\",\"urlTemplate\":\"https:\/\/www.aridane.org\/city\/?s={search_term_string}\"},\"query-input\":\"required name=search_term_string\"}],\"inLanguage\":\"es\"},{\"@type\":\"Person\",\"@id\":\"https:\/\/www.aridane.org\/city\/#\/schema\/person\/89ebd376b223dc94cc1dbcf200c8e6da\",\"name\":\"Corresponsal\",\"image\":{\"@type\":\"ImageObject\",\"inLanguage\":\"es\",\"@id\":\"https:\/\/www.aridane.org\/city\/#\/schema\/person\/image\/\",\"url\":\"https:\/\/secure.gravatar.com\/avatar\/1c476992411e4ccf153da63b2b2f5ea0bb4cb1c85f3ceab8512f04325ad5579c?s=96&d=mm&r=g\",\"contentUrl\":\"https:\/\/secure.gravatar.com\/avatar\/1c476992411e4ccf153da63b2b2f5ea0bb4cb1c85f3ceab8512f04325ad5579c?s=96&d=mm&r=g\",\"caption\":\"Corresponsal\"},\"url\":\"https:\/\/www.aridane.org\/city\/author\/corresponsal\/\"}]}<\/script>\n<!-- \/ Yoast SEO plugin. -->","yoast_head_json":{"title":"Los Llanos de Aridane da luz verde a las ocho propuestas m\u00e1s votadas de los Presupuestos Participativos - Ayuntamiento de Los Llanos de Aridane","robots":{"index":"index","follow":"follow","max-snippet":"max-snippet:-1","max-image-preview":"max-image-preview:large","max-video-preview":"max-video-preview:-1"},"canonical":"https:\/\/www.aridane.org\/city\/2026\/01\/12\/los-llanos-de-aridane-da-luz-verde-a-las-ocho-propuestas-mas-votadas-de-los-presupuestos-participativos\/","og_locale":"es_ES","og_type":"article","og_title":"Los Llanos de Aridane da luz verde a las ocho propuestas m\u00e1s votadas de los Presupuestos Participativos - Ayuntamiento de Los Llanos de Aridane","og_description":"Tras un proceso con m\u00e1s de 800 votos, las iniciativas vencedoras recogen mejoras en accesibilidad, espacios p\u00fablicos, infraestructuras, equipamientos y seguridad vial","og_url":"https:\/\/www.aridane.org\/city\/2026\/01\/12\/los-llanos-de-aridane-da-luz-verde-a-las-ocho-propuestas-mas-votadas-de-los-presupuestos-participativos\/","og_site_name":"Ayuntamiento de Los Llanos de Aridane","article_published_time":"2026-01-12T14:50:09+00:00","og_image":[{"width":1600,"height":1200,"url":"https:\/\/www.aridane.org\/city\/wp-content\/uploads\/2026\/01\/Presupuestos-participativos-2026.jpeg","type":"image\/jpeg"}],"author":"Corresponsal","twitter_card":"summary_large_image","twitter_misc":{"Escrito por":"Corresponsal","Tiempo de lectura":"3 minutos"},"schema":{"@context":"https:\/\/schema.org","@graph":[{"@type":"WebPage","@id":"https:\/\/www.aridane.org\/city\/2026\/01\/12\/los-llanos-de-aridane-da-luz-verde-a-las-ocho-propuestas-mas-votadas-de-los-presupuestos-participativos\/","url":"https:\/\/www.aridane.org\/city\/2026\/01\/12\/los-llanos-de-aridane-da-luz-verde-a-las-ocho-propuestas-mas-votadas-de-los-presupuestos-participativos\/","name":"Los Llanos de Aridane da luz verde a las ocho propuestas m\u00e1s votadas de los Presupuestos Participativos - Ayuntamiento de Los Llanos de Aridane","isPartOf":{"@id":"https:\/\/www.aridane.org\/city\/#website"},"primaryImageOfPage":{"@id":"https:\/\/www.aridane.org\/city\/2026\/01\/12\/los-llanos-de-aridane-da-luz-verde-a-las-ocho-propuestas-mas-votadas-de-los-presupuestos-participativos\/#primaryimage"},"image":{"@id":"https:\/\/www.aridane.org\/city\/2026\/01\/12\/los-llanos-de-aridane-da-luz-verde-a-las-ocho-propuestas-mas-votadas-de-los-presupuestos-participativos\/#primaryimage"},"thumbnailUrl":"https:\/\/www.aridane.org\/city\/wp-content\/uploads\/2026\/01\/Presupuestos-participativos-2026.jpeg","datePublished":"2026-01-12T14:50:09+00:00","dateModified":"2026-01-12T14:50:09+00:00","author":{"@id":"https:\/\/www.aridane.org\/city\/#\/schema\/person\/89ebd376b223dc94cc1dbcf200c8e6da"},"breadcrumb":{"@id":"https:\/\/www.aridane.org\/city\/2026\/01\/12\/los-llanos-de-aridane-da-luz-verde-a-las-ocho-propuestas-mas-votadas-de-los-presupuestos-participativos\/#breadcrumb"},"inLanguage":"es","potentialAction":[{"@type":"ReadAction","target":["https:\/\/www.aridane.org\/city\/2026\/01\/12\/los-llanos-de-aridane-da-luz-verde-a-las-ocho-propuestas-mas-votadas-de-los-presupuestos-participativos\/"]}]},{"@type":"ImageObject","inLanguage":"es","@id":"https:\/\/www.aridane.org\/city\/2026\/01\/12\/los-llanos-de-aridane-da-luz-verde-a-las-ocho-propuestas-mas-votadas-de-los-presupuestos-participativos\/#primaryimage","url":"https:\/\/www.aridane.org\/city\/wp-content\/uploads\/2026\/01\/Presupuestos-participativos-2026.jpeg","contentUrl":"https:\/\/www.aridane.org\/city\/wp-content\/uploads\/2026\/01\/Presupuestos-participativos-2026.jpeg","width":1600,"height":1200},{"@type":"BreadcrumbList","@id":"https:\/\/www.aridane.org\/city\/2026\/01\/12\/los-llanos-de-aridane-da-luz-verde-a-las-ocho-propuestas-mas-votadas-de-los-presupuestos-participativos\/#breadcrumb","itemListElement":[{"@type":"ListItem","position":1,"name":"Portada","item":"https:\/\/www.aridane.org\/city\/"},{"@type":"ListItem","position":2,"name":"Los Llanos de Aridane da luz verde a las ocho propuestas m\u00e1s votadas de los Presupuestos Participativos"}]},{"@type":"WebSite","@id":"https:\/\/www.aridane.org\/city\/#website","url":"https:\/\/www.aridane.org\/city\/","name":"Ayuntamiento de Los Llanos de Aridane","description":"","potentialAction":[{"@type":"SearchAction","target":{"@type":"EntryPoint","urlTemplate":"https:\/\/www.aridane.org\/city\/?s={search_term_string}"},"query-input":"required name=search_term_string"}],"inLanguage":"es"},{"@type":"Person","@id":"https:\/\/www.aridane.org\/city\/#\/schema\/person\/89ebd376b223dc94cc1dbcf200c8e6da","name":"Corresponsal","image":{"@type":"ImageObject","inLanguage":"es","@id":"https:\/\/www.aridane.org\/city\/#\/schema\/person\/image\/","url":"https:\/\/secure.gravatar.com\/avatar\/1c476992411e4ccf153da63b2b2f5ea0bb4cb1c85f3ceab8512f04325ad5579c?s=96&d=mm&r=g","contentUrl":"https:\/\/secure.gravatar.com\/avatar\/1c476992411e4ccf153da63b2b2f5ea0bb4cb1c85f3ceab8512f04325ad5579c?s=96&d=mm&r=g","caption":"Corresponsal"},"url":"https:\/\/www.aridane.org\/city\/author\/corresponsal\/"}]}},"_links":{"self":[{"href":"https:\/\/www.aridane.org\/city\/wp-json\/wp\/v2\/posts\/4963","targetHints":{"allow":["GET"]}}],"collection":[{"href":"https:\/\/www.aridane.org\/city\/wp-json\/wp\/v2\/posts"}],"about":[{"href":"https:\/\/www.aridane.org\/city\/wp-json\/wp\/v2\/types\/post"}],"author":[{"embeddable":true,"href":"https:\/\/www.aridane.org\/city\/wp-json\/wp\/v2\/users\/4"}],"replies":[{"embeddable":true,"href":"https:\/\/www.aridane.org\/city\/wp-json\/wp\/v2\/comments?post=4963"}],"version-history":[{"count":1,"href":"https:\/\/www.aridane.org\/city\/wp-json\/wp\/v2\/posts\/4963\/revisions"}],"predecessor-version":[{"id":4965,"href":"https:\/\/www.aridane.org\/city\/wp-json\/wp\/v2\/posts\/4963\/revisions\/4965"}],"wp:featuredmedia":[{"embeddable":true,"href":"https:\/\/www.aridane.org\/city\/wp-json\/wp\/v2\/media\/4964"}],"wp:attachment":[{"href":"https:\/\/www.aridane.org\/city\/wp-json\/wp\/v2\/media?parent=4963"}],"wp:term":[{"taxonomy":"category","embeddable":true,"href":"https:\/\/www.aridane.org\/city\/wp-json\/wp\/v2\/categories?post=4963"},{"taxonomy":"post_tag","embeddable":true,"href":"https:\/\/www.aridane.org\/city\/wp-json\/wp\/v2\/tags?post=4963"}],"curies":[{"name":"wp","href":"https:\/\/api.w.org\/{rel}","templated":true}]}}