{"id":4990,"date":"2026-02-01T10:56:39","date_gmt":"2026-02-01T10:56:39","guid":{"rendered":"https:\/\/www.aridane.org\/city\/?p=4990"},"modified":"2026-02-09T10:57:25","modified_gmt":"2026-02-09T10:57:25","slug":"los-llanos-de-aridane-fortalece-su-tejido-social-en-2026-con-un-presupuesto-de-mas-de-28-millones-de-euros","status":"publish","type":"post","link":"https:\/\/www.aridane.org\/city\/2026\/02\/01\/los-llanos-de-aridane-fortalece-su-tejido-social-en-2026-con-un-presupuesto-de-mas-de-28-millones-de-euros\/","title":{"rendered":"Los Llanos de Aridane fortalece su tejido social en 2026 con un presupuesto de m\u00e1s de 28 millones de euros"},"content":{"rendered":"<p><em>Desde el Ayuntamiento se mantiene el foco en proyectos clave como la transformaci\u00f3n de Monta\u00f1a Tenisca, el plan de asfaltado o la puesta en marcha de vivienda p\u00fablica<\/em><!--more--><\/p>\n<div id=\"v1forwardbody1\">\n<p>El Ayuntamiento de Los Llanos de Aridane aprueba el presupuesto municipal de 2026 con el objetivo de mejorar la atenci\u00f3n social, reforzar la vida en los barrios y garantizar unos servicios p\u00fablicos m\u00e1s eficaces. Para este ejercicio, la partida asciende a 28.834.393,41 euros, un 2,97% m\u00e1s que en 2025.<\/p>\n<p>El alcalde, Javier Llamas, explica que las cuentas mantienen un crecimiento moderado y se orientan a aquello que m\u00e1s influye en la vida diaria de la ciudadan\u00eda: \u201cel bienestar, la convivencia, el mantenimiento de los espacios p\u00fablicos y la prestaci\u00f3n de mejores servicios\u201d.<\/p>\n<p>\u201cEste presupuesto cuida a las personas, pero tambi\u00e9n a quienes sostienen los servicios p\u00fablicos cada d\u00eda, porque detr\u00e1s de cada atenci\u00f3n social, de cada calle limpia y de cada actividad hay trabajadores y trabajadoras que merecen estabilidad y reconocimiento. Entre todos construiremos un municipio que funcione mejor y est\u00e9 preparado para el futuro\u201d, se\u00f1ala Llamas.<\/p>\n<p>Por su parte, el concejal de Hacienda, Pablo Almeida, explica que las cuentas se han elaborado con \u201cingresos realistas, sin inflarlos, y con un gasto ajustado a la capacidad real del Ayuntamiento, lo que permite cumplir con el Cap\u00edtulo 1, garantizar las obligaciones con los trabajadores y asegurar la prestaci\u00f3n de los servicios prioritarios\u201d.<\/p>\n<p>Almeida agrega que \u201clas cuentas priorizan la acci\u00f3n social, la externalizaci\u00f3n de servicios esenciales, las subvenciones a los colectivos y unas inversiones dimensionadas para poder ejecutarse de verdad\u201d.<\/p>\n<h2><strong>Los detalles<\/strong><\/h2>\n<p>Una de las principales prioridades del presupuesto son los Servicios Sociales. La partida destinada a la Asistencia Social Primaria supera los 4,4 millones de euros, con un incremento del 8,6%. Este aumento permite reforzar la atenci\u00f3n directa a las personas y a las familias que necesitan apoyo, as\u00ed como mejorar la capacidad de respuesta ante situaciones de vulnerabilidad. Adem\u00e1s, el Ayuntamiento destina m\u00e1s de 1,8 millones de euros a transferencias a familias y a entidades sin \u00e1nimo de lucro, consolidando la red de apoyo social del municipio.<\/p>\n<p>El \u00e1rea de Igualdad tambi\u00e9n incrementa su dotaci\u00f3n, que alcanza los 114.000 euros. Este refuerzo presupuestario permite dar continuidad a los programas existentes y desarrollar nuevas acciones dirigidas a promover la igualdad de oportunidades y la prevenci\u00f3n de la violencia de g\u00e9nero.<\/p>\n<p>El presupuesto presta especial atenci\u00f3n a la vida comunitaria, entendida como un elemento clave para el bienestar. La cultura, el deporte, la juventud y las fiestas se conciben como espacios de encuentro, participaci\u00f3n y convivencia. La promoci\u00f3n cultural general casi duplica su dotaci\u00f3n y las actividades culturales y deportivas superan los 1,4 millones de euros, lo que permitir\u00e1 ampliar la programaci\u00f3n y acercarla a distintos barrios y colectivos.<\/p>\n<p>En el \u00e1mbito deportivo, el presupuesto destinado a la promoci\u00f3n y fomento del deporte supera los 1,1 millones de euros, con un incremento del 21,5%, al que se suma una nueva dotaci\u00f3n para programas de actividad f\u00edsica y sociomotriz. El objetivo es fomentar h\u00e1bitos saludables y facilitar el acceso al deporte a diferentes edades y perfiles de poblaci\u00f3n.<\/p>\n<p>El presupuesto tambi\u00e9n refuerza los servicios b\u00e1sicos que influyen directamente en la calidad de vida. Se incrementan las partidas de recogida de residuos, limpieza viaria, parques y jardines y alumbrado p\u00fablico. Destaca especialmente el aumento destinado al mantenimiento de playas, que pasa de 25.000 a 156.299,50 euros, con el fin de mejorar la seguridad y el estado de estos espacios de uso p\u00fablico tanto para vecinos y vecinas como para visitantes.<\/p>\n<p>En materia de desarrollo econ\u00f3mico y planificaci\u00f3n, el presupuesto incrementa las partidas destinadas a turismo, comercio y urbanismo. La informaci\u00f3n y promoci\u00f3n tur\u00edstica aumenta m\u00e1s de un 120%, mientras que Urbanismo refuerza su dotaci\u00f3n para estudios y trabajos t\u00e9cnicos. Esta inversi\u00f3n permite mejorar la capacidad del Ayuntamiento para preparar proyectos, ejecutarlos y acceder a financiaci\u00f3n de otras administraciones.<\/p>\n<p>Las cuentas municipales incorporan adem\u00e1s nuevas partidas vinculadas a la eficiencia energ\u00e9tica y la sostenibilidad, orientadas a reducir el gasto en consumo energ\u00e9tico y a modernizar las instalaciones y servicios municipales.<\/p>\n<p>Asimismo, el Ayuntamiento impulsa la transformaci\u00f3n del municipio mediante proyectos estrat\u00e9gicos como el Plan de Actuaci\u00f3n Integral de Monta\u00f1a Tenisca, que plantea la creaci\u00f3n de un gran pulm\u00f3n verde en la zona y la expansi\u00f3n urbana hacia el sur. A esta l\u00ednea de actuaci\u00f3n se suma la continuidad del plan de asfaltado, que contempla la mejora de m\u00e1s de 40 v\u00edas y que comenz\u00f3 su ejecuci\u00f3n en 2025, as\u00ed como el impulso definitivo al proyecto de vivienda social en el \u00e1mbito de El Callao.<\/p>\n<\/div>\n","protected":false},"excerpt":{"rendered":"<p>Desde el Ayuntamiento se mantiene el foco en proyectos clave como la transformaci\u00f3n de Monta\u00f1a Tenisca, el plan de asfaltado o la puesta en marcha de vivienda p\u00fablica<\/p>\n","protected":false},"author":4,"featured_media":4991,"comment_status":"open","ping_status":"open","sticky":false,"template":"","format":"standard","meta":{"footnotes":""},"categories":[1],"tags":[],"class_list":["post-4990","post","type-post","status-publish","format-standard","has-post-thumbnail","hentry","category-sin-categoria"],"yoast_head":"<!-- This site is optimized with the Yoast SEO plugin v22.7 - https:\/\/yoast.com\/wordpress\/plugins\/seo\/ -->\n<title>Los Llanos de Aridane fortalece su tejido social en 2026 con un presupuesto de m\u00e1s de 28 millones de euros - Ayuntamiento de Los Llanos de Aridane<\/title>\n<meta name=\"robots\" content=\"index, follow, max-snippet:-1, max-image-preview:large, max-video-preview:-1\" \/>\n<link rel=\"canonical\" href=\"https:\/\/www.aridane.org\/city\/2026\/02\/01\/los-llanos-de-aridane-fortalece-su-tejido-social-en-2026-con-un-presupuesto-de-mas-de-28-millones-de-euros\/\" \/>\n<meta property=\"og:locale\" content=\"es_ES\" \/>\n<meta property=\"og:type\" content=\"article\" \/>\n<meta property=\"og:title\" content=\"Los Llanos de Aridane fortalece su tejido social en 2026 con un presupuesto de m\u00e1s de 28 millones de euros - Ayuntamiento de Los Llanos de Aridane\" \/>\n<meta property=\"og:description\" content=\"Desde el Ayuntamiento se mantiene el foco en proyectos clave como la transformaci\u00f3n de Monta\u00f1a Tenisca, el plan de asfaltado o la puesta en marcha de vivienda p\u00fablica\" \/>\n<meta property=\"og:url\" content=\"https:\/\/www.aridane.org\/city\/2026\/02\/01\/los-llanos-de-aridane-fortalece-su-tejido-social-en-2026-con-un-presupuesto-de-mas-de-28-millones-de-euros\/\" \/>\n<meta property=\"og:site_name\" content=\"Ayuntamiento de Los Llanos de Aridane\" \/>\n<meta property=\"article:published_time\" content=\"2026-02-01T10:56:39+00:00\" \/>\n<meta property=\"article:modified_time\" content=\"2026-02-09T10:57:25+00:00\" \/>\n<meta property=\"og:image\" content=\"https:\/\/www.aridane.org\/city\/wp-content\/uploads\/2026\/02\/Presupuesto-2026.jpeg\" \/>\n\t<meta property=\"og:image:width\" content=\"1493\" \/>\n\t<meta property=\"og:image:height\" content=\"1119\" \/>\n\t<meta property=\"og:image:type\" content=\"image\/jpeg\" \/>\n<meta name=\"author\" content=\"Corresponsal\" \/>\n<meta name=\"twitter:card\" content=\"summary_large_image\" \/>\n<meta name=\"twitter:label1\" content=\"Escrito por\" \/>\n\t<meta name=\"twitter:data1\" content=\"Corresponsal\" \/>\n\t<meta name=\"twitter:label2\" content=\"Tiempo de lectura\" \/>\n\t<meta name=\"twitter:data2\" content=\"4 minutos\" \/>\n<script type=\"application\/ld+json\" class=\"yoast-schema-graph\">{\"@context\":\"https:\/\/schema.org\",\"@graph\":[{\"@type\":\"WebPage\",\"@id\":\"https:\/\/www.aridane.org\/city\/2026\/02\/01\/los-llanos-de-aridane-fortalece-su-tejido-social-en-2026-con-un-presupuesto-de-mas-de-28-millones-de-euros\/\",\"url\":\"https:\/\/www.aridane.org\/city\/2026\/02\/01\/los-llanos-de-aridane-fortalece-su-tejido-social-en-2026-con-un-presupuesto-de-mas-de-28-millones-de-euros\/\",\"name\":\"Los Llanos de Aridane fortalece su tejido social en 2026 con un presupuesto de m\u00e1s de 28 millones de euros - Ayuntamiento de Los Llanos de Aridane\",\"isPartOf\":{\"@id\":\"https:\/\/www.aridane.org\/city\/#website\"},\"primaryImageOfPage\":{\"@id\":\"https:\/\/www.aridane.org\/city\/2026\/02\/01\/los-llanos-de-aridane-fortalece-su-tejido-social-en-2026-con-un-presupuesto-de-mas-de-28-millones-de-euros\/#primaryimage\"},\"image\":{\"@id\":\"https:\/\/www.aridane.org\/city\/2026\/02\/01\/los-llanos-de-aridane-fortalece-su-tejido-social-en-2026-con-un-presupuesto-de-mas-de-28-millones-de-euros\/#primaryimage\"},\"thumbnailUrl\":\"https:\/\/www.aridane.org\/city\/wp-content\/uploads\/2026\/02\/Presupuesto-2026.jpeg\",\"datePublished\":\"2026-02-01T10:56:39+00:00\",\"dateModified\":\"2026-02-09T10:57:25+00:00\",\"author\":{\"@id\":\"https:\/\/www.aridane.org\/city\/#\/schema\/person\/89ebd376b223dc94cc1dbcf200c8e6da\"},\"breadcrumb\":{\"@id\":\"https:\/\/www.aridane.org\/city\/2026\/02\/01\/los-llanos-de-aridane-fortalece-su-tejido-social-en-2026-con-un-presupuesto-de-mas-de-28-millones-de-euros\/#breadcrumb\"},\"inLanguage\":\"es\",\"potentialAction\":[{\"@type\":\"ReadAction\",\"target\":[\"https:\/\/www.aridane.org\/city\/2026\/02\/01\/los-llanos-de-aridane-fortalece-su-tejido-social-en-2026-con-un-presupuesto-de-mas-de-28-millones-de-euros\/\"]}]},{\"@type\":\"ImageObject\",\"inLanguage\":\"es\",\"@id\":\"https:\/\/www.aridane.org\/city\/2026\/02\/01\/los-llanos-de-aridane-fortalece-su-tejido-social-en-2026-con-un-presupuesto-de-mas-de-28-millones-de-euros\/#primaryimage\",\"url\":\"https:\/\/www.aridane.org\/city\/wp-content\/uploads\/2026\/02\/Presupuesto-2026.jpeg\",\"contentUrl\":\"https:\/\/www.aridane.org\/city\/wp-content\/uploads\/2026\/02\/Presupuesto-2026.jpeg\",\"width\":1493,\"height\":1119},{\"@type\":\"BreadcrumbList\",\"@id\":\"https:\/\/www.aridane.org\/city\/2026\/02\/01\/los-llanos-de-aridane-fortalece-su-tejido-social-en-2026-con-un-presupuesto-de-mas-de-28-millones-de-euros\/#breadcrumb\",\"itemListElement\":[{\"@type\":\"ListItem\",\"position\":1,\"name\":\"Portada\",\"item\":\"https:\/\/www.aridane.org\/city\/\"},{\"@type\":\"ListItem\",\"position\":2,\"name\":\"Los Llanos de Aridane fortalece su tejido social en 2026 con un presupuesto de m\u00e1s de 28 millones de euros\"}]},{\"@type\":\"WebSite\",\"@id\":\"https:\/\/www.aridane.org\/city\/#website\",\"url\":\"https:\/\/www.aridane.org\/city\/\",\"name\":\"Ayuntamiento de Los Llanos de Aridane\",\"description\":\"\",\"potentialAction\":[{\"@type\":\"SearchAction\",\"target\":{\"@type\":\"EntryPoint\",\"urlTemplate\":\"https:\/\/www.aridane.org\/city\/?s={search_term_string}\"},\"query-input\":\"required name=search_term_string\"}],\"inLanguage\":\"es\"},{\"@type\":\"Person\",\"@id\":\"https:\/\/www.aridane.org\/city\/#\/schema\/person\/89ebd376b223dc94cc1dbcf200c8e6da\",\"name\":\"Corresponsal\",\"image\":{\"@type\":\"ImageObject\",\"inLanguage\":\"es\",\"@id\":\"https:\/\/www.aridane.org\/city\/#\/schema\/person\/image\/\",\"url\":\"https:\/\/secure.gravatar.com\/avatar\/1c476992411e4ccf153da63b2b2f5ea0bb4cb1c85f3ceab8512f04325ad5579c?s=96&d=mm&r=g\",\"contentUrl\":\"https:\/\/secure.gravatar.com\/avatar\/1c476992411e4ccf153da63b2b2f5ea0bb4cb1c85f3ceab8512f04325ad5579c?s=96&d=mm&r=g\",\"caption\":\"Corresponsal\"},\"url\":\"https:\/\/www.aridane.org\/city\/author\/corresponsal\/\"}]}<\/script>\n<!-- \/ Yoast SEO plugin. -->","yoast_head_json":{"title":"Los Llanos de Aridane fortalece su tejido social en 2026 con un presupuesto de m\u00e1s de 28 millones de euros - Ayuntamiento de Los Llanos de Aridane","robots":{"index":"index","follow":"follow","max-snippet":"max-snippet:-1","max-image-preview":"max-image-preview:large","max-video-preview":"max-video-preview:-1"},"canonical":"https:\/\/www.aridane.org\/city\/2026\/02\/01\/los-llanos-de-aridane-fortalece-su-tejido-social-en-2026-con-un-presupuesto-de-mas-de-28-millones-de-euros\/","og_locale":"es_ES","og_type":"article","og_title":"Los Llanos de Aridane fortalece su tejido social en 2026 con un presupuesto de m\u00e1s de 28 millones de euros - Ayuntamiento de Los Llanos de Aridane","og_description":"Desde el Ayuntamiento se mantiene el foco en proyectos clave como la transformaci\u00f3n de Monta\u00f1a Tenisca, el plan de asfaltado o la puesta en marcha de vivienda p\u00fablica","og_url":"https:\/\/www.aridane.org\/city\/2026\/02\/01\/los-llanos-de-aridane-fortalece-su-tejido-social-en-2026-con-un-presupuesto-de-mas-de-28-millones-de-euros\/","og_site_name":"Ayuntamiento de Los Llanos de Aridane","article_published_time":"2026-02-01T10:56:39+00:00","article_modified_time":"2026-02-09T10:57:25+00:00","og_image":[{"width":1493,"height":1119,"url":"https:\/\/www.aridane.org\/city\/wp-content\/uploads\/2026\/02\/Presupuesto-2026.jpeg","type":"image\/jpeg"}],"author":"Corresponsal","twitter_card":"summary_large_image","twitter_misc":{"Escrito por":"Corresponsal","Tiempo de lectura":"4 minutos"},"schema":{"@context":"https:\/\/schema.org","@graph":[{"@type":"WebPage","@id":"https:\/\/www.aridane.org\/city\/2026\/02\/01\/los-llanos-de-aridane-fortalece-su-tejido-social-en-2026-con-un-presupuesto-de-mas-de-28-millones-de-euros\/","url":"https:\/\/www.aridane.org\/city\/2026\/02\/01\/los-llanos-de-aridane-fortalece-su-tejido-social-en-2026-con-un-presupuesto-de-mas-de-28-millones-de-euros\/","name":"Los Llanos de Aridane fortalece su tejido social en 2026 con un presupuesto de m\u00e1s de 28 millones de euros - Ayuntamiento de Los Llanos de Aridane","isPartOf":{"@id":"https:\/\/www.aridane.org\/city\/#website"},"primaryImageOfPage":{"@id":"https:\/\/www.aridane.org\/city\/2026\/02\/01\/los-llanos-de-aridane-fortalece-su-tejido-social-en-2026-con-un-presupuesto-de-mas-de-28-millones-de-euros\/#primaryimage"},"image":{"@id":"https:\/\/www.aridane.org\/city\/2026\/02\/01\/los-llanos-de-aridane-fortalece-su-tejido-social-en-2026-con-un-presupuesto-de-mas-de-28-millones-de-euros\/#primaryimage"},"thumbnailUrl":"https:\/\/www.aridane.org\/city\/wp-content\/uploads\/2026\/02\/Presupuesto-2026.jpeg","datePublished":"2026-02-01T10:56:39+00:00","dateModified":"2026-02-09T10:57:25+00:00","author":{"@id":"https:\/\/www.aridane.org\/city\/#\/schema\/person\/89ebd376b223dc94cc1dbcf200c8e6da"},"breadcrumb":{"@id":"https:\/\/www.aridane.org\/city\/2026\/02\/01\/los-llanos-de-aridane-fortalece-su-tejido-social-en-2026-con-un-presupuesto-de-mas-de-28-millones-de-euros\/#breadcrumb"},"inLanguage":"es","potentialAction":[{"@type":"ReadAction","target":["https:\/\/www.aridane.org\/city\/2026\/02\/01\/los-llanos-de-aridane-fortalece-su-tejido-social-en-2026-con-un-presupuesto-de-mas-de-28-millones-de-euros\/"]}]},{"@type":"ImageObject","inLanguage":"es","@id":"https:\/\/www.aridane.org\/city\/2026\/02\/01\/los-llanos-de-aridane-fortalece-su-tejido-social-en-2026-con-un-presupuesto-de-mas-de-28-millones-de-euros\/#primaryimage","url":"https:\/\/www.aridane.org\/city\/wp-content\/uploads\/2026\/02\/Presupuesto-2026.jpeg","contentUrl":"https:\/\/www.aridane.org\/city\/wp-content\/uploads\/2026\/02\/Presupuesto-2026.jpeg","width":1493,"height":1119},{"@type":"BreadcrumbList","@id":"https:\/\/www.aridane.org\/city\/2026\/02\/01\/los-llanos-de-aridane-fortalece-su-tejido-social-en-2026-con-un-presupuesto-de-mas-de-28-millones-de-euros\/#breadcrumb","itemListElement":[{"@type":"ListItem","position":1,"name":"Portada","item":"https:\/\/www.aridane.org\/city\/"},{"@type":"ListItem","position":2,"name":"Los Llanos de Aridane fortalece su tejido social en 2026 con un presupuesto de m\u00e1s de 28 millones de euros"}]},{"@type":"WebSite","@id":"https:\/\/www.aridane.org\/city\/#website","url":"https:\/\/www.aridane.org\/city\/","name":"Ayuntamiento de Los Llanos de Aridane","description":"","potentialAction":[{"@type":"SearchAction","target":{"@type":"EntryPoint","urlTemplate":"https:\/\/www.aridane.org\/city\/?s={search_term_string}"},"query-input":"required name=search_term_string"}],"inLanguage":"es"},{"@type":"Person","@id":"https:\/\/www.aridane.org\/city\/#\/schema\/person\/89ebd376b223dc94cc1dbcf200c8e6da","name":"Corresponsal","image":{"@type":"ImageObject","inLanguage":"es","@id":"https:\/\/www.aridane.org\/city\/#\/schema\/person\/image\/","url":"https:\/\/secure.gravatar.com\/avatar\/1c476992411e4ccf153da63b2b2f5ea0bb4cb1c85f3ceab8512f04325ad5579c?s=96&d=mm&r=g","contentUrl":"https:\/\/secure.gravatar.com\/avatar\/1c476992411e4ccf153da63b2b2f5ea0bb4cb1c85f3ceab8512f04325ad5579c?s=96&d=mm&r=g","caption":"Corresponsal"},"url":"https:\/\/www.aridane.org\/city\/author\/corresponsal\/"}]}},"_links":{"self":[{"href":"https:\/\/www.aridane.org\/city\/wp-json\/wp\/v2\/posts\/4990","targetHints":{"allow":["GET"]}}],"collection":[{"href":"https:\/\/www.aridane.org\/city\/wp-json\/wp\/v2\/posts"}],"about":[{"href":"https:\/\/www.aridane.org\/city\/wp-json\/wp\/v2\/types\/post"}],"author":[{"embeddable":true,"href":"https:\/\/www.aridane.org\/city\/wp-json\/wp\/v2\/users\/4"}],"replies":[{"embeddable":true,"href":"https:\/\/www.aridane.org\/city\/wp-json\/wp\/v2\/comments?post=4990"}],"version-history":[{"count":1,"href":"https:\/\/www.aridane.org\/city\/wp-json\/wp\/v2\/posts\/4990\/revisions"}],"predecessor-version":[{"id":4992,"href":"https:\/\/www.aridane.org\/city\/wp-json\/wp\/v2\/posts\/4990\/revisions\/4992"}],"wp:featuredmedia":[{"embeddable":true,"href":"https:\/\/www.aridane.org\/city\/wp-json\/wp\/v2\/media\/4991"}],"wp:attachment":[{"href":"https:\/\/www.aridane.org\/city\/wp-json\/wp\/v2\/media?parent=4990"}],"wp:term":[{"taxonomy":"category","embeddable":true,"href":"https:\/\/www.aridane.org\/city\/wp-json\/wp\/v2\/categories?post=4990"},{"taxonomy":"post_tag","embeddable":true,"href":"https:\/\/www.aridane.org\/city\/wp-json\/wp\/v2\/tags?post=4990"}],"curies":[{"name":"wp","href":"https:\/\/api.w.org\/{rel}","templated":true}]}}